{"id":12105,"date":"2020-02-27T08:24:49","date_gmt":"2020-02-27T07:24:49","guid":{"rendered":"https:\/\/alcala.salesianos.edu\/colegio\/blog\/2020\/02\/27\/ii-concurso-la-ciencia-en-portada\/"},"modified":"2025-08-27T08:51:32","modified_gmt":"2025-08-27T07:51:32","slug":"ii-concurso-la-ciencia-en-portada","status":"publish","type":"post","link":"https:\/\/alcala.salesianos.edu\/colegio\/blog\/2020\/02\/27\/ii-concurso-la-ciencia-en-portada\/","title":{"rendered":"II Concurso La Ciencia en Portada"},"content":{"rendered":"<div id=\"fb-root\"><\/div>\n<p>[et_pb_section fb_built=\u00bb1&#8243; _builder_version=\u00bb4.0.6&#8243;][et_pb_row _builder_version=\u00bb4.0.6&#8243;][et_pb_column _builder_version=\u00bb4.0.6&#8243; type=\u00bb4_4&#8243;][et_pb_text _builder_version=\u00bb4.0.6&#8243; hover_enabled=\u00bb0&#8243;]<\/p>\n<p><img loading=\"lazy\" decoding=\"async\" class=\"wp-image-12106 size-medium alignleft\" src=\"https:\/\/alcala.salesianos.edu\/colegio\/wp-content\/uploads\/sites\/2\/2020\/02\/WhatsApp-Image-2020-02-26-at-07.13.11-215x300.jpeg\" alt=\"\" width=\"215\" height=\"300\" \/>Nuestro Colegio est\u00e1 ultimando la organizaci\u00f3n de la V Semana de la Ciencia, que se realizar\u00e1 la \u00faltima semana de marzo.\u00a0Una de las actividades que hemos lanzado ya es la del II Concurso de portada de c\u00f3mic cient\u00edfico \u00abLa ciencia en portada\u00bb, destinado a todos aquellos j\u00f3venes con inquietudes cient\u00edficas y dotes art\u00edsticas, no s\u00f3lo de nuestra ciudad sino de toda la provincia.<\/p>\n<p>Las bases se adjuntan <a href=\"https:\/\/alcala.salesianos.edu\/colegio\/la-ciencia-en-portada\/\">aqu\u00ed<\/a> y el plazo de entrega finalizar\u00e1 el 20 de marzo.<\/p>\n<p>En la primera edici\u00f3n se presentaron m\u00e1s de 20 obras de una calidad y creatividad extraordinaria. Esperamos continuar con esta labor de divulgaci\u00f3n, asociada a las Jornadas EduCIENCIA, que este a\u00f1o celebran su III edici\u00f3n, acercando la ciencia a todos los p\u00fablicos y que mantiene el car\u00e1cter abierto y participativo de nuestra casa.<br \/>Si eres alumno de ESO, Bachillerato o Ciclo formativo no te lo pienses, \u00a1an\u00edmate a participar!<\/p>\n<p>[\/et_pb_text][et_pb_button _builder_version=\u00bb4.0.6&#8243; hover_enabled=\u00bb0&#8243; button_alignment=\u00bbcenter\u00bb background_layout=\u00bbdark\u00bb custom_button=\u00bbon\u00bb button_text_color=\u00bb#ffffff\u00bb button_icon=\u00bb%%209%%\u00bb button_icon_color=\u00bb#ffffff\u00bb button_bg_color=\u00bb#dc001b\u00bb button_bg_enable_color=\u00bbon\u00bb][\/et_pb_button][\/et_pb_column][\/et_pb_row][\/et_pb_section]<\/p>\n","protected":false},"excerpt":{"rendered":"<p>Nuestro Colegio est\u00e1 ultimando la organizaci\u00f3n de la V Semana de la Ciencia, que se realizar\u00e1 la \u00faltima semana de marzo.\u00a0Una de las actividades que hemos lanzado ya es la del II Concurso de portada de c\u00f3mic cient\u00edfico \u00abLa ciencia en portada\u00bb, destinado a todos aquellos j\u00f3venes con inquietudes cient\u00edficas y dotes art\u00edsticas, no s\u00f3lo [&hellip;]<\/p>\n","protected":false},"author":2,"featured_media":0,"comment_status":"closed","ping_status":"open","sticky":false,"template":"","format":"standard","meta":{"_et_pb_use_builder":"on","_et_pb_old_content":"","_et_gb_content_width":"","footnotes":""},"categories":[1],"tags":[],"class_list":["post-12105","post","type-post","status-publish","format-standard","hentry","category-uncategorized"],"yoast_head":"<!-- This site is optimized with the Yoast SEO plugin v28.4 - https:\/\/yoast.com\/product\/yoast-seo-wordpress\/ -->\n<title>II Concurso La Ciencia en Portada - Colegio Salesiano Alcal\u00e1<\/title>\n<meta name=\"robots\" content=\"index, follow, max-snippet:-1, max-image-preview:large, max-video-preview:-1\" \/>\n<link rel=\"canonical\" href=\"https:\/\/alcala.salesianos.edu\/colegio\/blog\/2020\/02\/27\/ii-concurso-la-ciencia-en-portada\/\" \/>\n<meta property=\"og:locale\" content=\"es_ES\" \/>\n<meta property=\"og:type\" content=\"article\" \/>\n<meta property=\"og:title\" content=\"II Concurso La Ciencia en Portada - Colegio Salesiano Alcal\u00e1\" \/>\n<meta property=\"og:description\" content=\"Nuestro Colegio est\u00e1 ultimando la organizaci\u00f3n de la V Semana de la Ciencia, que se realizar\u00e1 la \u00faltima semana de marzo.\u00a0Una de las actividades que hemos lanzado ya es la del II Concurso de portada de c\u00f3mic cient\u00edfico &quot;La ciencia en portada&quot;, destinado a todos aquellos j\u00f3venes con inquietudes cient\u00edficas y dotes art\u00edsticas, no s\u00f3lo [&hellip;]\" \/>\n<meta property=\"og:url\" content=\"https:\/\/alcala.salesianos.edu\/colegio\/blog\/2020\/02\/27\/ii-concurso-la-ciencia-en-portada\/\" \/>\n<meta property=\"og:site_name\" content=\"Colegio Salesiano Alcal\u00e1\" \/>\n<meta property=\"article:published_time\" content=\"2020-02-27T07:24:49+00:00\" \/>\n<meta property=\"article:modified_time\" content=\"2025-08-27T07:51:32+00:00\" \/>\n<meta name=\"author\" content=\"Administrador Web\" \/>\n<meta name=\"twitter:card\" content=\"summary_large_image\" \/>\n<meta name=\"twitter:label1\" content=\"Escrito por\" \/>\n\t<meta name=\"twitter:data1\" content=\"Administrador Web\" \/>\n\t<meta name=\"twitter:label2\" content=\"Tiempo de lectura\" \/>\n\t<meta name=\"twitter:data2\" content=\"1 minuto\" \/>\n<script type=\"application\/ld+json\" class=\"yoast-schema-graph\">{\"@context\":\"https:\\\/\\\/schema.org\",\"@graph\":[{\"@type\":\"Article\",\"@id\":\"https:\\\/\\\/alcala.salesianos.edu\\\/colegio\\\/blog\\\/2020\\\/02\\\/27\\\/ii-concurso-la-ciencia-en-portada\\\/#article\",\"isPartOf\":{\"@id\":\"https:\\\/\\\/alcala.salesianos.edu\\\/colegio\\\/blog\\\/2020\\\/02\\\/27\\\/ii-concurso-la-ciencia-en-portada\\\/\"},\"author\":{\"name\":\"Administrador Web\",\"@id\":\"https:\\\/\\\/alcala.salesianos.edu\\\/colegio\\\/#\\\/schema\\\/person\\\/afcc24f776dc91fc2bf9afb0998fca77\"},\"headline\":\"II Concurso La Ciencia en Portada\",\"datePublished\":\"2020-02-27T07:24:49+00:00\",\"dateModified\":\"2025-08-27T07:51:32+00:00\",\"mainEntityOfPage\":{\"@id\":\"https:\\\/\\\/alcala.salesianos.edu\\\/colegio\\\/blog\\\/2020\\\/02\\\/27\\\/ii-concurso-la-ciencia-en-portada\\\/\"},\"wordCount\":243,\"image\":{\"@id\":\"https:\\\/\\\/alcala.salesianos.edu\\\/colegio\\\/blog\\\/2020\\\/02\\\/27\\\/ii-concurso-la-ciencia-en-portada\\\/#primaryimage\"},\"thumbnailUrl\":\"https:\\\/\\\/alcala.salesianos.edu\\\/colegio\\\/wp-content\\\/uploads\\\/sites\\\/2\\\/2020\\\/02\\\/WhatsApp-Image-2020-02-26-at-07.13.11-215x300.jpeg\",\"articleSection\":[\"Uncategorized\"],\"inLanguage\":\"es\"},{\"@type\":\"WebPage\",\"@id\":\"https:\\\/\\\/alcala.salesianos.edu\\\/colegio\\\/blog\\\/2020\\\/02\\\/27\\\/ii-concurso-la-ciencia-en-portada\\\/\",\"url\":\"https:\\\/\\\/alcala.salesianos.edu\\\/colegio\\\/blog\\\/2020\\\/02\\\/27\\\/ii-concurso-la-ciencia-en-portada\\\/\",\"name\":\"II Concurso La Ciencia en Portada - Colegio Salesiano Alcal\u00e1\",\"isPartOf\":{\"@id\":\"https:\\\/\\\/alcala.salesianos.edu\\\/colegio\\\/#website\"},\"primaryImageOfPage\":{\"@id\":\"https:\\\/\\\/alcala.salesianos.edu\\\/colegio\\\/blog\\\/2020\\\/02\\\/27\\\/ii-concurso-la-ciencia-en-portada\\\/#primaryimage\"},\"image\":{\"@id\":\"https:\\\/\\\/alcala.salesianos.edu\\\/colegio\\\/blog\\\/2020\\\/02\\\/27\\\/ii-concurso-la-ciencia-en-portada\\\/#primaryimage\"},\"thumbnailUrl\":\"https:\\\/\\\/alcala.salesianos.edu\\\/colegio\\\/wp-content\\\/uploads\\\/sites\\\/2\\\/2020\\\/02\\\/WhatsApp-Image-2020-02-26-at-07.13.11-215x300.jpeg\",\"datePublished\":\"2020-02-27T07:24:49+00:00\",\"dateModified\":\"2025-08-27T07:51:32+00:00\",\"author\":{\"@id\":\"https:\\\/\\\/alcala.salesianos.edu\\\/colegio\\\/#\\\/schema\\\/person\\\/afcc24f776dc91fc2bf9afb0998fca77\"},\"breadcrumb\":{\"@id\":\"https:\\\/\\\/alcala.salesianos.edu\\\/colegio\\\/blog\\\/2020\\\/02\\\/27\\\/ii-concurso-la-ciencia-en-portada\\\/#breadcrumb\"},\"inLanguage\":\"es\",\"potentialAction\":[{\"@type\":\"ReadAction\",\"target\":[\"https:\\\/\\\/alcala.salesianos.edu\\\/colegio\\\/blog\\\/2020\\\/02\\\/27\\\/ii-concurso-la-ciencia-en-portada\\\/\"]}]},{\"@type\":\"ImageObject\",\"inLanguage\":\"es\",\"@id\":\"https:\\\/\\\/alcala.salesianos.edu\\\/colegio\\\/blog\\\/2020\\\/02\\\/27\\\/ii-concurso-la-ciencia-en-portada\\\/#primaryimage\",\"url\":\"https:\\\/\\\/alcala.salesianos.edu\\\/colegio\\\/wp-content\\\/uploads\\\/sites\\\/2\\\/2020\\\/02\\\/WhatsApp-Image-2020-02-26-at-07.13.11-215x300.jpeg\",\"contentUrl\":\"https:\\\/\\\/alcala.salesianos.edu\\\/colegio\\\/wp-content\\\/uploads\\\/sites\\\/2\\\/2020\\\/02\\\/WhatsApp-Image-2020-02-26-at-07.13.11-215x300.jpeg\"},{\"@type\":\"BreadcrumbList\",\"@id\":\"https:\\\/\\\/alcala.salesianos.edu\\\/colegio\\\/blog\\\/2020\\\/02\\\/27\\\/ii-concurso-la-ciencia-en-portada\\\/#breadcrumb\",\"itemListElement\":[{\"@type\":\"ListItem\",\"position\":1,\"name\":\"Portada\",\"item\":\"https:\\\/\\\/alcala.salesianos.edu\\\/colegio\\\/\"},{\"@type\":\"ListItem\",\"position\":2,\"name\":\"II Concurso La Ciencia en Portada\"}]},{\"@type\":\"WebSite\",\"@id\":\"https:\\\/\\\/alcala.salesianos.edu\\\/colegio\\\/#website\",\"url\":\"https:\\\/\\\/alcala.salesianos.edu\\\/colegio\\\/\",\"name\":\"Colegio Salesiano Alcal\u00e1\",\"description\":\"P\u00e1gina oficial de Salesianos Alcal\u00e1 de Guadaira\",\"potentialAction\":[{\"@type\":\"SearchAction\",\"target\":{\"@type\":\"EntryPoint\",\"urlTemplate\":\"https:\\\/\\\/alcala.salesianos.edu\\\/colegio\\\/?s={search_term_string}\"},\"query-input\":{\"@type\":\"PropertyValueSpecification\",\"valueRequired\":true,\"valueName\":\"search_term_string\"}}],\"inLanguage\":\"es\"},{\"@type\":\"Person\",\"@id\":\"https:\\\/\\\/alcala.salesianos.edu\\\/colegio\\\/#\\\/schema\\\/person\\\/afcc24f776dc91fc2bf9afb0998fca77\",\"name\":\"Administrador Web\",\"image\":{\"@type\":\"ImageObject\",\"inLanguage\":\"es\",\"@id\":\"https:\\\/\\\/secure.gravatar.com\\\/avatar\\\/bc157e994689bd6da9645c00aa3bc4d55b727915b6652642660db0aef086585f?s=96&d=mm&r=g\",\"url\":\"https:\\\/\\\/secure.gravatar.com\\\/avatar\\\/bc157e994689bd6da9645c00aa3bc4d55b727915b6652642660db0aef086585f?s=96&d=mm&r=g\",\"contentUrl\":\"https:\\\/\\\/secure.gravatar.com\\\/avatar\\\/bc157e994689bd6da9645c00aa3bc4d55b727915b6652642660db0aef086585f?s=96&d=mm&r=g\",\"caption\":\"Administrador Web\"}}]}<\/script>\n<!-- \/ Yoast SEO plugin. -->","yoast_head_json":{"title":"II Concurso La Ciencia en Portada - Colegio Salesiano Alcal\u00e1","robots":{"index":"index","follow":"follow","max-snippet":"max-snippet:-1","max-image-preview":"max-image-preview:large","max-video-preview":"max-video-preview:-1"},"canonical":"https:\/\/alcala.salesianos.edu\/colegio\/blog\/2020\/02\/27\/ii-concurso-la-ciencia-en-portada\/","og_locale":"es_ES","og_type":"article","og_title":"II Concurso La Ciencia en Portada - Colegio Salesiano Alcal\u00e1","og_description":"Nuestro Colegio est\u00e1 ultimando la organizaci\u00f3n de la V Semana de la Ciencia, que se realizar\u00e1 la \u00faltima semana de marzo.\u00a0Una de las actividades que hemos lanzado ya es la del II Concurso de portada de c\u00f3mic cient\u00edfico \"La ciencia en portada\", destinado a todos aquellos j\u00f3venes con inquietudes cient\u00edficas y dotes art\u00edsticas, no s\u00f3lo [&hellip;]","og_url":"https:\/\/alcala.salesianos.edu\/colegio\/blog\/2020\/02\/27\/ii-concurso-la-ciencia-en-portada\/","og_site_name":"Colegio Salesiano Alcal\u00e1","article_published_time":"2020-02-27T07:24:49+00:00","article_modified_time":"2025-08-27T07:51:32+00:00","author":"Administrador Web","twitter_card":"summary_large_image","twitter_misc":{"Escrito por":"Administrador Web","Tiempo de lectura":"1 minuto"},"schema":{"@context":"https:\/\/schema.org","@graph":[{"@type":"Article","@id":"https:\/\/alcala.salesianos.edu\/colegio\/blog\/2020\/02\/27\/ii-concurso-la-ciencia-en-portada\/#article","isPartOf":{"@id":"https:\/\/alcala.salesianos.edu\/colegio\/blog\/2020\/02\/27\/ii-concurso-la-ciencia-en-portada\/"},"author":{"name":"Administrador Web","@id":"https:\/\/alcala.salesianos.edu\/colegio\/#\/schema\/person\/afcc24f776dc91fc2bf9afb0998fca77"},"headline":"II Concurso La Ciencia en Portada","datePublished":"2020-02-27T07:24:49+00:00","dateModified":"2025-08-27T07:51:32+00:00","mainEntityOfPage":{"@id":"https:\/\/alcala.salesianos.edu\/colegio\/blog\/2020\/02\/27\/ii-concurso-la-ciencia-en-portada\/"},"wordCount":243,"image":{"@id":"https:\/\/alcala.salesianos.edu\/colegio\/blog\/2020\/02\/27\/ii-concurso-la-ciencia-en-portada\/#primaryimage"},"thumbnailUrl":"https:\/\/alcala.salesianos.edu\/colegio\/wp-content\/uploads\/sites\/2\/2020\/02\/WhatsApp-Image-2020-02-26-at-07.13.11-215x300.jpeg","articleSection":["Uncategorized"],"inLanguage":"es"},{"@type":"WebPage","@id":"https:\/\/alcala.salesianos.edu\/colegio\/blog\/2020\/02\/27\/ii-concurso-la-ciencia-en-portada\/","url":"https:\/\/alcala.salesianos.edu\/colegio\/blog\/2020\/02\/27\/ii-concurso-la-ciencia-en-portada\/","name":"II Concurso La Ciencia en Portada - Colegio Salesiano Alcal\u00e1","isPartOf":{"@id":"https:\/\/alcala.salesianos.edu\/colegio\/#website"},"primaryImageOfPage":{"@id":"https:\/\/alcala.salesianos.edu\/colegio\/blog\/2020\/02\/27\/ii-concurso-la-ciencia-en-portada\/#primaryimage"},"image":{"@id":"https:\/\/alcala.salesianos.edu\/colegio\/blog\/2020\/02\/27\/ii-concurso-la-ciencia-en-portada\/#primaryimage"},"thumbnailUrl":"https:\/\/alcala.salesianos.edu\/colegio\/wp-content\/uploads\/sites\/2\/2020\/02\/WhatsApp-Image-2020-02-26-at-07.13.11-215x300.jpeg","datePublished":"2020-02-27T07:24:49+00:00","dateModified":"2025-08-27T07:51:32+00:00","author":{"@id":"https:\/\/alcala.salesianos.edu\/colegio\/#\/schema\/person\/afcc24f776dc91fc2bf9afb0998fca77"},"breadcrumb":{"@id":"https:\/\/alcala.salesianos.edu\/colegio\/blog\/2020\/02\/27\/ii-concurso-la-ciencia-en-portada\/#breadcrumb"},"inLanguage":"es","potentialAction":[{"@type":"ReadAction","target":["https:\/\/alcala.salesianos.edu\/colegio\/blog\/2020\/02\/27\/ii-concurso-la-ciencia-en-portada\/"]}]},{"@type":"ImageObject","inLanguage":"es","@id":"https:\/\/alcala.salesianos.edu\/colegio\/blog\/2020\/02\/27\/ii-concurso-la-ciencia-en-portada\/#primaryimage","url":"https:\/\/alcala.salesianos.edu\/colegio\/wp-content\/uploads\/sites\/2\/2020\/02\/WhatsApp-Image-2020-02-26-at-07.13.11-215x300.jpeg","contentUrl":"https:\/\/alcala.salesianos.edu\/colegio\/wp-content\/uploads\/sites\/2\/2020\/02\/WhatsApp-Image-2020-02-26-at-07.13.11-215x300.jpeg"},{"@type":"BreadcrumbList","@id":"https:\/\/alcala.salesianos.edu\/colegio\/blog\/2020\/02\/27\/ii-concurso-la-ciencia-en-portada\/#breadcrumb","itemListElement":[{"@type":"ListItem","position":1,"name":"Portada","item":"https:\/\/alcala.salesianos.edu\/colegio\/"},{"@type":"ListItem","position":2,"name":"II Concurso La Ciencia en Portada"}]},{"@type":"WebSite","@id":"https:\/\/alcala.salesianos.edu\/colegio\/#website","url":"https:\/\/alcala.salesianos.edu\/colegio\/","name":"Colegio Salesiano Alcal\u00e1","description":"P\u00e1gina oficial de Salesianos Alcal\u00e1 de Guadaira","potentialAction":[{"@type":"SearchAction","target":{"@type":"EntryPoint","urlTemplate":"https:\/\/alcala.salesianos.edu\/colegio\/?s={search_term_string}"},"query-input":{"@type":"PropertyValueSpecification","valueRequired":true,"valueName":"search_term_string"}}],"inLanguage":"es"},{"@type":"Person","@id":"https:\/\/alcala.salesianos.edu\/colegio\/#\/schema\/person\/afcc24f776dc91fc2bf9afb0998fca77","name":"Administrador Web","image":{"@type":"ImageObject","inLanguage":"es","@id":"https:\/\/secure.gravatar.com\/avatar\/bc157e994689bd6da9645c00aa3bc4d55b727915b6652642660db0aef086585f?s=96&d=mm&r=g","url":"https:\/\/secure.gravatar.com\/avatar\/bc157e994689bd6da9645c00aa3bc4d55b727915b6652642660db0aef086585f?s=96&d=mm&r=g","contentUrl":"https:\/\/secure.gravatar.com\/avatar\/bc157e994689bd6da9645c00aa3bc4d55b727915b6652642660db0aef086585f?s=96&d=mm&r=g","caption":"Administrador Web"}}]}},"_links":{"self":[{"href":"https:\/\/alcala.salesianos.edu\/colegio\/wp-json\/wp\/v2\/posts\/12105","targetHints":{"allow":["GET"]}}],"collection":[{"href":"https:\/\/alcala.salesianos.edu\/colegio\/wp-json\/wp\/v2\/posts"}],"about":[{"href":"https:\/\/alcala.salesianos.edu\/colegio\/wp-json\/wp\/v2\/types\/post"}],"author":[{"embeddable":true,"href":"https:\/\/alcala.salesianos.edu\/colegio\/wp-json\/wp\/v2\/users\/2"}],"replies":[{"embeddable":true,"href":"https:\/\/alcala.salesianos.edu\/colegio\/wp-json\/wp\/v2\/comments?post=12105"}],"version-history":[{"count":1,"href":"https:\/\/alcala.salesianos.edu\/colegio\/wp-json\/wp\/v2\/posts\/12105\/revisions"}],"predecessor-version":[{"id":12107,"href":"https:\/\/alcala.salesianos.edu\/colegio\/wp-json\/wp\/v2\/posts\/12105\/revisions\/12107"}],"wp:attachment":[{"href":"https:\/\/alcala.salesianos.edu\/colegio\/wp-json\/wp\/v2\/media?parent=12105"}],"wp:term":[{"taxonomy":"category","embeddable":true,"href":"https:\/\/alcala.salesianos.edu\/colegio\/wp-json\/wp\/v2\/categories?post=12105"},{"taxonomy":"post_tag","embeddable":true,"href":"https:\/\/alcala.salesianos.edu\/colegio\/wp-json\/wp\/v2\/tags?post=12105"}],"curies":[{"name":"wp","href":"https:\/\/api.w.org\/{rel}","templated":true}]}}