{"id":12077,"date":"2020-02-23T11:10:16","date_gmt":"2020-02-23T10:10:16","guid":{"rendered":"https:\/\/alcala.salesianos.edu\/colegio\/blog\/2020\/02\/23\/charla-de-la-policia-nacional-a-nuestros-alumnos-de-educacion-secundaria\/"},"modified":"2025-08-27T08:51:32","modified_gmt":"2025-08-27T07:51:32","slug":"charla-de-la-policia-nacional-a-nuestros-alumnos-de-educacion-secundaria","status":"publish","type":"post","link":"https:\/\/alcala.salesianos.edu\/colegio\/blog\/2020\/02\/23\/charla-de-la-policia-nacional-a-nuestros-alumnos-de-educacion-secundaria\/","title":{"rendered":"Charla de la Polic\u00eda Nacional a nuestros alumnos de Educaci\u00f3n Secundaria"},"content":{"rendered":"<div id=\"fb-root\"><\/div>\n<p>[et_pb_section fb_built=\u00bb1&#8243; _builder_version=\u00bb4.0.6&#8243;][et_pb_row _builder_version=\u00bb4.0.6&#8243;][et_pb_column type=\u00bb4_4&#8243; _builder_version=\u00bb4.0.6&#8243;][et_pb_text _builder_version=\u00bb4.0.6&#8243;]<\/p>\n<p><img loading=\"lazy\" decoding=\"async\" class=\"wp-image-12078 size-medium alignleft\" src=\"https:\/\/alcala.salesianos.edu\/wp-content\/uploads\/2020\/02\/IMG_9022-300x225.jpg\" alt=\"\" width=\"300\" height=\"225\" \/>Esta semana un grupo de alumnos de Educaci\u00f3n Secundaria han recibido una charla por parte de la Polic\u00eda Nacional sobre los Peligros de Internet.\u00a0Desde nuestro centro sabemos que, debido a la evoluci\u00f3n continua de las nuevas tecnolog\u00edas y los riesgos a los que se ven sometidos nuestros alumnos con el uso de Internet, es muy importante desarrollar actividades de formaci\u00f3n.<\/p>\n<p>Durante esta charla, la Polic\u00eda Nacional trato de dar a nuestro alumno diversas habilidades y destrezas para la navegaci\u00f3n segura por Internet evitando conductas y riesgos que puedan acarrearles problemas a nuestros alumnos.\u00a0<\/p>\n<p>Desde nuestro centro queremos agradecer a la Polic\u00eda Nacional su dedicaci\u00f3n y compromiso por los j\u00f3venes de nuestra ciudad ya que no es la primera vez que viene durante este curso a impartir distintas charlas sobre las adversidades que pueden encontrar en su vida diaria.<\/p>\n<p>[\/et_pb_text][et_pb_image src=\u00bbhttps:\/\/alcala.salesianos.edu\/wp-content\/uploads\/2020\/02\/WhatsApp-Image-2020-02-19-at-17.06.55.jpeg\u00bb _builder_version=\u00bb4.0.6&#8243;][\/et_pb_image][\/et_pb_column][\/et_pb_row][\/et_pb_section]<\/p>\n","protected":false},"excerpt":{"rendered":"<p>Esta semana un grupo de alumnos de Educaci\u00f3n Secundaria han recibido una charla por parte de la Polic\u00eda Nacional sobre los Peligros de Internet.\u00a0Desde nuestro centro sabemos que, debido a la evoluci\u00f3n continua de las nuevas tecnolog\u00edas y los riesgos a los que se ven sometidos nuestros alumnos con el uso de Internet, es muy importante desarrollar actividades de formaci\u00f3n.<\/p>\n","protected":false},"author":2,"featured_media":0,"comment_status":"closed","ping_status":"open","sticky":false,"template":"","format":"standard","meta":{"_et_pb_use_builder":"on","_et_pb_old_content":"","_et_gb_content_width":"","footnotes":""},"categories":[1],"tags":[],"class_list":["post-12077","post","type-post","status-publish","format-standard","hentry","category-uncategorized"],"yoast_head":"<!-- This site is optimized with the Yoast SEO plugin v28.4 - https:\/\/yoast.com\/product\/yoast-seo-wordpress\/ -->\n<title>Charla de la Polic\u00eda Nacional a nuestros alumnos de Educaci\u00f3n Secundaria - Colegio Salesiano Alcal\u00e1<\/title>\n<meta name=\"robots\" content=\"index, follow, max-snippet:-1, max-image-preview:large, max-video-preview:-1\" \/>\n<link rel=\"canonical\" href=\"https:\/\/alcala.salesianos.edu\/colegio\/blog\/2020\/02\/23\/charla-de-la-policia-nacional-a-nuestros-alumnos-de-educacion-secundaria\/\" \/>\n<meta property=\"og:locale\" content=\"es_ES\" \/>\n<meta property=\"og:type\" content=\"article\" \/>\n<meta property=\"og:title\" content=\"Charla de la Polic\u00eda Nacional a nuestros alumnos de Educaci\u00f3n Secundaria - Colegio Salesiano Alcal\u00e1\" \/>\n<meta property=\"og:description\" content=\"Esta semana un grupo de alumnos de Educaci\u00f3n Secundaria han recibido una charla por parte de la Polic\u00eda Nacional sobre los Peligros de Internet.\u00a0Desde nuestro centro sabemos que, debido a la evoluci\u00f3n continua de las nuevas tecnolog\u00edas y los riesgos a los que se ven sometidos nuestros alumnos con el uso de Internet, es muy importante desarrollar actividades de formaci\u00f3n.\" \/>\n<meta property=\"og:url\" content=\"https:\/\/alcala.salesianos.edu\/colegio\/blog\/2020\/02\/23\/charla-de-la-policia-nacional-a-nuestros-alumnos-de-educacion-secundaria\/\" \/>\n<meta property=\"og:site_name\" content=\"Colegio Salesiano Alcal\u00e1\" \/>\n<meta property=\"article:published_time\" content=\"2020-02-23T10:10:16+00:00\" \/>\n<meta property=\"article:modified_time\" content=\"2025-08-27T07:51:32+00:00\" \/>\n<meta name=\"author\" content=\"Administrador Web\" \/>\n<meta name=\"twitter:card\" content=\"summary_large_image\" \/>\n<meta name=\"twitter:label1\" content=\"Escrito por\" \/>\n\t<meta name=\"twitter:data1\" content=\"Administrador Web\" \/>\n\t<meta name=\"twitter:label2\" content=\"Tiempo de lectura\" \/>\n\t<meta name=\"twitter:data2\" content=\"1 minuto\" \/>\n<script type=\"application\/ld+json\" class=\"yoast-schema-graph\">{\"@context\":\"https:\\\/\\\/schema.org\",\"@graph\":[{\"@type\":\"Article\",\"@id\":\"https:\\\/\\\/alcala.salesianos.edu\\\/colegio\\\/blog\\\/2020\\\/02\\\/23\\\/charla-de-la-policia-nacional-a-nuestros-alumnos-de-educacion-secundaria\\\/#article\",\"isPartOf\":{\"@id\":\"https:\\\/\\\/alcala.salesianos.edu\\\/colegio\\\/blog\\\/2020\\\/02\\\/23\\\/charla-de-la-policia-nacional-a-nuestros-alumnos-de-educacion-secundaria\\\/\"},\"author\":{\"name\":\"Administrador Web\",\"@id\":\"https:\\\/\\\/alcala.salesianos.edu\\\/colegio\\\/#\\\/schema\\\/person\\\/afcc24f776dc91fc2bf9afb0998fca77\"},\"headline\":\"Charla de la Polic\u00eda Nacional a nuestros alumnos de Educaci\u00f3n Secundaria\",\"datePublished\":\"2020-02-23T10:10:16+00:00\",\"dateModified\":\"2025-08-27T07:51:32+00:00\",\"mainEntityOfPage\":{\"@id\":\"https:\\\/\\\/alcala.salesianos.edu\\\/colegio\\\/blog\\\/2020\\\/02\\\/23\\\/charla-de-la-policia-nacional-a-nuestros-alumnos-de-educacion-secundaria\\\/\"},\"wordCount\":217,\"image\":{\"@id\":\"https:\\\/\\\/alcala.salesianos.edu\\\/colegio\\\/blog\\\/2020\\\/02\\\/23\\\/charla-de-la-policia-nacional-a-nuestros-alumnos-de-educacion-secundaria\\\/#primaryimage\"},\"thumbnailUrl\":\"https:\\\/\\\/alcala.salesianos.edu\\\/wp-content\\\/uploads\\\/2020\\\/02\\\/IMG_9022-300x225.jpg\",\"articleSection\":[\"Uncategorized\"],\"inLanguage\":\"es\"},{\"@type\":\"WebPage\",\"@id\":\"https:\\\/\\\/alcala.salesianos.edu\\\/colegio\\\/blog\\\/2020\\\/02\\\/23\\\/charla-de-la-policia-nacional-a-nuestros-alumnos-de-educacion-secundaria\\\/\",\"url\":\"https:\\\/\\\/alcala.salesianos.edu\\\/colegio\\\/blog\\\/2020\\\/02\\\/23\\\/charla-de-la-policia-nacional-a-nuestros-alumnos-de-educacion-secundaria\\\/\",\"name\":\"Charla de la Polic\u00eda Nacional a nuestros alumnos de Educaci\u00f3n Secundaria - Colegio Salesiano Alcal\u00e1\",\"isPartOf\":{\"@id\":\"https:\\\/\\\/alcala.salesianos.edu\\\/colegio\\\/#website\"},\"primaryImageOfPage\":{\"@id\":\"https:\\\/\\\/alcala.salesianos.edu\\\/colegio\\\/blog\\\/2020\\\/02\\\/23\\\/charla-de-la-policia-nacional-a-nuestros-alumnos-de-educacion-secundaria\\\/#primaryimage\"},\"image\":{\"@id\":\"https:\\\/\\\/alcala.salesianos.edu\\\/colegio\\\/blog\\\/2020\\\/02\\\/23\\\/charla-de-la-policia-nacional-a-nuestros-alumnos-de-educacion-secundaria\\\/#primaryimage\"},\"thumbnailUrl\":\"https:\\\/\\\/alcala.salesianos.edu\\\/wp-content\\\/uploads\\\/2020\\\/02\\\/IMG_9022-300x225.jpg\",\"datePublished\":\"2020-02-23T10:10:16+00:00\",\"dateModified\":\"2025-08-27T07:51:32+00:00\",\"author\":{\"@id\":\"https:\\\/\\\/alcala.salesianos.edu\\\/colegio\\\/#\\\/schema\\\/person\\\/afcc24f776dc91fc2bf9afb0998fca77\"},\"breadcrumb\":{\"@id\":\"https:\\\/\\\/alcala.salesianos.edu\\\/colegio\\\/blog\\\/2020\\\/02\\\/23\\\/charla-de-la-policia-nacional-a-nuestros-alumnos-de-educacion-secundaria\\\/#breadcrumb\"},\"inLanguage\":\"es\",\"potentialAction\":[{\"@type\":\"ReadAction\",\"target\":[\"https:\\\/\\\/alcala.salesianos.edu\\\/colegio\\\/blog\\\/2020\\\/02\\\/23\\\/charla-de-la-policia-nacional-a-nuestros-alumnos-de-educacion-secundaria\\\/\"]}]},{\"@type\":\"ImageObject\",\"inLanguage\":\"es\",\"@id\":\"https:\\\/\\\/alcala.salesianos.edu\\\/colegio\\\/blog\\\/2020\\\/02\\\/23\\\/charla-de-la-policia-nacional-a-nuestros-alumnos-de-educacion-secundaria\\\/#primaryimage\",\"url\":\"https:\\\/\\\/alcala.salesianos.edu\\\/wp-content\\\/uploads\\\/2020\\\/02\\\/IMG_9022-300x225.jpg\",\"contentUrl\":\"https:\\\/\\\/alcala.salesianos.edu\\\/wp-content\\\/uploads\\\/2020\\\/02\\\/IMG_9022-300x225.jpg\"},{\"@type\":\"BreadcrumbList\",\"@id\":\"https:\\\/\\\/alcala.salesianos.edu\\\/colegio\\\/blog\\\/2020\\\/02\\\/23\\\/charla-de-la-policia-nacional-a-nuestros-alumnos-de-educacion-secundaria\\\/#breadcrumb\",\"itemListElement\":[{\"@type\":\"ListItem\",\"position\":1,\"name\":\"Portada\",\"item\":\"https:\\\/\\\/alcala.salesianos.edu\\\/colegio\\\/\"},{\"@type\":\"ListItem\",\"position\":2,\"name\":\"Charla de la Polic\u00eda Nacional a nuestros alumnos de Educaci\u00f3n Secundaria\"}]},{\"@type\":\"WebSite\",\"@id\":\"https:\\\/\\\/alcala.salesianos.edu\\\/colegio\\\/#website\",\"url\":\"https:\\\/\\\/alcala.salesianos.edu\\\/colegio\\\/\",\"name\":\"Colegio Salesiano Alcal\u00e1\",\"description\":\"P\u00e1gina oficial de Salesianos Alcal\u00e1 de Guadaira\",\"potentialAction\":[{\"@type\":\"SearchAction\",\"target\":{\"@type\":\"EntryPoint\",\"urlTemplate\":\"https:\\\/\\\/alcala.salesianos.edu\\\/colegio\\\/?s={search_term_string}\"},\"query-input\":{\"@type\":\"PropertyValueSpecification\",\"valueRequired\":true,\"valueName\":\"search_term_string\"}}],\"inLanguage\":\"es\"},{\"@type\":\"Person\",\"@id\":\"https:\\\/\\\/alcala.salesianos.edu\\\/colegio\\\/#\\\/schema\\\/person\\\/afcc24f776dc91fc2bf9afb0998fca77\",\"name\":\"Administrador Web\",\"image\":{\"@type\":\"ImageObject\",\"inLanguage\":\"es\",\"@id\":\"https:\\\/\\\/secure.gravatar.com\\\/avatar\\\/bc157e994689bd6da9645c00aa3bc4d55b727915b6652642660db0aef086585f?s=96&d=mm&r=g\",\"url\":\"https:\\\/\\\/secure.gravatar.com\\\/avatar\\\/bc157e994689bd6da9645c00aa3bc4d55b727915b6652642660db0aef086585f?s=96&d=mm&r=g\",\"contentUrl\":\"https:\\\/\\\/secure.gravatar.com\\\/avatar\\\/bc157e994689bd6da9645c00aa3bc4d55b727915b6652642660db0aef086585f?s=96&d=mm&r=g\",\"caption\":\"Administrador Web\"}}]}<\/script>\n<!-- \/ Yoast SEO plugin. -->","yoast_head_json":{"title":"Charla de la Polic\u00eda Nacional a nuestros alumnos de Educaci\u00f3n Secundaria - Colegio Salesiano Alcal\u00e1","robots":{"index":"index","follow":"follow","max-snippet":"max-snippet:-1","max-image-preview":"max-image-preview:large","max-video-preview":"max-video-preview:-1"},"canonical":"https:\/\/alcala.salesianos.edu\/colegio\/blog\/2020\/02\/23\/charla-de-la-policia-nacional-a-nuestros-alumnos-de-educacion-secundaria\/","og_locale":"es_ES","og_type":"article","og_title":"Charla de la Polic\u00eda Nacional a nuestros alumnos de Educaci\u00f3n Secundaria - Colegio Salesiano Alcal\u00e1","og_description":"Esta semana un grupo de alumnos de Educaci\u00f3n Secundaria han recibido una charla por parte de la Polic\u00eda Nacional sobre los Peligros de Internet.\u00a0Desde nuestro centro sabemos que, debido a la evoluci\u00f3n continua de las nuevas tecnolog\u00edas y los riesgos a los que se ven sometidos nuestros alumnos con el uso de Internet, es muy importante desarrollar actividades de formaci\u00f3n.","og_url":"https:\/\/alcala.salesianos.edu\/colegio\/blog\/2020\/02\/23\/charla-de-la-policia-nacional-a-nuestros-alumnos-de-educacion-secundaria\/","og_site_name":"Colegio Salesiano Alcal\u00e1","article_published_time":"2020-02-23T10:10:16+00:00","article_modified_time":"2025-08-27T07:51:32+00:00","author":"Administrador Web","twitter_card":"summary_large_image","twitter_misc":{"Escrito por":"Administrador Web","Tiempo de lectura":"1 minuto"},"schema":{"@context":"https:\/\/schema.org","@graph":[{"@type":"Article","@id":"https:\/\/alcala.salesianos.edu\/colegio\/blog\/2020\/02\/23\/charla-de-la-policia-nacional-a-nuestros-alumnos-de-educacion-secundaria\/#article","isPartOf":{"@id":"https:\/\/alcala.salesianos.edu\/colegio\/blog\/2020\/02\/23\/charla-de-la-policia-nacional-a-nuestros-alumnos-de-educacion-secundaria\/"},"author":{"name":"Administrador Web","@id":"https:\/\/alcala.salesianos.edu\/colegio\/#\/schema\/person\/afcc24f776dc91fc2bf9afb0998fca77"},"headline":"Charla de la Polic\u00eda Nacional a nuestros alumnos de Educaci\u00f3n Secundaria","datePublished":"2020-02-23T10:10:16+00:00","dateModified":"2025-08-27T07:51:32+00:00","mainEntityOfPage":{"@id":"https:\/\/alcala.salesianos.edu\/colegio\/blog\/2020\/02\/23\/charla-de-la-policia-nacional-a-nuestros-alumnos-de-educacion-secundaria\/"},"wordCount":217,"image":{"@id":"https:\/\/alcala.salesianos.edu\/colegio\/blog\/2020\/02\/23\/charla-de-la-policia-nacional-a-nuestros-alumnos-de-educacion-secundaria\/#primaryimage"},"thumbnailUrl":"https:\/\/alcala.salesianos.edu\/wp-content\/uploads\/2020\/02\/IMG_9022-300x225.jpg","articleSection":["Uncategorized"],"inLanguage":"es"},{"@type":"WebPage","@id":"https:\/\/alcala.salesianos.edu\/colegio\/blog\/2020\/02\/23\/charla-de-la-policia-nacional-a-nuestros-alumnos-de-educacion-secundaria\/","url":"https:\/\/alcala.salesianos.edu\/colegio\/blog\/2020\/02\/23\/charla-de-la-policia-nacional-a-nuestros-alumnos-de-educacion-secundaria\/","name":"Charla de la Polic\u00eda Nacional a nuestros alumnos de Educaci\u00f3n Secundaria - Colegio Salesiano Alcal\u00e1","isPartOf":{"@id":"https:\/\/alcala.salesianos.edu\/colegio\/#website"},"primaryImageOfPage":{"@id":"https:\/\/alcala.salesianos.edu\/colegio\/blog\/2020\/02\/23\/charla-de-la-policia-nacional-a-nuestros-alumnos-de-educacion-secundaria\/#primaryimage"},"image":{"@id":"https:\/\/alcala.salesianos.edu\/colegio\/blog\/2020\/02\/23\/charla-de-la-policia-nacional-a-nuestros-alumnos-de-educacion-secundaria\/#primaryimage"},"thumbnailUrl":"https:\/\/alcala.salesianos.edu\/wp-content\/uploads\/2020\/02\/IMG_9022-300x225.jpg","datePublished":"2020-02-23T10:10:16+00:00","dateModified":"2025-08-27T07:51:32+00:00","author":{"@id":"https:\/\/alcala.salesianos.edu\/colegio\/#\/schema\/person\/afcc24f776dc91fc2bf9afb0998fca77"},"breadcrumb":{"@id":"https:\/\/alcala.salesianos.edu\/colegio\/blog\/2020\/02\/23\/charla-de-la-policia-nacional-a-nuestros-alumnos-de-educacion-secundaria\/#breadcrumb"},"inLanguage":"es","potentialAction":[{"@type":"ReadAction","target":["https:\/\/alcala.salesianos.edu\/colegio\/blog\/2020\/02\/23\/charla-de-la-policia-nacional-a-nuestros-alumnos-de-educacion-secundaria\/"]}]},{"@type":"ImageObject","inLanguage":"es","@id":"https:\/\/alcala.salesianos.edu\/colegio\/blog\/2020\/02\/23\/charla-de-la-policia-nacional-a-nuestros-alumnos-de-educacion-secundaria\/#primaryimage","url":"https:\/\/alcala.salesianos.edu\/wp-content\/uploads\/2020\/02\/IMG_9022-300x225.jpg","contentUrl":"https:\/\/alcala.salesianos.edu\/wp-content\/uploads\/2020\/02\/IMG_9022-300x225.jpg"},{"@type":"BreadcrumbList","@id":"https:\/\/alcala.salesianos.edu\/colegio\/blog\/2020\/02\/23\/charla-de-la-policia-nacional-a-nuestros-alumnos-de-educacion-secundaria\/#breadcrumb","itemListElement":[{"@type":"ListItem","position":1,"name":"Portada","item":"https:\/\/alcala.salesianos.edu\/colegio\/"},{"@type":"ListItem","position":2,"name":"Charla de la Polic\u00eda Nacional a nuestros alumnos de Educaci\u00f3n Secundaria"}]},{"@type":"WebSite","@id":"https:\/\/alcala.salesianos.edu\/colegio\/#website","url":"https:\/\/alcala.salesianos.edu\/colegio\/","name":"Colegio Salesiano Alcal\u00e1","description":"P\u00e1gina oficial de Salesianos Alcal\u00e1 de Guadaira","potentialAction":[{"@type":"SearchAction","target":{"@type":"EntryPoint","urlTemplate":"https:\/\/alcala.salesianos.edu\/colegio\/?s={search_term_string}"},"query-input":{"@type":"PropertyValueSpecification","valueRequired":true,"valueName":"search_term_string"}}],"inLanguage":"es"},{"@type":"Person","@id":"https:\/\/alcala.salesianos.edu\/colegio\/#\/schema\/person\/afcc24f776dc91fc2bf9afb0998fca77","name":"Administrador Web","image":{"@type":"ImageObject","inLanguage":"es","@id":"https:\/\/secure.gravatar.com\/avatar\/bc157e994689bd6da9645c00aa3bc4d55b727915b6652642660db0aef086585f?s=96&d=mm&r=g","url":"https:\/\/secure.gravatar.com\/avatar\/bc157e994689bd6da9645c00aa3bc4d55b727915b6652642660db0aef086585f?s=96&d=mm&r=g","contentUrl":"https:\/\/secure.gravatar.com\/avatar\/bc157e994689bd6da9645c00aa3bc4d55b727915b6652642660db0aef086585f?s=96&d=mm&r=g","caption":"Administrador Web"}}]}},"_links":{"self":[{"href":"https:\/\/alcala.salesianos.edu\/colegio\/wp-json\/wp\/v2\/posts\/12077","targetHints":{"allow":["GET"]}}],"collection":[{"href":"https:\/\/alcala.salesianos.edu\/colegio\/wp-json\/wp\/v2\/posts"}],"about":[{"href":"https:\/\/alcala.salesianos.edu\/colegio\/wp-json\/wp\/v2\/types\/post"}],"author":[{"embeddable":true,"href":"https:\/\/alcala.salesianos.edu\/colegio\/wp-json\/wp\/v2\/users\/2"}],"replies":[{"embeddable":true,"href":"https:\/\/alcala.salesianos.edu\/colegio\/wp-json\/wp\/v2\/comments?post=12077"}],"version-history":[{"count":1,"href":"https:\/\/alcala.salesianos.edu\/colegio\/wp-json\/wp\/v2\/posts\/12077\/revisions"}],"predecessor-version":[{"id":12079,"href":"https:\/\/alcala.salesianos.edu\/colegio\/wp-json\/wp\/v2\/posts\/12077\/revisions\/12079"}],"wp:attachment":[{"href":"https:\/\/alcala.salesianos.edu\/colegio\/wp-json\/wp\/v2\/media?parent=12077"}],"wp:term":[{"taxonomy":"category","embeddable":true,"href":"https:\/\/alcala.salesianos.edu\/colegio\/wp-json\/wp\/v2\/categories?post=12077"},{"taxonomy":"post_tag","embeddable":true,"href":"https:\/\/alcala.salesianos.edu\/colegio\/wp-json\/wp\/v2\/tags?post=12077"}],"curies":[{"name":"wp","href":"https:\/\/api.w.org\/{rel}","templated":true}]}}