{"id":12060,"date":"2020-02-14T12:03:59","date_gmt":"2020-02-14T11:03:59","guid":{"rendered":"https:\/\/alcala.salesianos.edu\/colegio\/blog\/2020\/02\/14\/creciendojuntos-una-apuesta-de-futuro-de-la-mano-de-salesianos-alcala\/"},"modified":"2025-08-27T08:51:34","modified_gmt":"2025-08-27T07:51:34","slug":"creciendojuntos-una-apuesta-de-futuro-de-la-mano-de-salesianos-alcala","status":"publish","type":"post","link":"https:\/\/alcala.salesianos.edu\/colegio\/blog\/2020\/02\/14\/creciendojuntos-una-apuesta-de-futuro-de-la-mano-de-salesianos-alcala\/","title":{"rendered":"#CreciendoJuntos, una apuesta de futuro de la mano de Salesianos Alcal\u00e1"},"content":{"rendered":"<div id=\"fb-root\"><\/div>\n<p>[et_pb_section fb_built=\u00bb1&#8243; _builder_version=\u00bb4.0.6&#8243;][et_pb_row _builder_version=\u00bb4.0.6&#8243;][et_pb_column _builder_version=\u00bb4.0.6&#8243; type=\u00bb4_4&#8243;][et_pb_text _builder_version=\u00bb4.0.6&#8243; hover_enabled=\u00bb0&#8243;]<\/p>\n<p><img loading=\"lazy\" decoding=\"async\" class=\"wp-image-6896 size-medium alignleft\" src=\"https:\/\/alcala.salesianos.edu\/wp-content\/uploads\/2020\/02\/puertas-abiertas-300x228.jpeg\" alt=\"\" width=\"300\" height=\"228\" \/>Con la llegada del nuevo a\u00f1o las familias inician la b\u00fasqueda de informaci\u00f3n para responder una de las preguntas m\u00e1s importantes: <strong>\u00bfqu\u00e9 centro escoger para la educaci\u00f3n de los hijos?<\/strong><\/p>\n<p>&nbsp;<\/p>\n<p>Bajo la campa\u00f1a <strong>#CreciendoJuntos <\/strong>Salesianos Alcal\u00e1 ofrece la posibilidad de conocer de primera mano el lugar en el que los hijos se podr\u00e1n desarrollar. El equipo educativo que conforma el centro, conocedor de la importancia de esta decisi\u00f3n, abre sus puertas el pr\u00f3ximo martes 18 de febrero a las 18,00 h. para acercar su modelo educativo y aportar transparencia a las familias que deseen visitar el centro de cara a las nuevas admisiones para el curso 2020\/21.<\/p>\n<p>&nbsp;<\/p>\n<p>Salesianos Alcal\u00e1, presentes en la ciudad desde 1914, es un centro concertado por el que han pasado numerosas generaciones gracias a su <strong>oferta educativa<\/strong> para las etapas de Infantil, Primaria y ESO.<\/p>\n<p>&nbsp;<\/p>\n<p>Salesianos Alcal\u00e1 destaca por ofrecer una <strong>educaci\u00f3n integral de calidad<\/strong> con una <strong>escuela abierta, inclusiva y popular, comprometida con la mejora continua y el desarrollo de su entorno<\/strong>. Se distingue por seguir el <strong>Sistema Preventivo de Don Bosco<\/strong>, un modelo de educaci\u00f3n propio centrado en el desarrollo humano y el anuncio evang\u00e9lico cristiano que permite a los j\u00f3venes formarse en ambiente educativo alegre donde el acompa\u00f1amiento personalizado y las relaciones de cercan\u00eda y familiaridad les permiten ser protagonistas en su proceso de aprendizaje y vital.<\/p>\n<p>&nbsp;<\/p>\n<p><strong>Referente mundial en el \u00e1mbito de la educaci\u00f3n<\/strong><\/p>\n<p><strong>\u00a0<\/strong><\/p>\n<p>Los Salesianos en Espa\u00f1a cuentan con un total de <strong>136 colegios<\/strong> en los que se forman m\u00e1s de <strong>96.000 ni\u00f1os y j\u00f3venes<\/strong>, atendidos por <strong>6.250 profesores.<\/strong> En los \u00faltimos a\u00f1os, a la introducci\u00f3n de <strong>nuevas metodolog\u00edas educativas<\/strong>, se est\u00e1 sumando la <strong>innovaci\u00f3n pastoral<\/strong>. Se trata de proyectos que ayudan a descubrir en los ni\u00f1os y j\u00f3venes el <strong>sentido de la vida<\/strong>, invit\u00e1ndoles a incrementar su compromiso con la sociedad.<\/p>\n<p>Cabe destacar tambi\u00e9n el valor de la\u00a0<strong>Formaci\u00f3n Profesional<\/strong>\u00a0<strong>(FP) <\/strong>en la educaci\u00f3n salesiana. M\u00e1s de <strong>18.600 j\u00f3venes<\/strong> aprenden un oficio en <strong>61 centros<\/strong> de FP, en los que trabajan alrededor de <strong>1.500 docentes<\/strong>.<\/p>\n<p>A nivel mundial, los Salesianos est\u00e1n presentes en\u00a0<strong>134 pa\u00edses<\/strong>. En el \u00e1mbito educativo, los Salesianos cuentan con <strong>3.600 escuelas<\/strong>, con unos 940.000 alumnos atendidos por 68.000 docentes y formadores. Hay <strong>826 centros de Formaci\u00f3n Profesional<\/strong>, a los que acuden 200.000 alumnos acompa\u00f1ados por 15.000 educadores.<\/p>\n<p>[\/et_pb_text][\/et_pb_column][\/et_pb_row][et_pb_row _builder_version=\u00bb4.0.6&#8243; column_structure=\u00bb1_2,1_2&#8243;][et_pb_column _builder_version=\u00bb4.0.6&#8243; type=\u00bb1_2&#8243;][et_pb_image _builder_version=\u00bb4.0.6&#8243; src=\u00bbhttps:\/\/alcala.salesianos.edu\/wp-content\/uploads\/2020\/02\/2.png\u00bb hover_enabled=\u00bb0&#8243;][\/et_pb_image][\/et_pb_column][et_pb_column _builder_version=\u00bb4.0.6&#8243; type=\u00bb1_2&#8243;][et_pb_image _builder_version=\u00bb4.0.6&#8243; src=\u00bbhttps:\/\/alcala.salesianos.edu\/wp-content\/uploads\/2020\/02\/1.png\u00bb hover_enabled=\u00bb0&#8243;][\/et_pb_image][\/et_pb_column][\/et_pb_row][\/et_pb_section]<\/p>\n","protected":false},"excerpt":{"rendered":"<p>Salesianos Alcal\u00e1 celebra el pr\u00f3ximo martes 18 de febrero a las 18,00 h su tradicional jornada de Puertas Abiertas donde las familias podr\u00e1n conocer de primera mano la propuesta educativa.<\/p>\n","protected":false},"author":2,"featured_media":0,"comment_status":"closed","ping_status":"open","sticky":false,"template":"","format":"standard","meta":{"_et_pb_use_builder":"on","_et_pb_old_content":"","_et_gb_content_width":"","footnotes":""},"categories":[1],"tags":[],"class_list":["post-12060","post","type-post","status-publish","format-standard","hentry","category-uncategorized"],"yoast_head":"<!-- This site is optimized with the Yoast SEO plugin v28.4 - https:\/\/yoast.com\/product\/yoast-seo-wordpress\/ -->\n<title>#CreciendoJuntos, una apuesta de futuro de la mano de Salesianos Alcal\u00e1 - Colegio Salesiano Alcal\u00e1<\/title>\n<meta name=\"robots\" content=\"index, follow, max-snippet:-1, max-image-preview:large, max-video-preview:-1\" \/>\n<link rel=\"canonical\" href=\"https:\/\/alcala.salesianos.edu\/colegio\/blog\/2020\/02\/14\/creciendojuntos-una-apuesta-de-futuro-de-la-mano-de-salesianos-alcala\/\" \/>\n<meta property=\"og:locale\" content=\"es_ES\" \/>\n<meta property=\"og:type\" content=\"article\" \/>\n<meta property=\"og:title\" content=\"#CreciendoJuntos, una apuesta de futuro de la mano de Salesianos Alcal\u00e1 - Colegio Salesiano Alcal\u00e1\" \/>\n<meta property=\"og:description\" content=\"Salesianos Alcal\u00e1 celebra el pr\u00f3ximo martes 18 de febrero a las 18,00 h su tradicional jornada de Puertas Abiertas donde las familias podr\u00e1n conocer de primera mano la propuesta educativa.\" \/>\n<meta property=\"og:url\" content=\"https:\/\/alcala.salesianos.edu\/colegio\/blog\/2020\/02\/14\/creciendojuntos-una-apuesta-de-futuro-de-la-mano-de-salesianos-alcala\/\" \/>\n<meta property=\"og:site_name\" content=\"Colegio Salesiano Alcal\u00e1\" \/>\n<meta property=\"article:published_time\" content=\"2020-02-14T11:03:59+00:00\" \/>\n<meta property=\"article:modified_time\" content=\"2025-08-27T07:51:34+00:00\" \/>\n<meta name=\"author\" content=\"Administrador Web\" \/>\n<meta name=\"twitter:card\" content=\"summary_large_image\" \/>\n<meta name=\"twitter:label1\" content=\"Escrito por\" \/>\n\t<meta name=\"twitter:data1\" content=\"Administrador Web\" \/>\n\t<meta name=\"twitter:label2\" content=\"Tiempo de lectura\" \/>\n\t<meta name=\"twitter:data2\" content=\"3 minutos\" \/>\n<script type=\"application\/ld+json\" class=\"yoast-schema-graph\">{\"@context\":\"https:\\\/\\\/schema.org\",\"@graph\":[{\"@type\":\"Article\",\"@id\":\"https:\\\/\\\/alcala.salesianos.edu\\\/colegio\\\/blog\\\/2020\\\/02\\\/14\\\/creciendojuntos-una-apuesta-de-futuro-de-la-mano-de-salesianos-alcala\\\/#article\",\"isPartOf\":{\"@id\":\"https:\\\/\\\/alcala.salesianos.edu\\\/colegio\\\/blog\\\/2020\\\/02\\\/14\\\/creciendojuntos-una-apuesta-de-futuro-de-la-mano-de-salesianos-alcala\\\/\"},\"author\":{\"name\":\"Administrador Web\",\"@id\":\"https:\\\/\\\/alcala.salesianos.edu\\\/colegio\\\/#\\\/schema\\\/person\\\/afcc24f776dc91fc2bf9afb0998fca77\"},\"headline\":\"#CreciendoJuntos, una apuesta de futuro de la mano de Salesianos Alcal\u00e1\",\"datePublished\":\"2020-02-14T11:03:59+00:00\",\"dateModified\":\"2025-08-27T07:51:34+00:00\",\"mainEntityOfPage\":{\"@id\":\"https:\\\/\\\/alcala.salesianos.edu\\\/colegio\\\/blog\\\/2020\\\/02\\\/14\\\/creciendojuntos-una-apuesta-de-futuro-de-la-mano-de-salesianos-alcala\\\/\"},\"wordCount\":516,\"image\":{\"@id\":\"https:\\\/\\\/alcala.salesianos.edu\\\/colegio\\\/blog\\\/2020\\\/02\\\/14\\\/creciendojuntos-una-apuesta-de-futuro-de-la-mano-de-salesianos-alcala\\\/#primaryimage\"},\"thumbnailUrl\":\"https:\\\/\\\/alcala.salesianos.edu\\\/wp-content\\\/uploads\\\/2020\\\/02\\\/puertas-abiertas-300x228.jpeg\",\"articleSection\":[\"Uncategorized\"],\"inLanguage\":\"es\"},{\"@type\":\"WebPage\",\"@id\":\"https:\\\/\\\/alcala.salesianos.edu\\\/colegio\\\/blog\\\/2020\\\/02\\\/14\\\/creciendojuntos-una-apuesta-de-futuro-de-la-mano-de-salesianos-alcala\\\/\",\"url\":\"https:\\\/\\\/alcala.salesianos.edu\\\/colegio\\\/blog\\\/2020\\\/02\\\/14\\\/creciendojuntos-una-apuesta-de-futuro-de-la-mano-de-salesianos-alcala\\\/\",\"name\":\"#CreciendoJuntos, una apuesta de futuro de la mano de Salesianos Alcal\u00e1 - Colegio Salesiano Alcal\u00e1\",\"isPartOf\":{\"@id\":\"https:\\\/\\\/alcala.salesianos.edu\\\/colegio\\\/#website\"},\"primaryImageOfPage\":{\"@id\":\"https:\\\/\\\/alcala.salesianos.edu\\\/colegio\\\/blog\\\/2020\\\/02\\\/14\\\/creciendojuntos-una-apuesta-de-futuro-de-la-mano-de-salesianos-alcala\\\/#primaryimage\"},\"image\":{\"@id\":\"https:\\\/\\\/alcala.salesianos.edu\\\/colegio\\\/blog\\\/2020\\\/02\\\/14\\\/creciendojuntos-una-apuesta-de-futuro-de-la-mano-de-salesianos-alcala\\\/#primaryimage\"},\"thumbnailUrl\":\"https:\\\/\\\/alcala.salesianos.edu\\\/wp-content\\\/uploads\\\/2020\\\/02\\\/puertas-abiertas-300x228.jpeg\",\"datePublished\":\"2020-02-14T11:03:59+00:00\",\"dateModified\":\"2025-08-27T07:51:34+00:00\",\"author\":{\"@id\":\"https:\\\/\\\/alcala.salesianos.edu\\\/colegio\\\/#\\\/schema\\\/person\\\/afcc24f776dc91fc2bf9afb0998fca77\"},\"breadcrumb\":{\"@id\":\"https:\\\/\\\/alcala.salesianos.edu\\\/colegio\\\/blog\\\/2020\\\/02\\\/14\\\/creciendojuntos-una-apuesta-de-futuro-de-la-mano-de-salesianos-alcala\\\/#breadcrumb\"},\"inLanguage\":\"es\",\"potentialAction\":[{\"@type\":\"ReadAction\",\"target\":[\"https:\\\/\\\/alcala.salesianos.edu\\\/colegio\\\/blog\\\/2020\\\/02\\\/14\\\/creciendojuntos-una-apuesta-de-futuro-de-la-mano-de-salesianos-alcala\\\/\"]}]},{\"@type\":\"ImageObject\",\"inLanguage\":\"es\",\"@id\":\"https:\\\/\\\/alcala.salesianos.edu\\\/colegio\\\/blog\\\/2020\\\/02\\\/14\\\/creciendojuntos-una-apuesta-de-futuro-de-la-mano-de-salesianos-alcala\\\/#primaryimage\",\"url\":\"https:\\\/\\\/alcala.salesianos.edu\\\/wp-content\\\/uploads\\\/2020\\\/02\\\/puertas-abiertas-300x228.jpeg\",\"contentUrl\":\"https:\\\/\\\/alcala.salesianos.edu\\\/wp-content\\\/uploads\\\/2020\\\/02\\\/puertas-abiertas-300x228.jpeg\"},{\"@type\":\"BreadcrumbList\",\"@id\":\"https:\\\/\\\/alcala.salesianos.edu\\\/colegio\\\/blog\\\/2020\\\/02\\\/14\\\/creciendojuntos-una-apuesta-de-futuro-de-la-mano-de-salesianos-alcala\\\/#breadcrumb\",\"itemListElement\":[{\"@type\":\"ListItem\",\"position\":1,\"name\":\"Portada\",\"item\":\"https:\\\/\\\/alcala.salesianos.edu\\\/colegio\\\/\"},{\"@type\":\"ListItem\",\"position\":2,\"name\":\"#CreciendoJuntos, una apuesta de futuro de la mano de Salesianos Alcal\u00e1\"}]},{\"@type\":\"WebSite\",\"@id\":\"https:\\\/\\\/alcala.salesianos.edu\\\/colegio\\\/#website\",\"url\":\"https:\\\/\\\/alcala.salesianos.edu\\\/colegio\\\/\",\"name\":\"Colegio Salesiano Alcal\u00e1\",\"description\":\"P\u00e1gina oficial de Salesianos Alcal\u00e1 de Guadaira\",\"potentialAction\":[{\"@type\":\"SearchAction\",\"target\":{\"@type\":\"EntryPoint\",\"urlTemplate\":\"https:\\\/\\\/alcala.salesianos.edu\\\/colegio\\\/?s={search_term_string}\"},\"query-input\":{\"@type\":\"PropertyValueSpecification\",\"valueRequired\":true,\"valueName\":\"search_term_string\"}}],\"inLanguage\":\"es\"},{\"@type\":\"Person\",\"@id\":\"https:\\\/\\\/alcala.salesianos.edu\\\/colegio\\\/#\\\/schema\\\/person\\\/afcc24f776dc91fc2bf9afb0998fca77\",\"name\":\"Administrador Web\",\"image\":{\"@type\":\"ImageObject\",\"inLanguage\":\"es\",\"@id\":\"https:\\\/\\\/secure.gravatar.com\\\/avatar\\\/bc157e994689bd6da9645c00aa3bc4d55b727915b6652642660db0aef086585f?s=96&d=mm&r=g\",\"url\":\"https:\\\/\\\/secure.gravatar.com\\\/avatar\\\/bc157e994689bd6da9645c00aa3bc4d55b727915b6652642660db0aef086585f?s=96&d=mm&r=g\",\"contentUrl\":\"https:\\\/\\\/secure.gravatar.com\\\/avatar\\\/bc157e994689bd6da9645c00aa3bc4d55b727915b6652642660db0aef086585f?s=96&d=mm&r=g\",\"caption\":\"Administrador Web\"}}]}<\/script>\n<!-- \/ Yoast SEO plugin. -->","yoast_head_json":{"title":"#CreciendoJuntos, una apuesta de futuro de la mano de Salesianos Alcal\u00e1 - Colegio Salesiano Alcal\u00e1","robots":{"index":"index","follow":"follow","max-snippet":"max-snippet:-1","max-image-preview":"max-image-preview:large","max-video-preview":"max-video-preview:-1"},"canonical":"https:\/\/alcala.salesianos.edu\/colegio\/blog\/2020\/02\/14\/creciendojuntos-una-apuesta-de-futuro-de-la-mano-de-salesianos-alcala\/","og_locale":"es_ES","og_type":"article","og_title":"#CreciendoJuntos, una apuesta de futuro de la mano de Salesianos Alcal\u00e1 - Colegio Salesiano Alcal\u00e1","og_description":"Salesianos Alcal\u00e1 celebra el pr\u00f3ximo martes 18 de febrero a las 18,00 h su tradicional jornada de Puertas Abiertas donde las familias podr\u00e1n conocer de primera mano la propuesta educativa.","og_url":"https:\/\/alcala.salesianos.edu\/colegio\/blog\/2020\/02\/14\/creciendojuntos-una-apuesta-de-futuro-de-la-mano-de-salesianos-alcala\/","og_site_name":"Colegio Salesiano Alcal\u00e1","article_published_time":"2020-02-14T11:03:59+00:00","article_modified_time":"2025-08-27T07:51:34+00:00","author":"Administrador Web","twitter_card":"summary_large_image","twitter_misc":{"Escrito por":"Administrador Web","Tiempo de lectura":"3 minutos"},"schema":{"@context":"https:\/\/schema.org","@graph":[{"@type":"Article","@id":"https:\/\/alcala.salesianos.edu\/colegio\/blog\/2020\/02\/14\/creciendojuntos-una-apuesta-de-futuro-de-la-mano-de-salesianos-alcala\/#article","isPartOf":{"@id":"https:\/\/alcala.salesianos.edu\/colegio\/blog\/2020\/02\/14\/creciendojuntos-una-apuesta-de-futuro-de-la-mano-de-salesianos-alcala\/"},"author":{"name":"Administrador Web","@id":"https:\/\/alcala.salesianos.edu\/colegio\/#\/schema\/person\/afcc24f776dc91fc2bf9afb0998fca77"},"headline":"#CreciendoJuntos, una apuesta de futuro de la mano de Salesianos Alcal\u00e1","datePublished":"2020-02-14T11:03:59+00:00","dateModified":"2025-08-27T07:51:34+00:00","mainEntityOfPage":{"@id":"https:\/\/alcala.salesianos.edu\/colegio\/blog\/2020\/02\/14\/creciendojuntos-una-apuesta-de-futuro-de-la-mano-de-salesianos-alcala\/"},"wordCount":516,"image":{"@id":"https:\/\/alcala.salesianos.edu\/colegio\/blog\/2020\/02\/14\/creciendojuntos-una-apuesta-de-futuro-de-la-mano-de-salesianos-alcala\/#primaryimage"},"thumbnailUrl":"https:\/\/alcala.salesianos.edu\/wp-content\/uploads\/2020\/02\/puertas-abiertas-300x228.jpeg","articleSection":["Uncategorized"],"inLanguage":"es"},{"@type":"WebPage","@id":"https:\/\/alcala.salesianos.edu\/colegio\/blog\/2020\/02\/14\/creciendojuntos-una-apuesta-de-futuro-de-la-mano-de-salesianos-alcala\/","url":"https:\/\/alcala.salesianos.edu\/colegio\/blog\/2020\/02\/14\/creciendojuntos-una-apuesta-de-futuro-de-la-mano-de-salesianos-alcala\/","name":"#CreciendoJuntos, una apuesta de futuro de la mano de Salesianos Alcal\u00e1 - Colegio Salesiano Alcal\u00e1","isPartOf":{"@id":"https:\/\/alcala.salesianos.edu\/colegio\/#website"},"primaryImageOfPage":{"@id":"https:\/\/alcala.salesianos.edu\/colegio\/blog\/2020\/02\/14\/creciendojuntos-una-apuesta-de-futuro-de-la-mano-de-salesianos-alcala\/#primaryimage"},"image":{"@id":"https:\/\/alcala.salesianos.edu\/colegio\/blog\/2020\/02\/14\/creciendojuntos-una-apuesta-de-futuro-de-la-mano-de-salesianos-alcala\/#primaryimage"},"thumbnailUrl":"https:\/\/alcala.salesianos.edu\/wp-content\/uploads\/2020\/02\/puertas-abiertas-300x228.jpeg","datePublished":"2020-02-14T11:03:59+00:00","dateModified":"2025-08-27T07:51:34+00:00","author":{"@id":"https:\/\/alcala.salesianos.edu\/colegio\/#\/schema\/person\/afcc24f776dc91fc2bf9afb0998fca77"},"breadcrumb":{"@id":"https:\/\/alcala.salesianos.edu\/colegio\/blog\/2020\/02\/14\/creciendojuntos-una-apuesta-de-futuro-de-la-mano-de-salesianos-alcala\/#breadcrumb"},"inLanguage":"es","potentialAction":[{"@type":"ReadAction","target":["https:\/\/alcala.salesianos.edu\/colegio\/blog\/2020\/02\/14\/creciendojuntos-una-apuesta-de-futuro-de-la-mano-de-salesianos-alcala\/"]}]},{"@type":"ImageObject","inLanguage":"es","@id":"https:\/\/alcala.salesianos.edu\/colegio\/blog\/2020\/02\/14\/creciendojuntos-una-apuesta-de-futuro-de-la-mano-de-salesianos-alcala\/#primaryimage","url":"https:\/\/alcala.salesianos.edu\/wp-content\/uploads\/2020\/02\/puertas-abiertas-300x228.jpeg","contentUrl":"https:\/\/alcala.salesianos.edu\/wp-content\/uploads\/2020\/02\/puertas-abiertas-300x228.jpeg"},{"@type":"BreadcrumbList","@id":"https:\/\/alcala.salesianos.edu\/colegio\/blog\/2020\/02\/14\/creciendojuntos-una-apuesta-de-futuro-de-la-mano-de-salesianos-alcala\/#breadcrumb","itemListElement":[{"@type":"ListItem","position":1,"name":"Portada","item":"https:\/\/alcala.salesianos.edu\/colegio\/"},{"@type":"ListItem","position":2,"name":"#CreciendoJuntos, una apuesta de futuro de la mano de Salesianos Alcal\u00e1"}]},{"@type":"WebSite","@id":"https:\/\/alcala.salesianos.edu\/colegio\/#website","url":"https:\/\/alcala.salesianos.edu\/colegio\/","name":"Colegio Salesiano Alcal\u00e1","description":"P\u00e1gina oficial de Salesianos Alcal\u00e1 de Guadaira","potentialAction":[{"@type":"SearchAction","target":{"@type":"EntryPoint","urlTemplate":"https:\/\/alcala.salesianos.edu\/colegio\/?s={search_term_string}"},"query-input":{"@type":"PropertyValueSpecification","valueRequired":true,"valueName":"search_term_string"}}],"inLanguage":"es"},{"@type":"Person","@id":"https:\/\/alcala.salesianos.edu\/colegio\/#\/schema\/person\/afcc24f776dc91fc2bf9afb0998fca77","name":"Administrador Web","image":{"@type":"ImageObject","inLanguage":"es","@id":"https:\/\/secure.gravatar.com\/avatar\/bc157e994689bd6da9645c00aa3bc4d55b727915b6652642660db0aef086585f?s=96&d=mm&r=g","url":"https:\/\/secure.gravatar.com\/avatar\/bc157e994689bd6da9645c00aa3bc4d55b727915b6652642660db0aef086585f?s=96&d=mm&r=g","contentUrl":"https:\/\/secure.gravatar.com\/avatar\/bc157e994689bd6da9645c00aa3bc4d55b727915b6652642660db0aef086585f?s=96&d=mm&r=g","caption":"Administrador Web"}}]}},"_links":{"self":[{"href":"https:\/\/alcala.salesianos.edu\/colegio\/wp-json\/wp\/v2\/posts\/12060","targetHints":{"allow":["GET"]}}],"collection":[{"href":"https:\/\/alcala.salesianos.edu\/colegio\/wp-json\/wp\/v2\/posts"}],"about":[{"href":"https:\/\/alcala.salesianos.edu\/colegio\/wp-json\/wp\/v2\/types\/post"}],"author":[{"embeddable":true,"href":"https:\/\/alcala.salesianos.edu\/colegio\/wp-json\/wp\/v2\/users\/2"}],"replies":[{"embeddable":true,"href":"https:\/\/alcala.salesianos.edu\/colegio\/wp-json\/wp\/v2\/comments?post=12060"}],"version-history":[{"count":4,"href":"https:\/\/alcala.salesianos.edu\/colegio\/wp-json\/wp\/v2\/posts\/12060\/revisions"}],"predecessor-version":[{"id":16362,"href":"https:\/\/alcala.salesianos.edu\/colegio\/wp-json\/wp\/v2\/posts\/12060\/revisions\/16362"}],"wp:attachment":[{"href":"https:\/\/alcala.salesianos.edu\/colegio\/wp-json\/wp\/v2\/media?parent=12060"}],"wp:term":[{"taxonomy":"category","embeddable":true,"href":"https:\/\/alcala.salesianos.edu\/colegio\/wp-json\/wp\/v2\/categories?post=12060"},{"taxonomy":"post_tag","embeddable":true,"href":"https:\/\/alcala.salesianos.edu\/colegio\/wp-json\/wp\/v2\/tags?post=12060"}],"curies":[{"name":"wp","href":"https:\/\/api.w.org\/{rel}","templated":true}]}}