{"id":11993,"date":"2020-01-31T08:24:04","date_gmt":"2020-01-31T07:24:04","guid":{"rendered":"https:\/\/alcala.salesianos.edu\/colegio\/blog\/2020\/01\/31\/fiesta-escolar-de-san-juan-bosco\/"},"modified":"2025-08-27T08:51:36","modified_gmt":"2025-08-27T07:51:36","slug":"fiesta-escolar-de-san-juan-bosco","status":"publish","type":"post","link":"https:\/\/alcala.salesianos.edu\/colegio\/blog\/2020\/01\/31\/fiesta-escolar-de-san-juan-bosco\/","title":{"rendered":"Fiesta escolar de San Juan Bosco"},"content":{"rendered":"<div id=\"fb-root\"><\/div>\n<p>[et_pb_section fb_built=\u00bb1&#8243; _builder_version=\u00bb4.0.6&#8243;][et_pb_row _builder_version=\u00bb4.0.6&#8243;][et_pb_column _builder_version=\u00bb4.0.6&#8243; type=\u00bb4_4&#8243;][et_pb_text _builder_version=\u00bb4.0.6&#8243; hover_enabled=\u00bb0&#8243;]<\/p>\n<p><img loading=\"lazy\" decoding=\"async\" class=\"wp-image-11994 size-medium alignleft\" src=\"https:\/\/alcala.salesianos.edu\/colegio\/wp-content\/uploads\/sites\/2\/2020\/01\/Di\u0301a-Don-Bosco-300x300.png\" alt=\"\" width=\"300\" height=\"300\" \/>En el d\u00eda de ayer el centro escolar Nuestra Sra. del \u00c1guila comenz\u00f3 con la festividad escolar a nuestro Santo Fundador. Una de las curiosidades que muchas personas desconocen es el pratronazgo de Don Bosco al cine y a las artes esc\u00e9nicas, es por eso la <a href=\"https:\/\/www.premiosgoya.com\/los-goya\/la-historia-de-los-premios-goya\/\">cercan\u00eda de la gala de los Goya con el d\u00eda 31 de enero, festividad de la solemnidad de San Juan Bosco<\/a>. Esta relaci\u00f3n con el s\u00e9ptimo arte viene originada por el amor que el santo de los j\u00f3venes ten\u00eda hacia las artes esc\u00e9nicas en un contexto hist\u00f3rico que cobr\u00f3 su mayor esplendor con los hermanos Lumi\u00e8re y su primera pel\u00edcula en 1895, siete a\u00f1os m\u00e1s tarde de la muerte de Don Bosco.<\/p>\n<div>\u00a0<\/div>\n<div>Por este motivo los alumnos de Educaci\u00f3n Primaria y Secundaria pudieron ver una pel\u00edcula en los cines del Centro Comercial los Alcores. Los alumnos de infantil al mismo tiempo estaban celebrando en el teatro de\u00a0 nuestro centro una fiesta en torno a la Paz debido a que el 30 de enero todos los centros escolares celebramos dicha festividad. Tras este momento los alumnos pudieron compartir sus juguetes para as\u00ed poder jugar todos juntos.<\/div>\n<div>\u00a0<\/div>\n<div>En el d\u00eda de hoy todo el centro a primera hora de la ma\u00f1ana se trasladar\u00e1 a la parroquia de San Agust\u00edn para celebrar la festividad de San Juan Bosco, tras ello volveremos al centro escolar. Una vez estemos en el colegio la Asociaci\u00f3n de Madres y Padres de nuestro centro invitar\u00e1n a todos nuestros alumnos a un desayuno para poder coger fuerzas para las actividades l\u00fadicas y educativas que realizar\u00e1n a continuaci\u00f3n. La etapa de educaci\u00f3n infantil tendr\u00e1 unos juegos\u00a0 en el patio de Mar\u00eda Auxiliadora mientras las etapas de Educaci\u00f3n Primaria y Secundaria estar\u00e1n en el patio de Don Bosco\u00a0 realizando la Ghymkhana internacional \u00abDon Bosco por el mundo\u00bb.<\/div>\n<div>\u00a0<\/div>\n<div>Deseamos que toda la comunidad educativa de nuestra Casa podamos disfrutar de la Fiesta de San Juan Bosco. \u00a1Feliz d\u00eda!<\/div>\n<p>[\/et_pb_text][\/et_pb_column][\/et_pb_row][\/et_pb_section]<\/p>\n","protected":false},"excerpt":{"rendered":"<p>Celebraci\u00f3n escolar de todo el centro educativo durante los d\u00edas 30 y 31 de enero.<\/p>\n","protected":false},"author":2,"featured_media":0,"comment_status":"closed","ping_status":"open","sticky":false,"template":"","format":"standard","meta":{"_et_pb_use_builder":"on","_et_pb_old_content":"","_et_gb_content_width":"","footnotes":""},"categories":[1],"tags":[],"class_list":["post-11993","post","type-post","status-publish","format-standard","hentry","category-uncategorized"],"yoast_head":"<!-- This site is optimized with the Yoast SEO plugin v28.4 - https:\/\/yoast.com\/product\/yoast-seo-wordpress\/ -->\n<title>Fiesta escolar de San Juan Bosco - Colegio Salesiano Alcal\u00e1<\/title>\n<meta name=\"robots\" content=\"index, follow, max-snippet:-1, max-image-preview:large, max-video-preview:-1\" \/>\n<link rel=\"canonical\" href=\"https:\/\/alcala.salesianos.edu\/colegio\/blog\/2020\/01\/31\/fiesta-escolar-de-san-juan-bosco\/\" \/>\n<meta property=\"og:locale\" content=\"es_ES\" \/>\n<meta property=\"og:type\" content=\"article\" \/>\n<meta property=\"og:title\" content=\"Fiesta escolar de San Juan Bosco - Colegio Salesiano Alcal\u00e1\" \/>\n<meta property=\"og:description\" content=\"Celebraci\u00f3n escolar de todo el centro educativo durante los d\u00edas 30 y 31 de enero.\" \/>\n<meta property=\"og:url\" content=\"https:\/\/alcala.salesianos.edu\/colegio\/blog\/2020\/01\/31\/fiesta-escolar-de-san-juan-bosco\/\" \/>\n<meta property=\"og:site_name\" content=\"Colegio Salesiano Alcal\u00e1\" \/>\n<meta property=\"article:published_time\" content=\"2020-01-31T07:24:04+00:00\" \/>\n<meta property=\"article:modified_time\" content=\"2025-08-27T07:51:36+00:00\" \/>\n<meta name=\"author\" content=\"Administrador Web\" \/>\n<meta name=\"twitter:card\" content=\"summary_large_image\" \/>\n<meta name=\"twitter:label1\" content=\"Escrito por\" \/>\n\t<meta name=\"twitter:data1\" content=\"Administrador Web\" \/>\n\t<meta name=\"twitter:label2\" content=\"Tiempo de lectura\" \/>\n\t<meta name=\"twitter:data2\" content=\"2 minutos\" \/>\n<script type=\"application\/ld+json\" class=\"yoast-schema-graph\">{\"@context\":\"https:\\\/\\\/schema.org\",\"@graph\":[{\"@type\":\"Article\",\"@id\":\"https:\\\/\\\/alcala.salesianos.edu\\\/colegio\\\/blog\\\/2020\\\/01\\\/31\\\/fiesta-escolar-de-san-juan-bosco\\\/#article\",\"isPartOf\":{\"@id\":\"https:\\\/\\\/alcala.salesianos.edu\\\/colegio\\\/blog\\\/2020\\\/01\\\/31\\\/fiesta-escolar-de-san-juan-bosco\\\/\"},\"author\":{\"name\":\"Administrador Web\",\"@id\":\"https:\\\/\\\/alcala.salesianos.edu\\\/colegio\\\/#\\\/schema\\\/person\\\/afcc24f776dc91fc2bf9afb0998fca77\"},\"headline\":\"Fiesta escolar de San Juan Bosco\",\"datePublished\":\"2020-01-31T07:24:04+00:00\",\"dateModified\":\"2025-08-27T07:51:36+00:00\",\"mainEntityOfPage\":{\"@id\":\"https:\\\/\\\/alcala.salesianos.edu\\\/colegio\\\/blog\\\/2020\\\/01\\\/31\\\/fiesta-escolar-de-san-juan-bosco\\\/\"},\"wordCount\":391,\"articleSection\":[\"Uncategorized\"],\"inLanguage\":\"es\"},{\"@type\":\"WebPage\",\"@id\":\"https:\\\/\\\/alcala.salesianos.edu\\\/colegio\\\/blog\\\/2020\\\/01\\\/31\\\/fiesta-escolar-de-san-juan-bosco\\\/\",\"url\":\"https:\\\/\\\/alcala.salesianos.edu\\\/colegio\\\/blog\\\/2020\\\/01\\\/31\\\/fiesta-escolar-de-san-juan-bosco\\\/\",\"name\":\"Fiesta escolar de San Juan Bosco - Colegio Salesiano Alcal\u00e1\",\"isPartOf\":{\"@id\":\"https:\\\/\\\/alcala.salesianos.edu\\\/colegio\\\/#website\"},\"datePublished\":\"2020-01-31T07:24:04+00:00\",\"dateModified\":\"2025-08-27T07:51:36+00:00\",\"author\":{\"@id\":\"https:\\\/\\\/alcala.salesianos.edu\\\/colegio\\\/#\\\/schema\\\/person\\\/afcc24f776dc91fc2bf9afb0998fca77\"},\"breadcrumb\":{\"@id\":\"https:\\\/\\\/alcala.salesianos.edu\\\/colegio\\\/blog\\\/2020\\\/01\\\/31\\\/fiesta-escolar-de-san-juan-bosco\\\/#breadcrumb\"},\"inLanguage\":\"es\",\"potentialAction\":[{\"@type\":\"ReadAction\",\"target\":[\"https:\\\/\\\/alcala.salesianos.edu\\\/colegio\\\/blog\\\/2020\\\/01\\\/31\\\/fiesta-escolar-de-san-juan-bosco\\\/\"]}]},{\"@type\":\"BreadcrumbList\",\"@id\":\"https:\\\/\\\/alcala.salesianos.edu\\\/colegio\\\/blog\\\/2020\\\/01\\\/31\\\/fiesta-escolar-de-san-juan-bosco\\\/#breadcrumb\",\"itemListElement\":[{\"@type\":\"ListItem\",\"position\":1,\"name\":\"Portada\",\"item\":\"https:\\\/\\\/alcala.salesianos.edu\\\/colegio\\\/\"},{\"@type\":\"ListItem\",\"position\":2,\"name\":\"Fiesta escolar de San Juan Bosco\"}]},{\"@type\":\"WebSite\",\"@id\":\"https:\\\/\\\/alcala.salesianos.edu\\\/colegio\\\/#website\",\"url\":\"https:\\\/\\\/alcala.salesianos.edu\\\/colegio\\\/\",\"name\":\"Colegio Salesiano Alcal\u00e1\",\"description\":\"P\u00e1gina oficial de Salesianos Alcal\u00e1 de Guadaira\",\"potentialAction\":[{\"@type\":\"SearchAction\",\"target\":{\"@type\":\"EntryPoint\",\"urlTemplate\":\"https:\\\/\\\/alcala.salesianos.edu\\\/colegio\\\/?s={search_term_string}\"},\"query-input\":{\"@type\":\"PropertyValueSpecification\",\"valueRequired\":true,\"valueName\":\"search_term_string\"}}],\"inLanguage\":\"es\"},{\"@type\":\"Person\",\"@id\":\"https:\\\/\\\/alcala.salesianos.edu\\\/colegio\\\/#\\\/schema\\\/person\\\/afcc24f776dc91fc2bf9afb0998fca77\",\"name\":\"Administrador Web\",\"image\":{\"@type\":\"ImageObject\",\"inLanguage\":\"es\",\"@id\":\"https:\\\/\\\/secure.gravatar.com\\\/avatar\\\/bc157e994689bd6da9645c00aa3bc4d55b727915b6652642660db0aef086585f?s=96&d=mm&r=g\",\"url\":\"https:\\\/\\\/secure.gravatar.com\\\/avatar\\\/bc157e994689bd6da9645c00aa3bc4d55b727915b6652642660db0aef086585f?s=96&d=mm&r=g\",\"contentUrl\":\"https:\\\/\\\/secure.gravatar.com\\\/avatar\\\/bc157e994689bd6da9645c00aa3bc4d55b727915b6652642660db0aef086585f?s=96&d=mm&r=g\",\"caption\":\"Administrador Web\"}}]}<\/script>\n<!-- \/ Yoast SEO plugin. -->","yoast_head_json":{"title":"Fiesta escolar de San Juan Bosco - Colegio Salesiano Alcal\u00e1","robots":{"index":"index","follow":"follow","max-snippet":"max-snippet:-1","max-image-preview":"max-image-preview:large","max-video-preview":"max-video-preview:-1"},"canonical":"https:\/\/alcala.salesianos.edu\/colegio\/blog\/2020\/01\/31\/fiesta-escolar-de-san-juan-bosco\/","og_locale":"es_ES","og_type":"article","og_title":"Fiesta escolar de San Juan Bosco - Colegio Salesiano Alcal\u00e1","og_description":"Celebraci\u00f3n escolar de todo el centro educativo durante los d\u00edas 30 y 31 de enero.","og_url":"https:\/\/alcala.salesianos.edu\/colegio\/blog\/2020\/01\/31\/fiesta-escolar-de-san-juan-bosco\/","og_site_name":"Colegio Salesiano Alcal\u00e1","article_published_time":"2020-01-31T07:24:04+00:00","article_modified_time":"2025-08-27T07:51:36+00:00","author":"Administrador Web","twitter_card":"summary_large_image","twitter_misc":{"Escrito por":"Administrador Web","Tiempo de lectura":"2 minutos"},"schema":{"@context":"https:\/\/schema.org","@graph":[{"@type":"Article","@id":"https:\/\/alcala.salesianos.edu\/colegio\/blog\/2020\/01\/31\/fiesta-escolar-de-san-juan-bosco\/#article","isPartOf":{"@id":"https:\/\/alcala.salesianos.edu\/colegio\/blog\/2020\/01\/31\/fiesta-escolar-de-san-juan-bosco\/"},"author":{"name":"Administrador Web","@id":"https:\/\/alcala.salesianos.edu\/colegio\/#\/schema\/person\/afcc24f776dc91fc2bf9afb0998fca77"},"headline":"Fiesta escolar de San Juan Bosco","datePublished":"2020-01-31T07:24:04+00:00","dateModified":"2025-08-27T07:51:36+00:00","mainEntityOfPage":{"@id":"https:\/\/alcala.salesianos.edu\/colegio\/blog\/2020\/01\/31\/fiesta-escolar-de-san-juan-bosco\/"},"wordCount":391,"articleSection":["Uncategorized"],"inLanguage":"es"},{"@type":"WebPage","@id":"https:\/\/alcala.salesianos.edu\/colegio\/blog\/2020\/01\/31\/fiesta-escolar-de-san-juan-bosco\/","url":"https:\/\/alcala.salesianos.edu\/colegio\/blog\/2020\/01\/31\/fiesta-escolar-de-san-juan-bosco\/","name":"Fiesta escolar de San Juan Bosco - Colegio Salesiano Alcal\u00e1","isPartOf":{"@id":"https:\/\/alcala.salesianos.edu\/colegio\/#website"},"datePublished":"2020-01-31T07:24:04+00:00","dateModified":"2025-08-27T07:51:36+00:00","author":{"@id":"https:\/\/alcala.salesianos.edu\/colegio\/#\/schema\/person\/afcc24f776dc91fc2bf9afb0998fca77"},"breadcrumb":{"@id":"https:\/\/alcala.salesianos.edu\/colegio\/blog\/2020\/01\/31\/fiesta-escolar-de-san-juan-bosco\/#breadcrumb"},"inLanguage":"es","potentialAction":[{"@type":"ReadAction","target":["https:\/\/alcala.salesianos.edu\/colegio\/blog\/2020\/01\/31\/fiesta-escolar-de-san-juan-bosco\/"]}]},{"@type":"BreadcrumbList","@id":"https:\/\/alcala.salesianos.edu\/colegio\/blog\/2020\/01\/31\/fiesta-escolar-de-san-juan-bosco\/#breadcrumb","itemListElement":[{"@type":"ListItem","position":1,"name":"Portada","item":"https:\/\/alcala.salesianos.edu\/colegio\/"},{"@type":"ListItem","position":2,"name":"Fiesta escolar de San Juan Bosco"}]},{"@type":"WebSite","@id":"https:\/\/alcala.salesianos.edu\/colegio\/#website","url":"https:\/\/alcala.salesianos.edu\/colegio\/","name":"Colegio Salesiano Alcal\u00e1","description":"P\u00e1gina oficial de Salesianos Alcal\u00e1 de Guadaira","potentialAction":[{"@type":"SearchAction","target":{"@type":"EntryPoint","urlTemplate":"https:\/\/alcala.salesianos.edu\/colegio\/?s={search_term_string}"},"query-input":{"@type":"PropertyValueSpecification","valueRequired":true,"valueName":"search_term_string"}}],"inLanguage":"es"},{"@type":"Person","@id":"https:\/\/alcala.salesianos.edu\/colegio\/#\/schema\/person\/afcc24f776dc91fc2bf9afb0998fca77","name":"Administrador Web","image":{"@type":"ImageObject","inLanguage":"es","@id":"https:\/\/secure.gravatar.com\/avatar\/bc157e994689bd6da9645c00aa3bc4d55b727915b6652642660db0aef086585f?s=96&d=mm&r=g","url":"https:\/\/secure.gravatar.com\/avatar\/bc157e994689bd6da9645c00aa3bc4d55b727915b6652642660db0aef086585f?s=96&d=mm&r=g","contentUrl":"https:\/\/secure.gravatar.com\/avatar\/bc157e994689bd6da9645c00aa3bc4d55b727915b6652642660db0aef086585f?s=96&d=mm&r=g","caption":"Administrador Web"}}]}},"_links":{"self":[{"href":"https:\/\/alcala.salesianos.edu\/colegio\/wp-json\/wp\/v2\/posts\/11993","targetHints":{"allow":["GET"]}}],"collection":[{"href":"https:\/\/alcala.salesianos.edu\/colegio\/wp-json\/wp\/v2\/posts"}],"about":[{"href":"https:\/\/alcala.salesianos.edu\/colegio\/wp-json\/wp\/v2\/types\/post"}],"author":[{"embeddable":true,"href":"https:\/\/alcala.salesianos.edu\/colegio\/wp-json\/wp\/v2\/users\/2"}],"replies":[{"embeddable":true,"href":"https:\/\/alcala.salesianos.edu\/colegio\/wp-json\/wp\/v2\/comments?post=11993"}],"version-history":[{"count":1,"href":"https:\/\/alcala.salesianos.edu\/colegio\/wp-json\/wp\/v2\/posts\/11993\/revisions"}],"predecessor-version":[{"id":11995,"href":"https:\/\/alcala.salesianos.edu\/colegio\/wp-json\/wp\/v2\/posts\/11993\/revisions\/11995"}],"wp:attachment":[{"href":"https:\/\/alcala.salesianos.edu\/colegio\/wp-json\/wp\/v2\/media?parent=11993"}],"wp:term":[{"taxonomy":"category","embeddable":true,"href":"https:\/\/alcala.salesianos.edu\/colegio\/wp-json\/wp\/v2\/categories?post=11993"},{"taxonomy":"post_tag","embeddable":true,"href":"https:\/\/alcala.salesianos.edu\/colegio\/wp-json\/wp\/v2\/tags?post=11993"}],"curies":[{"name":"wp","href":"https:\/\/api.w.org\/{rel}","templated":true}]}}