{"id":11931,"date":"2020-01-16T08:29:46","date_gmt":"2020-01-16T07:29:46","guid":{"rendered":"https:\/\/alcala.salesianos.edu\/colegio\/blog\/2020\/01\/16\/continuamos-con-la-formacion-a-padres-y-madres-de-alumnos\/"},"modified":"2025-08-27T08:51:37","modified_gmt":"2025-08-27T07:51:37","slug":"continuamos-con-la-formacion-a-padres-y-madres-de-alumnos","status":"publish","type":"post","link":"https:\/\/alcala.salesianos.edu\/colegio\/blog\/2020\/01\/16\/continuamos-con-la-formacion-a-padres-y-madres-de-alumnos\/","title":{"rendered":"Continuamos con la formaci\u00f3n a padres y madres de alumnos"},"content":{"rendered":"<div id=\"fb-root\"><\/div>\n<p>[et_pb_section fb_built=\u00bb1&#8243; _builder_version=\u00bb4.0.6&#8243;][et_pb_row _builder_version=\u00bb4.0.6&#8243;][et_pb_column _builder_version=\u00bb4.0.6&#8243; type=\u00bb4_4&#8243;][et_pb_text _builder_version=\u00bb4.0.6&#8243; hover_enabled=\u00bb0&#8243;]<\/p>\n<p>En el d\u00eda de hoy la Asociaci\u00f3n de Madres y Padres de Alumnos \u00abDo\u00f1a Virginia Belloc\u00bb\u00a0 continua con la oferta formativa dirigida a los padres y madres que se viene realizando en nuestro centro escolar.<\/p>\n<p>En estas semanas previas a la festividad de San Juan Bosco la oferta se concreta en las siguientes formaciones:<\/p>\n<ul>\n<li><strong>Buen uso de internet, redes sociales: riesgos y ciberacoso<\/strong>. Esta formaci\u00f3n se realizar\u00e1 hoy y\u00a0 est\u00e1 dirigida principalmente\u00a0 a los padres y madres desde 3\u00ba de E.P. hasta 4\u00ba E.S.O. y se realizar\u00e1 en el teatro de nuestro centro a las 18,00 h.<\/li>\n<li><strong>Prevenci\u00f3n de adicciones<\/strong>. Orientado para las familias de Educaci\u00f3n Secundaria. El pr\u00f3ximo d\u00eda 21 de enero a las 18,00 h. en el teatro de nuestro centro.<\/li>\n<li><strong>ABN \u00bfC\u00f3mo puedo ayudar a mis hijos?<\/strong>. Est\u00e1 dirigido a las familias de 1\u00ba de E.P. y se realizar\u00e1 el pr\u00f3ximo d\u00eda 23 de enero a las 18,00 h, en el aula de 1\u00baB de E.P.<\/li>\n<\/ul>\n<p>Animamos a toda la Comunidad Educativa a participar y agradecemos a la Asociaci\u00f3n de Madres y Padres Do\u00f1a Virginia Belloc su gran labor en pos de la formaci\u00f3n de todos los miembros de nuestra comunidad.<\/p>\n<p>[\/et_pb_text][\/et_pb_column][\/et_pb_row][et_pb_row _builder_version=\u00bb4.0.6&#8243; column_structure=\u00bb1_3,1_3,1_3&#8243;][et_pb_column _builder_version=\u00bb4.0.6&#8243; type=\u00bb1_3&#8243;][et_pb_image _builder_version=\u00bb4.0.6&#8243; src=\u00bbhttps:\/\/alcala.salesianos.edu\/wp-content\/uploads\/2020\/01\/WhatsApp-Image-2020-01-13-at-12.49.06.jpeg\u00bb hover_enabled=\u00bb0&#8243;][\/et_pb_image][\/et_pb_column][et_pb_column _builder_version=\u00bb4.0.6&#8243; type=\u00bb1_3&#8243;][et_pb_image _builder_version=\u00bb4.0.6&#8243; src=\u00bbhttps:\/\/alcala.salesianos.edu\/wp-content\/uploads\/2020\/01\/WhatsApp-Image-2020-01-13-at-12.49.17.jpeg\u00bb hover_enabled=\u00bb0&#8243;][\/et_pb_image][\/et_pb_column][et_pb_column _builder_version=\u00bb4.0.6&#8243; type=\u00bb1_3&#8243;][et_pb_image _builder_version=\u00bb4.0.6&#8243; src=\u00bbhttps:\/\/alcala.salesianos.edu\/wp-content\/uploads\/2020\/01\/WhatsApp-Image-2020-01-13-at-12.51.16.jpeg\u00bb hover_enabled=\u00bb0&#8243;][\/et_pb_image][\/et_pb_column][\/et_pb_row][\/et_pb_section]<\/p>\n","protected":false},"excerpt":{"rendered":"<p>Se realizar\u00e1 hoy jueves una formaci\u00f3n sobre el buen uso de internet y redes sociales, el martes 21 sobre prevenci\u00f3n de adicciones y el jueves 23 sobre introducci\u00f3n al ABN.<\/p>\n","protected":false},"author":2,"featured_media":0,"comment_status":"closed","ping_status":"open","sticky":false,"template":"","format":"standard","meta":{"_et_pb_use_builder":"on","_et_pb_old_content":"","_et_gb_content_width":"","footnotes":""},"categories":[12,19,13,17,14,15,18,16,1],"tags":[],"class_list":["post-11931","post","type-post","status-publish","format-standard","hentry","category-colegio","category-escuela-abierta","category-fasa","category-infantil","category-pastoral","category-portada","category-primaria","category-secundaria","category-uncategorized"],"yoast_head":"<!-- This site is optimized with the Yoast SEO plugin v28.4 - https:\/\/yoast.com\/product\/yoast-seo-wordpress\/ -->\n<title>Continuamos con la formaci\u00f3n a padres y madres de alumnos - Colegio Salesiano Alcal\u00e1<\/title>\n<meta name=\"robots\" content=\"index, follow, max-snippet:-1, max-image-preview:large, max-video-preview:-1\" \/>\n<link rel=\"canonical\" href=\"https:\/\/alcala.salesianos.edu\/colegio\/blog\/2020\/01\/16\/continuamos-con-la-formacion-a-padres-y-madres-de-alumnos\/\" \/>\n<meta property=\"og:locale\" content=\"es_ES\" \/>\n<meta property=\"og:type\" content=\"article\" \/>\n<meta property=\"og:title\" content=\"Continuamos con la formaci\u00f3n a padres y madres de alumnos - Colegio Salesiano Alcal\u00e1\" \/>\n<meta property=\"og:description\" content=\"Se realizar\u00e1 hoy jueves una formaci\u00f3n sobre el buen uso de internet y redes sociales, el martes 21 sobre prevenci\u00f3n de adicciones y el jueves 23 sobre introducci\u00f3n al ABN.\" \/>\n<meta property=\"og:url\" content=\"https:\/\/alcala.salesianos.edu\/colegio\/blog\/2020\/01\/16\/continuamos-con-la-formacion-a-padres-y-madres-de-alumnos\/\" \/>\n<meta property=\"og:site_name\" content=\"Colegio Salesiano Alcal\u00e1\" \/>\n<meta property=\"article:published_time\" content=\"2020-01-16T07:29:46+00:00\" \/>\n<meta property=\"article:modified_time\" content=\"2025-08-27T07:51:37+00:00\" \/>\n<meta name=\"author\" content=\"Administrador Web\" \/>\n<meta name=\"twitter:card\" content=\"summary_large_image\" \/>\n<meta name=\"twitter:label1\" content=\"Escrito por\" \/>\n\t<meta name=\"twitter:data1\" content=\"Administrador Web\" \/>\n\t<meta name=\"twitter:label2\" content=\"Tiempo de lectura\" \/>\n\t<meta name=\"twitter:data2\" content=\"2 minutos\" \/>\n<script type=\"application\/ld+json\" class=\"yoast-schema-graph\">{\"@context\":\"https:\\\/\\\/schema.org\",\"@graph\":[{\"@type\":\"Article\",\"@id\":\"https:\\\/\\\/alcala.salesianos.edu\\\/colegio\\\/blog\\\/2020\\\/01\\\/16\\\/continuamos-con-la-formacion-a-padres-y-madres-de-alumnos\\\/#article\",\"isPartOf\":{\"@id\":\"https:\\\/\\\/alcala.salesianos.edu\\\/colegio\\\/blog\\\/2020\\\/01\\\/16\\\/continuamos-con-la-formacion-a-padres-y-madres-de-alumnos\\\/\"},\"author\":{\"name\":\"Administrador Web\",\"@id\":\"https:\\\/\\\/alcala.salesianos.edu\\\/colegio\\\/#\\\/schema\\\/person\\\/afcc24f776dc91fc2bf9afb0998fca77\"},\"headline\":\"Continuamos con la formaci\u00f3n a padres y madres de alumnos\",\"datePublished\":\"2020-01-16T07:29:46+00:00\",\"dateModified\":\"2025-08-27T07:51:37+00:00\",\"mainEntityOfPage\":{\"@id\":\"https:\\\/\\\/alcala.salesianos.edu\\\/colegio\\\/blog\\\/2020\\\/01\\\/16\\\/continuamos-con-la-formacion-a-padres-y-madres-de-alumnos\\\/\"},\"wordCount\":356,\"articleSection\":[\"Colegio\",\"Escuela abierta\",\"FASA\",\"Infantil\",\"Pastoral\",\"Portada\",\"Primaria\",\"Secundaria\",\"Uncategorized\"],\"inLanguage\":\"es\"},{\"@type\":\"WebPage\",\"@id\":\"https:\\\/\\\/alcala.salesianos.edu\\\/colegio\\\/blog\\\/2020\\\/01\\\/16\\\/continuamos-con-la-formacion-a-padres-y-madres-de-alumnos\\\/\",\"url\":\"https:\\\/\\\/alcala.salesianos.edu\\\/colegio\\\/blog\\\/2020\\\/01\\\/16\\\/continuamos-con-la-formacion-a-padres-y-madres-de-alumnos\\\/\",\"name\":\"Continuamos con la formaci\u00f3n a padres y madres de alumnos - Colegio Salesiano Alcal\u00e1\",\"isPartOf\":{\"@id\":\"https:\\\/\\\/alcala.salesianos.edu\\\/colegio\\\/#website\"},\"datePublished\":\"2020-01-16T07:29:46+00:00\",\"dateModified\":\"2025-08-27T07:51:37+00:00\",\"author\":{\"@id\":\"https:\\\/\\\/alcala.salesianos.edu\\\/colegio\\\/#\\\/schema\\\/person\\\/afcc24f776dc91fc2bf9afb0998fca77\"},\"breadcrumb\":{\"@id\":\"https:\\\/\\\/alcala.salesianos.edu\\\/colegio\\\/blog\\\/2020\\\/01\\\/16\\\/continuamos-con-la-formacion-a-padres-y-madres-de-alumnos\\\/#breadcrumb\"},\"inLanguage\":\"es\",\"potentialAction\":[{\"@type\":\"ReadAction\",\"target\":[\"https:\\\/\\\/alcala.salesianos.edu\\\/colegio\\\/blog\\\/2020\\\/01\\\/16\\\/continuamos-con-la-formacion-a-padres-y-madres-de-alumnos\\\/\"]}]},{\"@type\":\"BreadcrumbList\",\"@id\":\"https:\\\/\\\/alcala.salesianos.edu\\\/colegio\\\/blog\\\/2020\\\/01\\\/16\\\/continuamos-con-la-formacion-a-padres-y-madres-de-alumnos\\\/#breadcrumb\",\"itemListElement\":[{\"@type\":\"ListItem\",\"position\":1,\"name\":\"Portada\",\"item\":\"https:\\\/\\\/alcala.salesianos.edu\\\/colegio\\\/\"},{\"@type\":\"ListItem\",\"position\":2,\"name\":\"Continuamos con la formaci\u00f3n a padres y madres de alumnos\"}]},{\"@type\":\"WebSite\",\"@id\":\"https:\\\/\\\/alcala.salesianos.edu\\\/colegio\\\/#website\",\"url\":\"https:\\\/\\\/alcala.salesianos.edu\\\/colegio\\\/\",\"name\":\"Colegio Salesiano Alcal\u00e1\",\"description\":\"P\u00e1gina oficial de Salesianos Alcal\u00e1 de Guadaira\",\"potentialAction\":[{\"@type\":\"SearchAction\",\"target\":{\"@type\":\"EntryPoint\",\"urlTemplate\":\"https:\\\/\\\/alcala.salesianos.edu\\\/colegio\\\/?s={search_term_string}\"},\"query-input\":{\"@type\":\"PropertyValueSpecification\",\"valueRequired\":true,\"valueName\":\"search_term_string\"}}],\"inLanguage\":\"es\"},{\"@type\":\"Person\",\"@id\":\"https:\\\/\\\/alcala.salesianos.edu\\\/colegio\\\/#\\\/schema\\\/person\\\/afcc24f776dc91fc2bf9afb0998fca77\",\"name\":\"Administrador Web\",\"image\":{\"@type\":\"ImageObject\",\"inLanguage\":\"es\",\"@id\":\"https:\\\/\\\/secure.gravatar.com\\\/avatar\\\/bc157e994689bd6da9645c00aa3bc4d55b727915b6652642660db0aef086585f?s=96&d=mm&r=g\",\"url\":\"https:\\\/\\\/secure.gravatar.com\\\/avatar\\\/bc157e994689bd6da9645c00aa3bc4d55b727915b6652642660db0aef086585f?s=96&d=mm&r=g\",\"contentUrl\":\"https:\\\/\\\/secure.gravatar.com\\\/avatar\\\/bc157e994689bd6da9645c00aa3bc4d55b727915b6652642660db0aef086585f?s=96&d=mm&r=g\",\"caption\":\"Administrador Web\"}}]}<\/script>\n<!-- \/ Yoast SEO plugin. -->","yoast_head_json":{"title":"Continuamos con la formaci\u00f3n a padres y madres de alumnos - Colegio Salesiano Alcal\u00e1","robots":{"index":"index","follow":"follow","max-snippet":"max-snippet:-1","max-image-preview":"max-image-preview:large","max-video-preview":"max-video-preview:-1"},"canonical":"https:\/\/alcala.salesianos.edu\/colegio\/blog\/2020\/01\/16\/continuamos-con-la-formacion-a-padres-y-madres-de-alumnos\/","og_locale":"es_ES","og_type":"article","og_title":"Continuamos con la formaci\u00f3n a padres y madres de alumnos - Colegio Salesiano Alcal\u00e1","og_description":"Se realizar\u00e1 hoy jueves una formaci\u00f3n sobre el buen uso de internet y redes sociales, el martes 21 sobre prevenci\u00f3n de adicciones y el jueves 23 sobre introducci\u00f3n al ABN.","og_url":"https:\/\/alcala.salesianos.edu\/colegio\/blog\/2020\/01\/16\/continuamos-con-la-formacion-a-padres-y-madres-de-alumnos\/","og_site_name":"Colegio Salesiano Alcal\u00e1","article_published_time":"2020-01-16T07:29:46+00:00","article_modified_time":"2025-08-27T07:51:37+00:00","author":"Administrador Web","twitter_card":"summary_large_image","twitter_misc":{"Escrito por":"Administrador Web","Tiempo de lectura":"2 minutos"},"schema":{"@context":"https:\/\/schema.org","@graph":[{"@type":"Article","@id":"https:\/\/alcala.salesianos.edu\/colegio\/blog\/2020\/01\/16\/continuamos-con-la-formacion-a-padres-y-madres-de-alumnos\/#article","isPartOf":{"@id":"https:\/\/alcala.salesianos.edu\/colegio\/blog\/2020\/01\/16\/continuamos-con-la-formacion-a-padres-y-madres-de-alumnos\/"},"author":{"name":"Administrador Web","@id":"https:\/\/alcala.salesianos.edu\/colegio\/#\/schema\/person\/afcc24f776dc91fc2bf9afb0998fca77"},"headline":"Continuamos con la formaci\u00f3n a padres y madres de alumnos","datePublished":"2020-01-16T07:29:46+00:00","dateModified":"2025-08-27T07:51:37+00:00","mainEntityOfPage":{"@id":"https:\/\/alcala.salesianos.edu\/colegio\/blog\/2020\/01\/16\/continuamos-con-la-formacion-a-padres-y-madres-de-alumnos\/"},"wordCount":356,"articleSection":["Colegio","Escuela abierta","FASA","Infantil","Pastoral","Portada","Primaria","Secundaria","Uncategorized"],"inLanguage":"es"},{"@type":"WebPage","@id":"https:\/\/alcala.salesianos.edu\/colegio\/blog\/2020\/01\/16\/continuamos-con-la-formacion-a-padres-y-madres-de-alumnos\/","url":"https:\/\/alcala.salesianos.edu\/colegio\/blog\/2020\/01\/16\/continuamos-con-la-formacion-a-padres-y-madres-de-alumnos\/","name":"Continuamos con la formaci\u00f3n a padres y madres de alumnos - Colegio Salesiano Alcal\u00e1","isPartOf":{"@id":"https:\/\/alcala.salesianos.edu\/colegio\/#website"},"datePublished":"2020-01-16T07:29:46+00:00","dateModified":"2025-08-27T07:51:37+00:00","author":{"@id":"https:\/\/alcala.salesianos.edu\/colegio\/#\/schema\/person\/afcc24f776dc91fc2bf9afb0998fca77"},"breadcrumb":{"@id":"https:\/\/alcala.salesianos.edu\/colegio\/blog\/2020\/01\/16\/continuamos-con-la-formacion-a-padres-y-madres-de-alumnos\/#breadcrumb"},"inLanguage":"es","potentialAction":[{"@type":"ReadAction","target":["https:\/\/alcala.salesianos.edu\/colegio\/blog\/2020\/01\/16\/continuamos-con-la-formacion-a-padres-y-madres-de-alumnos\/"]}]},{"@type":"BreadcrumbList","@id":"https:\/\/alcala.salesianos.edu\/colegio\/blog\/2020\/01\/16\/continuamos-con-la-formacion-a-padres-y-madres-de-alumnos\/#breadcrumb","itemListElement":[{"@type":"ListItem","position":1,"name":"Portada","item":"https:\/\/alcala.salesianos.edu\/colegio\/"},{"@type":"ListItem","position":2,"name":"Continuamos con la formaci\u00f3n a padres y madres de alumnos"}]},{"@type":"WebSite","@id":"https:\/\/alcala.salesianos.edu\/colegio\/#website","url":"https:\/\/alcala.salesianos.edu\/colegio\/","name":"Colegio Salesiano Alcal\u00e1","description":"P\u00e1gina oficial de Salesianos Alcal\u00e1 de Guadaira","potentialAction":[{"@type":"SearchAction","target":{"@type":"EntryPoint","urlTemplate":"https:\/\/alcala.salesianos.edu\/colegio\/?s={search_term_string}"},"query-input":{"@type":"PropertyValueSpecification","valueRequired":true,"valueName":"search_term_string"}}],"inLanguage":"es"},{"@type":"Person","@id":"https:\/\/alcala.salesianos.edu\/colegio\/#\/schema\/person\/afcc24f776dc91fc2bf9afb0998fca77","name":"Administrador Web","image":{"@type":"ImageObject","inLanguage":"es","@id":"https:\/\/secure.gravatar.com\/avatar\/bc157e994689bd6da9645c00aa3bc4d55b727915b6652642660db0aef086585f?s=96&d=mm&r=g","url":"https:\/\/secure.gravatar.com\/avatar\/bc157e994689bd6da9645c00aa3bc4d55b727915b6652642660db0aef086585f?s=96&d=mm&r=g","contentUrl":"https:\/\/secure.gravatar.com\/avatar\/bc157e994689bd6da9645c00aa3bc4d55b727915b6652642660db0aef086585f?s=96&d=mm&r=g","caption":"Administrador Web"}}]}},"_links":{"self":[{"href":"https:\/\/alcala.salesianos.edu\/colegio\/wp-json\/wp\/v2\/posts\/11931","targetHints":{"allow":["GET"]}}],"collection":[{"href":"https:\/\/alcala.salesianos.edu\/colegio\/wp-json\/wp\/v2\/posts"}],"about":[{"href":"https:\/\/alcala.salesianos.edu\/colegio\/wp-json\/wp\/v2\/types\/post"}],"author":[{"embeddable":true,"href":"https:\/\/alcala.salesianos.edu\/colegio\/wp-json\/wp\/v2\/users\/2"}],"replies":[{"embeddable":true,"href":"https:\/\/alcala.salesianos.edu\/colegio\/wp-json\/wp\/v2\/comments?post=11931"}],"version-history":[{"count":1,"href":"https:\/\/alcala.salesianos.edu\/colegio\/wp-json\/wp\/v2\/posts\/11931\/revisions"}],"predecessor-version":[{"id":11933,"href":"https:\/\/alcala.salesianos.edu\/colegio\/wp-json\/wp\/v2\/posts\/11931\/revisions\/11933"}],"wp:attachment":[{"href":"https:\/\/alcala.salesianos.edu\/colegio\/wp-json\/wp\/v2\/media?parent=11931"}],"wp:term":[{"taxonomy":"category","embeddable":true,"href":"https:\/\/alcala.salesianos.edu\/colegio\/wp-json\/wp\/v2\/categories?post=11931"},{"taxonomy":"post_tag","embeddable":true,"href":"https:\/\/alcala.salesianos.edu\/colegio\/wp-json\/wp\/v2\/tags?post=11931"}],"curies":[{"name":"wp","href":"https:\/\/api.w.org\/{rel}","templated":true}]}}