{"id":11848,"date":"2019-11-11T12:02:23","date_gmt":"2019-11-11T11:02:23","guid":{"rendered":"https:\/\/alcala.salesianos.edu\/colegio\/blog\/2019\/11\/11\/nuestro-profesor-d-enrique-ruiz-realizara-la-meditacion-del-senor-de-la-oracion-en-el-huerto\/"},"modified":"2025-08-27T08:51:39","modified_gmt":"2025-08-27T07:51:39","slug":"nuestro-profesor-d-enrique-ruiz-realizara-la-meditacion-del-senor-de-la-oracion-en-el-huerto","status":"publish","type":"post","link":"https:\/\/alcala.salesianos.edu\/colegio\/blog\/2019\/11\/11\/nuestro-profesor-d-enrique-ruiz-realizara-la-meditacion-del-senor-de-la-oracion-en-el-huerto\/","title":{"rendered":"Nuestro profesor D. Enrique Ruiz realizar\u00e1 la meditaci\u00f3n del Se\u00f1or de la Oraci\u00f3n en el Huerto"},"content":{"rendered":"<div id=\"fb-root\"><\/div>\n<p>[et_pb_section bb_built=\u00bb1&#8243; inner_width=\u00bbauto\u00bb inner_max_width=\u00bb1080px\u00bb][et_pb_row][et_pb_column type=\u00bb4_4&#8243; custom_padding__hover=\u00bb|||\u00bb custom_padding=\u00bb|||\u00bb][et_pb_text _builder_version=\u00bb3.27.4&#8243; text_text_shadow_horizontal_length=\u00bbtext_text_shadow_style,%91object Object%93&#8243; text_text_shadow_horizontal_length_tablet=\u00bb0px\u00bb text_text_shadow_vertical_length=\u00bbtext_text_shadow_style,%91object Object%93&#8243; text_text_shadow_vertical_length_tablet=\u00bb0px\u00bb text_text_shadow_blur_strength=\u00bbtext_text_shadow_style,%91object Object%93&#8243; text_text_shadow_blur_strength_tablet=\u00bb1px\u00bb link_text_shadow_horizontal_length=\u00bblink_text_shadow_style,%91object Object%93&#8243; link_text_shadow_horizontal_length_tablet=\u00bb0px\u00bb link_text_shadow_vertical_length=\u00bblink_text_shadow_style,%91object Object%93&#8243; link_text_shadow_vertical_length_tablet=\u00bb0px\u00bb link_text_shadow_blur_strength=\u00bblink_text_shadow_style,%91object Object%93&#8243; link_text_shadow_blur_strength_tablet=\u00bb1px\u00bb ul_text_shadow_horizontal_length=\u00bbul_text_shadow_style,%91object Object%93&#8243; ul_text_shadow_horizontal_length_tablet=\u00bb0px\u00bb ul_text_shadow_vertical_length=\u00bbul_text_shadow_style,%91object Object%93&#8243; ul_text_shadow_vertical_length_tablet=\u00bb0px\u00bb ul_text_shadow_blur_strength=\u00bbul_text_shadow_style,%91object Object%93&#8243; ul_text_shadow_blur_strength_tablet=\u00bb1px\u00bb ol_text_shadow_horizontal_length=\u00bbol_text_shadow_style,%91object Object%93&#8243; ol_text_shadow_horizontal_length_tablet=\u00bb0px\u00bb ol_text_shadow_vertical_length=\u00bbol_text_shadow_style,%91object Object%93&#8243; ol_text_shadow_vertical_length_tablet=\u00bb0px\u00bb ol_text_shadow_blur_strength=\u00bbol_text_shadow_style,%91object Object%93&#8243; ol_text_shadow_blur_strength_tablet=\u00bb1px\u00bb quote_text_shadow_horizontal_length=\u00bbquote_text_shadow_style,%91object Object%93&#8243; quote_text_shadow_horizontal_length_tablet=\u00bb0px\u00bb quote_text_shadow_vertical_length=\u00bbquote_text_shadow_style,%91object Object%93&#8243; quote_text_shadow_vertical_length_tablet=\u00bb0px\u00bb quote_text_shadow_blur_strength=\u00bbquote_text_shadow_style,%91object Object%93&#8243; quote_text_shadow_blur_strength_tablet=\u00bb1px\u00bb header_text_shadow_horizontal_length=\u00bbheader_text_shadow_style,%91object Object%93&#8243; header_text_shadow_horizontal_length_tablet=\u00bb0px\u00bb header_text_shadow_vertical_length=\u00bbheader_text_shadow_style,%91object Object%93&#8243; header_text_shadow_vertical_length_tablet=\u00bb0px\u00bb header_text_shadow_blur_strength=\u00bbheader_text_shadow_style,%91object Object%93&#8243; header_text_shadow_blur_strength_tablet=\u00bb1px\u00bb header_2_text_shadow_horizontal_length=\u00bbheader_2_text_shadow_style,%91object Object%93&#8243; header_2_text_shadow_horizontal_length_tablet=\u00bb0px\u00bb header_2_text_shadow_vertical_length=\u00bbheader_2_text_shadow_style,%91object Object%93&#8243; header_2_text_shadow_vertical_length_tablet=\u00bb0px\u00bb header_2_text_shadow_blur_strength=\u00bbheader_2_text_shadow_style,%91object Object%93&#8243; header_2_text_shadow_blur_strength_tablet=\u00bb1px\u00bb header_3_text_shadow_horizontal_length=\u00bbheader_3_text_shadow_style,%91object Object%93&#8243; header_3_text_shadow_horizontal_length_tablet=\u00bb0px\u00bb header_3_text_shadow_vertical_length=\u00bbheader_3_text_shadow_style,%91object Object%93&#8243; header_3_text_shadow_vertical_length_tablet=\u00bb0px\u00bb header_3_text_shadow_blur_strength=\u00bbheader_3_text_shadow_style,%91object Object%93&#8243; header_3_text_shadow_blur_strength_tablet=\u00bb1px\u00bb header_4_text_shadow_horizontal_length=\u00bbheader_4_text_shadow_style,%91object Object%93&#8243; header_4_text_shadow_horizontal_length_tablet=\u00bb0px\u00bb header_4_text_shadow_vertical_length=\u00bbheader_4_text_shadow_style,%91object Object%93&#8243; header_4_text_shadow_vertical_length_tablet=\u00bb0px\u00bb header_4_text_shadow_blur_strength=\u00bbheader_4_text_shadow_style,%91object Object%93&#8243; header_4_text_shadow_blur_strength_tablet=\u00bb1px\u00bb header_5_text_shadow_horizontal_length=\u00bbheader_5_text_shadow_style,%91object Object%93&#8243; header_5_text_shadow_horizontal_length_tablet=\u00bb0px\u00bb header_5_text_shadow_vertical_length=\u00bbheader_5_text_shadow_style,%91object Object%93&#8243; header_5_text_shadow_vertical_length_tablet=\u00bb0px\u00bb header_5_text_shadow_blur_strength=\u00bbheader_5_text_shadow_style,%91object Object%93&#8243; header_5_text_shadow_blur_strength_tablet=\u00bb1px\u00bb header_6_text_shadow_horizontal_length=\u00bbheader_6_text_shadow_style,%91object Object%93&#8243; header_6_text_shadow_horizontal_length_tablet=\u00bb0px\u00bb header_6_text_shadow_vertical_length=\u00bbheader_6_text_shadow_style,%91object Object%93&#8243; header_6_text_shadow_vertical_length_tablet=\u00bb0px\u00bb header_6_text_shadow_blur_strength=\u00bbheader_6_text_shadow_style,%91object Object%93&#8243; header_6_text_shadow_blur_strength_tablet=\u00bb1px\u00bb box_shadow_horizontal_tablet=\u00bb0px\u00bb box_shadow_vertical_tablet=\u00bb0px\u00bb box_shadow_blur_tablet=\u00bb40px\u00bb box_shadow_spread_tablet=\u00bb0px\u00bb z_index_tablet=\u00bb500&#8243;]<\/p>\n<div><img loading=\"lazy\" decoding=\"async\" class=\"size-medium wp-image-6640 alignleft\" src=\"https:\/\/alcala.salesianos.edu\/wp-content\/uploads\/2019\/11\/enrique-200x300.jpg\" alt=\"\" width=\"200\" height=\"300\" \/><\/div>\n<div>La Junta de Gobierno, de la Hermandad de la Casa de Alcal\u00e1, en Cabildo de Oficiales, ha nombrado como Meditador ante el Se\u00f1or de la Oraci\u00f3n en la pr\u00f3xima Cuaresma de 2020 a nuestro profesor de Geograf\u00eda e Historia, Don Enrique Ruiz Portillo.<\/div>\n<div>\u00a0<\/div>\n<div>Don Enrique ha destacado en nuestra localidad en torno a la oratoria: ha sido pregonero de la Semana Santa de Alcal\u00e1 (2008), de la Navidad en San Juan de Dios (2012) y en nuestra Casa Salesiana (2017), Mantenedor de la Cabalgata de Reyes (2019), Exaltador de la Tarde del Viernes Santo en dos ocasiones (1999 y 2016),\u00a0 y de la Feria de Alcal\u00e1 (2010), entre otras intervenciones.\u00a0<\/div>\n<div>\u00a0<\/div>\n<div>Invitamos a toda la Comunidad Educativa de la Casa de Alcal\u00e1 a participar en este momento de oraci\u00f3n y recogimiento junto al Se\u00f1or de la Oraci\u00f3n en el Huerto en la cuaresma de 2020.<\/div>\n<p>[\/et_pb_text][\/et_pb_column][\/et_pb_row][\/et_pb_section]<\/p>\n","protected":false},"excerpt":{"rendered":"<p>Invitamos a toda la Comunidad Educativa de la Casa de Alcal\u00e1 a participar en este momento de oraci\u00f3n y recogimiento junto al Se\u00f1or de la Oraci\u00f3n en el Huerto en la cuaresma de 2020.<\/p>\n","protected":false},"author":2,"featured_media":0,"comment_status":"closed","ping_status":"open","sticky":false,"template":"","format":"standard","meta":{"_et_pb_use_builder":"on","_et_pb_old_content":"","_et_gb_content_width":"","footnotes":""},"categories":[12,19,13,17,14,15,18,16,1],"tags":[],"class_list":["post-11848","post","type-post","status-publish","format-standard","hentry","category-colegio","category-escuela-abierta","category-fasa","category-infantil","category-pastoral","category-portada","category-primaria","category-secundaria","category-uncategorized"],"yoast_head":"<!-- This site is optimized with the Yoast SEO plugin v28.4 - https:\/\/yoast.com\/product\/yoast-seo-wordpress\/ -->\n<title>Nuestro profesor D. Enrique Ruiz realizar\u00e1 la meditaci\u00f3n del Se\u00f1or de la Oraci\u00f3n en el Huerto - Colegio Salesiano Alcal\u00e1<\/title>\n<meta name=\"robots\" content=\"index, follow, max-snippet:-1, max-image-preview:large, max-video-preview:-1\" \/>\n<link rel=\"canonical\" href=\"https:\/\/alcala.salesianos.edu\/colegio\/blog\/2019\/11\/11\/nuestro-profesor-d-enrique-ruiz-realizara-la-meditacion-del-senor-de-la-oracion-en-el-huerto\/\" \/>\n<meta property=\"og:locale\" content=\"es_ES\" \/>\n<meta property=\"og:type\" content=\"article\" \/>\n<meta property=\"og:title\" content=\"Nuestro profesor D. Enrique Ruiz realizar\u00e1 la meditaci\u00f3n del Se\u00f1or de la Oraci\u00f3n en el Huerto - Colegio Salesiano Alcal\u00e1\" \/>\n<meta property=\"og:description\" content=\"Invitamos a toda la Comunidad Educativa de la Casa de Alcal\u00e1 a participar en este momento de oraci\u00f3n y recogimiento junto al Se\u00f1or de la Oraci\u00f3n en el Huerto en la cuaresma de 2020.\" \/>\n<meta property=\"og:url\" content=\"https:\/\/alcala.salesianos.edu\/colegio\/blog\/2019\/11\/11\/nuestro-profesor-d-enrique-ruiz-realizara-la-meditacion-del-senor-de-la-oracion-en-el-huerto\/\" \/>\n<meta property=\"og:site_name\" content=\"Colegio Salesiano Alcal\u00e1\" \/>\n<meta property=\"article:published_time\" content=\"2019-11-11T11:02:23+00:00\" \/>\n<meta property=\"article:modified_time\" content=\"2025-08-27T07:51:39+00:00\" \/>\n<meta name=\"author\" content=\"Administrador Web\" \/>\n<meta name=\"twitter:card\" content=\"summary_large_image\" \/>\n<meta name=\"twitter:label1\" content=\"Escrito por\" \/>\n\t<meta name=\"twitter:data1\" content=\"Administrador Web\" \/>\n\t<meta name=\"twitter:label2\" content=\"Tiempo de lectura\" \/>\n\t<meta name=\"twitter:data2\" content=\"4 minutos\" \/>\n<script type=\"application\/ld+json\" class=\"yoast-schema-graph\">{\"@context\":\"https:\\\/\\\/schema.org\",\"@graph\":[{\"@type\":\"Article\",\"@id\":\"https:\\\/\\\/alcala.salesianos.edu\\\/colegio\\\/blog\\\/2019\\\/11\\\/11\\\/nuestro-profesor-d-enrique-ruiz-realizara-la-meditacion-del-senor-de-la-oracion-en-el-huerto\\\/#article\",\"isPartOf\":{\"@id\":\"https:\\\/\\\/alcala.salesianos.edu\\\/colegio\\\/blog\\\/2019\\\/11\\\/11\\\/nuestro-profesor-d-enrique-ruiz-realizara-la-meditacion-del-senor-de-la-oracion-en-el-huerto\\\/\"},\"author\":{\"name\":\"Administrador Web\",\"@id\":\"https:\\\/\\\/alcala.salesianos.edu\\\/colegio\\\/#\\\/schema\\\/person\\\/afcc24f776dc91fc2bf9afb0998fca77\"},\"headline\":\"Nuestro profesor D. Enrique Ruiz realizar\u00e1 la meditaci\u00f3n del Se\u00f1or de la Oraci\u00f3n en el Huerto\",\"datePublished\":\"2019-11-11T11:02:23+00:00\",\"dateModified\":\"2025-08-27T07:51:39+00:00\",\"mainEntityOfPage\":{\"@id\":\"https:\\\/\\\/alcala.salesianos.edu\\\/colegio\\\/blog\\\/2019\\\/11\\\/11\\\/nuestro-profesor-d-enrique-ruiz-realizara-la-meditacion-del-senor-de-la-oracion-en-el-huerto\\\/\"},\"wordCount\":819,\"image\":{\"@id\":\"https:\\\/\\\/alcala.salesianos.edu\\\/colegio\\\/blog\\\/2019\\\/11\\\/11\\\/nuestro-profesor-d-enrique-ruiz-realizara-la-meditacion-del-senor-de-la-oracion-en-el-huerto\\\/#primaryimage\"},\"thumbnailUrl\":\"https:\\\/\\\/alcala.salesianos.edu\\\/wp-content\\\/uploads\\\/2019\\\/11\\\/enrique-200x300.jpg\",\"articleSection\":[\"Colegio\",\"Escuela abierta\",\"FASA\",\"Infantil\",\"Pastoral\",\"Portada\",\"Primaria\",\"Secundaria\",\"Uncategorized\"],\"inLanguage\":\"es\"},{\"@type\":\"WebPage\",\"@id\":\"https:\\\/\\\/alcala.salesianos.edu\\\/colegio\\\/blog\\\/2019\\\/11\\\/11\\\/nuestro-profesor-d-enrique-ruiz-realizara-la-meditacion-del-senor-de-la-oracion-en-el-huerto\\\/\",\"url\":\"https:\\\/\\\/alcala.salesianos.edu\\\/colegio\\\/blog\\\/2019\\\/11\\\/11\\\/nuestro-profesor-d-enrique-ruiz-realizara-la-meditacion-del-senor-de-la-oracion-en-el-huerto\\\/\",\"name\":\"Nuestro profesor D. Enrique Ruiz realizar\u00e1 la meditaci\u00f3n del Se\u00f1or de la Oraci\u00f3n en el Huerto - Colegio Salesiano Alcal\u00e1\",\"isPartOf\":{\"@id\":\"https:\\\/\\\/alcala.salesianos.edu\\\/colegio\\\/#website\"},\"primaryImageOfPage\":{\"@id\":\"https:\\\/\\\/alcala.salesianos.edu\\\/colegio\\\/blog\\\/2019\\\/11\\\/11\\\/nuestro-profesor-d-enrique-ruiz-realizara-la-meditacion-del-senor-de-la-oracion-en-el-huerto\\\/#primaryimage\"},\"image\":{\"@id\":\"https:\\\/\\\/alcala.salesianos.edu\\\/colegio\\\/blog\\\/2019\\\/11\\\/11\\\/nuestro-profesor-d-enrique-ruiz-realizara-la-meditacion-del-senor-de-la-oracion-en-el-huerto\\\/#primaryimage\"},\"thumbnailUrl\":\"https:\\\/\\\/alcala.salesianos.edu\\\/wp-content\\\/uploads\\\/2019\\\/11\\\/enrique-200x300.jpg\",\"datePublished\":\"2019-11-11T11:02:23+00:00\",\"dateModified\":\"2025-08-27T07:51:39+00:00\",\"author\":{\"@id\":\"https:\\\/\\\/alcala.salesianos.edu\\\/colegio\\\/#\\\/schema\\\/person\\\/afcc24f776dc91fc2bf9afb0998fca77\"},\"breadcrumb\":{\"@id\":\"https:\\\/\\\/alcala.salesianos.edu\\\/colegio\\\/blog\\\/2019\\\/11\\\/11\\\/nuestro-profesor-d-enrique-ruiz-realizara-la-meditacion-del-senor-de-la-oracion-en-el-huerto\\\/#breadcrumb\"},\"inLanguage\":\"es\",\"potentialAction\":[{\"@type\":\"ReadAction\",\"target\":[\"https:\\\/\\\/alcala.salesianos.edu\\\/colegio\\\/blog\\\/2019\\\/11\\\/11\\\/nuestro-profesor-d-enrique-ruiz-realizara-la-meditacion-del-senor-de-la-oracion-en-el-huerto\\\/\"]}]},{\"@type\":\"ImageObject\",\"inLanguage\":\"es\",\"@id\":\"https:\\\/\\\/alcala.salesianos.edu\\\/colegio\\\/blog\\\/2019\\\/11\\\/11\\\/nuestro-profesor-d-enrique-ruiz-realizara-la-meditacion-del-senor-de-la-oracion-en-el-huerto\\\/#primaryimage\",\"url\":\"https:\\\/\\\/alcala.salesianos.edu\\\/wp-content\\\/uploads\\\/2019\\\/11\\\/enrique-200x300.jpg\",\"contentUrl\":\"https:\\\/\\\/alcala.salesianos.edu\\\/wp-content\\\/uploads\\\/2019\\\/11\\\/enrique-200x300.jpg\"},{\"@type\":\"BreadcrumbList\",\"@id\":\"https:\\\/\\\/alcala.salesianos.edu\\\/colegio\\\/blog\\\/2019\\\/11\\\/11\\\/nuestro-profesor-d-enrique-ruiz-realizara-la-meditacion-del-senor-de-la-oracion-en-el-huerto\\\/#breadcrumb\",\"itemListElement\":[{\"@type\":\"ListItem\",\"position\":1,\"name\":\"Portada\",\"item\":\"https:\\\/\\\/alcala.salesianos.edu\\\/colegio\\\/\"},{\"@type\":\"ListItem\",\"position\":2,\"name\":\"Nuestro profesor D. Enrique Ruiz realizar\u00e1 la meditaci\u00f3n del Se\u00f1or de la Oraci\u00f3n en el Huerto\"}]},{\"@type\":\"WebSite\",\"@id\":\"https:\\\/\\\/alcala.salesianos.edu\\\/colegio\\\/#website\",\"url\":\"https:\\\/\\\/alcala.salesianos.edu\\\/colegio\\\/\",\"name\":\"Colegio Salesiano Alcal\u00e1\",\"description\":\"P\u00e1gina oficial de Salesianos Alcal\u00e1 de Guadaira\",\"potentialAction\":[{\"@type\":\"SearchAction\",\"target\":{\"@type\":\"EntryPoint\",\"urlTemplate\":\"https:\\\/\\\/alcala.salesianos.edu\\\/colegio\\\/?s={search_term_string}\"},\"query-input\":{\"@type\":\"PropertyValueSpecification\",\"valueRequired\":true,\"valueName\":\"search_term_string\"}}],\"inLanguage\":\"es\"},{\"@type\":\"Person\",\"@id\":\"https:\\\/\\\/alcala.salesianos.edu\\\/colegio\\\/#\\\/schema\\\/person\\\/afcc24f776dc91fc2bf9afb0998fca77\",\"name\":\"Administrador Web\",\"image\":{\"@type\":\"ImageObject\",\"inLanguage\":\"es\",\"@id\":\"https:\\\/\\\/secure.gravatar.com\\\/avatar\\\/bc157e994689bd6da9645c00aa3bc4d55b727915b6652642660db0aef086585f?s=96&d=mm&r=g\",\"url\":\"https:\\\/\\\/secure.gravatar.com\\\/avatar\\\/bc157e994689bd6da9645c00aa3bc4d55b727915b6652642660db0aef086585f?s=96&d=mm&r=g\",\"contentUrl\":\"https:\\\/\\\/secure.gravatar.com\\\/avatar\\\/bc157e994689bd6da9645c00aa3bc4d55b727915b6652642660db0aef086585f?s=96&d=mm&r=g\",\"caption\":\"Administrador Web\"}}]}<\/script>\n<!-- \/ Yoast SEO plugin. -->","yoast_head_json":{"title":"Nuestro profesor D. Enrique Ruiz realizar\u00e1 la meditaci\u00f3n del Se\u00f1or de la Oraci\u00f3n en el Huerto - Colegio Salesiano Alcal\u00e1","robots":{"index":"index","follow":"follow","max-snippet":"max-snippet:-1","max-image-preview":"max-image-preview:large","max-video-preview":"max-video-preview:-1"},"canonical":"https:\/\/alcala.salesianos.edu\/colegio\/blog\/2019\/11\/11\/nuestro-profesor-d-enrique-ruiz-realizara-la-meditacion-del-senor-de-la-oracion-en-el-huerto\/","og_locale":"es_ES","og_type":"article","og_title":"Nuestro profesor D. Enrique Ruiz realizar\u00e1 la meditaci\u00f3n del Se\u00f1or de la Oraci\u00f3n en el Huerto - Colegio Salesiano Alcal\u00e1","og_description":"Invitamos a toda la Comunidad Educativa de la Casa de Alcal\u00e1 a participar en este momento de oraci\u00f3n y recogimiento junto al Se\u00f1or de la Oraci\u00f3n en el Huerto en la cuaresma de 2020.","og_url":"https:\/\/alcala.salesianos.edu\/colegio\/blog\/2019\/11\/11\/nuestro-profesor-d-enrique-ruiz-realizara-la-meditacion-del-senor-de-la-oracion-en-el-huerto\/","og_site_name":"Colegio Salesiano Alcal\u00e1","article_published_time":"2019-11-11T11:02:23+00:00","article_modified_time":"2025-08-27T07:51:39+00:00","author":"Administrador Web","twitter_card":"summary_large_image","twitter_misc":{"Escrito por":"Administrador Web","Tiempo de lectura":"4 minutos"},"schema":{"@context":"https:\/\/schema.org","@graph":[{"@type":"Article","@id":"https:\/\/alcala.salesianos.edu\/colegio\/blog\/2019\/11\/11\/nuestro-profesor-d-enrique-ruiz-realizara-la-meditacion-del-senor-de-la-oracion-en-el-huerto\/#article","isPartOf":{"@id":"https:\/\/alcala.salesianos.edu\/colegio\/blog\/2019\/11\/11\/nuestro-profesor-d-enrique-ruiz-realizara-la-meditacion-del-senor-de-la-oracion-en-el-huerto\/"},"author":{"name":"Administrador Web","@id":"https:\/\/alcala.salesianos.edu\/colegio\/#\/schema\/person\/afcc24f776dc91fc2bf9afb0998fca77"},"headline":"Nuestro profesor D. Enrique Ruiz realizar\u00e1 la meditaci\u00f3n del Se\u00f1or de la Oraci\u00f3n en el Huerto","datePublished":"2019-11-11T11:02:23+00:00","dateModified":"2025-08-27T07:51:39+00:00","mainEntityOfPage":{"@id":"https:\/\/alcala.salesianos.edu\/colegio\/blog\/2019\/11\/11\/nuestro-profesor-d-enrique-ruiz-realizara-la-meditacion-del-senor-de-la-oracion-en-el-huerto\/"},"wordCount":819,"image":{"@id":"https:\/\/alcala.salesianos.edu\/colegio\/blog\/2019\/11\/11\/nuestro-profesor-d-enrique-ruiz-realizara-la-meditacion-del-senor-de-la-oracion-en-el-huerto\/#primaryimage"},"thumbnailUrl":"https:\/\/alcala.salesianos.edu\/wp-content\/uploads\/2019\/11\/enrique-200x300.jpg","articleSection":["Colegio","Escuela abierta","FASA","Infantil","Pastoral","Portada","Primaria","Secundaria","Uncategorized"],"inLanguage":"es"},{"@type":"WebPage","@id":"https:\/\/alcala.salesianos.edu\/colegio\/blog\/2019\/11\/11\/nuestro-profesor-d-enrique-ruiz-realizara-la-meditacion-del-senor-de-la-oracion-en-el-huerto\/","url":"https:\/\/alcala.salesianos.edu\/colegio\/blog\/2019\/11\/11\/nuestro-profesor-d-enrique-ruiz-realizara-la-meditacion-del-senor-de-la-oracion-en-el-huerto\/","name":"Nuestro profesor D. Enrique Ruiz realizar\u00e1 la meditaci\u00f3n del Se\u00f1or de la Oraci\u00f3n en el Huerto - Colegio Salesiano Alcal\u00e1","isPartOf":{"@id":"https:\/\/alcala.salesianos.edu\/colegio\/#website"},"primaryImageOfPage":{"@id":"https:\/\/alcala.salesianos.edu\/colegio\/blog\/2019\/11\/11\/nuestro-profesor-d-enrique-ruiz-realizara-la-meditacion-del-senor-de-la-oracion-en-el-huerto\/#primaryimage"},"image":{"@id":"https:\/\/alcala.salesianos.edu\/colegio\/blog\/2019\/11\/11\/nuestro-profesor-d-enrique-ruiz-realizara-la-meditacion-del-senor-de-la-oracion-en-el-huerto\/#primaryimage"},"thumbnailUrl":"https:\/\/alcala.salesianos.edu\/wp-content\/uploads\/2019\/11\/enrique-200x300.jpg","datePublished":"2019-11-11T11:02:23+00:00","dateModified":"2025-08-27T07:51:39+00:00","author":{"@id":"https:\/\/alcala.salesianos.edu\/colegio\/#\/schema\/person\/afcc24f776dc91fc2bf9afb0998fca77"},"breadcrumb":{"@id":"https:\/\/alcala.salesianos.edu\/colegio\/blog\/2019\/11\/11\/nuestro-profesor-d-enrique-ruiz-realizara-la-meditacion-del-senor-de-la-oracion-en-el-huerto\/#breadcrumb"},"inLanguage":"es","potentialAction":[{"@type":"ReadAction","target":["https:\/\/alcala.salesianos.edu\/colegio\/blog\/2019\/11\/11\/nuestro-profesor-d-enrique-ruiz-realizara-la-meditacion-del-senor-de-la-oracion-en-el-huerto\/"]}]},{"@type":"ImageObject","inLanguage":"es","@id":"https:\/\/alcala.salesianos.edu\/colegio\/blog\/2019\/11\/11\/nuestro-profesor-d-enrique-ruiz-realizara-la-meditacion-del-senor-de-la-oracion-en-el-huerto\/#primaryimage","url":"https:\/\/alcala.salesianos.edu\/wp-content\/uploads\/2019\/11\/enrique-200x300.jpg","contentUrl":"https:\/\/alcala.salesianos.edu\/wp-content\/uploads\/2019\/11\/enrique-200x300.jpg"},{"@type":"BreadcrumbList","@id":"https:\/\/alcala.salesianos.edu\/colegio\/blog\/2019\/11\/11\/nuestro-profesor-d-enrique-ruiz-realizara-la-meditacion-del-senor-de-la-oracion-en-el-huerto\/#breadcrumb","itemListElement":[{"@type":"ListItem","position":1,"name":"Portada","item":"https:\/\/alcala.salesianos.edu\/colegio\/"},{"@type":"ListItem","position":2,"name":"Nuestro profesor D. Enrique Ruiz realizar\u00e1 la meditaci\u00f3n del Se\u00f1or de la Oraci\u00f3n en el Huerto"}]},{"@type":"WebSite","@id":"https:\/\/alcala.salesianos.edu\/colegio\/#website","url":"https:\/\/alcala.salesianos.edu\/colegio\/","name":"Colegio Salesiano Alcal\u00e1","description":"P\u00e1gina oficial de Salesianos Alcal\u00e1 de Guadaira","potentialAction":[{"@type":"SearchAction","target":{"@type":"EntryPoint","urlTemplate":"https:\/\/alcala.salesianos.edu\/colegio\/?s={search_term_string}"},"query-input":{"@type":"PropertyValueSpecification","valueRequired":true,"valueName":"search_term_string"}}],"inLanguage":"es"},{"@type":"Person","@id":"https:\/\/alcala.salesianos.edu\/colegio\/#\/schema\/person\/afcc24f776dc91fc2bf9afb0998fca77","name":"Administrador Web","image":{"@type":"ImageObject","inLanguage":"es","@id":"https:\/\/secure.gravatar.com\/avatar\/bc157e994689bd6da9645c00aa3bc4d55b727915b6652642660db0aef086585f?s=96&d=mm&r=g","url":"https:\/\/secure.gravatar.com\/avatar\/bc157e994689bd6da9645c00aa3bc4d55b727915b6652642660db0aef086585f?s=96&d=mm&r=g","contentUrl":"https:\/\/secure.gravatar.com\/avatar\/bc157e994689bd6da9645c00aa3bc4d55b727915b6652642660db0aef086585f?s=96&d=mm&r=g","caption":"Administrador Web"}}]}},"_links":{"self":[{"href":"https:\/\/alcala.salesianos.edu\/colegio\/wp-json\/wp\/v2\/posts\/11848","targetHints":{"allow":["GET"]}}],"collection":[{"href":"https:\/\/alcala.salesianos.edu\/colegio\/wp-json\/wp\/v2\/posts"}],"about":[{"href":"https:\/\/alcala.salesianos.edu\/colegio\/wp-json\/wp\/v2\/types\/post"}],"author":[{"embeddable":true,"href":"https:\/\/alcala.salesianos.edu\/colegio\/wp-json\/wp\/v2\/users\/2"}],"replies":[{"embeddable":true,"href":"https:\/\/alcala.salesianos.edu\/colegio\/wp-json\/wp\/v2\/comments?post=11848"}],"version-history":[{"count":8,"href":"https:\/\/alcala.salesianos.edu\/colegio\/wp-json\/wp\/v2\/posts\/11848\/revisions"}],"predecessor-version":[{"id":16367,"href":"https:\/\/alcala.salesianos.edu\/colegio\/wp-json\/wp\/v2\/posts\/11848\/revisions\/16367"}],"wp:attachment":[{"href":"https:\/\/alcala.salesianos.edu\/colegio\/wp-json\/wp\/v2\/media?parent=11848"}],"wp:term":[{"taxonomy":"category","embeddable":true,"href":"https:\/\/alcala.salesianos.edu\/colegio\/wp-json\/wp\/v2\/categories?post=11848"},{"taxonomy":"post_tag","embeddable":true,"href":"https:\/\/alcala.salesianos.edu\/colegio\/wp-json\/wp\/v2\/tags?post=11848"}],"curies":[{"name":"wp","href":"https:\/\/api.w.org\/{rel}","templated":true}]}}