{"id":11741,"date":"2019-10-09T07:21:16","date_gmt":"2019-10-09T06:21:16","guid":{"rendered":"https:\/\/alcala.salesianos.edu\/colegio\/blog\/2019\/10\/09\/vii-gala-de-idiomas\/"},"modified":"2025-08-27T08:59:02","modified_gmt":"2025-08-27T07:59:02","slug":"vii-gala-de-idiomas","status":"publish","type":"post","link":"https:\/\/alcala.salesianos.edu\/colegio\/blog\/2019\/10\/09\/vii-gala-de-idiomas\/","title":{"rendered":"VII Gala de Idiomas"},"content":{"rendered":"<div id=\"fb-root\"><\/div>\n<p>[et_pb_section bb_built=\u00bb1&#8243;][et_pb_row][et_pb_column type=\u00bb4_4&#8243;][et_pb_text _builder_version=\u00bb3.27.4&#8243; text_text_shadow_horizontal_length=\u00bbtext_text_shadow_style,%91object Object%93&#8243; text_text_shadow_horizontal_length_tablet=\u00bb0px\u00bb text_text_shadow_vertical_length=\u00bbtext_text_shadow_style,%91object Object%93&#8243; text_text_shadow_vertical_length_tablet=\u00bb0px\u00bb text_text_shadow_blur_strength=\u00bbtext_text_shadow_style,%91object Object%93&#8243; text_text_shadow_blur_strength_tablet=\u00bb1px\u00bb link_text_shadow_horizontal_length=\u00bblink_text_shadow_style,%91object Object%93&#8243; link_text_shadow_horizontal_length_tablet=\u00bb0px\u00bb link_text_shadow_vertical_length=\u00bblink_text_shadow_style,%91object Object%93&#8243; link_text_shadow_vertical_length_tablet=\u00bb0px\u00bb link_text_shadow_blur_strength=\u00bblink_text_shadow_style,%91object Object%93&#8243; link_text_shadow_blur_strength_tablet=\u00bb1px\u00bb ul_text_shadow_horizontal_length=\u00bbul_text_shadow_style,%91object Object%93&#8243; ul_text_shadow_horizontal_length_tablet=\u00bb0px\u00bb ul_text_shadow_vertical_length=\u00bbul_text_shadow_style,%91object Object%93&#8243; ul_text_shadow_vertical_length_tablet=\u00bb0px\u00bb ul_text_shadow_blur_strength=\u00bbul_text_shadow_style,%91object Object%93&#8243; ul_text_shadow_blur_strength_tablet=\u00bb1px\u00bb ol_text_shadow_horizontal_length=\u00bbol_text_shadow_style,%91object Object%93&#8243; ol_text_shadow_horizontal_length_tablet=\u00bb0px\u00bb ol_text_shadow_vertical_length=\u00bbol_text_shadow_style,%91object Object%93&#8243; ol_text_shadow_vertical_length_tablet=\u00bb0px\u00bb ol_text_shadow_blur_strength=\u00bbol_text_shadow_style,%91object Object%93&#8243; ol_text_shadow_blur_strength_tablet=\u00bb1px\u00bb quote_text_shadow_horizontal_length=\u00bbquote_text_shadow_style,%91object Object%93&#8243; quote_text_shadow_horizontal_length_tablet=\u00bb0px\u00bb quote_text_shadow_vertical_length=\u00bbquote_text_shadow_style,%91object Object%93&#8243; quote_text_shadow_vertical_length_tablet=\u00bb0px\u00bb quote_text_shadow_blur_strength=\u00bbquote_text_shadow_style,%91object Object%93&#8243; quote_text_shadow_blur_strength_tablet=\u00bb1px\u00bb header_text_shadow_horizontal_length=\u00bbheader_text_shadow_style,%91object Object%93&#8243; header_text_shadow_horizontal_length_tablet=\u00bb0px\u00bb header_text_shadow_vertical_length=\u00bbheader_text_shadow_style,%91object Object%93&#8243; header_text_shadow_vertical_length_tablet=\u00bb0px\u00bb header_text_shadow_blur_strength=\u00bbheader_text_shadow_style,%91object Object%93&#8243; header_text_shadow_blur_strength_tablet=\u00bb1px\u00bb header_2_text_shadow_horizontal_length=\u00bbheader_2_text_shadow_style,%91object Object%93&#8243; header_2_text_shadow_horizontal_length_tablet=\u00bb0px\u00bb header_2_text_shadow_vertical_length=\u00bbheader_2_text_shadow_style,%91object Object%93&#8243; header_2_text_shadow_vertical_length_tablet=\u00bb0px\u00bb header_2_text_shadow_blur_strength=\u00bbheader_2_text_shadow_style,%91object Object%93&#8243; header_2_text_shadow_blur_strength_tablet=\u00bb1px\u00bb header_3_text_shadow_horizontal_length=\u00bbheader_3_text_shadow_style,%91object Object%93&#8243; header_3_text_shadow_horizontal_length_tablet=\u00bb0px\u00bb header_3_text_shadow_vertical_length=\u00bbheader_3_text_shadow_style,%91object Object%93&#8243; header_3_text_shadow_vertical_length_tablet=\u00bb0px\u00bb header_3_text_shadow_blur_strength=\u00bbheader_3_text_shadow_style,%91object Object%93&#8243; header_3_text_shadow_blur_strength_tablet=\u00bb1px\u00bb header_4_text_shadow_horizontal_length=\u00bbheader_4_text_shadow_style,%91object Object%93&#8243; header_4_text_shadow_horizontal_length_tablet=\u00bb0px\u00bb header_4_text_shadow_vertical_length=\u00bbheader_4_text_shadow_style,%91object Object%93&#8243; header_4_text_shadow_vertical_length_tablet=\u00bb0px\u00bb header_4_text_shadow_blur_strength=\u00bbheader_4_text_shadow_style,%91object Object%93&#8243; header_4_text_shadow_blur_strength_tablet=\u00bb1px\u00bb header_5_text_shadow_horizontal_length=\u00bbheader_5_text_shadow_style,%91object Object%93&#8243; header_5_text_shadow_horizontal_length_tablet=\u00bb0px\u00bb header_5_text_shadow_vertical_length=\u00bbheader_5_text_shadow_style,%91object Object%93&#8243; header_5_text_shadow_vertical_length_tablet=\u00bb0px\u00bb header_5_text_shadow_blur_strength=\u00bbheader_5_text_shadow_style,%91object Object%93&#8243; header_5_text_shadow_blur_strength_tablet=\u00bb1px\u00bb header_6_text_shadow_horizontal_length=\u00bbheader_6_text_shadow_style,%91object Object%93&#8243; header_6_text_shadow_horizontal_length_tablet=\u00bb0px\u00bb header_6_text_shadow_vertical_length=\u00bbheader_6_text_shadow_style,%91object Object%93&#8243; header_6_text_shadow_vertical_length_tablet=\u00bb0px\u00bb header_6_text_shadow_blur_strength=\u00bbheader_6_text_shadow_style,%91object Object%93&#8243; header_6_text_shadow_blur_strength_tablet=\u00bb1px\u00bb box_shadow_horizontal_tablet=\u00bb0px\u00bb box_shadow_vertical_tablet=\u00bb0px\u00bb box_shadow_blur_tablet=\u00bb40px\u00bb box_shadow_spread_tablet=\u00bb0px\u00bb z_index_tablet=\u00bb500&#8243;]<\/p>\n<p><img loading=\"lazy\" decoding=\"async\" class=\"size-medium wp-image-6562 alignleft\" src=\"https:\/\/alcala.salesianos.edu\/wp-content\/uploads\/2019\/10\/Gala-de-idiomas-1-212x300.jpg\" alt=\"\" width=\"212\" height=\"300\" \/>En el d\u00eda de ayer tuvimos\u00a0 la oportunidad de poder vivir un maravilloso momento que a\u00f1o tras a\u00f1o disfrutamos con mucha ilusi\u00f3n; la VII Gala de Entrega de Certificados de Idiomas.\u00a0 Todo el centro educativo pudimos vivir como m\u00e1s de 130 alumnos recog\u00edan sus certificados de idiomas tanto de ingl\u00e9s como de franc\u00e9s, entregados por nuestro director titular, Don Juan Manuel Melgar sdb, el director de centro Don Fernando Carrasco y el director de la Academia Andrew`s School, Andrew Francis Martin.<\/p>\n<p>Nuestro centro sigue avanzando en la mejora progresiva del nivel competencial en idiomas de nuestro alumnado de manera exitosa.<\/p>\n<p>En cuanto al ingl\u00e9s; el alumnado de 1\u00ba de Educaci\u00f3n Primaria consiguieron alcanzar un nivel de excelencia en ingl\u00e9s, los alumnos del resto de la etapa realizaron su examen de certificaci\u00f3n de Young Learners dependiendo del nivel alcanzado, dichos alumnos tambi\u00e9n alcanzaron una alta calificaci\u00f3n.<\/p>\n<p>Al respecto del franc\u00e9s, seguimos apostando por la certificaci\u00f3n y la entrega de herramientas de mejora de un segundo idioma en el alumnado.<\/p>\n<p>Todos estos resultados, contin\u00faan animando y apoyando a nuestro alumnado a continuar apostando por su formaci\u00f3n, viviendo en el esp\u00edritu \u00a0de esfuerzo que don Bosco nos ense\u00f1\u00f3 y valorando positivamente la Salesianidad y la labor internacional que en cada una de las Casas se realiza d\u00eda tras d\u00eda.<\/p>\n<p>[\/et_pb_text][\/et_pb_column][\/et_pb_row][\/et_pb_section]<\/p>\n","protected":false},"excerpt":{"rendered":"<p>Todos estos resultados, contin\u00faan animando y apoyando a nuestro alumnado a continuar apostando por su formaci\u00f3n, viviendo en el esp\u00edritu \u00a0de esfuerzo que don Bosco nos ense\u00f1\u00f3 y valorando positivamente la Salesianidad y la labor internacional que en cada una de las Casas se realiza d\u00eda tras d\u00eda.<\/p>\n","protected":false},"author":2,"featured_media":0,"comment_status":"closed","ping_status":"open","sticky":false,"template":"","format":"standard","meta":{"_et_pb_use_builder":"on","_et_pb_old_content":"","_et_gb_content_width":"","footnotes":""},"categories":[12,19,13,17,14,15,18,16,1],"tags":[],"class_list":["post-11741","post","type-post","status-publish","format-standard","hentry","category-colegio","category-escuela-abierta","category-fasa","category-infantil","category-pastoral","category-portada","category-primaria","category-secundaria","category-uncategorized"],"yoast_head":"<!-- This site is optimized with the Yoast SEO plugin v28.4 - https:\/\/yoast.com\/product\/yoast-seo-wordpress\/ -->\n<title>VII Gala de Idiomas - Colegio Salesiano Alcal\u00e1<\/title>\n<meta name=\"robots\" content=\"index, follow, max-snippet:-1, max-image-preview:large, max-video-preview:-1\" \/>\n<link rel=\"canonical\" href=\"https:\/\/alcala.salesianos.edu\/colegio\/blog\/2019\/10\/09\/vii-gala-de-idiomas\/\" \/>\n<meta property=\"og:locale\" content=\"es_ES\" \/>\n<meta property=\"og:type\" content=\"article\" \/>\n<meta property=\"og:title\" content=\"VII Gala de Idiomas - Colegio Salesiano Alcal\u00e1\" \/>\n<meta property=\"og:description\" content=\"Todos estos resultados, contin\u00faan animando y apoyando a nuestro alumnado a continuar apostando por su formaci\u00f3n, viviendo en el esp\u00edritu \u00a0de esfuerzo que don Bosco nos ense\u00f1\u00f3 y valorando positivamente la Salesianidad y la labor internacional que en cada una de las Casas se realiza d\u00eda tras d\u00eda.\" \/>\n<meta property=\"og:url\" content=\"https:\/\/alcala.salesianos.edu\/colegio\/blog\/2019\/10\/09\/vii-gala-de-idiomas\/\" \/>\n<meta property=\"og:site_name\" content=\"Colegio Salesiano Alcal\u00e1\" \/>\n<meta property=\"article:published_time\" content=\"2019-10-09T06:21:16+00:00\" \/>\n<meta property=\"article:modified_time\" content=\"2025-08-27T07:59:02+00:00\" \/>\n<meta name=\"author\" content=\"Administrador Web\" \/>\n<meta name=\"twitter:card\" content=\"summary_large_image\" \/>\n<meta name=\"twitter:label1\" content=\"Escrito por\" \/>\n\t<meta name=\"twitter:data1\" content=\"Administrador Web\" \/>\n\t<meta name=\"twitter:label2\" content=\"Tiempo de lectura\" \/>\n\t<meta name=\"twitter:data2\" content=\"4 minutos\" \/>\n<script type=\"application\/ld+json\" class=\"yoast-schema-graph\">{\"@context\":\"https:\\\/\\\/schema.org\",\"@graph\":[{\"@type\":\"Article\",\"@id\":\"https:\\\/\\\/alcala.salesianos.edu\\\/colegio\\\/blog\\\/2019\\\/10\\\/09\\\/vii-gala-de-idiomas\\\/#article\",\"isPartOf\":{\"@id\":\"https:\\\/\\\/alcala.salesianos.edu\\\/colegio\\\/blog\\\/2019\\\/10\\\/09\\\/vii-gala-de-idiomas\\\/\"},\"author\":{\"name\":\"Administrador Web\",\"@id\":\"https:\\\/\\\/alcala.salesianos.edu\\\/colegio\\\/#\\\/schema\\\/person\\\/afcc24f776dc91fc2bf9afb0998fca77\"},\"headline\":\"VII Gala de Idiomas\",\"datePublished\":\"2019-10-09T06:21:16+00:00\",\"dateModified\":\"2025-08-27T07:59:02+00:00\",\"mainEntityOfPage\":{\"@id\":\"https:\\\/\\\/alcala.salesianos.edu\\\/colegio\\\/blog\\\/2019\\\/10\\\/09\\\/vii-gala-de-idiomas\\\/\"},\"wordCount\":886,\"image\":{\"@id\":\"https:\\\/\\\/alcala.salesianos.edu\\\/colegio\\\/blog\\\/2019\\\/10\\\/09\\\/vii-gala-de-idiomas\\\/#primaryimage\"},\"thumbnailUrl\":\"https:\\\/\\\/alcala.salesianos.edu\\\/wp-content\\\/uploads\\\/2019\\\/10\\\/Gala-de-idiomas-1-212x300.jpg\",\"articleSection\":[\"Colegio\",\"Escuela abierta\",\"FASA\",\"Infantil\",\"Pastoral\",\"Portada\",\"Primaria\",\"Secundaria\",\"Uncategorized\"],\"inLanguage\":\"es\"},{\"@type\":\"WebPage\",\"@id\":\"https:\\\/\\\/alcala.salesianos.edu\\\/colegio\\\/blog\\\/2019\\\/10\\\/09\\\/vii-gala-de-idiomas\\\/\",\"url\":\"https:\\\/\\\/alcala.salesianos.edu\\\/colegio\\\/blog\\\/2019\\\/10\\\/09\\\/vii-gala-de-idiomas\\\/\",\"name\":\"VII Gala de Idiomas - Colegio Salesiano Alcal\u00e1\",\"isPartOf\":{\"@id\":\"https:\\\/\\\/alcala.salesianos.edu\\\/colegio\\\/#website\"},\"primaryImageOfPage\":{\"@id\":\"https:\\\/\\\/alcala.salesianos.edu\\\/colegio\\\/blog\\\/2019\\\/10\\\/09\\\/vii-gala-de-idiomas\\\/#primaryimage\"},\"image\":{\"@id\":\"https:\\\/\\\/alcala.salesianos.edu\\\/colegio\\\/blog\\\/2019\\\/10\\\/09\\\/vii-gala-de-idiomas\\\/#primaryimage\"},\"thumbnailUrl\":\"https:\\\/\\\/alcala.salesianos.edu\\\/wp-content\\\/uploads\\\/2019\\\/10\\\/Gala-de-idiomas-1-212x300.jpg\",\"datePublished\":\"2019-10-09T06:21:16+00:00\",\"dateModified\":\"2025-08-27T07:59:02+00:00\",\"author\":{\"@id\":\"https:\\\/\\\/alcala.salesianos.edu\\\/colegio\\\/#\\\/schema\\\/person\\\/afcc24f776dc91fc2bf9afb0998fca77\"},\"breadcrumb\":{\"@id\":\"https:\\\/\\\/alcala.salesianos.edu\\\/colegio\\\/blog\\\/2019\\\/10\\\/09\\\/vii-gala-de-idiomas\\\/#breadcrumb\"},\"inLanguage\":\"es\",\"potentialAction\":[{\"@type\":\"ReadAction\",\"target\":[\"https:\\\/\\\/alcala.salesianos.edu\\\/colegio\\\/blog\\\/2019\\\/10\\\/09\\\/vii-gala-de-idiomas\\\/\"]}]},{\"@type\":\"ImageObject\",\"inLanguage\":\"es\",\"@id\":\"https:\\\/\\\/alcala.salesianos.edu\\\/colegio\\\/blog\\\/2019\\\/10\\\/09\\\/vii-gala-de-idiomas\\\/#primaryimage\",\"url\":\"https:\\\/\\\/alcala.salesianos.edu\\\/wp-content\\\/uploads\\\/2019\\\/10\\\/Gala-de-idiomas-1-212x300.jpg\",\"contentUrl\":\"https:\\\/\\\/alcala.salesianos.edu\\\/wp-content\\\/uploads\\\/2019\\\/10\\\/Gala-de-idiomas-1-212x300.jpg\"},{\"@type\":\"BreadcrumbList\",\"@id\":\"https:\\\/\\\/alcala.salesianos.edu\\\/colegio\\\/blog\\\/2019\\\/10\\\/09\\\/vii-gala-de-idiomas\\\/#breadcrumb\",\"itemListElement\":[{\"@type\":\"ListItem\",\"position\":1,\"name\":\"Portada\",\"item\":\"https:\\\/\\\/alcala.salesianos.edu\\\/colegio\\\/\"},{\"@type\":\"ListItem\",\"position\":2,\"name\":\"VII Gala de Idiomas\"}]},{\"@type\":\"WebSite\",\"@id\":\"https:\\\/\\\/alcala.salesianos.edu\\\/colegio\\\/#website\",\"url\":\"https:\\\/\\\/alcala.salesianos.edu\\\/colegio\\\/\",\"name\":\"Colegio Salesiano Alcal\u00e1\",\"description\":\"P\u00e1gina oficial de Salesianos Alcal\u00e1 de Guadaira\",\"potentialAction\":[{\"@type\":\"SearchAction\",\"target\":{\"@type\":\"EntryPoint\",\"urlTemplate\":\"https:\\\/\\\/alcala.salesianos.edu\\\/colegio\\\/?s={search_term_string}\"},\"query-input\":{\"@type\":\"PropertyValueSpecification\",\"valueRequired\":true,\"valueName\":\"search_term_string\"}}],\"inLanguage\":\"es\"},{\"@type\":\"Person\",\"@id\":\"https:\\\/\\\/alcala.salesianos.edu\\\/colegio\\\/#\\\/schema\\\/person\\\/afcc24f776dc91fc2bf9afb0998fca77\",\"name\":\"Administrador Web\",\"image\":{\"@type\":\"ImageObject\",\"inLanguage\":\"es\",\"@id\":\"https:\\\/\\\/secure.gravatar.com\\\/avatar\\\/bc157e994689bd6da9645c00aa3bc4d55b727915b6652642660db0aef086585f?s=96&d=mm&r=g\",\"url\":\"https:\\\/\\\/secure.gravatar.com\\\/avatar\\\/bc157e994689bd6da9645c00aa3bc4d55b727915b6652642660db0aef086585f?s=96&d=mm&r=g\",\"contentUrl\":\"https:\\\/\\\/secure.gravatar.com\\\/avatar\\\/bc157e994689bd6da9645c00aa3bc4d55b727915b6652642660db0aef086585f?s=96&d=mm&r=g\",\"caption\":\"Administrador Web\"}}]}<\/script>\n<!-- \/ Yoast SEO plugin. -->","yoast_head_json":{"title":"VII Gala de Idiomas - Colegio Salesiano Alcal\u00e1","robots":{"index":"index","follow":"follow","max-snippet":"max-snippet:-1","max-image-preview":"max-image-preview:large","max-video-preview":"max-video-preview:-1"},"canonical":"https:\/\/alcala.salesianos.edu\/colegio\/blog\/2019\/10\/09\/vii-gala-de-idiomas\/","og_locale":"es_ES","og_type":"article","og_title":"VII Gala de Idiomas - Colegio Salesiano Alcal\u00e1","og_description":"Todos estos resultados, contin\u00faan animando y apoyando a nuestro alumnado a continuar apostando por su formaci\u00f3n, viviendo en el esp\u00edritu \u00a0de esfuerzo que don Bosco nos ense\u00f1\u00f3 y valorando positivamente la Salesianidad y la labor internacional que en cada una de las Casas se realiza d\u00eda tras d\u00eda.","og_url":"https:\/\/alcala.salesianos.edu\/colegio\/blog\/2019\/10\/09\/vii-gala-de-idiomas\/","og_site_name":"Colegio Salesiano Alcal\u00e1","article_published_time":"2019-10-09T06:21:16+00:00","article_modified_time":"2025-08-27T07:59:02+00:00","author":"Administrador Web","twitter_card":"summary_large_image","twitter_misc":{"Escrito por":"Administrador Web","Tiempo de lectura":"4 minutos"},"schema":{"@context":"https:\/\/schema.org","@graph":[{"@type":"Article","@id":"https:\/\/alcala.salesianos.edu\/colegio\/blog\/2019\/10\/09\/vii-gala-de-idiomas\/#article","isPartOf":{"@id":"https:\/\/alcala.salesianos.edu\/colegio\/blog\/2019\/10\/09\/vii-gala-de-idiomas\/"},"author":{"name":"Administrador Web","@id":"https:\/\/alcala.salesianos.edu\/colegio\/#\/schema\/person\/afcc24f776dc91fc2bf9afb0998fca77"},"headline":"VII Gala de Idiomas","datePublished":"2019-10-09T06:21:16+00:00","dateModified":"2025-08-27T07:59:02+00:00","mainEntityOfPage":{"@id":"https:\/\/alcala.salesianos.edu\/colegio\/blog\/2019\/10\/09\/vii-gala-de-idiomas\/"},"wordCount":886,"image":{"@id":"https:\/\/alcala.salesianos.edu\/colegio\/blog\/2019\/10\/09\/vii-gala-de-idiomas\/#primaryimage"},"thumbnailUrl":"https:\/\/alcala.salesianos.edu\/wp-content\/uploads\/2019\/10\/Gala-de-idiomas-1-212x300.jpg","articleSection":["Colegio","Escuela abierta","FASA","Infantil","Pastoral","Portada","Primaria","Secundaria","Uncategorized"],"inLanguage":"es"},{"@type":"WebPage","@id":"https:\/\/alcala.salesianos.edu\/colegio\/blog\/2019\/10\/09\/vii-gala-de-idiomas\/","url":"https:\/\/alcala.salesianos.edu\/colegio\/blog\/2019\/10\/09\/vii-gala-de-idiomas\/","name":"VII Gala de Idiomas - Colegio Salesiano Alcal\u00e1","isPartOf":{"@id":"https:\/\/alcala.salesianos.edu\/colegio\/#website"},"primaryImageOfPage":{"@id":"https:\/\/alcala.salesianos.edu\/colegio\/blog\/2019\/10\/09\/vii-gala-de-idiomas\/#primaryimage"},"image":{"@id":"https:\/\/alcala.salesianos.edu\/colegio\/blog\/2019\/10\/09\/vii-gala-de-idiomas\/#primaryimage"},"thumbnailUrl":"https:\/\/alcala.salesianos.edu\/wp-content\/uploads\/2019\/10\/Gala-de-idiomas-1-212x300.jpg","datePublished":"2019-10-09T06:21:16+00:00","dateModified":"2025-08-27T07:59:02+00:00","author":{"@id":"https:\/\/alcala.salesianos.edu\/colegio\/#\/schema\/person\/afcc24f776dc91fc2bf9afb0998fca77"},"breadcrumb":{"@id":"https:\/\/alcala.salesianos.edu\/colegio\/blog\/2019\/10\/09\/vii-gala-de-idiomas\/#breadcrumb"},"inLanguage":"es","potentialAction":[{"@type":"ReadAction","target":["https:\/\/alcala.salesianos.edu\/colegio\/blog\/2019\/10\/09\/vii-gala-de-idiomas\/"]}]},{"@type":"ImageObject","inLanguage":"es","@id":"https:\/\/alcala.salesianos.edu\/colegio\/blog\/2019\/10\/09\/vii-gala-de-idiomas\/#primaryimage","url":"https:\/\/alcala.salesianos.edu\/wp-content\/uploads\/2019\/10\/Gala-de-idiomas-1-212x300.jpg","contentUrl":"https:\/\/alcala.salesianos.edu\/wp-content\/uploads\/2019\/10\/Gala-de-idiomas-1-212x300.jpg"},{"@type":"BreadcrumbList","@id":"https:\/\/alcala.salesianos.edu\/colegio\/blog\/2019\/10\/09\/vii-gala-de-idiomas\/#breadcrumb","itemListElement":[{"@type":"ListItem","position":1,"name":"Portada","item":"https:\/\/alcala.salesianos.edu\/colegio\/"},{"@type":"ListItem","position":2,"name":"VII Gala de Idiomas"}]},{"@type":"WebSite","@id":"https:\/\/alcala.salesianos.edu\/colegio\/#website","url":"https:\/\/alcala.salesianos.edu\/colegio\/","name":"Colegio Salesiano Alcal\u00e1","description":"P\u00e1gina oficial de Salesianos Alcal\u00e1 de Guadaira","potentialAction":[{"@type":"SearchAction","target":{"@type":"EntryPoint","urlTemplate":"https:\/\/alcala.salesianos.edu\/colegio\/?s={search_term_string}"},"query-input":{"@type":"PropertyValueSpecification","valueRequired":true,"valueName":"search_term_string"}}],"inLanguage":"es"},{"@type":"Person","@id":"https:\/\/alcala.salesianos.edu\/colegio\/#\/schema\/person\/afcc24f776dc91fc2bf9afb0998fca77","name":"Administrador Web","image":{"@type":"ImageObject","inLanguage":"es","@id":"https:\/\/secure.gravatar.com\/avatar\/bc157e994689bd6da9645c00aa3bc4d55b727915b6652642660db0aef086585f?s=96&d=mm&r=g","url":"https:\/\/secure.gravatar.com\/avatar\/bc157e994689bd6da9645c00aa3bc4d55b727915b6652642660db0aef086585f?s=96&d=mm&r=g","contentUrl":"https:\/\/secure.gravatar.com\/avatar\/bc157e994689bd6da9645c00aa3bc4d55b727915b6652642660db0aef086585f?s=96&d=mm&r=g","caption":"Administrador Web"}}]}},"_links":{"self":[{"href":"https:\/\/alcala.salesianos.edu\/colegio\/wp-json\/wp\/v2\/posts\/11741","targetHints":{"allow":["GET"]}}],"collection":[{"href":"https:\/\/alcala.salesianos.edu\/colegio\/wp-json\/wp\/v2\/posts"}],"about":[{"href":"https:\/\/alcala.salesianos.edu\/colegio\/wp-json\/wp\/v2\/types\/post"}],"author":[{"embeddable":true,"href":"https:\/\/alcala.salesianos.edu\/colegio\/wp-json\/wp\/v2\/users\/2"}],"replies":[{"embeddable":true,"href":"https:\/\/alcala.salesianos.edu\/colegio\/wp-json\/wp\/v2\/comments?post=11741"}],"version-history":[{"count":5,"href":"https:\/\/alcala.salesianos.edu\/colegio\/wp-json\/wp\/v2\/posts\/11741\/revisions"}],"predecessor-version":[{"id":16374,"href":"https:\/\/alcala.salesianos.edu\/colegio\/wp-json\/wp\/v2\/posts\/11741\/revisions\/16374"}],"wp:attachment":[{"href":"https:\/\/alcala.salesianos.edu\/colegio\/wp-json\/wp\/v2\/media?parent=11741"}],"wp:term":[{"taxonomy":"category","embeddable":true,"href":"https:\/\/alcala.salesianos.edu\/colegio\/wp-json\/wp\/v2\/categories?post=11741"},{"taxonomy":"post_tag","embeddable":true,"href":"https:\/\/alcala.salesianos.edu\/colegio\/wp-json\/wp\/v2\/tags?post=11741"}],"curies":[{"name":"wp","href":"https:\/\/api.w.org\/{rel}","templated":true}]}}