{"id":11664,"date":"2019-09-04T10:46:32","date_gmt":"2019-09-04T09:46:32","guid":{"rendered":"https:\/\/alcala.salesianos.edu\/colegio\/blog\/2019\/09\/04\/el-salesiano-cristobal-lopez-nuevo-cardenal\/"},"modified":"2025-08-27T08:59:05","modified_gmt":"2025-08-27T07:59:05","slug":"el-salesiano-cristobal-lopez-nuevo-cardenal","status":"publish","type":"post","link":"https:\/\/alcala.salesianos.edu\/colegio\/blog\/2019\/09\/04\/el-salesiano-cristobal-lopez-nuevo-cardenal\/","title":{"rendered":"El salesiano Crist\u00f3bal L\u00f3pez, nuevo cardenal"},"content":{"rendered":"<div id=\"fb-root\"><\/div>\n<p>[et_pb_section bb_built=\u00bb1&#8243;][et_pb_row][et_pb_column type=\u00bb4_4&#8243;][et_pb_text _builder_version=\u00bb3.27.4&#8243; text_text_shadow_horizontal_length=\u00bbtext_text_shadow_style,%91object Object%93&#8243; text_text_shadow_horizontal_length_tablet=\u00bb0px\u00bb text_text_shadow_vertical_length=\u00bbtext_text_shadow_style,%91object Object%93&#8243; text_text_shadow_vertical_length_tablet=\u00bb0px\u00bb text_text_shadow_blur_strength=\u00bbtext_text_shadow_style,%91object Object%93&#8243; text_text_shadow_blur_strength_tablet=\u00bb1px\u00bb link_text_shadow_horizontal_length=\u00bblink_text_shadow_style,%91object Object%93&#8243; link_text_shadow_horizontal_length_tablet=\u00bb0px\u00bb link_text_shadow_vertical_length=\u00bblink_text_shadow_style,%91object Object%93&#8243; link_text_shadow_vertical_length_tablet=\u00bb0px\u00bb link_text_shadow_blur_strength=\u00bblink_text_shadow_style,%91object Object%93&#8243; link_text_shadow_blur_strength_tablet=\u00bb1px\u00bb ul_text_shadow_horizontal_length=\u00bbul_text_shadow_style,%91object Object%93&#8243; ul_text_shadow_horizontal_length_tablet=\u00bb0px\u00bb ul_text_shadow_vertical_length=\u00bbul_text_shadow_style,%91object Object%93&#8243; ul_text_shadow_vertical_length_tablet=\u00bb0px\u00bb ul_text_shadow_blur_strength=\u00bbul_text_shadow_style,%91object Object%93&#8243; ul_text_shadow_blur_strength_tablet=\u00bb1px\u00bb ol_text_shadow_horizontal_length=\u00bbol_text_shadow_style,%91object Object%93&#8243; ol_text_shadow_horizontal_length_tablet=\u00bb0px\u00bb ol_text_shadow_vertical_length=\u00bbol_text_shadow_style,%91object Object%93&#8243; ol_text_shadow_vertical_length_tablet=\u00bb0px\u00bb ol_text_shadow_blur_strength=\u00bbol_text_shadow_style,%91object Object%93&#8243; ol_text_shadow_blur_strength_tablet=\u00bb1px\u00bb quote_text_shadow_horizontal_length=\u00bbquote_text_shadow_style,%91object Object%93&#8243; quote_text_shadow_horizontal_length_tablet=\u00bb0px\u00bb quote_text_shadow_vertical_length=\u00bbquote_text_shadow_style,%91object Object%93&#8243; quote_text_shadow_vertical_length_tablet=\u00bb0px\u00bb quote_text_shadow_blur_strength=\u00bbquote_text_shadow_style,%91object Object%93&#8243; quote_text_shadow_blur_strength_tablet=\u00bb1px\u00bb header_text_shadow_horizontal_length=\u00bbheader_text_shadow_style,%91object Object%93&#8243; header_text_shadow_horizontal_length_tablet=\u00bb0px\u00bb header_text_shadow_vertical_length=\u00bbheader_text_shadow_style,%91object Object%93&#8243; header_text_shadow_vertical_length_tablet=\u00bb0px\u00bb header_text_shadow_blur_strength=\u00bbheader_text_shadow_style,%91object Object%93&#8243; header_text_shadow_blur_strength_tablet=\u00bb1px\u00bb header_2_text_shadow_horizontal_length=\u00bbheader_2_text_shadow_style,%91object Object%93&#8243; header_2_text_shadow_horizontal_length_tablet=\u00bb0px\u00bb header_2_text_shadow_vertical_length=\u00bbheader_2_text_shadow_style,%91object Object%93&#8243; header_2_text_shadow_vertical_length_tablet=\u00bb0px\u00bb header_2_text_shadow_blur_strength=\u00bbheader_2_text_shadow_style,%91object Object%93&#8243; header_2_text_shadow_blur_strength_tablet=\u00bb1px\u00bb header_3_text_shadow_horizontal_length=\u00bbheader_3_text_shadow_style,%91object Object%93&#8243; header_3_text_shadow_horizontal_length_tablet=\u00bb0px\u00bb header_3_text_shadow_vertical_length=\u00bbheader_3_text_shadow_style,%91object Object%93&#8243; header_3_text_shadow_vertical_length_tablet=\u00bb0px\u00bb header_3_text_shadow_blur_strength=\u00bbheader_3_text_shadow_style,%91object Object%93&#8243; header_3_text_shadow_blur_strength_tablet=\u00bb1px\u00bb header_4_text_shadow_horizontal_length=\u00bbheader_4_text_shadow_style,%91object Object%93&#8243; header_4_text_shadow_horizontal_length_tablet=\u00bb0px\u00bb header_4_text_shadow_vertical_length=\u00bbheader_4_text_shadow_style,%91object Object%93&#8243; header_4_text_shadow_vertical_length_tablet=\u00bb0px\u00bb header_4_text_shadow_blur_strength=\u00bbheader_4_text_shadow_style,%91object Object%93&#8243; header_4_text_shadow_blur_strength_tablet=\u00bb1px\u00bb header_5_text_shadow_horizontal_length=\u00bbheader_5_text_shadow_style,%91object Object%93&#8243; header_5_text_shadow_horizontal_length_tablet=\u00bb0px\u00bb header_5_text_shadow_vertical_length=\u00bbheader_5_text_shadow_style,%91object Object%93&#8243; header_5_text_shadow_vertical_length_tablet=\u00bb0px\u00bb header_5_text_shadow_blur_strength=\u00bbheader_5_text_shadow_style,%91object Object%93&#8243; header_5_text_shadow_blur_strength_tablet=\u00bb1px\u00bb header_6_text_shadow_horizontal_length=\u00bbheader_6_text_shadow_style,%91object Object%93&#8243; header_6_text_shadow_horizontal_length_tablet=\u00bb0px\u00bb header_6_text_shadow_vertical_length=\u00bbheader_6_text_shadow_style,%91object Object%93&#8243; header_6_text_shadow_vertical_length_tablet=\u00bb0px\u00bb header_6_text_shadow_blur_strength=\u00bbheader_6_text_shadow_style,%91object Object%93&#8243; header_6_text_shadow_blur_strength_tablet=\u00bb1px\u00bb box_shadow_horizontal_tablet=\u00bb0px\u00bb box_shadow_vertical_tablet=\u00bb0px\u00bb box_shadow_blur_tablet=\u00bb40px\u00bb box_shadow_spread_tablet=\u00bb0px\u00bb z_index_tablet=\u00bb500&#8243;]<\/p>\n<div><img loading=\"lazy\" decoding=\"async\" class=\"size-medium wp-image-6472 alignleft\" src=\"https:\/\/alcala.salesianos.edu\/wp-content\/uploads\/2019\/09\/MEOUD47OGNEKBPMHT5DYTCAG4Q-300x169.jpg\" alt=\"\" width=\"300\" height=\"169\" \/>\u00abQueridos amigos&#8230;Hubiera querido responder a todos los mensajes que estoy recibiendo&#8230; pero me rindo: son tant\u00edsimos&#8230; Quiero, por tanto, agradecer todas las felicitaciones y muestras de cari\u00f1o a trav\u00e9s de este mensaje colectivo.<\/div>\n<div>Quisiera que cada felicitaci\u00f3n se transforme en una oraci\u00f3n por el Papa, por la Iglesia, por esta di\u00f3cesis de Rabat y por mi persona.\u00a0Agradezco al Papa Francisco la deferencia que ha tenido conmigo y me propongo continuar sirviendo a la Iglesia ayud\u00e1ndole en lo que necesite.<\/div>\n<div>Reitero lo que ya expliqu\u00e9 cuando se me nombr\u00f3 obispo: mi t\u00edtulo y diploma de mayor categor\u00eda es el ser \u00abhijo de Dios\u00bb, y lo obtuve en el bautismo. Estoy en lo m\u00e1s alto (como la mayor\u00eda de vosotros); no puedo ascender ni ser promovido, puesto que m\u00e1s que hijo de Dios no se puede ser.<\/div>\n<div>El ser obispo, sacerdote, cardenal, papa&#8230; no es sino un servicio concreto que se hace a la Iglesia y en la Iglesia&#8230; pero que no pone por encima de nadie.\u00a0Rezad por m\u00ed, que buena falta me hace y que muy bien me ir\u00e1&#8230; La responsabilidad recibida me desborda y me supera, pero cuento con que Quien comenz\u00f3 su obra en m\u00ed, la llevar\u00e1 a buen t\u00e9rnimo.\u00a0Que venga a nosotros Tu Reino\u00a0!!!\u00bb<\/div>\n<div>\u00a0<\/div>\n<div>Con estas palabras se ha dirigido el P. Crist\u00f3bal L\u00f3pez a tantos amigos y amigas que lo han contactado por diferentes medios para felicitarle por su nombramiento, despu\u00e9s de que el Papa Francisco anunciara por sorpresa el domingo el nombre de trece nuevos cardenales.<\/div>\n<div>\u00a0<\/div>\n<div><strong>Una larga trayectoria al servicio de los m\u00e1s necesitados<\/strong><\/div>\n<div>\u00a0<\/div>\n<div>El nuevo arzobispo de Rabat naci\u00f3 en la provincia de Almer\u00eda pero de peque\u00f1o la familia se traslad\u00f3 a Badalona donde estudi\u00f3 con los salesianos. All\u00ed manifest\u00f3 su deseo de ser salesiano y despu\u00e9s de la primera profesi\u00f3n religiosa en 1968 en Valencia, hizo la profesi\u00f3n perpetua en 1974 en Barcelona, ??donde tambi\u00e9n fue ordenado sacerdote en 1979.<\/div>\n<div>\u00a0<\/div>\n<div>Aunque buena parte de su trayectoria ha sido en Latinoam\u00e9rica y en Marruecos, tambi\u00e9n ha estado varios a\u00f1os dedicados a las obras salesianas de Espa\u00f1a. Adem\u00e1s de la formaci\u00f3n, durante 11 a\u00f1os trabaj\u00f3 en el barrio de la Verneda de Barcelona. En 2014 fue elegido provincial de la Inspector\u00eda Mar\u00eda Auxiliadora. Tuvo esta responsabilidad hasta que el Papa Francisco lo nombr\u00f3 arzobispo de Rabat hace menos de dos a\u00f1os.<\/div>\n<div>\u00a0<\/div>\n<div>Con el nombramiento de L\u00f3pez y el resto de nuevos cardenales, el Papa refuerza la universalidad del colegio cardenalicio y su conocimiento de las \u00abperiferias\u00bb. En el caso de L\u00f3pez, es especialmente relevante el doble conocimiento del mundo isl\u00e1mico y de la iglesia popular de Latinoam\u00e9rica.<\/div>\n<div>\u00a0<\/div>\n<div><strong>Entre Espa\u00f1a, Latinoam\u00e9rica y Marruecos<\/strong><\/div>\n<div>\u00a0<\/div>\n<div>A los 32 a\u00f1os, en 1984, pidi\u00f3 ir a misiones y fue destinado a Paraguay, donde pas\u00f3 18 a\u00f1os. Fue Provincial de Paraguay de 1994 a 2000. Durante su estancia en este pa\u00eds fue nombrado Presidente de la Conferencia de Religiosos y fund\u00f3 la Asociaci\u00f3n de Comunicadores Cat\u00f3licos de Paraguay. Tambi\u00e9n, fue miembro del consejo asesor del Ministerio de Educaci\u00f3n.<\/div>\n<div>\u00a0<\/div>\n<div>El nuevo cardenal fue uno de los obispos que acogi\u00f3 el Papa Francisco en su viaje a Marruecos de este a\u00f1o. Crist\u00f3bal L\u00f3pez ya conoc\u00eda las comunidades cat\u00f3licas de Marruecos y el mundo isl\u00e1mico.<\/div>\n<div>\u00a0<\/div>\n<div>Durante ocho a\u00f1os, de 2003 a 2010 fue director de la comunidad salesiana, de la escuela y del centro de formaci\u00f3n profesional Don Bosco de Kenitra (Di\u00f3cesis de Rabat). En este tiempo, fue tambi\u00e9n miembro del Consejo Presbiteral y del Consejo Diocesano para la Educaci\u00f3n Cat\u00f3lica.<\/div>\n<div>\u00a0<\/div>\n<div>Despu\u00e9s de su trabajo en Marruecos, fue nombrado Provincial salesiano de Bolivia el 31 de enero de 2011 y ocup\u00f3 este cargo hasta 2014, cuando volvi\u00f3 a Espa\u00f1a.<\/div>\n<div>\u00a0<\/div>\n<div><strong>Cardenales salesianos<\/strong><\/div>\n<div>Con el nombramiento de Crist\u00f3bal L\u00f3pez, ascienden a nueve los salesianos miembros del Colegio Cardenalicio. Cinco de ellos son electores, entre los que predominan los de habla hispana. Adem\u00e1s de Crist\u00f3bal L\u00f3pez, cuentan con derecho a voto en un futuro c\u00f3nclave el hondure\u00f1o \u00d3scar A. Rodr\u00edguez Maradiaga, arzobispo de Tegucigalpa (Honduras); el italo-chileno Ricardo Ezzati, arzobispo em\u00e9rito de Santiago de Chile; el uruguayo Daniel F. Sturla, arzobispo de Montevideo (Uruguay); y el birmano Charles Maung Bo, arzobispo de Yang\u00f3n (Myanmar). Entre los cuatro no electores, hay tres italianos: Angelo Amato, Prefecto Em\u00e9rito de la Congregaci\u00f3n para las Causas de los Santos; Tarcisio Bertone, quien fuera Secretario de Estado de la Santa Sede y camarlengo durante el pontificado de Benedicto XVI; y Raffaele Farina, actual miembro de la Pontificia Comisi\u00f3n de Ciencias Hist\u00f3ricas y de la Pontificia Academia de las Ciencias. Cierra la lista el chino Joseph Zen Ze-kiun, antiguo obispo de Hong Kong. Hasta ahora, el \u00fanico cardenal salesiano espa\u00f1ol de la Iglesia era Antonio Mar\u00eda Javierre, fallecido en 2007.<\/div>\n<p>[\/et_pb_text][\/et_pb_column][\/et_pb_row][\/et_pb_section]<\/p>\n","protected":false},"excerpt":{"rendered":"<p>Hasta hace poco fue el provincial de la Inspector\u00eda Salesiana Mar\u00eda Auxiliadora y en la actualidad es el arzobispo de la di\u00f3cesis de Rabat.<\/p>\n","protected":false},"author":2,"featured_media":0,"comment_status":"closed","ping_status":"open","sticky":false,"template":"","format":"standard","meta":{"_et_pb_use_builder":"on","_et_pb_old_content":"","_et_gb_content_width":"","footnotes":""},"categories":[12,19,13,17,14,15,18,16,1],"tags":[],"class_list":["post-11664","post","type-post","status-publish","format-standard","hentry","category-colegio","category-escuela-abierta","category-fasa","category-infantil","category-pastoral","category-portada","category-primaria","category-secundaria","category-uncategorized"],"yoast_head":"<!-- This site is optimized with the Yoast SEO plugin v28.4 - https:\/\/yoast.com\/product\/yoast-seo-wordpress\/ -->\n<title>El salesiano Crist\u00f3bal L\u00f3pez, nuevo cardenal - Colegio Salesiano Alcal\u00e1<\/title>\n<meta name=\"robots\" content=\"index, follow, max-snippet:-1, max-image-preview:large, max-video-preview:-1\" \/>\n<link rel=\"canonical\" href=\"https:\/\/alcala.salesianos.edu\/colegio\/blog\/2019\/09\/04\/el-salesiano-cristobal-lopez-nuevo-cardenal\/\" \/>\n<meta property=\"og:locale\" content=\"es_ES\" \/>\n<meta property=\"og:type\" content=\"article\" \/>\n<meta property=\"og:title\" content=\"El salesiano Crist\u00f3bal L\u00f3pez, nuevo cardenal - Colegio Salesiano Alcal\u00e1\" \/>\n<meta property=\"og:description\" content=\"Hasta hace poco fue el provincial de la Inspector\u00eda Salesiana Mar\u00eda Auxiliadora y en la actualidad es el arzobispo de la di\u00f3cesis de Rabat.\" \/>\n<meta property=\"og:url\" content=\"https:\/\/alcala.salesianos.edu\/colegio\/blog\/2019\/09\/04\/el-salesiano-cristobal-lopez-nuevo-cardenal\/\" \/>\n<meta property=\"og:site_name\" content=\"Colegio Salesiano Alcal\u00e1\" \/>\n<meta property=\"article:published_time\" content=\"2019-09-04T09:46:32+00:00\" \/>\n<meta property=\"article:modified_time\" content=\"2025-08-27T07:59:05+00:00\" \/>\n<meta name=\"author\" content=\"Administrador Web\" \/>\n<meta name=\"twitter:card\" content=\"summary_large_image\" \/>\n<meta name=\"twitter:label1\" content=\"Escrito por\" \/>\n\t<meta name=\"twitter:data1\" content=\"Administrador Web\" \/>\n\t<meta name=\"twitter:label2\" content=\"Tiempo de lectura\" \/>\n\t<meta name=\"twitter:data2\" content=\"7 minutos\" \/>\n<script type=\"application\/ld+json\" class=\"yoast-schema-graph\">{\"@context\":\"https:\\\/\\\/schema.org\",\"@graph\":[{\"@type\":\"Article\",\"@id\":\"https:\\\/\\\/alcala.salesianos.edu\\\/colegio\\\/blog\\\/2019\\\/09\\\/04\\\/el-salesiano-cristobal-lopez-nuevo-cardenal\\\/#article\",\"isPartOf\":{\"@id\":\"https:\\\/\\\/alcala.salesianos.edu\\\/colegio\\\/blog\\\/2019\\\/09\\\/04\\\/el-salesiano-cristobal-lopez-nuevo-cardenal\\\/\"},\"author\":{\"name\":\"Administrador Web\",\"@id\":\"https:\\\/\\\/alcala.salesianos.edu\\\/colegio\\\/#\\\/schema\\\/person\\\/afcc24f776dc91fc2bf9afb0998fca77\"},\"headline\":\"El salesiano Crist\u00f3bal L\u00f3pez, nuevo cardenal\",\"datePublished\":\"2019-09-04T09:46:32+00:00\",\"dateModified\":\"2025-08-27T07:59:05+00:00\",\"mainEntityOfPage\":{\"@id\":\"https:\\\/\\\/alcala.salesianos.edu\\\/colegio\\\/blog\\\/2019\\\/09\\\/04\\\/el-salesiano-cristobal-lopez-nuevo-cardenal\\\/\"},\"wordCount\":1495,\"image\":{\"@id\":\"https:\\\/\\\/alcala.salesianos.edu\\\/colegio\\\/blog\\\/2019\\\/09\\\/04\\\/el-salesiano-cristobal-lopez-nuevo-cardenal\\\/#primaryimage\"},\"thumbnailUrl\":\"https:\\\/\\\/alcala.salesianos.edu\\\/wp-content\\\/uploads\\\/2019\\\/09\\\/MEOUD47OGNEKBPMHT5DYTCAG4Q-300x169.jpg\",\"articleSection\":[\"Colegio\",\"Escuela abierta\",\"FASA\",\"Infantil\",\"Pastoral\",\"Portada\",\"Primaria\",\"Secundaria\",\"Uncategorized\"],\"inLanguage\":\"es\"},{\"@type\":\"WebPage\",\"@id\":\"https:\\\/\\\/alcala.salesianos.edu\\\/colegio\\\/blog\\\/2019\\\/09\\\/04\\\/el-salesiano-cristobal-lopez-nuevo-cardenal\\\/\",\"url\":\"https:\\\/\\\/alcala.salesianos.edu\\\/colegio\\\/blog\\\/2019\\\/09\\\/04\\\/el-salesiano-cristobal-lopez-nuevo-cardenal\\\/\",\"name\":\"El salesiano Crist\u00f3bal L\u00f3pez, nuevo cardenal - Colegio Salesiano Alcal\u00e1\",\"isPartOf\":{\"@id\":\"https:\\\/\\\/alcala.salesianos.edu\\\/colegio\\\/#website\"},\"primaryImageOfPage\":{\"@id\":\"https:\\\/\\\/alcala.salesianos.edu\\\/colegio\\\/blog\\\/2019\\\/09\\\/04\\\/el-salesiano-cristobal-lopez-nuevo-cardenal\\\/#primaryimage\"},\"image\":{\"@id\":\"https:\\\/\\\/alcala.salesianos.edu\\\/colegio\\\/blog\\\/2019\\\/09\\\/04\\\/el-salesiano-cristobal-lopez-nuevo-cardenal\\\/#primaryimage\"},\"thumbnailUrl\":\"https:\\\/\\\/alcala.salesianos.edu\\\/wp-content\\\/uploads\\\/2019\\\/09\\\/MEOUD47OGNEKBPMHT5DYTCAG4Q-300x169.jpg\",\"datePublished\":\"2019-09-04T09:46:32+00:00\",\"dateModified\":\"2025-08-27T07:59:05+00:00\",\"author\":{\"@id\":\"https:\\\/\\\/alcala.salesianos.edu\\\/colegio\\\/#\\\/schema\\\/person\\\/afcc24f776dc91fc2bf9afb0998fca77\"},\"breadcrumb\":{\"@id\":\"https:\\\/\\\/alcala.salesianos.edu\\\/colegio\\\/blog\\\/2019\\\/09\\\/04\\\/el-salesiano-cristobal-lopez-nuevo-cardenal\\\/#breadcrumb\"},\"inLanguage\":\"es\",\"potentialAction\":[{\"@type\":\"ReadAction\",\"target\":[\"https:\\\/\\\/alcala.salesianos.edu\\\/colegio\\\/blog\\\/2019\\\/09\\\/04\\\/el-salesiano-cristobal-lopez-nuevo-cardenal\\\/\"]}]},{\"@type\":\"ImageObject\",\"inLanguage\":\"es\",\"@id\":\"https:\\\/\\\/alcala.salesianos.edu\\\/colegio\\\/blog\\\/2019\\\/09\\\/04\\\/el-salesiano-cristobal-lopez-nuevo-cardenal\\\/#primaryimage\",\"url\":\"https:\\\/\\\/alcala.salesianos.edu\\\/wp-content\\\/uploads\\\/2019\\\/09\\\/MEOUD47OGNEKBPMHT5DYTCAG4Q-300x169.jpg\",\"contentUrl\":\"https:\\\/\\\/alcala.salesianos.edu\\\/wp-content\\\/uploads\\\/2019\\\/09\\\/MEOUD47OGNEKBPMHT5DYTCAG4Q-300x169.jpg\"},{\"@type\":\"BreadcrumbList\",\"@id\":\"https:\\\/\\\/alcala.salesianos.edu\\\/colegio\\\/blog\\\/2019\\\/09\\\/04\\\/el-salesiano-cristobal-lopez-nuevo-cardenal\\\/#breadcrumb\",\"itemListElement\":[{\"@type\":\"ListItem\",\"position\":1,\"name\":\"Portada\",\"item\":\"https:\\\/\\\/alcala.salesianos.edu\\\/colegio\\\/\"},{\"@type\":\"ListItem\",\"position\":2,\"name\":\"El salesiano Crist\u00f3bal L\u00f3pez, nuevo cardenal\"}]},{\"@type\":\"WebSite\",\"@id\":\"https:\\\/\\\/alcala.salesianos.edu\\\/colegio\\\/#website\",\"url\":\"https:\\\/\\\/alcala.salesianos.edu\\\/colegio\\\/\",\"name\":\"Colegio Salesiano Alcal\u00e1\",\"description\":\"P\u00e1gina oficial de Salesianos Alcal\u00e1 de Guadaira\",\"potentialAction\":[{\"@type\":\"SearchAction\",\"target\":{\"@type\":\"EntryPoint\",\"urlTemplate\":\"https:\\\/\\\/alcala.salesianos.edu\\\/colegio\\\/?s={search_term_string}\"},\"query-input\":{\"@type\":\"PropertyValueSpecification\",\"valueRequired\":true,\"valueName\":\"search_term_string\"}}],\"inLanguage\":\"es\"},{\"@type\":\"Person\",\"@id\":\"https:\\\/\\\/alcala.salesianos.edu\\\/colegio\\\/#\\\/schema\\\/person\\\/afcc24f776dc91fc2bf9afb0998fca77\",\"name\":\"Administrador Web\",\"image\":{\"@type\":\"ImageObject\",\"inLanguage\":\"es\",\"@id\":\"https:\\\/\\\/secure.gravatar.com\\\/avatar\\\/bc157e994689bd6da9645c00aa3bc4d55b727915b6652642660db0aef086585f?s=96&d=mm&r=g\",\"url\":\"https:\\\/\\\/secure.gravatar.com\\\/avatar\\\/bc157e994689bd6da9645c00aa3bc4d55b727915b6652642660db0aef086585f?s=96&d=mm&r=g\",\"contentUrl\":\"https:\\\/\\\/secure.gravatar.com\\\/avatar\\\/bc157e994689bd6da9645c00aa3bc4d55b727915b6652642660db0aef086585f?s=96&d=mm&r=g\",\"caption\":\"Administrador Web\"}}]}<\/script>\n<!-- \/ Yoast SEO plugin. -->","yoast_head_json":{"title":"El salesiano Crist\u00f3bal L\u00f3pez, nuevo cardenal - Colegio Salesiano Alcal\u00e1","robots":{"index":"index","follow":"follow","max-snippet":"max-snippet:-1","max-image-preview":"max-image-preview:large","max-video-preview":"max-video-preview:-1"},"canonical":"https:\/\/alcala.salesianos.edu\/colegio\/blog\/2019\/09\/04\/el-salesiano-cristobal-lopez-nuevo-cardenal\/","og_locale":"es_ES","og_type":"article","og_title":"El salesiano Crist\u00f3bal L\u00f3pez, nuevo cardenal - Colegio Salesiano Alcal\u00e1","og_description":"Hasta hace poco fue el provincial de la Inspector\u00eda Salesiana Mar\u00eda Auxiliadora y en la actualidad es el arzobispo de la di\u00f3cesis de Rabat.","og_url":"https:\/\/alcala.salesianos.edu\/colegio\/blog\/2019\/09\/04\/el-salesiano-cristobal-lopez-nuevo-cardenal\/","og_site_name":"Colegio Salesiano Alcal\u00e1","article_published_time":"2019-09-04T09:46:32+00:00","article_modified_time":"2025-08-27T07:59:05+00:00","author":"Administrador Web","twitter_card":"summary_large_image","twitter_misc":{"Escrito por":"Administrador Web","Tiempo de lectura":"7 minutos"},"schema":{"@context":"https:\/\/schema.org","@graph":[{"@type":"Article","@id":"https:\/\/alcala.salesianos.edu\/colegio\/blog\/2019\/09\/04\/el-salesiano-cristobal-lopez-nuevo-cardenal\/#article","isPartOf":{"@id":"https:\/\/alcala.salesianos.edu\/colegio\/blog\/2019\/09\/04\/el-salesiano-cristobal-lopez-nuevo-cardenal\/"},"author":{"name":"Administrador Web","@id":"https:\/\/alcala.salesianos.edu\/colegio\/#\/schema\/person\/afcc24f776dc91fc2bf9afb0998fca77"},"headline":"El salesiano Crist\u00f3bal L\u00f3pez, nuevo cardenal","datePublished":"2019-09-04T09:46:32+00:00","dateModified":"2025-08-27T07:59:05+00:00","mainEntityOfPage":{"@id":"https:\/\/alcala.salesianos.edu\/colegio\/blog\/2019\/09\/04\/el-salesiano-cristobal-lopez-nuevo-cardenal\/"},"wordCount":1495,"image":{"@id":"https:\/\/alcala.salesianos.edu\/colegio\/blog\/2019\/09\/04\/el-salesiano-cristobal-lopez-nuevo-cardenal\/#primaryimage"},"thumbnailUrl":"https:\/\/alcala.salesianos.edu\/wp-content\/uploads\/2019\/09\/MEOUD47OGNEKBPMHT5DYTCAG4Q-300x169.jpg","articleSection":["Colegio","Escuela abierta","FASA","Infantil","Pastoral","Portada","Primaria","Secundaria","Uncategorized"],"inLanguage":"es"},{"@type":"WebPage","@id":"https:\/\/alcala.salesianos.edu\/colegio\/blog\/2019\/09\/04\/el-salesiano-cristobal-lopez-nuevo-cardenal\/","url":"https:\/\/alcala.salesianos.edu\/colegio\/blog\/2019\/09\/04\/el-salesiano-cristobal-lopez-nuevo-cardenal\/","name":"El salesiano Crist\u00f3bal L\u00f3pez, nuevo cardenal - Colegio Salesiano Alcal\u00e1","isPartOf":{"@id":"https:\/\/alcala.salesianos.edu\/colegio\/#website"},"primaryImageOfPage":{"@id":"https:\/\/alcala.salesianos.edu\/colegio\/blog\/2019\/09\/04\/el-salesiano-cristobal-lopez-nuevo-cardenal\/#primaryimage"},"image":{"@id":"https:\/\/alcala.salesianos.edu\/colegio\/blog\/2019\/09\/04\/el-salesiano-cristobal-lopez-nuevo-cardenal\/#primaryimage"},"thumbnailUrl":"https:\/\/alcala.salesianos.edu\/wp-content\/uploads\/2019\/09\/MEOUD47OGNEKBPMHT5DYTCAG4Q-300x169.jpg","datePublished":"2019-09-04T09:46:32+00:00","dateModified":"2025-08-27T07:59:05+00:00","author":{"@id":"https:\/\/alcala.salesianos.edu\/colegio\/#\/schema\/person\/afcc24f776dc91fc2bf9afb0998fca77"},"breadcrumb":{"@id":"https:\/\/alcala.salesianos.edu\/colegio\/blog\/2019\/09\/04\/el-salesiano-cristobal-lopez-nuevo-cardenal\/#breadcrumb"},"inLanguage":"es","potentialAction":[{"@type":"ReadAction","target":["https:\/\/alcala.salesianos.edu\/colegio\/blog\/2019\/09\/04\/el-salesiano-cristobal-lopez-nuevo-cardenal\/"]}]},{"@type":"ImageObject","inLanguage":"es","@id":"https:\/\/alcala.salesianos.edu\/colegio\/blog\/2019\/09\/04\/el-salesiano-cristobal-lopez-nuevo-cardenal\/#primaryimage","url":"https:\/\/alcala.salesianos.edu\/wp-content\/uploads\/2019\/09\/MEOUD47OGNEKBPMHT5DYTCAG4Q-300x169.jpg","contentUrl":"https:\/\/alcala.salesianos.edu\/wp-content\/uploads\/2019\/09\/MEOUD47OGNEKBPMHT5DYTCAG4Q-300x169.jpg"},{"@type":"BreadcrumbList","@id":"https:\/\/alcala.salesianos.edu\/colegio\/blog\/2019\/09\/04\/el-salesiano-cristobal-lopez-nuevo-cardenal\/#breadcrumb","itemListElement":[{"@type":"ListItem","position":1,"name":"Portada","item":"https:\/\/alcala.salesianos.edu\/colegio\/"},{"@type":"ListItem","position":2,"name":"El salesiano Crist\u00f3bal L\u00f3pez, nuevo cardenal"}]},{"@type":"WebSite","@id":"https:\/\/alcala.salesianos.edu\/colegio\/#website","url":"https:\/\/alcala.salesianos.edu\/colegio\/","name":"Colegio Salesiano Alcal\u00e1","description":"P\u00e1gina oficial de Salesianos Alcal\u00e1 de Guadaira","potentialAction":[{"@type":"SearchAction","target":{"@type":"EntryPoint","urlTemplate":"https:\/\/alcala.salesianos.edu\/colegio\/?s={search_term_string}"},"query-input":{"@type":"PropertyValueSpecification","valueRequired":true,"valueName":"search_term_string"}}],"inLanguage":"es"},{"@type":"Person","@id":"https:\/\/alcala.salesianos.edu\/colegio\/#\/schema\/person\/afcc24f776dc91fc2bf9afb0998fca77","name":"Administrador Web","image":{"@type":"ImageObject","inLanguage":"es","@id":"https:\/\/secure.gravatar.com\/avatar\/bc157e994689bd6da9645c00aa3bc4d55b727915b6652642660db0aef086585f?s=96&d=mm&r=g","url":"https:\/\/secure.gravatar.com\/avatar\/bc157e994689bd6da9645c00aa3bc4d55b727915b6652642660db0aef086585f?s=96&d=mm&r=g","contentUrl":"https:\/\/secure.gravatar.com\/avatar\/bc157e994689bd6da9645c00aa3bc4d55b727915b6652642660db0aef086585f?s=96&d=mm&r=g","caption":"Administrador Web"}}]}},"_links":{"self":[{"href":"https:\/\/alcala.salesianos.edu\/colegio\/wp-json\/wp\/v2\/posts\/11664","targetHints":{"allow":["GET"]}}],"collection":[{"href":"https:\/\/alcala.salesianos.edu\/colegio\/wp-json\/wp\/v2\/posts"}],"about":[{"href":"https:\/\/alcala.salesianos.edu\/colegio\/wp-json\/wp\/v2\/types\/post"}],"author":[{"embeddable":true,"href":"https:\/\/alcala.salesianos.edu\/colegio\/wp-json\/wp\/v2\/users\/2"}],"replies":[{"embeddable":true,"href":"https:\/\/alcala.salesianos.edu\/colegio\/wp-json\/wp\/v2\/comments?post=11664"}],"version-history":[{"count":6,"href":"https:\/\/alcala.salesianos.edu\/colegio\/wp-json\/wp\/v2\/posts\/11664\/revisions"}],"predecessor-version":[{"id":16378,"href":"https:\/\/alcala.salesianos.edu\/colegio\/wp-json\/wp\/v2\/posts\/11664\/revisions\/16378"}],"wp:attachment":[{"href":"https:\/\/alcala.salesianos.edu\/colegio\/wp-json\/wp\/v2\/media?parent=11664"}],"wp:term":[{"taxonomy":"category","embeddable":true,"href":"https:\/\/alcala.salesianos.edu\/colegio\/wp-json\/wp\/v2\/categories?post=11664"},{"taxonomy":"post_tag","embeddable":true,"href":"https:\/\/alcala.salesianos.edu\/colegio\/wp-json\/wp\/v2\/tags?post=11664"}],"curies":[{"name":"wp","href":"https:\/\/api.w.org\/{rel}","templated":true}]}}