{"id":11480,"date":"2019-06-19T08:25:53","date_gmt":"2019-06-19T07:25:53","guid":{"rendered":"https:\/\/alcala.salesianos.edu\/colegio\/blog\/2019\/06\/19\/informaciones-de-fin-de-curso\/"},"modified":"2025-08-27T08:59:07","modified_gmt":"2025-08-27T07:59:07","slug":"informaciones-de-fin-de-curso","status":"publish","type":"post","link":"https:\/\/alcala.salesianos.edu\/colegio\/blog\/2019\/06\/19\/informaciones-de-fin-de-curso\/","title":{"rendered":"Informaciones de fin de curso"},"content":{"rendered":"<div id=\"fb-root\"><\/div>\n<p>[et_pb_section bb_built=\u00bb1&#8243; inner_width=\u00bbauto\u00bb inner_max_width=\u00bbnone\u00bb][et_pb_row][et_pb_column type=\u00bb4_4&#8243;][et_pb_text _builder_version=\u00bb3.22.4&#8243; text_text_shadow_horizontal_length=\u00bbtext_text_shadow_style,%91object Object%93&#8243; text_text_shadow_vertical_length=\u00bbtext_text_shadow_style,%91object Object%93&#8243; text_text_shadow_blur_strength=\u00bbtext_text_shadow_style,%91object Object%93&#8243; link_text_shadow_horizontal_length=\u00bblink_text_shadow_style,%91object Object%93&#8243; link_text_shadow_vertical_length=\u00bblink_text_shadow_style,%91object Object%93&#8243; link_text_shadow_blur_strength=\u00bblink_text_shadow_style,%91object Object%93&#8243; ul_text_shadow_horizontal_length=\u00bbul_text_shadow_style,%91object Object%93&#8243; ul_text_shadow_vertical_length=\u00bbul_text_shadow_style,%91object Object%93&#8243; ul_text_shadow_blur_strength=\u00bbul_text_shadow_style,%91object Object%93&#8243; ol_text_shadow_horizontal_length=\u00bbol_text_shadow_style,%91object Object%93&#8243; ol_text_shadow_vertical_length=\u00bbol_text_shadow_style,%91object Object%93&#8243; ol_text_shadow_blur_strength=\u00bbol_text_shadow_style,%91object Object%93&#8243; quote_text_shadow_horizontal_length=\u00bbquote_text_shadow_style,%91object Object%93&#8243; quote_text_shadow_vertical_length=\u00bbquote_text_shadow_style,%91object Object%93&#8243; quote_text_shadow_blur_strength=\u00bbquote_text_shadow_style,%91object Object%93&#8243; header_text_shadow_horizontal_length=\u00bbheader_text_shadow_style,%91object Object%93&#8243; header_text_shadow_vertical_length=\u00bbheader_text_shadow_style,%91object Object%93&#8243; header_text_shadow_blur_strength=\u00bbheader_text_shadow_style,%91object Object%93&#8243; header_2_text_shadow_horizontal_length=\u00bbheader_2_text_shadow_style,%91object Object%93&#8243; header_2_text_shadow_vertical_length=\u00bbheader_2_text_shadow_style,%91object Object%93&#8243; header_2_text_shadow_blur_strength=\u00bbheader_2_text_shadow_style,%91object Object%93&#8243; header_3_text_shadow_horizontal_length=\u00bbheader_3_text_shadow_style,%91object Object%93&#8243; header_3_text_shadow_vertical_length=\u00bbheader_3_text_shadow_style,%91object Object%93&#8243; header_3_text_shadow_blur_strength=\u00bbheader_3_text_shadow_style,%91object Object%93&#8243; header_4_text_shadow_horizontal_length=\u00bbheader_4_text_shadow_style,%91object Object%93&#8243; header_4_text_shadow_vertical_length=\u00bbheader_4_text_shadow_style,%91object Object%93&#8243; header_4_text_shadow_blur_strength=\u00bbheader_4_text_shadow_style,%91object Object%93&#8243; header_5_text_shadow_horizontal_length=\u00bbheader_5_text_shadow_style,%91object Object%93&#8243; header_5_text_shadow_vertical_length=\u00bbheader_5_text_shadow_style,%91object Object%93&#8243; header_5_text_shadow_blur_strength=\u00bbheader_5_text_shadow_style,%91object Object%93&#8243; header_6_text_shadow_horizontal_length=\u00bbheader_6_text_shadow_style,%91object Object%93&#8243; header_6_text_shadow_vertical_length=\u00bbheader_6_text_shadow_style,%91object Object%93&#8243; header_6_text_shadow_blur_strength=\u00bbheader_6_text_shadow_style,%91object Object%93&#8243; z_index_tablet=\u00bb500&#8243;]<\/p>\n<p><strong><em>Estimados padres, madres\u00a0 o tutores legales de nuestros alumnos\/as:<\/em><\/strong><\/p>\n<p>\u00a0<\/p>\n<p>\u00a0\u00a0\u00a0\u00a0\u00a0\u00a0\u00a0\u00a0\u00a0 <img loading=\"lazy\" decoding=\"async\" class=\"size-medium wp-image-10089 alignright\" src=\"https:\/\/alcala.salesianos.edu\/colegio\/wp-content\/uploads\/sites\/2\/2025\/08\/brand-guidelines-1-300x225.png\" alt=\"\" width=\"300\" height=\"225\" \/>\u00a0\u00a0\u00a0\u00a0\u00a0\u00a0\u00a0 Reciban un cordial saludo. Ponemos en su conocimiento las siguientes informaciones de utilidad:<\/p>\n<ol>\n<li><strong><em><u>MES DE JUNIO<\/u><\/em><\/strong><\/li>\n<\/ol>\n<ul>\n<li>El <strong>\u00faltimo d\u00eda lectivo<\/strong> de este curso para las etapas educativas ser\u00e1 el siguiente:\n<ul>\n<li>Educaci\u00f3n Infantil y Primaria: <strong>viernes 21 de junio<\/strong><\/li>\n<li>Educaci\u00f3n Secundaria:<strong> martes 25 de junio<\/strong>.<\/li>\n<\/ul>\n<\/li>\n<\/ul>\n<p>El servicio de <strong>comedor escolar<\/strong> funcionar\u00e1 hasta el <strong>viernes 21 de junio<\/strong><\/p>\n<ul>\n<li>La <strong>entrega de boletines, a los padres\/madres\/tutores legales<\/strong> ser\u00e1 en las respectivas aulas y tendr\u00e1 el siguiente horario:<\/li>\n<li style=\"list-style-type: none;\">\n<ul>\n<li>Educaci\u00f3n Infantil y Primaria: <strong>lunes 24 de junio de 9,00 a 11,00 horas<\/strong><\/li>\n<li>Educaci\u00f3n Secundaria:<strong> martes 25 de junio de 10,00 a 12,00 horas<\/strong><\/li>\n<\/ul>\n<\/li>\n<\/ul>\n<p>Despu\u00e9s de este d\u00eda, aquellos padres\/madres\/tutores legales que no puedan asistir, se podr\u00e1n poner en contacto con el tutor\/a respectivo\/a para programar la entrega.<\/p>\n<p>La revisi\u00f3n de calificaciones tendr\u00e1 lugar el <strong>mi\u00e9rcoles 26 y jueves 27 de\u00a0 junio en horario de 13,00 a 14,00 horas<\/strong>, deber\u00e1n esperar en la entrada del Centro a ser atendidos.<\/p>\n<ol start=\"2\">\n<li><strong><em><u>MES DE SEPTIEMBRE<\/u><\/em><\/strong><\/li>\n<\/ol>\n<ul>\n<li>Los <strong>ex\u00e1menes de septiembre de la Educaci\u00f3n Secundaria Obligatoria<\/strong> tendr\u00e1n lugar los d\u00edas 2 y 3 de este mes con la siguiente distribuci\u00f3n:<\/li>\n<\/ul>\n<p>\u00a0<\/p>\n<table style=\"height: 1211px;\" width=\"610\">\n<tbody>\n<tr>\n<td width=\"205\">\n<p><strong>MATERIA<\/strong><\/p>\n<\/td>\n<td width=\"123\">\n<p><strong>FECHA<\/strong><\/p>\n<p><strong>(Septiembre 2018)<\/strong><\/p>\n<\/td>\n<td width=\"104\">\n<p><strong>HORA<\/strong><\/p>\n<\/td>\n<td width=\"102\">\n<p><strong>LUGAR DE CELEBRACI\u00d3N PRUEBA<\/strong><\/p>\n<\/td>\n<\/tr>\n<tr>\n<td width=\"205\">\n<p>F\u00cdSICA Y QU\u00cdMICA 3\u00ba, 4\u00ba<\/p>\n<\/td>\n<td width=\"123\">\n<p>LUNES 2<\/p>\n<\/td>\n<td width=\"104\">\n<p>9.00-10.30 h<\/p>\n<\/td>\n<td width=\"102\">\n<p>4\u00ba A\/B<\/p>\n<\/td>\n<\/tr>\n<tr>\n<td width=\"205\">\n<p>TECNOLOG\u00cdA 2\u00ba,3\u00ba,4\u00ba<\/p>\n<\/td>\n<td width=\"123\">\n<p>LUNES 2<\/p>\n<\/td>\n<td width=\"104\">\n<p>9.00-10.30 h<\/p>\n<\/td>\n<td width=\"102\">\n<p>4\u00ba A\/B<\/p>\n<\/td>\n<\/tr>\n<tr>\n<td width=\"205\">\n<p>INGL\u00c9S<\/p>\n<\/td>\n<td width=\"123\">\n<p>LUNES 2<\/p>\n<\/td>\n<td width=\"104\">\n<p>10.30-12.00 h<\/p>\n<\/td>\n<td width=\"102\">\n<p>4\u00ba A\/B<\/p>\n<\/td>\n<\/tr>\n<tr>\n<td width=\"205\">\n<p>BIOLOG\u00cdA Y GEOLOG\u00cdA 1\u00ba<\/p>\n<\/td>\n<td width=\"123\">\n<p>LUNES 2<\/p>\n<\/td>\n<td width=\"104\">\n<p>10.30-11.00 h<\/p>\n<\/td>\n<td width=\"102\">\n<p>4\u00ba A\/B<\/p>\n<\/td>\n<\/tr>\n<tr>\n<td width=\"205\">\n<p>GEOGRAF\u00cdA E HISTORIA<\/p>\n<\/td>\n<td width=\"123\">\n<p>LUNES 2<\/p>\n<\/td>\n<td width=\"104\">\n<p>11.00-12.00h<\/p>\n<\/td>\n<td width=\"102\">\n<p>4\u00ba A\/B<\/p>\n<\/td>\n<\/tr>\n<tr>\n<td width=\"205\">\n<p>LENGUA CAST. Y LITERATURA<\/p>\n<\/td>\n<td width=\"123\">\n<p>LUNES 2<\/p>\n<\/td>\n<td width=\"104\">\n<p>12.30-14.30 h<\/p>\n<\/td>\n<td width=\"102\">\n<p>4\u00ba A\/B<\/p>\n<\/td>\n<\/tr>\n<tr>\n<td width=\"205\">\n<p>\u00a0<\/p>\n<\/td>\n<td width=\"123\">\n<p>\u00a0<\/p>\n<\/td>\n<td width=\"104\">\n<p>\u00a0<\/p>\n<\/td>\n<td width=\"102\">\n<p>\u00a0<\/p>\n<\/td>\n<\/tr>\n<tr>\n<td width=\"205\">\n<p>MATEM\u00c1TICAS<\/p>\n<\/td>\n<td width=\"123\">\n<p>MARTES 3<\/p>\n<\/td>\n<td width=\"104\">\n<p>8.30-10.00 h.<\/p>\n<\/td>\n<td width=\"102\">\n<p>4\u00ba A\/B<\/p>\n<\/td>\n<\/tr>\n<tr>\n<td width=\"205\">\n<p>EDUCACI\u00d3N F\u00cdSICA<\/p>\n<\/td>\n<td width=\"123\">\n<p>MARTES 3<\/p>\n<\/td>\n<td width=\"104\">\n<p>10-00-11.30 h.<\/p>\n<\/td>\n<td width=\"102\">\n<p>4\u00ba A\/B<\/p>\n<\/td>\n<\/tr>\n<tr>\n<td width=\"205\">\n<p>F\u00cdSICA QU\u00cdMICA 2\u00ba<\/p>\n<\/td>\n<td width=\"123\">\n<p>MARTES 3<\/p>\n<\/td>\n<td width=\"104\">\n<p>10.00-11.30 h.<\/p>\n<\/td>\n<td width=\"102\">\n<p>4\u00ba A\/B<\/p>\n<\/td>\n<\/tr>\n<tr>\n<td width=\"205\">\n<p>BIOLOG\u00cdA Y GEOLOG\u00cdA 3\u00ba Y 4\u00ba<\/p>\n<\/td>\n<td width=\"123\">\n<p>MARTES 3<\/p>\n<\/td>\n<td width=\"104\">\n<p>11.30-13.00h.<\/p>\n<\/td>\n<td width=\"102\">\n<p>4\u00ba A\/B<\/p>\n<\/td>\n<\/tr>\n<tr>\n<td width=\"205\">\n<p>M\u00daSICA 1\u00ba,2\u00ba<\/p>\n<\/td>\n<td width=\"123\">\n<p>MARTES 3<\/p>\n<\/td>\n<td width=\"104\">\n<p>11.30-12.00 h.<\/p>\n<\/td>\n<td width=\"102\">\n<p>4\u00ba A\/B<\/p>\n<\/td>\n<\/tr>\n<tr>\n<td width=\"205\">\n<p>FILOSOF\u00cdA 4\u00ba<\/p>\n<\/td>\n<td width=\"123\">\n<p>MARTES 3<\/p>\n<\/td>\n<td width=\"104\">\n<p>11.30-12.30 h.<\/p>\n<\/td>\n<td width=\"102\">\n<p>4\u00ba A\/B<\/p>\n<\/td>\n<\/tr>\n<tr>\n<td width=\"205\">\n<p>PL\u00c1STICA Y V. 1\u00ba,2\u00ba,4\u00ba<\/p>\n<\/td>\n<td width=\"123\">\n<p>MARTES 3<\/p>\n<\/td>\n<td width=\"104\">\n<p>12.00-12.30 h<\/p>\n<\/td>\n<td width=\"102\">\n<p>4\u00ba A\/B<\/p>\n<\/td>\n<\/tr>\n<tr>\n<td width=\"205\">\n<p>EDUC. CIUDAD. 3\u00ba<\/p>\n<\/td>\n<td width=\"123\">\n<p>MARTES 3<\/p>\n<\/td>\n<td width=\"104\">\n<p>12.30-13.00 h<\/p>\n<\/td>\n<td width=\"102\">\n<p>4\u00ba A\/B<\/p>\n<\/td>\n<\/tr>\n<tr>\n<td width=\"205\">\n<p>REFUERZOS LENG,MAT 1\u00ba,2\u00ba,3\u00ba<\/p>\n<\/td>\n<td width=\"123\">\n<p>MARTES 3<\/p>\n<\/td>\n<td width=\"104\">\n<p>13.00-13.30 h<\/p>\n<\/td>\n<td width=\"102\">\n<p>4\u00ba A\/B<\/p>\n<\/td>\n<\/tr>\n<tr>\n<td width=\"205\">\n<p>RELIGI\u00d3N<\/p>\n<\/td>\n<td width=\"123\">\n<p>MARTES 3<\/p>\n<\/td>\n<td width=\"104\">\n<p>13.00-14.00 h<\/p>\n<\/td>\n<td width=\"102\">\n<p>4\u00ba A\/B<\/p>\n<\/td>\n<\/tr>\n<tr>\n<td width=\"205\">\n<p>FRANC\u00c9S 1\u00ba, 2\u00ba, 3\u00ba Y 4\u00ba<\/p>\n<\/td>\n<td width=\"123\">\n<p>MARTES 3<\/p>\n<\/td>\n<td width=\"104\">\n<p>13.00-14.30 h<\/p>\n<\/td>\n<td width=\"102\">\n<p>4\u00ba A\/B<\/p>\n<\/td>\n<\/tr>\n<\/tbody>\n<\/table>\n<p>\u00a0<\/p>\n<ul>\n<li><strong>Entrega de notas <\/strong>a los padres\/madres\/tutores legales de los alumnos\/as en<strong> septiembre <\/strong>para<strong> ESO<\/strong>:<\/li>\n<\/ul>\n<ul>\n<li>4\u00ba ESO: <strong>mi\u00e9rcoles 4 de septiembre, de 11,30 a 13,00 h.<\/strong> en las aulas de 4\u00ba ESO.<\/li>\n<li>1\u00ba, 2\u00ba, 3\u00ba ESO: <strong>jueves 5 de septiembre, de 9,00 a 11,00 horas<\/strong>, en el aula del respectivo curso.<\/li>\n<li>La revisi\u00f3n de ex\u00e1menes de 1\u00ba, 2\u00ba y 3\u00ba de ESO tendr\u00e1 lugar el <strong>viernes 6 y el lunes 9 de septiembre de 13,00 a 14,00 horas<\/strong><\/li>\n<\/ul>\n<p>\u00a0<\/p>\n<ul>\n<li>El comienzo de curso para <strong>Educaci\u00f3n Infantil <\/strong>y<strong> Educaci\u00f3n Primaria<\/strong> ser\u00e1 el d\u00eda <strong>10 <\/strong>de<strong> septiembre <\/strong>de<strong> 2019. <\/strong>El comienzo de curso para<strong> ESO <\/strong>ser\u00e1 el <strong>16 <\/strong>de<strong> septiembre <\/strong>de<strong> 2019.<\/strong><\/li>\n<\/ul>\n<p>\u00a0<\/p>\n<ul>\n<li>Los horarios para las distintas etapas durante el primer d\u00eda ser\u00e1n los siguientes:<\/li>\n<\/ul>\n<p><strong>Ed. Infantil:<\/strong> (10 sep)\u00a0\u00a0\u00a0\u00a0\u00a0\u00a0\u00a0\u00a0\u00a0\u00a0\u00a0\u00a0\u00a0\u00a0\u00a0\u00a0\u00a0\u00a0\u00a0\u00a0\u00a0\u00a0\u00a0\u00a0\u00a0\u00a0\u00a0\u00a0\u00a0\u00a0\u00a0\u00a0\u00a0\u00a0\u00a0\u00a0\u00a0\u00a0\u00a0\u00a0\u00a0\u00a0\u00a0\u00a0\u00a0\u00a0 3 a\u00f1os: \u00a0\u00a0\u00a0\u00a0\u00a0\u00a0\u00a0\u00a0\u00a0\u00a0\u00a0\u00a0\u00a0\u00a0\u00a0\u00a0\u00a0\u00a0\u00a0 12,45 a 13,45 horas.<\/p>\n<p>\u00a0 \u00a0 \u00a0 \u00a0 \u00a0 \u00a0 \u00a0 \u00a0 \u00a0 \u00a0 \u00a0 \u00a0 \u00a0 \u00a0 \u00a0 \u00a0 \u00a0 \u00a0 \u00a0 \u00a0 \u00a0 \u00a0 \u00a0 \u00a0 \u00a0 \u00a0 \u00a0 \u00a0 \u00a0 \u00a0 \u00a0 \u00a0 \u00a0 \u00a0 \u00a0 \u00a0 \u00a0 \u00a0 \u00a0 \u00a0 4 y 5 a\u00f1os: \u00a0\u00a0\u00a0\u00a0\u00a0\u00a0\u00a0\u00a0\u00a0\u00a0\u00a0\u00a0 12,00 a 13,45 horas.<\/p>\n<p><strong>Ed. Primaria:<\/strong> (10 sep)\u00a0\u00a0\u00a0\u00a0\u00a0\u00a0\u00a0\u00a0\u00a0\u00a0\u00a0\u00a0\u00a0\u00a0\u00a0\u00a0\u00a0\u00a0\u00a0\u00a0\u00a0\u00a0\u00a0\u00a0\u00a0\u00a0\u00a0\u00a0\u00a0\u00a0\u00a0\u00a0\u00a0\u00a0\u00a0\u00a0\u00a0\u00a0\u00a0\u00a0\u00a0\u00a0\u00a0 Toda la etapa: \u00a0\u00a0\u00a0\u00a0\u00a0 12,00 a 13,45 horas.<\/p>\n<p><strong>Ed. Secundaria:<\/strong> (16 sep)\u00a0\u00a0\u00a0\u00a0\u00a0\u00a0\u00a0\u00a0\u00a0\u00a0\u00a0\u00a0\u00a0\u00a0\u00a0\u00a0\u00a0\u00a0\u00a0\u00a0 \u00a0\u00a0\u00a0\u00a0\u00a0\u00a0\u00a0\u00a0\u00a0\u00a0\u00a0\u00a0\u00a0\u00a0\u00a0\u00a0\u00a0 Toda la etapa: \u00a0\u00a0\u00a0\u00a0\u00a0 13,00 a 15,00 horas.<\/p>\n<ul>\n<li><strong>Reuniones de principio de curso<\/strong> con los padres de alumnos:\n<ul>\n<li><strong> Primaria: <\/strong>\u00a0 \u00a0 \u00a0 \u00a0 \u00a0 \u00a0 \u00a0 \u00a0 \u00a0 \u00a0 \u00a0 \u00a0 \u00a0 \u00a0 Martes 17 de septiembre a las 19,00 h.<\/li>\n<li><strong> Infantil y Ed. Secundaria:<\/strong> Mi\u00e9rcoles 25 de septiembre a las 19,00 h.<\/li>\n<\/ul>\n<\/li>\n<\/ul>\n<ol start=\"3\">\n<li><strong>SERVICIOS Y OTROS<\/strong><\/li>\n<\/ol>\n<ul>\n<li><strong>Comedor escolar:<\/strong> El servicio de Comedor Escolar comenzar\u00e1 a funcionar en las fechas siguientes:<\/li>\n<\/ul>\n<p>\u00a0\u00a0\u00a0\u00a0\u00a0\u00a0\u00a0\u00a0\u00a0\u00a0\u00a0\u00a0\u00a0\u00a0\u00a0\u00a0\u00a0\u00a0\u00a0\u00a0\u00a0\u00a0 <strong>Ed. Infantil:<\/strong> a partir del martes 11 de septiembre.\u00a0\u00a0\u00a0\u00a0\u00a0\u00a0<\/p>\n<p>\u00a0\u00a0\u00a0\u00a0\u00a0\u00a0\u00a0\u00a0\u00a0\u00a0\u00a0\u00a0\u00a0\u00a0\u00a0\u00a0\u00a0\u00a0\u00a0\u00a0\u00a0\u00a0 <strong>Ed. Primaria:<\/strong> a partir del martes 11 de septiembre.\u00a0\u00a0\u00a0\u00a0\u00a0\u00a0\u00a0\u00a0\u00a0\u00a0\u00a0\u00a0\u00a0\u00a0\u00a0\u00a0\u00a0\u00a0\u00a0\u00a0<\/p>\n<p>\u00a0\u00a0\u00a0\u00a0\u00a0\u00a0\u00a0\u00a0\u00a0\u00a0\u00a0\u00a0\u00a0\u00a0\u00a0\u00a0\u00a0\u00a0\u00a0\u00a0\u00a0\u00a0 <strong>Ed. Secundaria:<\/strong> a partir del lunes 16 de septiembre. \u00a0\u00a0\u00a0\u00a0\u00a0\u00a0\u00a0<\/p>\n<ul>\n<li>Recomendamos el uso del uniforme de calle en el primer d\u00eda lectivo de clase. A partir de esa fecha, seg\u00fan horario. Comunicamos que el uniforme escolar se podr\u00e1 adquirir en <strong>El Corte Ingl\u00e9s. <\/strong>Para cualquier aclaraci\u00f3n al respecto acudan a la administraci\u00f3n del Centro.<\/li>\n<li>El cat\u00e1logo de <strong>libros para cada curso<\/strong> estar\u00e1 expuesto, en breve, en el Tabl\u00f3n de Anuncios del Centro. Podr\u00e1n acceder tambi\u00e9n a \u00e9l a trav\u00e9s de nuestra p\u00e1gina web.<\/li>\n<\/ul>\n<p>\u00a0<\/p>\n<p>Les damos las gracias por su confianza y el trabajo que hacen junto a nosotros por ofrecer una educaci\u00f3n salesiana a nuestros j\u00f3venes.<\/p>\n<p>\u00a0<\/p>\n<p>[\/et_pb_text][\/et_pb_column][\/et_pb_row][\/et_pb_section]<\/p>\n","protected":false},"excerpt":{"rendered":"<p>Ponemos en su conocimiento las siguientes informaciones de utilidad de cara al final de este curso e inicio del siguiente.<\/p>\n","protected":false},"author":2,"featured_media":10089,"comment_status":"closed","ping_status":"open","sticky":false,"template":"","format":"standard","meta":{"_et_pb_use_builder":"on","_et_pb_old_content":"","_et_gb_content_width":"","footnotes":""},"categories":[12,19,13,17,14,15,18,16,1],"tags":[],"class_list":["post-11480","post","type-post","status-publish","format-standard","has-post-thumbnail","hentry","category-colegio","category-escuela-abierta","category-fasa","category-infantil","category-pastoral","category-portada","category-primaria","category-secundaria","category-uncategorized"],"yoast_head":"<!-- This site is optimized with the Yoast SEO plugin v28.4 - https:\/\/yoast.com\/product\/yoast-seo-wordpress\/ -->\n<title>Informaciones de fin de curso - Colegio Salesiano Alcal\u00e1<\/title>\n<meta name=\"robots\" content=\"index, follow, max-snippet:-1, max-image-preview:large, max-video-preview:-1\" \/>\n<link rel=\"canonical\" href=\"https:\/\/alcala.salesianos.edu\/colegio\/blog\/2019\/06\/19\/informaciones-de-fin-de-curso\/\" \/>\n<meta property=\"og:locale\" content=\"es_ES\" \/>\n<meta property=\"og:type\" content=\"article\" \/>\n<meta property=\"og:title\" content=\"Informaciones de fin de curso - Colegio Salesiano Alcal\u00e1\" \/>\n<meta property=\"og:description\" content=\"Ponemos en su conocimiento las siguientes informaciones de utilidad de cara al final de este curso e inicio del siguiente.\" \/>\n<meta property=\"og:url\" content=\"https:\/\/alcala.salesianos.edu\/colegio\/blog\/2019\/06\/19\/informaciones-de-fin-de-curso\/\" \/>\n<meta property=\"og:site_name\" content=\"Colegio Salesiano Alcal\u00e1\" \/>\n<meta property=\"article:published_time\" content=\"2019-06-19T07:25:53+00:00\" \/>\n<meta property=\"article:modified_time\" content=\"2025-08-27T07:59:07+00:00\" \/>\n<meta property=\"og:image\" content=\"https:\/\/alcala.salesianos.edu\/colegio\/wp-content\/uploads\/sites\/2\/2018\/06\/brand-guidelines-1.png\" \/>\n\t<meta property=\"og:image:width\" content=\"1\" \/>\n\t<meta property=\"og:image:height\" content=\"1\" \/>\n\t<meta property=\"og:image:type\" content=\"image\/png\" \/>\n<meta name=\"author\" content=\"Administrador Web\" \/>\n<meta name=\"twitter:card\" content=\"summary_large_image\" \/>\n<meta name=\"twitter:label1\" content=\"Escrito por\" \/>\n\t<meta name=\"twitter:data1\" content=\"Administrador Web\" \/>\n\t<meta name=\"twitter:label2\" content=\"Tiempo de lectura\" \/>\n\t<meta name=\"twitter:data2\" content=\"5 minutos\" \/>\n<script type=\"application\/ld+json\" class=\"yoast-schema-graph\">{\"@context\":\"https:\\\/\\\/schema.org\",\"@graph\":[{\"@type\":\"Article\",\"@id\":\"https:\\\/\\\/alcala.salesianos.edu\\\/colegio\\\/blog\\\/2019\\\/06\\\/19\\\/informaciones-de-fin-de-curso\\\/#article\",\"isPartOf\":{\"@id\":\"https:\\\/\\\/alcala.salesianos.edu\\\/colegio\\\/blog\\\/2019\\\/06\\\/19\\\/informaciones-de-fin-de-curso\\\/\"},\"author\":{\"name\":\"Administrador Web\",\"@id\":\"https:\\\/\\\/alcala.salesianos.edu\\\/colegio\\\/#\\\/schema\\\/person\\\/afcc24f776dc91fc2bf9afb0998fca77\"},\"headline\":\"Informaciones de fin de curso\",\"datePublished\":\"2019-06-19T07:25:53+00:00\",\"dateModified\":\"2025-08-27T07:59:07+00:00\",\"mainEntityOfPage\":{\"@id\":\"https:\\\/\\\/alcala.salesianos.edu\\\/colegio\\\/blog\\\/2019\\\/06\\\/19\\\/informaciones-de-fin-de-curso\\\/\"},\"wordCount\":1070,\"image\":{\"@id\":\"https:\\\/\\\/alcala.salesianos.edu\\\/colegio\\\/blog\\\/2019\\\/06\\\/19\\\/informaciones-de-fin-de-curso\\\/#primaryimage\"},\"thumbnailUrl\":\"https:\\\/\\\/alcala.salesianos.edu\\\/colegio\\\/wp-content\\\/uploads\\\/sites\\\/2\\\/2018\\\/06\\\/brand-guidelines-1.png\",\"articleSection\":[\"Colegio\",\"Escuela abierta\",\"FASA\",\"Infantil\",\"Pastoral\",\"Portada\",\"Primaria\",\"Secundaria\",\"Uncategorized\"],\"inLanguage\":\"es\"},{\"@type\":\"WebPage\",\"@id\":\"https:\\\/\\\/alcala.salesianos.edu\\\/colegio\\\/blog\\\/2019\\\/06\\\/19\\\/informaciones-de-fin-de-curso\\\/\",\"url\":\"https:\\\/\\\/alcala.salesianos.edu\\\/colegio\\\/blog\\\/2019\\\/06\\\/19\\\/informaciones-de-fin-de-curso\\\/\",\"name\":\"Informaciones de fin de curso - Colegio Salesiano Alcal\u00e1\",\"isPartOf\":{\"@id\":\"https:\\\/\\\/alcala.salesianos.edu\\\/colegio\\\/#website\"},\"primaryImageOfPage\":{\"@id\":\"https:\\\/\\\/alcala.salesianos.edu\\\/colegio\\\/blog\\\/2019\\\/06\\\/19\\\/informaciones-de-fin-de-curso\\\/#primaryimage\"},\"image\":{\"@id\":\"https:\\\/\\\/alcala.salesianos.edu\\\/colegio\\\/blog\\\/2019\\\/06\\\/19\\\/informaciones-de-fin-de-curso\\\/#primaryimage\"},\"thumbnailUrl\":\"https:\\\/\\\/alcala.salesianos.edu\\\/colegio\\\/wp-content\\\/uploads\\\/sites\\\/2\\\/2018\\\/06\\\/brand-guidelines-1.png\",\"datePublished\":\"2019-06-19T07:25:53+00:00\",\"dateModified\":\"2025-08-27T07:59:07+00:00\",\"author\":{\"@id\":\"https:\\\/\\\/alcala.salesianos.edu\\\/colegio\\\/#\\\/schema\\\/person\\\/afcc24f776dc91fc2bf9afb0998fca77\"},\"breadcrumb\":{\"@id\":\"https:\\\/\\\/alcala.salesianos.edu\\\/colegio\\\/blog\\\/2019\\\/06\\\/19\\\/informaciones-de-fin-de-curso\\\/#breadcrumb\"},\"inLanguage\":\"es\",\"potentialAction\":[{\"@type\":\"ReadAction\",\"target\":[\"https:\\\/\\\/alcala.salesianos.edu\\\/colegio\\\/blog\\\/2019\\\/06\\\/19\\\/informaciones-de-fin-de-curso\\\/\"]}]},{\"@type\":\"ImageObject\",\"inLanguage\":\"es\",\"@id\":\"https:\\\/\\\/alcala.salesianos.edu\\\/colegio\\\/blog\\\/2019\\\/06\\\/19\\\/informaciones-de-fin-de-curso\\\/#primaryimage\",\"url\":\"https:\\\/\\\/alcala.salesianos.edu\\\/colegio\\\/wp-content\\\/uploads\\\/sites\\\/2\\\/2018\\\/06\\\/brand-guidelines-1.png\",\"contentUrl\":\"https:\\\/\\\/alcala.salesianos.edu\\\/colegio\\\/wp-content\\\/uploads\\\/sites\\\/2\\\/2018\\\/06\\\/brand-guidelines-1.png\"},{\"@type\":\"BreadcrumbList\",\"@id\":\"https:\\\/\\\/alcala.salesianos.edu\\\/colegio\\\/blog\\\/2019\\\/06\\\/19\\\/informaciones-de-fin-de-curso\\\/#breadcrumb\",\"itemListElement\":[{\"@type\":\"ListItem\",\"position\":1,\"name\":\"Portada\",\"item\":\"https:\\\/\\\/alcala.salesianos.edu\\\/colegio\\\/\"},{\"@type\":\"ListItem\",\"position\":2,\"name\":\"Informaciones de fin de curso\"}]},{\"@type\":\"WebSite\",\"@id\":\"https:\\\/\\\/alcala.salesianos.edu\\\/colegio\\\/#website\",\"url\":\"https:\\\/\\\/alcala.salesianos.edu\\\/colegio\\\/\",\"name\":\"Colegio Salesiano Alcal\u00e1\",\"description\":\"P\u00e1gina oficial de Salesianos Alcal\u00e1 de Guadaira\",\"potentialAction\":[{\"@type\":\"SearchAction\",\"target\":{\"@type\":\"EntryPoint\",\"urlTemplate\":\"https:\\\/\\\/alcala.salesianos.edu\\\/colegio\\\/?s={search_term_string}\"},\"query-input\":{\"@type\":\"PropertyValueSpecification\",\"valueRequired\":true,\"valueName\":\"search_term_string\"}}],\"inLanguage\":\"es\"},{\"@type\":\"Person\",\"@id\":\"https:\\\/\\\/alcala.salesianos.edu\\\/colegio\\\/#\\\/schema\\\/person\\\/afcc24f776dc91fc2bf9afb0998fca77\",\"name\":\"Administrador Web\",\"image\":{\"@type\":\"ImageObject\",\"inLanguage\":\"es\",\"@id\":\"https:\\\/\\\/secure.gravatar.com\\\/avatar\\\/bc157e994689bd6da9645c00aa3bc4d55b727915b6652642660db0aef086585f?s=96&d=mm&r=g\",\"url\":\"https:\\\/\\\/secure.gravatar.com\\\/avatar\\\/bc157e994689bd6da9645c00aa3bc4d55b727915b6652642660db0aef086585f?s=96&d=mm&r=g\",\"contentUrl\":\"https:\\\/\\\/secure.gravatar.com\\\/avatar\\\/bc157e994689bd6da9645c00aa3bc4d55b727915b6652642660db0aef086585f?s=96&d=mm&r=g\",\"caption\":\"Administrador Web\"}}]}<\/script>\n<!-- \/ Yoast SEO plugin. -->","yoast_head_json":{"title":"Informaciones de fin de curso - Colegio Salesiano Alcal\u00e1","robots":{"index":"index","follow":"follow","max-snippet":"max-snippet:-1","max-image-preview":"max-image-preview:large","max-video-preview":"max-video-preview:-1"},"canonical":"https:\/\/alcala.salesianos.edu\/colegio\/blog\/2019\/06\/19\/informaciones-de-fin-de-curso\/","og_locale":"es_ES","og_type":"article","og_title":"Informaciones de fin de curso - Colegio Salesiano Alcal\u00e1","og_description":"Ponemos en su conocimiento las siguientes informaciones de utilidad de cara al final de este curso e inicio del siguiente.","og_url":"https:\/\/alcala.salesianos.edu\/colegio\/blog\/2019\/06\/19\/informaciones-de-fin-de-curso\/","og_site_name":"Colegio Salesiano Alcal\u00e1","article_published_time":"2019-06-19T07:25:53+00:00","article_modified_time":"2025-08-27T07:59:07+00:00","og_image":[{"url":"https:\/\/alcala.salesianos.edu\/colegio\/wp-content\/uploads\/sites\/2\/2018\/06\/brand-guidelines-1.png","width":1,"height":1,"type":"image\/png"}],"author":"Administrador Web","twitter_card":"summary_large_image","twitter_misc":{"Escrito por":"Administrador Web","Tiempo de lectura":"5 minutos"},"schema":{"@context":"https:\/\/schema.org","@graph":[{"@type":"Article","@id":"https:\/\/alcala.salesianos.edu\/colegio\/blog\/2019\/06\/19\/informaciones-de-fin-de-curso\/#article","isPartOf":{"@id":"https:\/\/alcala.salesianos.edu\/colegio\/blog\/2019\/06\/19\/informaciones-de-fin-de-curso\/"},"author":{"name":"Administrador Web","@id":"https:\/\/alcala.salesianos.edu\/colegio\/#\/schema\/person\/afcc24f776dc91fc2bf9afb0998fca77"},"headline":"Informaciones de fin de curso","datePublished":"2019-06-19T07:25:53+00:00","dateModified":"2025-08-27T07:59:07+00:00","mainEntityOfPage":{"@id":"https:\/\/alcala.salesianos.edu\/colegio\/blog\/2019\/06\/19\/informaciones-de-fin-de-curso\/"},"wordCount":1070,"image":{"@id":"https:\/\/alcala.salesianos.edu\/colegio\/blog\/2019\/06\/19\/informaciones-de-fin-de-curso\/#primaryimage"},"thumbnailUrl":"https:\/\/alcala.salesianos.edu\/colegio\/wp-content\/uploads\/sites\/2\/2018\/06\/brand-guidelines-1.png","articleSection":["Colegio","Escuela abierta","FASA","Infantil","Pastoral","Portada","Primaria","Secundaria","Uncategorized"],"inLanguage":"es"},{"@type":"WebPage","@id":"https:\/\/alcala.salesianos.edu\/colegio\/blog\/2019\/06\/19\/informaciones-de-fin-de-curso\/","url":"https:\/\/alcala.salesianos.edu\/colegio\/blog\/2019\/06\/19\/informaciones-de-fin-de-curso\/","name":"Informaciones de fin de curso - Colegio Salesiano Alcal\u00e1","isPartOf":{"@id":"https:\/\/alcala.salesianos.edu\/colegio\/#website"},"primaryImageOfPage":{"@id":"https:\/\/alcala.salesianos.edu\/colegio\/blog\/2019\/06\/19\/informaciones-de-fin-de-curso\/#primaryimage"},"image":{"@id":"https:\/\/alcala.salesianos.edu\/colegio\/blog\/2019\/06\/19\/informaciones-de-fin-de-curso\/#primaryimage"},"thumbnailUrl":"https:\/\/alcala.salesianos.edu\/colegio\/wp-content\/uploads\/sites\/2\/2018\/06\/brand-guidelines-1.png","datePublished":"2019-06-19T07:25:53+00:00","dateModified":"2025-08-27T07:59:07+00:00","author":{"@id":"https:\/\/alcala.salesianos.edu\/colegio\/#\/schema\/person\/afcc24f776dc91fc2bf9afb0998fca77"},"breadcrumb":{"@id":"https:\/\/alcala.salesianos.edu\/colegio\/blog\/2019\/06\/19\/informaciones-de-fin-de-curso\/#breadcrumb"},"inLanguage":"es","potentialAction":[{"@type":"ReadAction","target":["https:\/\/alcala.salesianos.edu\/colegio\/blog\/2019\/06\/19\/informaciones-de-fin-de-curso\/"]}]},{"@type":"ImageObject","inLanguage":"es","@id":"https:\/\/alcala.salesianos.edu\/colegio\/blog\/2019\/06\/19\/informaciones-de-fin-de-curso\/#primaryimage","url":"https:\/\/alcala.salesianos.edu\/colegio\/wp-content\/uploads\/sites\/2\/2018\/06\/brand-guidelines-1.png","contentUrl":"https:\/\/alcala.salesianos.edu\/colegio\/wp-content\/uploads\/sites\/2\/2018\/06\/brand-guidelines-1.png"},{"@type":"BreadcrumbList","@id":"https:\/\/alcala.salesianos.edu\/colegio\/blog\/2019\/06\/19\/informaciones-de-fin-de-curso\/#breadcrumb","itemListElement":[{"@type":"ListItem","position":1,"name":"Portada","item":"https:\/\/alcala.salesianos.edu\/colegio\/"},{"@type":"ListItem","position":2,"name":"Informaciones de fin de curso"}]},{"@type":"WebSite","@id":"https:\/\/alcala.salesianos.edu\/colegio\/#website","url":"https:\/\/alcala.salesianos.edu\/colegio\/","name":"Colegio Salesiano Alcal\u00e1","description":"P\u00e1gina oficial de Salesianos Alcal\u00e1 de Guadaira","potentialAction":[{"@type":"SearchAction","target":{"@type":"EntryPoint","urlTemplate":"https:\/\/alcala.salesianos.edu\/colegio\/?s={search_term_string}"},"query-input":{"@type":"PropertyValueSpecification","valueRequired":true,"valueName":"search_term_string"}}],"inLanguage":"es"},{"@type":"Person","@id":"https:\/\/alcala.salesianos.edu\/colegio\/#\/schema\/person\/afcc24f776dc91fc2bf9afb0998fca77","name":"Administrador Web","image":{"@type":"ImageObject","inLanguage":"es","@id":"https:\/\/secure.gravatar.com\/avatar\/bc157e994689bd6da9645c00aa3bc4d55b727915b6652642660db0aef086585f?s=96&d=mm&r=g","url":"https:\/\/secure.gravatar.com\/avatar\/bc157e994689bd6da9645c00aa3bc4d55b727915b6652642660db0aef086585f?s=96&d=mm&r=g","contentUrl":"https:\/\/secure.gravatar.com\/avatar\/bc157e994689bd6da9645c00aa3bc4d55b727915b6652642660db0aef086585f?s=96&d=mm&r=g","caption":"Administrador Web"}}]}},"_links":{"self":[{"href":"https:\/\/alcala.salesianos.edu\/colegio\/wp-json\/wp\/v2\/posts\/11480","targetHints":{"allow":["GET"]}}],"collection":[{"href":"https:\/\/alcala.salesianos.edu\/colegio\/wp-json\/wp\/v2\/posts"}],"about":[{"href":"https:\/\/alcala.salesianos.edu\/colegio\/wp-json\/wp\/v2\/types\/post"}],"author":[{"embeddable":true,"href":"https:\/\/alcala.salesianos.edu\/colegio\/wp-json\/wp\/v2\/users\/2"}],"replies":[{"embeddable":true,"href":"https:\/\/alcala.salesianos.edu\/colegio\/wp-json\/wp\/v2\/comments?post=11480"}],"version-history":[{"count":19,"href":"https:\/\/alcala.salesianos.edu\/colegio\/wp-json\/wp\/v2\/posts\/11480\/revisions"}],"predecessor-version":[{"id":16493,"href":"https:\/\/alcala.salesianos.edu\/colegio\/wp-json\/wp\/v2\/posts\/11480\/revisions\/16493"}],"wp:featuredmedia":[{"embeddable":true,"href":"https:\/\/alcala.salesianos.edu\/colegio\/wp-json\/wp\/v2\/media\/10089"}],"wp:attachment":[{"href":"https:\/\/alcala.salesianos.edu\/colegio\/wp-json\/wp\/v2\/media?parent=11480"}],"wp:term":[{"taxonomy":"category","embeddable":true,"href":"https:\/\/alcala.salesianos.edu\/colegio\/wp-json\/wp\/v2\/categories?post=11480"},{"taxonomy":"post_tag","embeddable":true,"href":"https:\/\/alcala.salesianos.edu\/colegio\/wp-json\/wp\/v2\/tags?post=11480"}],"curies":[{"name":"wp","href":"https:\/\/api.w.org\/{rel}","templated":true}]}}