{"id":11465,"date":"2019-06-18T08:34:08","date_gmt":"2019-06-18T07:34:08","guid":{"rendered":"https:\/\/alcala.salesianos.edu\/colegio\/blog\/2019\/06\/18\/nuestro-centro-tambien-participara-en-el-programa-erasmus-ka1\/"},"modified":"2025-08-27T08:59:08","modified_gmt":"2025-08-27T07:59:08","slug":"nuestro-centro-tambien-participara-en-el-programa-erasmus-ka1","status":"publish","type":"post","link":"https:\/\/alcala.salesianos.edu\/colegio\/blog\/2019\/06\/18\/nuestro-centro-tambien-participara-en-el-programa-erasmus-ka1\/","title":{"rendered":"Formaci\u00f3n en el extranjero para nuestros docentes"},"content":{"rendered":"<div id=\"fb-root\"><\/div>\n<p>[et_pb_section bb_built=\u00bb1&#8243; inner_width=\u00bbauto\u00bb inner_max_width=\u00bbnone\u00bb][et_pb_row][et_pb_column type=\u00bb4_4&#8243;][et_pb_text _builder_version=\u00bb3.22.4&#8243; text_text_shadow_horizontal_length=\u00bbtext_text_shadow_style,%91object Object%93&#8243; text_text_shadow_vertical_length=\u00bbtext_text_shadow_style,%91object Object%93&#8243; text_text_shadow_blur_strength=\u00bbtext_text_shadow_style,%91object Object%93&#8243; link_text_shadow_horizontal_length=\u00bblink_text_shadow_style,%91object Object%93&#8243; link_text_shadow_vertical_length=\u00bblink_text_shadow_style,%91object Object%93&#8243; link_text_shadow_blur_strength=\u00bblink_text_shadow_style,%91object Object%93&#8243; ul_text_shadow_horizontal_length=\u00bbul_text_shadow_style,%91object Object%93&#8243; ul_text_shadow_vertical_length=\u00bbul_text_shadow_style,%91object Object%93&#8243; ul_text_shadow_blur_strength=\u00bbul_text_shadow_style,%91object Object%93&#8243; ol_text_shadow_horizontal_length=\u00bbol_text_shadow_style,%91object Object%93&#8243; ol_text_shadow_vertical_length=\u00bbol_text_shadow_style,%91object Object%93&#8243; ol_text_shadow_blur_strength=\u00bbol_text_shadow_style,%91object Object%93&#8243; quote_text_shadow_horizontal_length=\u00bbquote_text_shadow_style,%91object Object%93&#8243; quote_text_shadow_vertical_length=\u00bbquote_text_shadow_style,%91object Object%93&#8243; quote_text_shadow_blur_strength=\u00bbquote_text_shadow_style,%91object Object%93&#8243; header_text_shadow_horizontal_length=\u00bbheader_text_shadow_style,%91object Object%93&#8243; header_text_shadow_vertical_length=\u00bbheader_text_shadow_style,%91object Object%93&#8243; header_text_shadow_blur_strength=\u00bbheader_text_shadow_style,%91object Object%93&#8243; header_2_text_shadow_horizontal_length=\u00bbheader_2_text_shadow_style,%91object Object%93&#8243; header_2_text_shadow_vertical_length=\u00bbheader_2_text_shadow_style,%91object Object%93&#8243; header_2_text_shadow_blur_strength=\u00bbheader_2_text_shadow_style,%91object Object%93&#8243; header_3_text_shadow_horizontal_length=\u00bbheader_3_text_shadow_style,%91object Object%93&#8243; header_3_text_shadow_vertical_length=\u00bbheader_3_text_shadow_style,%91object Object%93&#8243; header_3_text_shadow_blur_strength=\u00bbheader_3_text_shadow_style,%91object Object%93&#8243; header_4_text_shadow_horizontal_length=\u00bbheader_4_text_shadow_style,%91object Object%93&#8243; header_4_text_shadow_vertical_length=\u00bbheader_4_text_shadow_style,%91object Object%93&#8243; header_4_text_shadow_blur_strength=\u00bbheader_4_text_shadow_style,%91object Object%93&#8243; header_5_text_shadow_horizontal_length=\u00bbheader_5_text_shadow_style,%91object Object%93&#8243; header_5_text_shadow_vertical_length=\u00bbheader_5_text_shadow_style,%91object Object%93&#8243; header_5_text_shadow_blur_strength=\u00bbheader_5_text_shadow_style,%91object Object%93&#8243; header_6_text_shadow_horizontal_length=\u00bbheader_6_text_shadow_style,%91object Object%93&#8243; header_6_text_shadow_vertical_length=\u00bbheader_6_text_shadow_style,%91object Object%93&#8243; header_6_text_shadow_blur_strength=\u00bbheader_6_text_shadow_style,%91object Object%93&#8243; z_index_tablet=\u00bb500&#8243;]<\/p>\n<p><img loading=\"lazy\" decoding=\"async\" class=\"size-medium wp-image-6382 alignleft\" src=\"https:\/\/alcala.salesianos.edu\/wp-content\/uploads\/2019\/06\/k1-300x168.jpeg\" alt=\"\" width=\"300\" height=\"168\" \/>Adem\u00e1s de promover oportunidades de aprendizaje permanente para todo el alumnado que facilita la formaci\u00f3n, inserci\u00f3n laboral y actualizaci\u00f3n de los j\u00f3venes, nuestro Centro, tambi\u00e9n favorece la mejora continua de la preparaci\u00f3n de nuestro personal docente<\/p>\n<p>Las actividades de movilidad solicitadas en este proyecto\u00a0 Erasmus+, son diversas e interesantes. En primer lugar, se solicitan actividades relacionadas con el aprendizaje por observaci\u00f3n (JOB SHDW) y otra de periodo de docencia (TAA). En ambas actividades se pretende contribuir al desarrollo personal y profesional de nuestros profesores; la mejora de nivel de la lengua extranjera (L2); se favorecer\u00e1 el intercambio cultural, con el que podremos adquirir nuevos conocimientos sobre la ense\u00f1anza-aprendizaje del idioma en contextos culturales distintos al nuestro.<\/p>\n<p>En segundo lugar, se solicitan otras movilidades para realizar cursos o actividades de formaci\u00f3n estructuradas en el extranjero. Estas actividades estar\u00e1n enfocadas tanto al estudio del idioma, como a la formaci\u00f3n en metodolog\u00edas (gamificaci\u00f3n, flipped classroom, cooperative learning, ABN, TICs), pedagog\u00eda (aportar un enfoque integral de la ense\u00f1anza y aprendizaje de idiomas).<\/p>\n<p>El profesorado que participar\u00e1 en las distintas movilidades comprende las tres etapas educativas que conforman nuestro Centro Educativo (educaci\u00f3n infantil, educaci\u00f3n primaria y educaci\u00f3n secundaria).<\/p>\n<p>Adem\u00e1s, el impacto de este proyecto Erasmus+ contribuye al desarrollo del proyecto \u00abMi colegio 3.0\u00bb, el cual tiene como objetivo la mejora continua atendiendo a las necesidades de nuestro centro educativo.<\/p>\n<p><img loading=\"lazy\" decoding=\"async\" class=\"size-medium wp-image-6377 aligncenter\" src=\"https:\/\/alcala.salesianos.edu\/wp-content\/uploads\/2019\/06\/ka1-300x214.png\" alt=\"\" width=\"300\" height=\"214\" \/><\/p>\n<p>[\/et_pb_text][\/et_pb_column][\/et_pb_row][\/et_pb_section]<\/p>\n","protected":false},"excerpt":{"rendered":"<p>Nuestro centro consigue nueve movilidades para el profesorado a Francia, Irlanda, Italia e Inglaterra<\/p>\n","protected":false},"author":2,"featured_media":0,"comment_status":"closed","ping_status":"open","sticky":false,"template":"","format":"standard","meta":{"_et_pb_use_builder":"on","_et_pb_old_content":"","_et_gb_content_width":"","footnotes":""},"categories":[12,19,13,17,14,15,18,16,1],"tags":[],"class_list":["post-11465","post","type-post","status-publish","format-standard","hentry","category-colegio","category-escuela-abierta","category-fasa","category-infantil","category-pastoral","category-portada","category-primaria","category-secundaria","category-uncategorized"],"yoast_head":"<!-- This site is optimized with the Yoast SEO plugin v28.4 - https:\/\/yoast.com\/product\/yoast-seo-wordpress\/ -->\n<title>Formaci\u00f3n en el extranjero para nuestros docentes - Colegio Salesiano Alcal\u00e1<\/title>\n<meta name=\"robots\" content=\"index, follow, max-snippet:-1, max-image-preview:large, max-video-preview:-1\" \/>\n<link rel=\"canonical\" href=\"https:\/\/alcala.salesianos.edu\/colegio\/blog\/2019\/06\/18\/nuestro-centro-tambien-participara-en-el-programa-erasmus-ka1\/\" \/>\n<meta property=\"og:locale\" content=\"es_ES\" \/>\n<meta property=\"og:type\" content=\"article\" \/>\n<meta property=\"og:title\" content=\"Formaci\u00f3n en el extranjero para nuestros docentes - Colegio Salesiano Alcal\u00e1\" \/>\n<meta property=\"og:description\" content=\"Nuestro centro consigue nueve movilidades para el profesorado a Francia, Irlanda, Italia e Inglaterra\" \/>\n<meta property=\"og:url\" content=\"https:\/\/alcala.salesianos.edu\/colegio\/blog\/2019\/06\/18\/nuestro-centro-tambien-participara-en-el-programa-erasmus-ka1\/\" \/>\n<meta property=\"og:site_name\" content=\"Colegio Salesiano Alcal\u00e1\" \/>\n<meta property=\"article:published_time\" content=\"2019-06-18T07:34:08+00:00\" \/>\n<meta property=\"article:modified_time\" content=\"2025-08-27T07:59:08+00:00\" \/>\n<meta name=\"author\" content=\"Administrador Web\" \/>\n<meta name=\"twitter:card\" content=\"summary_large_image\" \/>\n<meta name=\"twitter:label1\" content=\"Escrito por\" \/>\n\t<meta name=\"twitter:data1\" content=\"Administrador Web\" \/>\n\t<meta name=\"twitter:label2\" content=\"Tiempo de lectura\" \/>\n\t<meta name=\"twitter:data2\" content=\"3 minutos\" \/>\n<script type=\"application\/ld+json\" class=\"yoast-schema-graph\">{\"@context\":\"https:\\\/\\\/schema.org\",\"@graph\":[{\"@type\":\"Article\",\"@id\":\"https:\\\/\\\/alcala.salesianos.edu\\\/colegio\\\/blog\\\/2019\\\/06\\\/18\\\/nuestro-centro-tambien-participara-en-el-programa-erasmus-ka1\\\/#article\",\"isPartOf\":{\"@id\":\"https:\\\/\\\/alcala.salesianos.edu\\\/colegio\\\/blog\\\/2019\\\/06\\\/18\\\/nuestro-centro-tambien-participara-en-el-programa-erasmus-ka1\\\/\"},\"author\":{\"name\":\"Administrador Web\",\"@id\":\"https:\\\/\\\/alcala.salesianos.edu\\\/colegio\\\/#\\\/schema\\\/person\\\/afcc24f776dc91fc2bf9afb0998fca77\"},\"headline\":\"Formaci\u00f3n en el extranjero para nuestros docentes\",\"datePublished\":\"2019-06-18T07:34:08+00:00\",\"dateModified\":\"2025-08-27T07:59:08+00:00\",\"mainEntityOfPage\":{\"@id\":\"https:\\\/\\\/alcala.salesianos.edu\\\/colegio\\\/blog\\\/2019\\\/06\\\/18\\\/nuestro-centro-tambien-participara-en-el-programa-erasmus-ka1\\\/\"},\"wordCount\":653,\"image\":{\"@id\":\"https:\\\/\\\/alcala.salesianos.edu\\\/colegio\\\/blog\\\/2019\\\/06\\\/18\\\/nuestro-centro-tambien-participara-en-el-programa-erasmus-ka1\\\/#primaryimage\"},\"thumbnailUrl\":\"https:\\\/\\\/alcala.salesianos.edu\\\/wp-content\\\/uploads\\\/2019\\\/06\\\/k1-300x168.jpeg\",\"articleSection\":[\"Colegio\",\"Escuela abierta\",\"FASA\",\"Infantil\",\"Pastoral\",\"Portada\",\"Primaria\",\"Secundaria\",\"Uncategorized\"],\"inLanguage\":\"es\"},{\"@type\":\"WebPage\",\"@id\":\"https:\\\/\\\/alcala.salesianos.edu\\\/colegio\\\/blog\\\/2019\\\/06\\\/18\\\/nuestro-centro-tambien-participara-en-el-programa-erasmus-ka1\\\/\",\"url\":\"https:\\\/\\\/alcala.salesianos.edu\\\/colegio\\\/blog\\\/2019\\\/06\\\/18\\\/nuestro-centro-tambien-participara-en-el-programa-erasmus-ka1\\\/\",\"name\":\"Formaci\u00f3n en el extranjero para nuestros docentes - Colegio Salesiano Alcal\u00e1\",\"isPartOf\":{\"@id\":\"https:\\\/\\\/alcala.salesianos.edu\\\/colegio\\\/#website\"},\"primaryImageOfPage\":{\"@id\":\"https:\\\/\\\/alcala.salesianos.edu\\\/colegio\\\/blog\\\/2019\\\/06\\\/18\\\/nuestro-centro-tambien-participara-en-el-programa-erasmus-ka1\\\/#primaryimage\"},\"image\":{\"@id\":\"https:\\\/\\\/alcala.salesianos.edu\\\/colegio\\\/blog\\\/2019\\\/06\\\/18\\\/nuestro-centro-tambien-participara-en-el-programa-erasmus-ka1\\\/#primaryimage\"},\"thumbnailUrl\":\"https:\\\/\\\/alcala.salesianos.edu\\\/wp-content\\\/uploads\\\/2019\\\/06\\\/k1-300x168.jpeg\",\"datePublished\":\"2019-06-18T07:34:08+00:00\",\"dateModified\":\"2025-08-27T07:59:08+00:00\",\"author\":{\"@id\":\"https:\\\/\\\/alcala.salesianos.edu\\\/colegio\\\/#\\\/schema\\\/person\\\/afcc24f776dc91fc2bf9afb0998fca77\"},\"breadcrumb\":{\"@id\":\"https:\\\/\\\/alcala.salesianos.edu\\\/colegio\\\/blog\\\/2019\\\/06\\\/18\\\/nuestro-centro-tambien-participara-en-el-programa-erasmus-ka1\\\/#breadcrumb\"},\"inLanguage\":\"es\",\"potentialAction\":[{\"@type\":\"ReadAction\",\"target\":[\"https:\\\/\\\/alcala.salesianos.edu\\\/colegio\\\/blog\\\/2019\\\/06\\\/18\\\/nuestro-centro-tambien-participara-en-el-programa-erasmus-ka1\\\/\"]}]},{\"@type\":\"ImageObject\",\"inLanguage\":\"es\",\"@id\":\"https:\\\/\\\/alcala.salesianos.edu\\\/colegio\\\/blog\\\/2019\\\/06\\\/18\\\/nuestro-centro-tambien-participara-en-el-programa-erasmus-ka1\\\/#primaryimage\",\"url\":\"https:\\\/\\\/alcala.salesianos.edu\\\/wp-content\\\/uploads\\\/2019\\\/06\\\/k1-300x168.jpeg\",\"contentUrl\":\"https:\\\/\\\/alcala.salesianos.edu\\\/wp-content\\\/uploads\\\/2019\\\/06\\\/k1-300x168.jpeg\"},{\"@type\":\"BreadcrumbList\",\"@id\":\"https:\\\/\\\/alcala.salesianos.edu\\\/colegio\\\/blog\\\/2019\\\/06\\\/18\\\/nuestro-centro-tambien-participara-en-el-programa-erasmus-ka1\\\/#breadcrumb\",\"itemListElement\":[{\"@type\":\"ListItem\",\"position\":1,\"name\":\"Portada\",\"item\":\"https:\\\/\\\/alcala.salesianos.edu\\\/colegio\\\/\"},{\"@type\":\"ListItem\",\"position\":2,\"name\":\"Formaci\u00f3n en el extranjero para nuestros docentes\"}]},{\"@type\":\"WebSite\",\"@id\":\"https:\\\/\\\/alcala.salesianos.edu\\\/colegio\\\/#website\",\"url\":\"https:\\\/\\\/alcala.salesianos.edu\\\/colegio\\\/\",\"name\":\"Colegio Salesiano Alcal\u00e1\",\"description\":\"P\u00e1gina oficial de Salesianos Alcal\u00e1 de Guadaira\",\"potentialAction\":[{\"@type\":\"SearchAction\",\"target\":{\"@type\":\"EntryPoint\",\"urlTemplate\":\"https:\\\/\\\/alcala.salesianos.edu\\\/colegio\\\/?s={search_term_string}\"},\"query-input\":{\"@type\":\"PropertyValueSpecification\",\"valueRequired\":true,\"valueName\":\"search_term_string\"}}],\"inLanguage\":\"es\"},{\"@type\":\"Person\",\"@id\":\"https:\\\/\\\/alcala.salesianos.edu\\\/colegio\\\/#\\\/schema\\\/person\\\/afcc24f776dc91fc2bf9afb0998fca77\",\"name\":\"Administrador Web\",\"image\":{\"@type\":\"ImageObject\",\"inLanguage\":\"es\",\"@id\":\"https:\\\/\\\/secure.gravatar.com\\\/avatar\\\/bc157e994689bd6da9645c00aa3bc4d55b727915b6652642660db0aef086585f?s=96&d=mm&r=g\",\"url\":\"https:\\\/\\\/secure.gravatar.com\\\/avatar\\\/bc157e994689bd6da9645c00aa3bc4d55b727915b6652642660db0aef086585f?s=96&d=mm&r=g\",\"contentUrl\":\"https:\\\/\\\/secure.gravatar.com\\\/avatar\\\/bc157e994689bd6da9645c00aa3bc4d55b727915b6652642660db0aef086585f?s=96&d=mm&r=g\",\"caption\":\"Administrador Web\"}}]}<\/script>\n<!-- \/ Yoast SEO plugin. -->","yoast_head_json":{"title":"Formaci\u00f3n en el extranjero para nuestros docentes - Colegio Salesiano Alcal\u00e1","robots":{"index":"index","follow":"follow","max-snippet":"max-snippet:-1","max-image-preview":"max-image-preview:large","max-video-preview":"max-video-preview:-1"},"canonical":"https:\/\/alcala.salesianos.edu\/colegio\/blog\/2019\/06\/18\/nuestro-centro-tambien-participara-en-el-programa-erasmus-ka1\/","og_locale":"es_ES","og_type":"article","og_title":"Formaci\u00f3n en el extranjero para nuestros docentes - Colegio Salesiano Alcal\u00e1","og_description":"Nuestro centro consigue nueve movilidades para el profesorado a Francia, Irlanda, Italia e Inglaterra","og_url":"https:\/\/alcala.salesianos.edu\/colegio\/blog\/2019\/06\/18\/nuestro-centro-tambien-participara-en-el-programa-erasmus-ka1\/","og_site_name":"Colegio Salesiano Alcal\u00e1","article_published_time":"2019-06-18T07:34:08+00:00","article_modified_time":"2025-08-27T07:59:08+00:00","author":"Administrador Web","twitter_card":"summary_large_image","twitter_misc":{"Escrito por":"Administrador Web","Tiempo de lectura":"3 minutos"},"schema":{"@context":"https:\/\/schema.org","@graph":[{"@type":"Article","@id":"https:\/\/alcala.salesianos.edu\/colegio\/blog\/2019\/06\/18\/nuestro-centro-tambien-participara-en-el-programa-erasmus-ka1\/#article","isPartOf":{"@id":"https:\/\/alcala.salesianos.edu\/colegio\/blog\/2019\/06\/18\/nuestro-centro-tambien-participara-en-el-programa-erasmus-ka1\/"},"author":{"name":"Administrador Web","@id":"https:\/\/alcala.salesianos.edu\/colegio\/#\/schema\/person\/afcc24f776dc91fc2bf9afb0998fca77"},"headline":"Formaci\u00f3n en el extranjero para nuestros docentes","datePublished":"2019-06-18T07:34:08+00:00","dateModified":"2025-08-27T07:59:08+00:00","mainEntityOfPage":{"@id":"https:\/\/alcala.salesianos.edu\/colegio\/blog\/2019\/06\/18\/nuestro-centro-tambien-participara-en-el-programa-erasmus-ka1\/"},"wordCount":653,"image":{"@id":"https:\/\/alcala.salesianos.edu\/colegio\/blog\/2019\/06\/18\/nuestro-centro-tambien-participara-en-el-programa-erasmus-ka1\/#primaryimage"},"thumbnailUrl":"https:\/\/alcala.salesianos.edu\/wp-content\/uploads\/2019\/06\/k1-300x168.jpeg","articleSection":["Colegio","Escuela abierta","FASA","Infantil","Pastoral","Portada","Primaria","Secundaria","Uncategorized"],"inLanguage":"es"},{"@type":"WebPage","@id":"https:\/\/alcala.salesianos.edu\/colegio\/blog\/2019\/06\/18\/nuestro-centro-tambien-participara-en-el-programa-erasmus-ka1\/","url":"https:\/\/alcala.salesianos.edu\/colegio\/blog\/2019\/06\/18\/nuestro-centro-tambien-participara-en-el-programa-erasmus-ka1\/","name":"Formaci\u00f3n en el extranjero para nuestros docentes - Colegio Salesiano Alcal\u00e1","isPartOf":{"@id":"https:\/\/alcala.salesianos.edu\/colegio\/#website"},"primaryImageOfPage":{"@id":"https:\/\/alcala.salesianos.edu\/colegio\/blog\/2019\/06\/18\/nuestro-centro-tambien-participara-en-el-programa-erasmus-ka1\/#primaryimage"},"image":{"@id":"https:\/\/alcala.salesianos.edu\/colegio\/blog\/2019\/06\/18\/nuestro-centro-tambien-participara-en-el-programa-erasmus-ka1\/#primaryimage"},"thumbnailUrl":"https:\/\/alcala.salesianos.edu\/wp-content\/uploads\/2019\/06\/k1-300x168.jpeg","datePublished":"2019-06-18T07:34:08+00:00","dateModified":"2025-08-27T07:59:08+00:00","author":{"@id":"https:\/\/alcala.salesianos.edu\/colegio\/#\/schema\/person\/afcc24f776dc91fc2bf9afb0998fca77"},"breadcrumb":{"@id":"https:\/\/alcala.salesianos.edu\/colegio\/blog\/2019\/06\/18\/nuestro-centro-tambien-participara-en-el-programa-erasmus-ka1\/#breadcrumb"},"inLanguage":"es","potentialAction":[{"@type":"ReadAction","target":["https:\/\/alcala.salesianos.edu\/colegio\/blog\/2019\/06\/18\/nuestro-centro-tambien-participara-en-el-programa-erasmus-ka1\/"]}]},{"@type":"ImageObject","inLanguage":"es","@id":"https:\/\/alcala.salesianos.edu\/colegio\/blog\/2019\/06\/18\/nuestro-centro-tambien-participara-en-el-programa-erasmus-ka1\/#primaryimage","url":"https:\/\/alcala.salesianos.edu\/wp-content\/uploads\/2019\/06\/k1-300x168.jpeg","contentUrl":"https:\/\/alcala.salesianos.edu\/wp-content\/uploads\/2019\/06\/k1-300x168.jpeg"},{"@type":"BreadcrumbList","@id":"https:\/\/alcala.salesianos.edu\/colegio\/blog\/2019\/06\/18\/nuestro-centro-tambien-participara-en-el-programa-erasmus-ka1\/#breadcrumb","itemListElement":[{"@type":"ListItem","position":1,"name":"Portada","item":"https:\/\/alcala.salesianos.edu\/colegio\/"},{"@type":"ListItem","position":2,"name":"Formaci\u00f3n en el extranjero para nuestros docentes"}]},{"@type":"WebSite","@id":"https:\/\/alcala.salesianos.edu\/colegio\/#website","url":"https:\/\/alcala.salesianos.edu\/colegio\/","name":"Colegio Salesiano Alcal\u00e1","description":"P\u00e1gina oficial de Salesianos Alcal\u00e1 de Guadaira","potentialAction":[{"@type":"SearchAction","target":{"@type":"EntryPoint","urlTemplate":"https:\/\/alcala.salesianos.edu\/colegio\/?s={search_term_string}"},"query-input":{"@type":"PropertyValueSpecification","valueRequired":true,"valueName":"search_term_string"}}],"inLanguage":"es"},{"@type":"Person","@id":"https:\/\/alcala.salesianos.edu\/colegio\/#\/schema\/person\/afcc24f776dc91fc2bf9afb0998fca77","name":"Administrador Web","image":{"@type":"ImageObject","inLanguage":"es","@id":"https:\/\/secure.gravatar.com\/avatar\/bc157e994689bd6da9645c00aa3bc4d55b727915b6652642660db0aef086585f?s=96&d=mm&r=g","url":"https:\/\/secure.gravatar.com\/avatar\/bc157e994689bd6da9645c00aa3bc4d55b727915b6652642660db0aef086585f?s=96&d=mm&r=g","contentUrl":"https:\/\/secure.gravatar.com\/avatar\/bc157e994689bd6da9645c00aa3bc4d55b727915b6652642660db0aef086585f?s=96&d=mm&r=g","caption":"Administrador Web"}}]}},"_links":{"self":[{"href":"https:\/\/alcala.salesianos.edu\/colegio\/wp-json\/wp\/v2\/posts\/11465","targetHints":{"allow":["GET"]}}],"collection":[{"href":"https:\/\/alcala.salesianos.edu\/colegio\/wp-json\/wp\/v2\/posts"}],"about":[{"href":"https:\/\/alcala.salesianos.edu\/colegio\/wp-json\/wp\/v2\/types\/post"}],"author":[{"embeddable":true,"href":"https:\/\/alcala.salesianos.edu\/colegio\/wp-json\/wp\/v2\/users\/2"}],"replies":[{"embeddable":true,"href":"https:\/\/alcala.salesianos.edu\/colegio\/wp-json\/wp\/v2\/comments?post=11465"}],"version-history":[{"count":10,"href":"https:\/\/alcala.salesianos.edu\/colegio\/wp-json\/wp\/v2\/posts\/11465\/revisions"}],"predecessor-version":[{"id":16383,"href":"https:\/\/alcala.salesianos.edu\/colegio\/wp-json\/wp\/v2\/posts\/11465\/revisions\/16383"}],"wp:attachment":[{"href":"https:\/\/alcala.salesianos.edu\/colegio\/wp-json\/wp\/v2\/media?parent=11465"}],"wp:term":[{"taxonomy":"category","embeddable":true,"href":"https:\/\/alcala.salesianos.edu\/colegio\/wp-json\/wp\/v2\/categories?post=11465"},{"taxonomy":"post_tag","embeddable":true,"href":"https:\/\/alcala.salesianos.edu\/colegio\/wp-json\/wp\/v2\/tags?post=11465"}],"curies":[{"name":"wp","href":"https:\/\/api.w.org\/{rel}","templated":true}]}}