{"id":11432,"date":"2019-06-10T19:42:21","date_gmt":"2019-06-10T18:42:21","guid":{"rendered":"https:\/\/alcala.salesianos.edu\/colegio\/blog\/2019\/06\/10\/nuestro-colegio-elegido-para-realizar-un-proyecto-de-investigacion-con-drones-con-otros-colegios-europeos\/"},"modified":"2025-08-27T08:59:09","modified_gmt":"2025-08-27T07:59:09","slug":"nuestro-colegio-elegido-para-realizar-un-proyecto-de-investigacion-con-drones-con-otros-colegios-europeos","status":"publish","type":"post","link":"https:\/\/alcala.salesianos.edu\/colegio\/blog\/2019\/06\/10\/nuestro-colegio-elegido-para-realizar-un-proyecto-de-investigacion-con-drones-con-otros-colegios-europeos\/","title":{"rendered":"Nuestro Colegio, seleccionado para realizar un proyecto de investigaci\u00f3n con drones con otros colegios europeos"},"content":{"rendered":"<div id=\"fb-root\"><\/div>\n<p>[et_pb_section bb_built=\u00bb1&#8243; inner_width=\u00bbauto\u00bb inner_max_width=\u00bbnone\u00bb][et_pb_row][et_pb_column type=\u00bb4_4&#8243;][et_pb_text _builder_version=\u00bb3.22.4&#8243; text_text_shadow_horizontal_length=\u00bbtext_text_shadow_style,%91object Object%93&#8243; text_text_shadow_vertical_length=\u00bbtext_text_shadow_style,%91object Object%93&#8243; text_text_shadow_blur_strength=\u00bbtext_text_shadow_style,%91object Object%93&#8243; link_text_shadow_horizontal_length=\u00bblink_text_shadow_style,%91object Object%93&#8243; link_text_shadow_vertical_length=\u00bblink_text_shadow_style,%91object Object%93&#8243; link_text_shadow_blur_strength=\u00bblink_text_shadow_style,%91object Object%93&#8243; ul_text_shadow_horizontal_length=\u00bbul_text_shadow_style,%91object Object%93&#8243; ul_text_shadow_vertical_length=\u00bbul_text_shadow_style,%91object Object%93&#8243; ul_text_shadow_blur_strength=\u00bbul_text_shadow_style,%91object Object%93&#8243; ol_text_shadow_horizontal_length=\u00bbol_text_shadow_style,%91object Object%93&#8243; ol_text_shadow_vertical_length=\u00bbol_text_shadow_style,%91object Object%93&#8243; ol_text_shadow_blur_strength=\u00bbol_text_shadow_style,%91object Object%93&#8243; quote_text_shadow_horizontal_length=\u00bbquote_text_shadow_style,%91object Object%93&#8243; quote_text_shadow_vertical_length=\u00bbquote_text_shadow_style,%91object Object%93&#8243; quote_text_shadow_blur_strength=\u00bbquote_text_shadow_style,%91object Object%93&#8243; header_text_shadow_horizontal_length=\u00bbheader_text_shadow_style,%91object Object%93&#8243; header_text_shadow_vertical_length=\u00bbheader_text_shadow_style,%91object Object%93&#8243; header_text_shadow_blur_strength=\u00bbheader_text_shadow_style,%91object Object%93&#8243; header_2_text_shadow_horizontal_length=\u00bbheader_2_text_shadow_style,%91object Object%93&#8243; header_2_text_shadow_vertical_length=\u00bbheader_2_text_shadow_style,%91object Object%93&#8243; header_2_text_shadow_blur_strength=\u00bbheader_2_text_shadow_style,%91object Object%93&#8243; header_3_text_shadow_horizontal_length=\u00bbheader_3_text_shadow_style,%91object Object%93&#8243; header_3_text_shadow_vertical_length=\u00bbheader_3_text_shadow_style,%91object Object%93&#8243; header_3_text_shadow_blur_strength=\u00bbheader_3_text_shadow_style,%91object Object%93&#8243; header_4_text_shadow_horizontal_length=\u00bbheader_4_text_shadow_style,%91object Object%93&#8243; header_4_text_shadow_vertical_length=\u00bbheader_4_text_shadow_style,%91object Object%93&#8243; header_4_text_shadow_blur_strength=\u00bbheader_4_text_shadow_style,%91object Object%93&#8243; header_5_text_shadow_horizontal_length=\u00bbheader_5_text_shadow_style,%91object Object%93&#8243; header_5_text_shadow_vertical_length=\u00bbheader_5_text_shadow_style,%91object Object%93&#8243; header_5_text_shadow_blur_strength=\u00bbheader_5_text_shadow_style,%91object Object%93&#8243; header_6_text_shadow_horizontal_length=\u00bbheader_6_text_shadow_style,%91object Object%93&#8243; header_6_text_shadow_vertical_length=\u00bbheader_6_text_shadow_style,%91object Object%93&#8243; header_6_text_shadow_blur_strength=\u00bbheader_6_text_shadow_style,%91object Object%93&#8243; z_index_tablet=\u00bb500&#8243;]<\/p>\n<p>Por primera vez, nuestro centro se suma a un proyecto de Erasmus+ KA2 \u00a0denominado \u201cFuture Jobs \u201ccon el objetivo de apoyar el desarrollo y la implementaci\u00f3n de pr\u00e1cticas innovadoras a nivel europeo de la mano de cuatro pa\u00edses: Lituania, Turqu\u00eda, Portugal y Grecia.<\/p>\n<p><img loading=\"lazy\" decoding=\"async\" class=\"alignleft\" src=\"http:\/\/geeks.e-consulta.com\/wp-content\/uploads\/2016\/08\/imageb-drones-1000x620.jpg\" alt=\"Resultado de imagen de drones educacion\" width=\"336\" height=\"208\" \/><\/p>\n<p>Ante los cambios inminentes que las tecnolog\u00edas han producido en nuestra sociedad, es el momento de actualizar nuestra educaci\u00f3n y proporcionar a los j\u00f3venes las mejores herramientas y habilidades necesarias para el mundo que les rodea. \u00a0Por ello, en este proyecto, \u00a0las nuevas tecnolog\u00edas como lo son la rob\u00f3tica, drones y redes sociales, juegan un papel fundamental donde los estudiantes de cada colegio desempe\u00f1ar\u00e1n una serie de actividades que, posteriormente, se pondr\u00e1n en com\u00fan para favorecer al intercambio de buenas pr\u00e1cticas.<\/p>\n<p>\u00a0<\/p>\n<p>Nuestro primer trabajo es \u201cData Scientist\u201d (centro educativo de Turqu\u00eda),\u00a0 el segundo es \u201cUser Experiencer Designer\u201d (centro educativo de Grecia), el tercero es \u201cSocial Media Influencer\u201d (centro educativo de Po<\/p>\n<p>rtugal), el cuarto es \u201cSoftware ingineer\u201d (centro educativo de Lituania) y el quinto es \u201cDrone pilot\u201d (nuestro centro) y los estudiantes aprender\u00e1n sobre estos trabajos y lo experimentar\u00e1n a trav\u00e9s de actividades.<\/p>\n<p>Todo esto, permitir\u00e1 la mejora en las habilidades de los alumnos como lo son; el pensamiento cr\u00edtico, resoluci\u00f3n de problemas, creatividad, innovaci\u00f3n, comunicaci\u00f3n, colaboraci\u00f3n, alfabetizaci\u00f3n en TIC, iniciativa y autodirecci\u00f3n, habilidades sociales e interculturales y responsabilidad.<\/p>\n<p><img loading=\"lazy\" decoding=\"async\" class=\" wp-image-6360 aligncenter\" src=\"https:\/\/alcala.salesianos.edu\/wp-content\/uploads\/2019\/06\/3-2019-03-12-erasmus_ka2-300x214.png\" alt=\"\" width=\"342\" height=\"244\" \/><\/p>\n<p>[\/et_pb_text][\/et_pb_column][\/et_pb_row][\/et_pb_section]<\/p>\n","protected":false},"excerpt":{"rendered":"<p><div class=\"et_pb_row et_pb_row_0 et_pb_row_empty\">\n\t\t\t\t\n\t\t\t\t\n\t\t\t\t\n\t\t\t\t\n\t\t\t\t\n\t\t\t<\/div> Por primera vez, nuestro centro se suma a un proyecto de Erasmus+ KA2 \u00a0denominado \u201cFuture Jobs \u201ccon el objetivo de apoyar el desarrollo y la implementaci\u00f3n de pr\u00e1cticas innovadoras a nivel europeo de la mano de cuatro pa\u00edses: Lituania, Turqu\u00eda, Portugal y Grecia.Ante los cambios inminentes que las tecnolog\u00edas han producido en nuestra sociedad, [&hellip;]<\/p>\n","protected":false},"author":2,"featured_media":0,"comment_status":"closed","ping_status":"open","sticky":false,"template":"","format":"standard","meta":{"_et_pb_use_builder":"on","_et_pb_old_content":"","_et_gb_content_width":"","footnotes":""},"categories":[12,19,13,17,14,15,18,16,1],"tags":[],"class_list":["post-11432","post","type-post","status-publish","format-standard","hentry","category-colegio","category-escuela-abierta","category-fasa","category-infantil","category-pastoral","category-portada","category-primaria","category-secundaria","category-uncategorized"],"yoast_head":"<!-- This site is optimized with the Yoast SEO plugin v28.4 - https:\/\/yoast.com\/product\/yoast-seo-wordpress\/ -->\n<title>Nuestro Colegio, seleccionado para realizar un proyecto de investigaci\u00f3n con drones con otros colegios europeos - Colegio Salesiano Alcal\u00e1<\/title>\n<meta name=\"robots\" content=\"index, follow, max-snippet:-1, max-image-preview:large, max-video-preview:-1\" \/>\n<link rel=\"canonical\" href=\"https:\/\/alcala.salesianos.edu\/colegio\/blog\/2019\/06\/10\/nuestro-colegio-elegido-para-realizar-un-proyecto-de-investigacion-con-drones-con-otros-colegios-europeos\/\" \/>\n<meta property=\"og:locale\" content=\"es_ES\" \/>\n<meta property=\"og:type\" content=\"article\" \/>\n<meta property=\"og:title\" content=\"Nuestro Colegio, seleccionado para realizar un proyecto de investigaci\u00f3n con drones con otros colegios europeos - Colegio Salesiano Alcal\u00e1\" \/>\n<meta property=\"og:description\" content=\"Por primera vez, nuestro centro se suma a un proyecto de Erasmus+ KA2 \u00a0denominado \u201cFuture Jobs \u201ccon el objetivo de apoyar el desarrollo y la implementaci\u00f3n de pr\u00e1cticas innovadoras a nivel europeo de la mano de cuatro pa\u00edses: Lituania, Turqu\u00eda, Portugal y Grecia.Ante los cambios inminentes que las tecnolog\u00edas han producido en nuestra sociedad, [&hellip;]\" \/>\n<meta property=\"og:url\" content=\"https:\/\/alcala.salesianos.edu\/colegio\/blog\/2019\/06\/10\/nuestro-colegio-elegido-para-realizar-un-proyecto-de-investigacion-con-drones-con-otros-colegios-europeos\/\" \/>\n<meta property=\"og:site_name\" content=\"Colegio Salesiano Alcal\u00e1\" \/>\n<meta property=\"article:published_time\" content=\"2019-06-10T18:42:21+00:00\" \/>\n<meta property=\"article:modified_time\" content=\"2025-08-27T07:59:09+00:00\" \/>\n<meta property=\"og:image\" content=\"http:\/\/geeks.e-consulta.com\/wp-content\/uploads\/2016\/08\/imageb-drones-1000x620.jpg\" \/>\n<meta name=\"author\" content=\"Administrador Web\" \/>\n<meta name=\"twitter:card\" content=\"summary_large_image\" \/>\n<meta name=\"twitter:label1\" content=\"Escrito por\" \/>\n\t<meta name=\"twitter:data1\" content=\"Administrador Web\" \/>\n\t<meta name=\"twitter:label2\" content=\"Tiempo de lectura\" \/>\n\t<meta name=\"twitter:data2\" content=\"3 minutos\" \/>\n<script type=\"application\/ld+json\" class=\"yoast-schema-graph\">{\"@context\":\"https:\\\/\\\/schema.org\",\"@graph\":[{\"@type\":\"Article\",\"@id\":\"https:\\\/\\\/alcala.salesianos.edu\\\/colegio\\\/blog\\\/2019\\\/06\\\/10\\\/nuestro-colegio-elegido-para-realizar-un-proyecto-de-investigacion-con-drones-con-otros-colegios-europeos\\\/#article\",\"isPartOf\":{\"@id\":\"https:\\\/\\\/alcala.salesianos.edu\\\/colegio\\\/blog\\\/2019\\\/06\\\/10\\\/nuestro-colegio-elegido-para-realizar-un-proyecto-de-investigacion-con-drones-con-otros-colegios-europeos\\\/\"},\"author\":{\"name\":\"Administrador Web\",\"@id\":\"https:\\\/\\\/alcala.salesianos.edu\\\/colegio\\\/#\\\/schema\\\/person\\\/afcc24f776dc91fc2bf9afb0998fca77\"},\"headline\":\"Nuestro Colegio, seleccionado para realizar un proyecto de investigaci\u00f3n con drones con otros colegios europeos\",\"datePublished\":\"2019-06-10T18:42:21+00:00\",\"dateModified\":\"2025-08-27T07:59:09+00:00\",\"mainEntityOfPage\":{\"@id\":\"https:\\\/\\\/alcala.salesianos.edu\\\/colegio\\\/blog\\\/2019\\\/06\\\/10\\\/nuestro-colegio-elegido-para-realizar-un-proyecto-de-investigacion-con-drones-con-otros-colegios-europeos\\\/\"},\"wordCount\":665,\"image\":{\"@id\":\"https:\\\/\\\/alcala.salesianos.edu\\\/colegio\\\/blog\\\/2019\\\/06\\\/10\\\/nuestro-colegio-elegido-para-realizar-un-proyecto-de-investigacion-con-drones-con-otros-colegios-europeos\\\/#primaryimage\"},\"thumbnailUrl\":\"http:\\\/\\\/geeks.e-consulta.com\\\/wp-content\\\/uploads\\\/2016\\\/08\\\/imageb-drones-1000x620.jpg\",\"articleSection\":[\"Colegio\",\"Escuela abierta\",\"FASA\",\"Infantil\",\"Pastoral\",\"Portada\",\"Primaria\",\"Secundaria\",\"Uncategorized\"],\"inLanguage\":\"es\"},{\"@type\":\"WebPage\",\"@id\":\"https:\\\/\\\/alcala.salesianos.edu\\\/colegio\\\/blog\\\/2019\\\/06\\\/10\\\/nuestro-colegio-elegido-para-realizar-un-proyecto-de-investigacion-con-drones-con-otros-colegios-europeos\\\/\",\"url\":\"https:\\\/\\\/alcala.salesianos.edu\\\/colegio\\\/blog\\\/2019\\\/06\\\/10\\\/nuestro-colegio-elegido-para-realizar-un-proyecto-de-investigacion-con-drones-con-otros-colegios-europeos\\\/\",\"name\":\"Nuestro Colegio, seleccionado para realizar un proyecto de investigaci\u00f3n con drones con otros colegios europeos - Colegio Salesiano Alcal\u00e1\",\"isPartOf\":{\"@id\":\"https:\\\/\\\/alcala.salesianos.edu\\\/colegio\\\/#website\"},\"primaryImageOfPage\":{\"@id\":\"https:\\\/\\\/alcala.salesianos.edu\\\/colegio\\\/blog\\\/2019\\\/06\\\/10\\\/nuestro-colegio-elegido-para-realizar-un-proyecto-de-investigacion-con-drones-con-otros-colegios-europeos\\\/#primaryimage\"},\"image\":{\"@id\":\"https:\\\/\\\/alcala.salesianos.edu\\\/colegio\\\/blog\\\/2019\\\/06\\\/10\\\/nuestro-colegio-elegido-para-realizar-un-proyecto-de-investigacion-con-drones-con-otros-colegios-europeos\\\/#primaryimage\"},\"thumbnailUrl\":\"http:\\\/\\\/geeks.e-consulta.com\\\/wp-content\\\/uploads\\\/2016\\\/08\\\/imageb-drones-1000x620.jpg\",\"datePublished\":\"2019-06-10T18:42:21+00:00\",\"dateModified\":\"2025-08-27T07:59:09+00:00\",\"author\":{\"@id\":\"https:\\\/\\\/alcala.salesianos.edu\\\/colegio\\\/#\\\/schema\\\/person\\\/afcc24f776dc91fc2bf9afb0998fca77\"},\"breadcrumb\":{\"@id\":\"https:\\\/\\\/alcala.salesianos.edu\\\/colegio\\\/blog\\\/2019\\\/06\\\/10\\\/nuestro-colegio-elegido-para-realizar-un-proyecto-de-investigacion-con-drones-con-otros-colegios-europeos\\\/#breadcrumb\"},\"inLanguage\":\"es\",\"potentialAction\":[{\"@type\":\"ReadAction\",\"target\":[\"https:\\\/\\\/alcala.salesianos.edu\\\/colegio\\\/blog\\\/2019\\\/06\\\/10\\\/nuestro-colegio-elegido-para-realizar-un-proyecto-de-investigacion-con-drones-con-otros-colegios-europeos\\\/\"]}]},{\"@type\":\"ImageObject\",\"inLanguage\":\"es\",\"@id\":\"https:\\\/\\\/alcala.salesianos.edu\\\/colegio\\\/blog\\\/2019\\\/06\\\/10\\\/nuestro-colegio-elegido-para-realizar-un-proyecto-de-investigacion-con-drones-con-otros-colegios-europeos\\\/#primaryimage\",\"url\":\"http:\\\/\\\/geeks.e-consulta.com\\\/wp-content\\\/uploads\\\/2016\\\/08\\\/imageb-drones-1000x620.jpg\",\"contentUrl\":\"http:\\\/\\\/geeks.e-consulta.com\\\/wp-content\\\/uploads\\\/2016\\\/08\\\/imageb-drones-1000x620.jpg\"},{\"@type\":\"BreadcrumbList\",\"@id\":\"https:\\\/\\\/alcala.salesianos.edu\\\/colegio\\\/blog\\\/2019\\\/06\\\/10\\\/nuestro-colegio-elegido-para-realizar-un-proyecto-de-investigacion-con-drones-con-otros-colegios-europeos\\\/#breadcrumb\",\"itemListElement\":[{\"@type\":\"ListItem\",\"position\":1,\"name\":\"Portada\",\"item\":\"https:\\\/\\\/alcala.salesianos.edu\\\/colegio\\\/\"},{\"@type\":\"ListItem\",\"position\":2,\"name\":\"Nuestro Colegio, seleccionado para realizar un proyecto de investigaci\u00f3n con drones con otros colegios europeos\"}]},{\"@type\":\"WebSite\",\"@id\":\"https:\\\/\\\/alcala.salesianos.edu\\\/colegio\\\/#website\",\"url\":\"https:\\\/\\\/alcala.salesianos.edu\\\/colegio\\\/\",\"name\":\"Colegio Salesiano Alcal\u00e1\",\"description\":\"P\u00e1gina oficial de Salesianos Alcal\u00e1 de Guadaira\",\"potentialAction\":[{\"@type\":\"SearchAction\",\"target\":{\"@type\":\"EntryPoint\",\"urlTemplate\":\"https:\\\/\\\/alcala.salesianos.edu\\\/colegio\\\/?s={search_term_string}\"},\"query-input\":{\"@type\":\"PropertyValueSpecification\",\"valueRequired\":true,\"valueName\":\"search_term_string\"}}],\"inLanguage\":\"es\"},{\"@type\":\"Person\",\"@id\":\"https:\\\/\\\/alcala.salesianos.edu\\\/colegio\\\/#\\\/schema\\\/person\\\/afcc24f776dc91fc2bf9afb0998fca77\",\"name\":\"Administrador Web\",\"image\":{\"@type\":\"ImageObject\",\"inLanguage\":\"es\",\"@id\":\"https:\\\/\\\/secure.gravatar.com\\\/avatar\\\/bc157e994689bd6da9645c00aa3bc4d55b727915b6652642660db0aef086585f?s=96&d=mm&r=g\",\"url\":\"https:\\\/\\\/secure.gravatar.com\\\/avatar\\\/bc157e994689bd6da9645c00aa3bc4d55b727915b6652642660db0aef086585f?s=96&d=mm&r=g\",\"contentUrl\":\"https:\\\/\\\/secure.gravatar.com\\\/avatar\\\/bc157e994689bd6da9645c00aa3bc4d55b727915b6652642660db0aef086585f?s=96&d=mm&r=g\",\"caption\":\"Administrador Web\"}}]}<\/script>\n<!-- \/ Yoast SEO plugin. -->","yoast_head_json":{"title":"Nuestro Colegio, seleccionado para realizar un proyecto de investigaci\u00f3n con drones con otros colegios europeos - Colegio Salesiano Alcal\u00e1","robots":{"index":"index","follow":"follow","max-snippet":"max-snippet:-1","max-image-preview":"max-image-preview:large","max-video-preview":"max-video-preview:-1"},"canonical":"https:\/\/alcala.salesianos.edu\/colegio\/blog\/2019\/06\/10\/nuestro-colegio-elegido-para-realizar-un-proyecto-de-investigacion-con-drones-con-otros-colegios-europeos\/","og_locale":"es_ES","og_type":"article","og_title":"Nuestro Colegio, seleccionado para realizar un proyecto de investigaci\u00f3n con drones con otros colegios europeos - Colegio Salesiano Alcal\u00e1","og_description":"Por primera vez, nuestro centro se suma a un proyecto de Erasmus+ KA2 \u00a0denominado \u201cFuture Jobs \u201ccon el objetivo de apoyar el desarrollo y la implementaci\u00f3n de pr\u00e1cticas innovadoras a nivel europeo de la mano de cuatro pa\u00edses: Lituania, Turqu\u00eda, Portugal y Grecia.Ante los cambios inminentes que las tecnolog\u00edas han producido en nuestra sociedad, [&hellip;]","og_url":"https:\/\/alcala.salesianos.edu\/colegio\/blog\/2019\/06\/10\/nuestro-colegio-elegido-para-realizar-un-proyecto-de-investigacion-con-drones-con-otros-colegios-europeos\/","og_site_name":"Colegio Salesiano Alcal\u00e1","article_published_time":"2019-06-10T18:42:21+00:00","article_modified_time":"2025-08-27T07:59:09+00:00","og_image":[{"url":"http:\/\/geeks.e-consulta.com\/wp-content\/uploads\/2016\/08\/imageb-drones-1000x620.jpg","type":"","width":"","height":""}],"author":"Administrador Web","twitter_card":"summary_large_image","twitter_misc":{"Escrito por":"Administrador Web","Tiempo de lectura":"3 minutos"},"schema":{"@context":"https:\/\/schema.org","@graph":[{"@type":"Article","@id":"https:\/\/alcala.salesianos.edu\/colegio\/blog\/2019\/06\/10\/nuestro-colegio-elegido-para-realizar-un-proyecto-de-investigacion-con-drones-con-otros-colegios-europeos\/#article","isPartOf":{"@id":"https:\/\/alcala.salesianos.edu\/colegio\/blog\/2019\/06\/10\/nuestro-colegio-elegido-para-realizar-un-proyecto-de-investigacion-con-drones-con-otros-colegios-europeos\/"},"author":{"name":"Administrador Web","@id":"https:\/\/alcala.salesianos.edu\/colegio\/#\/schema\/person\/afcc24f776dc91fc2bf9afb0998fca77"},"headline":"Nuestro Colegio, seleccionado para realizar un proyecto de investigaci\u00f3n con drones con otros colegios europeos","datePublished":"2019-06-10T18:42:21+00:00","dateModified":"2025-08-27T07:59:09+00:00","mainEntityOfPage":{"@id":"https:\/\/alcala.salesianos.edu\/colegio\/blog\/2019\/06\/10\/nuestro-colegio-elegido-para-realizar-un-proyecto-de-investigacion-con-drones-con-otros-colegios-europeos\/"},"wordCount":665,"image":{"@id":"https:\/\/alcala.salesianos.edu\/colegio\/blog\/2019\/06\/10\/nuestro-colegio-elegido-para-realizar-un-proyecto-de-investigacion-con-drones-con-otros-colegios-europeos\/#primaryimage"},"thumbnailUrl":"http:\/\/geeks.e-consulta.com\/wp-content\/uploads\/2016\/08\/imageb-drones-1000x620.jpg","articleSection":["Colegio","Escuela abierta","FASA","Infantil","Pastoral","Portada","Primaria","Secundaria","Uncategorized"],"inLanguage":"es"},{"@type":"WebPage","@id":"https:\/\/alcala.salesianos.edu\/colegio\/blog\/2019\/06\/10\/nuestro-colegio-elegido-para-realizar-un-proyecto-de-investigacion-con-drones-con-otros-colegios-europeos\/","url":"https:\/\/alcala.salesianos.edu\/colegio\/blog\/2019\/06\/10\/nuestro-colegio-elegido-para-realizar-un-proyecto-de-investigacion-con-drones-con-otros-colegios-europeos\/","name":"Nuestro Colegio, seleccionado para realizar un proyecto de investigaci\u00f3n con drones con otros colegios europeos - Colegio Salesiano Alcal\u00e1","isPartOf":{"@id":"https:\/\/alcala.salesianos.edu\/colegio\/#website"},"primaryImageOfPage":{"@id":"https:\/\/alcala.salesianos.edu\/colegio\/blog\/2019\/06\/10\/nuestro-colegio-elegido-para-realizar-un-proyecto-de-investigacion-con-drones-con-otros-colegios-europeos\/#primaryimage"},"image":{"@id":"https:\/\/alcala.salesianos.edu\/colegio\/blog\/2019\/06\/10\/nuestro-colegio-elegido-para-realizar-un-proyecto-de-investigacion-con-drones-con-otros-colegios-europeos\/#primaryimage"},"thumbnailUrl":"http:\/\/geeks.e-consulta.com\/wp-content\/uploads\/2016\/08\/imageb-drones-1000x620.jpg","datePublished":"2019-06-10T18:42:21+00:00","dateModified":"2025-08-27T07:59:09+00:00","author":{"@id":"https:\/\/alcala.salesianos.edu\/colegio\/#\/schema\/person\/afcc24f776dc91fc2bf9afb0998fca77"},"breadcrumb":{"@id":"https:\/\/alcala.salesianos.edu\/colegio\/blog\/2019\/06\/10\/nuestro-colegio-elegido-para-realizar-un-proyecto-de-investigacion-con-drones-con-otros-colegios-europeos\/#breadcrumb"},"inLanguage":"es","potentialAction":[{"@type":"ReadAction","target":["https:\/\/alcala.salesianos.edu\/colegio\/blog\/2019\/06\/10\/nuestro-colegio-elegido-para-realizar-un-proyecto-de-investigacion-con-drones-con-otros-colegios-europeos\/"]}]},{"@type":"ImageObject","inLanguage":"es","@id":"https:\/\/alcala.salesianos.edu\/colegio\/blog\/2019\/06\/10\/nuestro-colegio-elegido-para-realizar-un-proyecto-de-investigacion-con-drones-con-otros-colegios-europeos\/#primaryimage","url":"http:\/\/geeks.e-consulta.com\/wp-content\/uploads\/2016\/08\/imageb-drones-1000x620.jpg","contentUrl":"http:\/\/geeks.e-consulta.com\/wp-content\/uploads\/2016\/08\/imageb-drones-1000x620.jpg"},{"@type":"BreadcrumbList","@id":"https:\/\/alcala.salesianos.edu\/colegio\/blog\/2019\/06\/10\/nuestro-colegio-elegido-para-realizar-un-proyecto-de-investigacion-con-drones-con-otros-colegios-europeos\/#breadcrumb","itemListElement":[{"@type":"ListItem","position":1,"name":"Portada","item":"https:\/\/alcala.salesianos.edu\/colegio\/"},{"@type":"ListItem","position":2,"name":"Nuestro Colegio, seleccionado para realizar un proyecto de investigaci\u00f3n con drones con otros colegios europeos"}]},{"@type":"WebSite","@id":"https:\/\/alcala.salesianos.edu\/colegio\/#website","url":"https:\/\/alcala.salesianos.edu\/colegio\/","name":"Colegio Salesiano Alcal\u00e1","description":"P\u00e1gina oficial de Salesianos Alcal\u00e1 de Guadaira","potentialAction":[{"@type":"SearchAction","target":{"@type":"EntryPoint","urlTemplate":"https:\/\/alcala.salesianos.edu\/colegio\/?s={search_term_string}"},"query-input":{"@type":"PropertyValueSpecification","valueRequired":true,"valueName":"search_term_string"}}],"inLanguage":"es"},{"@type":"Person","@id":"https:\/\/alcala.salesianos.edu\/colegio\/#\/schema\/person\/afcc24f776dc91fc2bf9afb0998fca77","name":"Administrador Web","image":{"@type":"ImageObject","inLanguage":"es","@id":"https:\/\/secure.gravatar.com\/avatar\/bc157e994689bd6da9645c00aa3bc4d55b727915b6652642660db0aef086585f?s=96&d=mm&r=g","url":"https:\/\/secure.gravatar.com\/avatar\/bc157e994689bd6da9645c00aa3bc4d55b727915b6652642660db0aef086585f?s=96&d=mm&r=g","contentUrl":"https:\/\/secure.gravatar.com\/avatar\/bc157e994689bd6da9645c00aa3bc4d55b727915b6652642660db0aef086585f?s=96&d=mm&r=g","caption":"Administrador Web"}}]}},"_links":{"self":[{"href":"https:\/\/alcala.salesianos.edu\/colegio\/wp-json\/wp\/v2\/posts\/11432","targetHints":{"allow":["GET"]}}],"collection":[{"href":"https:\/\/alcala.salesianos.edu\/colegio\/wp-json\/wp\/v2\/posts"}],"about":[{"href":"https:\/\/alcala.salesianos.edu\/colegio\/wp-json\/wp\/v2\/types\/post"}],"author":[{"embeddable":true,"href":"https:\/\/alcala.salesianos.edu\/colegio\/wp-json\/wp\/v2\/users\/2"}],"replies":[{"embeddable":true,"href":"https:\/\/alcala.salesianos.edu\/colegio\/wp-json\/wp\/v2\/comments?post=11432"}],"version-history":[{"count":12,"href":"https:\/\/alcala.salesianos.edu\/colegio\/wp-json\/wp\/v2\/posts\/11432\/revisions"}],"predecessor-version":[{"id":16386,"href":"https:\/\/alcala.salesianos.edu\/colegio\/wp-json\/wp\/v2\/posts\/11432\/revisions\/16386"}],"wp:attachment":[{"href":"https:\/\/alcala.salesianos.edu\/colegio\/wp-json\/wp\/v2\/media?parent=11432"}],"wp:term":[{"taxonomy":"category","embeddable":true,"href":"https:\/\/alcala.salesianos.edu\/colegio\/wp-json\/wp\/v2\/categories?post=11432"},{"taxonomy":"post_tag","embeddable":true,"href":"https:\/\/alcala.salesianos.edu\/colegio\/wp-json\/wp\/v2\/tags?post=11432"}],"curies":[{"name":"wp","href":"https:\/\/api.w.org\/{rel}","templated":true}]}}