{"id":11427,"date":"2019-06-07T09:16:09","date_gmt":"2019-06-07T08:16:09","guid":{"rendered":"https:\/\/alcala.salesianos.edu\/colegio\/blog\/2019\/06\/07\/elegidos-dos-alumnos-de-nuestra-casa-para-los-campus-cientificos-de-verano-2019\/"},"modified":"2025-08-27T08:59:10","modified_gmt":"2025-08-27T07:59:10","slug":"elegidos-dos-alumnos-de-nuestra-casa-para-los-campus-cientificos-de-verano-2019","status":"publish","type":"post","link":"https:\/\/alcala.salesianos.edu\/colegio\/blog\/2019\/06\/07\/elegidos-dos-alumnos-de-nuestra-casa-para-los-campus-cientificos-de-verano-2019\/","title":{"rendered":"Elegidos dos alumnos de nuestra casa para los Campus cient\u00edficos de verano 2019"},"content":{"rendered":"<div id=\"fb-root\"><\/div>\n<p>[et_pb_section bb_built=\u00bb1&#8243;][et_pb_row][et_pb_column type=\u00bb4_4&#8243;][et_pb_text _builder_version=\u00bb3.22.4&#8243; text_text_shadow_horizontal_length=\u00bbtext_text_shadow_style,%91object Object%93&#8243; text_text_shadow_vertical_length=\u00bbtext_text_shadow_style,%91object Object%93&#8243; text_text_shadow_blur_strength=\u00bbtext_text_shadow_style,%91object Object%93&#8243; link_text_shadow_horizontal_length=\u00bblink_text_shadow_style,%91object Object%93&#8243; link_text_shadow_vertical_length=\u00bblink_text_shadow_style,%91object Object%93&#8243; link_text_shadow_blur_strength=\u00bblink_text_shadow_style,%91object Object%93&#8243; ul_text_shadow_horizontal_length=\u00bbul_text_shadow_style,%91object Object%93&#8243; ul_text_shadow_vertical_length=\u00bbul_text_shadow_style,%91object Object%93&#8243; ul_text_shadow_blur_strength=\u00bbul_text_shadow_style,%91object Object%93&#8243; ol_text_shadow_horizontal_length=\u00bbol_text_shadow_style,%91object Object%93&#8243; ol_text_shadow_vertical_length=\u00bbol_text_shadow_style,%91object Object%93&#8243; ol_text_shadow_blur_strength=\u00bbol_text_shadow_style,%91object Object%93&#8243; quote_text_shadow_horizontal_length=\u00bbquote_text_shadow_style,%91object Object%93&#8243; quote_text_shadow_vertical_length=\u00bbquote_text_shadow_style,%91object Object%93&#8243; quote_text_shadow_blur_strength=\u00bbquote_text_shadow_style,%91object Object%93&#8243; header_text_shadow_horizontal_length=\u00bbheader_text_shadow_style,%91object Object%93&#8243; header_text_shadow_vertical_length=\u00bbheader_text_shadow_style,%91object Object%93&#8243; header_text_shadow_blur_strength=\u00bbheader_text_shadow_style,%91object Object%93&#8243; header_2_text_shadow_horizontal_length=\u00bbheader_2_text_shadow_style,%91object Object%93&#8243; header_2_text_shadow_vertical_length=\u00bbheader_2_text_shadow_style,%91object Object%93&#8243; header_2_text_shadow_blur_strength=\u00bbheader_2_text_shadow_style,%91object Object%93&#8243; header_3_text_shadow_horizontal_length=\u00bbheader_3_text_shadow_style,%91object Object%93&#8243; header_3_text_shadow_vertical_length=\u00bbheader_3_text_shadow_style,%91object Object%93&#8243; header_3_text_shadow_blur_strength=\u00bbheader_3_text_shadow_style,%91object Object%93&#8243; header_4_text_shadow_horizontal_length=\u00bbheader_4_text_shadow_style,%91object Object%93&#8243; header_4_text_shadow_vertical_length=\u00bbheader_4_text_shadow_style,%91object Object%93&#8243; header_4_text_shadow_blur_strength=\u00bbheader_4_text_shadow_style,%91object Object%93&#8243; header_5_text_shadow_horizontal_length=\u00bbheader_5_text_shadow_style,%91object Object%93&#8243; header_5_text_shadow_vertical_length=\u00bbheader_5_text_shadow_style,%91object Object%93&#8243; header_5_text_shadow_blur_strength=\u00bbheader_5_text_shadow_style,%91object Object%93&#8243; header_6_text_shadow_horizontal_length=\u00bbheader_6_text_shadow_style,%91object Object%93&#8243; header_6_text_shadow_vertical_length=\u00bbheader_6_text_shadow_style,%91object Object%93&#8243; header_6_text_shadow_blur_strength=\u00bbheader_6_text_shadow_style,%91object Object%93&#8243; z_index_tablet=\u00bb500&#8243;]<\/p>\n<p><img loading=\"lazy\" decoding=\"async\" class=\"size-medium wp-image-6357 alignleft\" src=\"https:\/\/alcala.salesianos.edu\/wp-content\/uploads\/2019\/06\/beca-300x168.jpeg\" alt=\"\" width=\"300\" height=\"168\" \/>Seguimos de celebraci\u00f3n. Nuestros alumnos de 4\u00baESO, Javier \u00c1lvarez y Elisa Jarava, han sido seleccionados de entre 3000 alumnos\/as de ESO de toda Espa\u00f1a por sus magn\u00edficos expedientes, para formar parte del grupo que asistir\u00e1 a los Campus Cient\u00edficos de verano 2019.<\/p>\n<p>Esta beca pretende que los alumnos tengan una primera experiencia de contacto con la labor investigadora, a trav\u00e9s de su participaci\u00f3n en proyectos de acercamiento cient\u00edfico dise\u00f1ados y dirigidos por profesores universitarios del m\u00e1s alto nivel en colaboraci\u00f3n con profesores de ense\u00f1anza secundaria. En ellos, adem\u00e1s de trabajos pr\u00e1cticos y te\u00f3ricos, los alumnos llevar\u00e1n a cabo la presentaci\u00f3n p\u00fablica de los resultados obtenidos durante su participaci\u00f3n en los proyectos, lo que unido a actividades complementarias de ocio cient\u00edfico y cultural, conferencias y encuentros, har\u00e1n de ellos un instrumento eficaz para introducir a los alumnos en el mundo del aprendizaje y la investigaci\u00f3n cient\u00edfica y tecnol\u00f3gica.<\/p>\n<p>Nuestro alumno Javier \u00c1lvarez ha sido becado para participar en el proyecto \u201cLa qu\u00edmica: una fuente inagotable de soluciones\u201d del Campus de la Universidad de Valencia. Por su parte, Elisa Jarava, disfrutar\u00e1 de su beca en el proyecto \u201cUna vivienda inteligente y su consumo el\u00e9ctrico\u201d de la Universidad de Ja\u00e9n. Seguro que ambos vivir\u00e1n una experiencia inolvidable de aprendizaje, que premiar\u00e1 el magn\u00edfico trabajo que los dos han hecho durante toda su etapa en el colegio.<\/p>\n<p>Estamos muy orgullosos de que representen a nuestra casa y a toda la familia salesiana y les deseamos que vivan muy intensamente la semana del Campus.<\/p>\n<p>Felicidades.<\/p>\n<p>[\/et_pb_text][\/et_pb_column][\/et_pb_row][\/et_pb_section]<\/p>\n","protected":false},"excerpt":{"rendered":"<p>Seguimos de celebraci\u00f3n. Nuestros alumnos de 4\u00baESO, Javier \u00c1lvarez y Elisa Jarava, han sido seleccionados de entre 3000 alumnos\/as de ESO de toda Espa\u00f1a por sus magn\u00edficos expedientes, para formar parte del grupo que asistir\u00e1 a los Campus Cient\u00edficos de verano 2019. <\/p>\n","protected":false},"author":2,"featured_media":0,"comment_status":"closed","ping_status":"open","sticky":false,"template":"","format":"standard","meta":{"_et_pb_use_builder":"on","_et_pb_old_content":"","_et_gb_content_width":"","footnotes":""},"categories":[12,19,13,17,14,15,18,16,1],"tags":[],"class_list":["post-11427","post","type-post","status-publish","format-standard","hentry","category-colegio","category-escuela-abierta","category-fasa","category-infantil","category-pastoral","category-portada","category-primaria","category-secundaria","category-uncategorized"],"yoast_head":"<!-- This site is optimized with the Yoast SEO plugin v28.4 - https:\/\/yoast.com\/product\/yoast-seo-wordpress\/ -->\n<title>Elegidos dos alumnos de nuestra casa para los Campus cient\u00edficos de verano 2019 - Colegio Salesiano Alcal\u00e1<\/title>\n<meta name=\"robots\" content=\"index, follow, max-snippet:-1, max-image-preview:large, max-video-preview:-1\" \/>\n<link rel=\"canonical\" href=\"https:\/\/alcala.salesianos.edu\/colegio\/blog\/2019\/06\/07\/elegidos-dos-alumnos-de-nuestra-casa-para-los-campus-cientificos-de-verano-2019\/\" \/>\n<meta property=\"og:locale\" content=\"es_ES\" \/>\n<meta property=\"og:type\" content=\"article\" \/>\n<meta property=\"og:title\" content=\"Elegidos dos alumnos de nuestra casa para los Campus cient\u00edficos de verano 2019 - Colegio Salesiano Alcal\u00e1\" \/>\n<meta property=\"og:description\" content=\"Seguimos de celebraci\u00f3n. Nuestros alumnos de 4\u00baESO, Javier \u00c1lvarez y Elisa Jarava, han sido seleccionados de entre 3000 alumnos\/as de ESO de toda Espa\u00f1a por sus magn\u00edficos expedientes, para formar parte del grupo que asistir\u00e1 a los Campus Cient\u00edficos de verano 2019.\" \/>\n<meta property=\"og:url\" content=\"https:\/\/alcala.salesianos.edu\/colegio\/blog\/2019\/06\/07\/elegidos-dos-alumnos-de-nuestra-casa-para-los-campus-cientificos-de-verano-2019\/\" \/>\n<meta property=\"og:site_name\" content=\"Colegio Salesiano Alcal\u00e1\" \/>\n<meta property=\"article:published_time\" content=\"2019-06-07T08:16:09+00:00\" \/>\n<meta property=\"article:modified_time\" content=\"2025-08-27T07:59:10+00:00\" \/>\n<meta name=\"author\" content=\"Administrador Web\" \/>\n<meta name=\"twitter:card\" content=\"summary_large_image\" \/>\n<meta name=\"twitter:label1\" content=\"Escrito por\" \/>\n\t<meta name=\"twitter:data1\" content=\"Administrador Web\" \/>\n\t<meta name=\"twitter:label2\" content=\"Tiempo de lectura\" \/>\n\t<meta name=\"twitter:data2\" content=\"3 minutos\" \/>\n<script type=\"application\/ld+json\" class=\"yoast-schema-graph\">{\"@context\":\"https:\\\/\\\/schema.org\",\"@graph\":[{\"@type\":\"Article\",\"@id\":\"https:\\\/\\\/alcala.salesianos.edu\\\/colegio\\\/blog\\\/2019\\\/06\\\/07\\\/elegidos-dos-alumnos-de-nuestra-casa-para-los-campus-cientificos-de-verano-2019\\\/#article\",\"isPartOf\":{\"@id\":\"https:\\\/\\\/alcala.salesianos.edu\\\/colegio\\\/blog\\\/2019\\\/06\\\/07\\\/elegidos-dos-alumnos-de-nuestra-casa-para-los-campus-cientificos-de-verano-2019\\\/\"},\"author\":{\"name\":\"Administrador Web\",\"@id\":\"https:\\\/\\\/alcala.salesianos.edu\\\/colegio\\\/#\\\/schema\\\/person\\\/afcc24f776dc91fc2bf9afb0998fca77\"},\"headline\":\"Elegidos dos alumnos de nuestra casa para los Campus cient\u00edficos de verano 2019\",\"datePublished\":\"2019-06-07T08:16:09+00:00\",\"dateModified\":\"2025-08-27T07:59:10+00:00\",\"mainEntityOfPage\":{\"@id\":\"https:\\\/\\\/alcala.salesianos.edu\\\/colegio\\\/blog\\\/2019\\\/06\\\/07\\\/elegidos-dos-alumnos-de-nuestra-casa-para-los-campus-cientificos-de-verano-2019\\\/\"},\"wordCount\":685,\"image\":{\"@id\":\"https:\\\/\\\/alcala.salesianos.edu\\\/colegio\\\/blog\\\/2019\\\/06\\\/07\\\/elegidos-dos-alumnos-de-nuestra-casa-para-los-campus-cientificos-de-verano-2019\\\/#primaryimage\"},\"thumbnailUrl\":\"https:\\\/\\\/alcala.salesianos.edu\\\/wp-content\\\/uploads\\\/2019\\\/06\\\/beca-300x168.jpeg\",\"articleSection\":[\"Colegio\",\"Escuela abierta\",\"FASA\",\"Infantil\",\"Pastoral\",\"Portada\",\"Primaria\",\"Secundaria\",\"Uncategorized\"],\"inLanguage\":\"es\"},{\"@type\":\"WebPage\",\"@id\":\"https:\\\/\\\/alcala.salesianos.edu\\\/colegio\\\/blog\\\/2019\\\/06\\\/07\\\/elegidos-dos-alumnos-de-nuestra-casa-para-los-campus-cientificos-de-verano-2019\\\/\",\"url\":\"https:\\\/\\\/alcala.salesianos.edu\\\/colegio\\\/blog\\\/2019\\\/06\\\/07\\\/elegidos-dos-alumnos-de-nuestra-casa-para-los-campus-cientificos-de-verano-2019\\\/\",\"name\":\"Elegidos dos alumnos de nuestra casa para los Campus cient\u00edficos de verano 2019 - Colegio Salesiano Alcal\u00e1\",\"isPartOf\":{\"@id\":\"https:\\\/\\\/alcala.salesianos.edu\\\/colegio\\\/#website\"},\"primaryImageOfPage\":{\"@id\":\"https:\\\/\\\/alcala.salesianos.edu\\\/colegio\\\/blog\\\/2019\\\/06\\\/07\\\/elegidos-dos-alumnos-de-nuestra-casa-para-los-campus-cientificos-de-verano-2019\\\/#primaryimage\"},\"image\":{\"@id\":\"https:\\\/\\\/alcala.salesianos.edu\\\/colegio\\\/blog\\\/2019\\\/06\\\/07\\\/elegidos-dos-alumnos-de-nuestra-casa-para-los-campus-cientificos-de-verano-2019\\\/#primaryimage\"},\"thumbnailUrl\":\"https:\\\/\\\/alcala.salesianos.edu\\\/wp-content\\\/uploads\\\/2019\\\/06\\\/beca-300x168.jpeg\",\"datePublished\":\"2019-06-07T08:16:09+00:00\",\"dateModified\":\"2025-08-27T07:59:10+00:00\",\"author\":{\"@id\":\"https:\\\/\\\/alcala.salesianos.edu\\\/colegio\\\/#\\\/schema\\\/person\\\/afcc24f776dc91fc2bf9afb0998fca77\"},\"breadcrumb\":{\"@id\":\"https:\\\/\\\/alcala.salesianos.edu\\\/colegio\\\/blog\\\/2019\\\/06\\\/07\\\/elegidos-dos-alumnos-de-nuestra-casa-para-los-campus-cientificos-de-verano-2019\\\/#breadcrumb\"},\"inLanguage\":\"es\",\"potentialAction\":[{\"@type\":\"ReadAction\",\"target\":[\"https:\\\/\\\/alcala.salesianos.edu\\\/colegio\\\/blog\\\/2019\\\/06\\\/07\\\/elegidos-dos-alumnos-de-nuestra-casa-para-los-campus-cientificos-de-verano-2019\\\/\"]}]},{\"@type\":\"ImageObject\",\"inLanguage\":\"es\",\"@id\":\"https:\\\/\\\/alcala.salesianos.edu\\\/colegio\\\/blog\\\/2019\\\/06\\\/07\\\/elegidos-dos-alumnos-de-nuestra-casa-para-los-campus-cientificos-de-verano-2019\\\/#primaryimage\",\"url\":\"https:\\\/\\\/alcala.salesianos.edu\\\/wp-content\\\/uploads\\\/2019\\\/06\\\/beca-300x168.jpeg\",\"contentUrl\":\"https:\\\/\\\/alcala.salesianos.edu\\\/wp-content\\\/uploads\\\/2019\\\/06\\\/beca-300x168.jpeg\"},{\"@type\":\"BreadcrumbList\",\"@id\":\"https:\\\/\\\/alcala.salesianos.edu\\\/colegio\\\/blog\\\/2019\\\/06\\\/07\\\/elegidos-dos-alumnos-de-nuestra-casa-para-los-campus-cientificos-de-verano-2019\\\/#breadcrumb\",\"itemListElement\":[{\"@type\":\"ListItem\",\"position\":1,\"name\":\"Portada\",\"item\":\"https:\\\/\\\/alcala.salesianos.edu\\\/colegio\\\/\"},{\"@type\":\"ListItem\",\"position\":2,\"name\":\"Elegidos dos alumnos de nuestra casa para los Campus cient\u00edficos de verano 2019\"}]},{\"@type\":\"WebSite\",\"@id\":\"https:\\\/\\\/alcala.salesianos.edu\\\/colegio\\\/#website\",\"url\":\"https:\\\/\\\/alcala.salesianos.edu\\\/colegio\\\/\",\"name\":\"Colegio Salesiano Alcal\u00e1\",\"description\":\"P\u00e1gina oficial de Salesianos Alcal\u00e1 de Guadaira\",\"potentialAction\":[{\"@type\":\"SearchAction\",\"target\":{\"@type\":\"EntryPoint\",\"urlTemplate\":\"https:\\\/\\\/alcala.salesianos.edu\\\/colegio\\\/?s={search_term_string}\"},\"query-input\":{\"@type\":\"PropertyValueSpecification\",\"valueRequired\":true,\"valueName\":\"search_term_string\"}}],\"inLanguage\":\"es\"},{\"@type\":\"Person\",\"@id\":\"https:\\\/\\\/alcala.salesianos.edu\\\/colegio\\\/#\\\/schema\\\/person\\\/afcc24f776dc91fc2bf9afb0998fca77\",\"name\":\"Administrador Web\",\"image\":{\"@type\":\"ImageObject\",\"inLanguage\":\"es\",\"@id\":\"https:\\\/\\\/secure.gravatar.com\\\/avatar\\\/bc157e994689bd6da9645c00aa3bc4d55b727915b6652642660db0aef086585f?s=96&d=mm&r=g\",\"url\":\"https:\\\/\\\/secure.gravatar.com\\\/avatar\\\/bc157e994689bd6da9645c00aa3bc4d55b727915b6652642660db0aef086585f?s=96&d=mm&r=g\",\"contentUrl\":\"https:\\\/\\\/secure.gravatar.com\\\/avatar\\\/bc157e994689bd6da9645c00aa3bc4d55b727915b6652642660db0aef086585f?s=96&d=mm&r=g\",\"caption\":\"Administrador Web\"}}]}<\/script>\n<!-- \/ Yoast SEO plugin. -->","yoast_head_json":{"title":"Elegidos dos alumnos de nuestra casa para los Campus cient\u00edficos de verano 2019 - Colegio Salesiano Alcal\u00e1","robots":{"index":"index","follow":"follow","max-snippet":"max-snippet:-1","max-image-preview":"max-image-preview:large","max-video-preview":"max-video-preview:-1"},"canonical":"https:\/\/alcala.salesianos.edu\/colegio\/blog\/2019\/06\/07\/elegidos-dos-alumnos-de-nuestra-casa-para-los-campus-cientificos-de-verano-2019\/","og_locale":"es_ES","og_type":"article","og_title":"Elegidos dos alumnos de nuestra casa para los Campus cient\u00edficos de verano 2019 - Colegio Salesiano Alcal\u00e1","og_description":"Seguimos de celebraci\u00f3n. Nuestros alumnos de 4\u00baESO, Javier \u00c1lvarez y Elisa Jarava, han sido seleccionados de entre 3000 alumnos\/as de ESO de toda Espa\u00f1a por sus magn\u00edficos expedientes, para formar parte del grupo que asistir\u00e1 a los Campus Cient\u00edficos de verano 2019.","og_url":"https:\/\/alcala.salesianos.edu\/colegio\/blog\/2019\/06\/07\/elegidos-dos-alumnos-de-nuestra-casa-para-los-campus-cientificos-de-verano-2019\/","og_site_name":"Colegio Salesiano Alcal\u00e1","article_published_time":"2019-06-07T08:16:09+00:00","article_modified_time":"2025-08-27T07:59:10+00:00","author":"Administrador Web","twitter_card":"summary_large_image","twitter_misc":{"Escrito por":"Administrador Web","Tiempo de lectura":"3 minutos"},"schema":{"@context":"https:\/\/schema.org","@graph":[{"@type":"Article","@id":"https:\/\/alcala.salesianos.edu\/colegio\/blog\/2019\/06\/07\/elegidos-dos-alumnos-de-nuestra-casa-para-los-campus-cientificos-de-verano-2019\/#article","isPartOf":{"@id":"https:\/\/alcala.salesianos.edu\/colegio\/blog\/2019\/06\/07\/elegidos-dos-alumnos-de-nuestra-casa-para-los-campus-cientificos-de-verano-2019\/"},"author":{"name":"Administrador Web","@id":"https:\/\/alcala.salesianos.edu\/colegio\/#\/schema\/person\/afcc24f776dc91fc2bf9afb0998fca77"},"headline":"Elegidos dos alumnos de nuestra casa para los Campus cient\u00edficos de verano 2019","datePublished":"2019-06-07T08:16:09+00:00","dateModified":"2025-08-27T07:59:10+00:00","mainEntityOfPage":{"@id":"https:\/\/alcala.salesianos.edu\/colegio\/blog\/2019\/06\/07\/elegidos-dos-alumnos-de-nuestra-casa-para-los-campus-cientificos-de-verano-2019\/"},"wordCount":685,"image":{"@id":"https:\/\/alcala.salesianos.edu\/colegio\/blog\/2019\/06\/07\/elegidos-dos-alumnos-de-nuestra-casa-para-los-campus-cientificos-de-verano-2019\/#primaryimage"},"thumbnailUrl":"https:\/\/alcala.salesianos.edu\/wp-content\/uploads\/2019\/06\/beca-300x168.jpeg","articleSection":["Colegio","Escuela abierta","FASA","Infantil","Pastoral","Portada","Primaria","Secundaria","Uncategorized"],"inLanguage":"es"},{"@type":"WebPage","@id":"https:\/\/alcala.salesianos.edu\/colegio\/blog\/2019\/06\/07\/elegidos-dos-alumnos-de-nuestra-casa-para-los-campus-cientificos-de-verano-2019\/","url":"https:\/\/alcala.salesianos.edu\/colegio\/blog\/2019\/06\/07\/elegidos-dos-alumnos-de-nuestra-casa-para-los-campus-cientificos-de-verano-2019\/","name":"Elegidos dos alumnos de nuestra casa para los Campus cient\u00edficos de verano 2019 - Colegio Salesiano Alcal\u00e1","isPartOf":{"@id":"https:\/\/alcala.salesianos.edu\/colegio\/#website"},"primaryImageOfPage":{"@id":"https:\/\/alcala.salesianos.edu\/colegio\/blog\/2019\/06\/07\/elegidos-dos-alumnos-de-nuestra-casa-para-los-campus-cientificos-de-verano-2019\/#primaryimage"},"image":{"@id":"https:\/\/alcala.salesianos.edu\/colegio\/blog\/2019\/06\/07\/elegidos-dos-alumnos-de-nuestra-casa-para-los-campus-cientificos-de-verano-2019\/#primaryimage"},"thumbnailUrl":"https:\/\/alcala.salesianos.edu\/wp-content\/uploads\/2019\/06\/beca-300x168.jpeg","datePublished":"2019-06-07T08:16:09+00:00","dateModified":"2025-08-27T07:59:10+00:00","author":{"@id":"https:\/\/alcala.salesianos.edu\/colegio\/#\/schema\/person\/afcc24f776dc91fc2bf9afb0998fca77"},"breadcrumb":{"@id":"https:\/\/alcala.salesianos.edu\/colegio\/blog\/2019\/06\/07\/elegidos-dos-alumnos-de-nuestra-casa-para-los-campus-cientificos-de-verano-2019\/#breadcrumb"},"inLanguage":"es","potentialAction":[{"@type":"ReadAction","target":["https:\/\/alcala.salesianos.edu\/colegio\/blog\/2019\/06\/07\/elegidos-dos-alumnos-de-nuestra-casa-para-los-campus-cientificos-de-verano-2019\/"]}]},{"@type":"ImageObject","inLanguage":"es","@id":"https:\/\/alcala.salesianos.edu\/colegio\/blog\/2019\/06\/07\/elegidos-dos-alumnos-de-nuestra-casa-para-los-campus-cientificos-de-verano-2019\/#primaryimage","url":"https:\/\/alcala.salesianos.edu\/wp-content\/uploads\/2019\/06\/beca-300x168.jpeg","contentUrl":"https:\/\/alcala.salesianos.edu\/wp-content\/uploads\/2019\/06\/beca-300x168.jpeg"},{"@type":"BreadcrumbList","@id":"https:\/\/alcala.salesianos.edu\/colegio\/blog\/2019\/06\/07\/elegidos-dos-alumnos-de-nuestra-casa-para-los-campus-cientificos-de-verano-2019\/#breadcrumb","itemListElement":[{"@type":"ListItem","position":1,"name":"Portada","item":"https:\/\/alcala.salesianos.edu\/colegio\/"},{"@type":"ListItem","position":2,"name":"Elegidos dos alumnos de nuestra casa para los Campus cient\u00edficos de verano 2019"}]},{"@type":"WebSite","@id":"https:\/\/alcala.salesianos.edu\/colegio\/#website","url":"https:\/\/alcala.salesianos.edu\/colegio\/","name":"Colegio Salesiano Alcal\u00e1","description":"P\u00e1gina oficial de Salesianos Alcal\u00e1 de Guadaira","potentialAction":[{"@type":"SearchAction","target":{"@type":"EntryPoint","urlTemplate":"https:\/\/alcala.salesianos.edu\/colegio\/?s={search_term_string}"},"query-input":{"@type":"PropertyValueSpecification","valueRequired":true,"valueName":"search_term_string"}}],"inLanguage":"es"},{"@type":"Person","@id":"https:\/\/alcala.salesianos.edu\/colegio\/#\/schema\/person\/afcc24f776dc91fc2bf9afb0998fca77","name":"Administrador Web","image":{"@type":"ImageObject","inLanguage":"es","@id":"https:\/\/secure.gravatar.com\/avatar\/bc157e994689bd6da9645c00aa3bc4d55b727915b6652642660db0aef086585f?s=96&d=mm&r=g","url":"https:\/\/secure.gravatar.com\/avatar\/bc157e994689bd6da9645c00aa3bc4d55b727915b6652642660db0aef086585f?s=96&d=mm&r=g","contentUrl":"https:\/\/secure.gravatar.com\/avatar\/bc157e994689bd6da9645c00aa3bc4d55b727915b6652642660db0aef086585f?s=96&d=mm&r=g","caption":"Administrador Web"}}]}},"_links":{"self":[{"href":"https:\/\/alcala.salesianos.edu\/colegio\/wp-json\/wp\/v2\/posts\/11427","targetHints":{"allow":["GET"]}}],"collection":[{"href":"https:\/\/alcala.salesianos.edu\/colegio\/wp-json\/wp\/v2\/posts"}],"about":[{"href":"https:\/\/alcala.salesianos.edu\/colegio\/wp-json\/wp\/v2\/types\/post"}],"author":[{"embeddable":true,"href":"https:\/\/alcala.salesianos.edu\/colegio\/wp-json\/wp\/v2\/users\/2"}],"replies":[{"embeddable":true,"href":"https:\/\/alcala.salesianos.edu\/colegio\/wp-json\/wp\/v2\/comments?post=11427"}],"version-history":[{"count":4,"href":"https:\/\/alcala.salesianos.edu\/colegio\/wp-json\/wp\/v2\/posts\/11427\/revisions"}],"predecessor-version":[{"id":16387,"href":"https:\/\/alcala.salesianos.edu\/colegio\/wp-json\/wp\/v2\/posts\/11427\/revisions\/16387"}],"wp:attachment":[{"href":"https:\/\/alcala.salesianos.edu\/colegio\/wp-json\/wp\/v2\/media?parent=11427"}],"wp:term":[{"taxonomy":"category","embeddable":true,"href":"https:\/\/alcala.salesianos.edu\/colegio\/wp-json\/wp\/v2\/categories?post=11427"},{"taxonomy":"post_tag","embeddable":true,"href":"https:\/\/alcala.salesianos.edu\/colegio\/wp-json\/wp\/v2\/tags?post=11427"}],"curies":[{"name":"wp","href":"https:\/\/api.w.org\/{rel}","templated":true}]}}