{"id":11398,"date":"2019-05-29T12:22:01","date_gmt":"2019-05-29T11:22:01","guid":{"rendered":"https:\/\/alcala.salesianos.edu\/colegio\/blog\/2019\/05\/29\/ganadores-del-premio-autonomico-del-concurso-escolar-hazlo-verde-mision-somoslaraiz\/"},"modified":"2025-08-27T08:59:11","modified_gmt":"2025-08-27T07:59:11","slug":"ganadores-del-premio-autonomico-del-concurso-escolar-hazlo-verde-mision-somoslaraiz","status":"publish","type":"post","link":"https:\/\/alcala.salesianos.edu\/colegio\/blog\/2019\/05\/29\/ganadores-del-premio-autonomico-del-concurso-escolar-hazlo-verde-mision-somoslaraiz\/","title":{"rendered":"GANADORES DEL PREMIO AUTON\u00d3MICO DEL CONCURSO ESCOLAR HAZLO VERDE. MISI\u00d3N #SOMOSLARA\u00cdZ"},"content":{"rendered":"<div id=\"fb-root\"><\/div>\n<p>[et_pb_section bb_built=\u00bb1&#8243;][et_pb_row][et_pb_column type=\u00bb4_4&#8243;][et_pb_text _builder_version=\u00bb3.22.4&#8243; text_text_shadow_horizontal_length=\u00bbtext_text_shadow_style,%91object Object%93&#8243; text_text_shadow_vertical_length=\u00bbtext_text_shadow_style,%91object Object%93&#8243; text_text_shadow_blur_strength=\u00bbtext_text_shadow_style,%91object Object%93&#8243; link_text_shadow_horizontal_length=\u00bblink_text_shadow_style,%91object Object%93&#8243; link_text_shadow_vertical_length=\u00bblink_text_shadow_style,%91object Object%93&#8243; link_text_shadow_blur_strength=\u00bblink_text_shadow_style,%91object Object%93&#8243; ul_text_shadow_horizontal_length=\u00bbul_text_shadow_style,%91object Object%93&#8243; ul_text_shadow_vertical_length=\u00bbul_text_shadow_style,%91object Object%93&#8243; ul_text_shadow_blur_strength=\u00bbul_text_shadow_style,%91object Object%93&#8243; ol_text_shadow_horizontal_length=\u00bbol_text_shadow_style,%91object Object%93&#8243; ol_text_shadow_vertical_length=\u00bbol_text_shadow_style,%91object Object%93&#8243; ol_text_shadow_blur_strength=\u00bbol_text_shadow_style,%91object Object%93&#8243; quote_text_shadow_horizontal_length=\u00bbquote_text_shadow_style,%91object Object%93&#8243; quote_text_shadow_vertical_length=\u00bbquote_text_shadow_style,%91object Object%93&#8243; quote_text_shadow_blur_strength=\u00bbquote_text_shadow_style,%91object Object%93&#8243; header_text_shadow_horizontal_length=\u00bbheader_text_shadow_style,%91object Object%93&#8243; header_text_shadow_vertical_length=\u00bbheader_text_shadow_style,%91object Object%93&#8243; header_text_shadow_blur_strength=\u00bbheader_text_shadow_style,%91object Object%93&#8243; header_2_text_shadow_horizontal_length=\u00bbheader_2_text_shadow_style,%91object Object%93&#8243; header_2_text_shadow_vertical_length=\u00bbheader_2_text_shadow_style,%91object Object%93&#8243; header_2_text_shadow_blur_strength=\u00bbheader_2_text_shadow_style,%91object Object%93&#8243; header_3_text_shadow_horizontal_length=\u00bbheader_3_text_shadow_style,%91object Object%93&#8243; header_3_text_shadow_vertical_length=\u00bbheader_3_text_shadow_style,%91object Object%93&#8243; header_3_text_shadow_blur_strength=\u00bbheader_3_text_shadow_style,%91object Object%93&#8243; header_4_text_shadow_horizontal_length=\u00bbheader_4_text_shadow_style,%91object Object%93&#8243; header_4_text_shadow_vertical_length=\u00bbheader_4_text_shadow_style,%91object Object%93&#8243; header_4_text_shadow_blur_strength=\u00bbheader_4_text_shadow_style,%91object Object%93&#8243; header_5_text_shadow_horizontal_length=\u00bbheader_5_text_shadow_style,%91object Object%93&#8243; header_5_text_shadow_vertical_length=\u00bbheader_5_text_shadow_style,%91object Object%93&#8243; header_5_text_shadow_blur_strength=\u00bbheader_5_text_shadow_style,%91object Object%93&#8243; header_6_text_shadow_horizontal_length=\u00bbheader_6_text_shadow_style,%91object Object%93&#8243; header_6_text_shadow_vertical_length=\u00bbheader_6_text_shadow_style,%91object Object%93&#8243; header_6_text_shadow_blur_strength=\u00bbheader_6_text_shadow_style,%91object Object%93&#8243; z_index_tablet=\u00bb500&#8243;]<\/p>\n<p>Los alumnos de 5\u00ba y 6\u00ba de Educaci\u00f3n Primaria ganan el concurso a nivel auton\u00f3mico gracias a la actividad de reforestaci\u00f3n que con tanto cari\u00f1o y entusiasmo realizaron el pasado mes de marzo.<\/p>\n<p>Dicha actividad consisti\u00f3 en una pr\u00e1ctica de servicio para el cuidado y conservaci\u00f3n en el t\u00e9rmino municipal de nuestra localidad, Alcal\u00e1 de Guada\u00edra (Sevilla). \u00a0Entre todos, plantaron 106 especies de Styphnolobium jap\u00f3nicum (s\u00f3fora del Jap\u00f3n), donde cada uno de ellos, coloc\u00f3 un peque\u00f1o letrero con su nombre en el \u00e1rbol plantado.<\/p>\n<p>Dicho concurso, est\u00e1 organizado por la empresa Leroy Merl\u00edn cuya iniciativa es apoyar la educaci\u00f3n medioambiental impartida en los colegios de toda Espa\u00f1a. El concurso consiste en un Programa de Educaci\u00f3n Ambiental bajo el lema #SomosLaRa\u00edz, que tiene como principal objetivo educar a los m\u00e1s peque\u00f1os como ciudadanos responsables con el medio ambiente y adopten un compromiso de actuaci\u00f3n frente a los Objetivos de Desarrollo Sostenible.<\/p>\n<p>[\/et_pb_text][et_pb_video _builder_version=\u00bb3.22.4&#8243; src=\u00bbhttps:\/\/www.youtube.com\/watch?v=L2snL7K36As\u00bb image_src=\u00bbhttps:\/\/alcala.salesianos.edu\/wp-content\/uploads\/2019\/05\/concurso_hazloverde_destacada-696&#215;546.jpg\u00bb z_index_tablet=\u00bb500&#8243; \/][\/et_pb_column][\/et_pb_row][\/et_pb_section]<\/p>\n","protected":false},"excerpt":{"rendered":"<p><div class=\"et_pb_row et_pb_row_0 et_pb_row_empty\">\n\t\t\t\t\n\t\t\t\t\n\t\t\t\t\n\t\t\t\t\n\t\t\t\t\n\t\t\t<\/div> Los alumnos de 5\u00ba y 6\u00ba de Educaci\u00f3n Primaria ganan el concurso a nivel auton\u00f3mico gracias a la actividad de reforestaci\u00f3n que con tanto cari\u00f1o y entusiasmo realizaron el pasado mes de marzo.Dicha actividad consisti\u00f3 en una pr\u00e1ctica de servicio para el cuidado y conservaci\u00f3n en el t\u00e9rmino municipal de nuestra localidad, Alcal\u00e1 de [&hellip;]<\/p>\n","protected":false},"author":2,"featured_media":0,"comment_status":"closed","ping_status":"open","sticky":false,"template":"","format":"standard","meta":{"_et_pb_use_builder":"on","_et_pb_old_content":"","_et_gb_content_width":"","footnotes":""},"categories":[1],"tags":[],"class_list":["post-11398","post","type-post","status-publish","format-standard","hentry","category-uncategorized"],"yoast_head":"<!-- This site is optimized with the Yoast SEO plugin v28.4 - https:\/\/yoast.com\/product\/yoast-seo-wordpress\/ -->\n<title>GANADORES DEL PREMIO AUTON\u00d3MICO DEL CONCURSO ESCOLAR HAZLO VERDE. MISI\u00d3N #SOMOSLARA\u00cdZ - Colegio Salesiano Alcal\u00e1<\/title>\n<meta name=\"robots\" content=\"index, follow, max-snippet:-1, max-image-preview:large, max-video-preview:-1\" \/>\n<link rel=\"canonical\" href=\"https:\/\/alcala.salesianos.edu\/colegio\/blog\/2019\/05\/29\/ganadores-del-premio-autonomico-del-concurso-escolar-hazlo-verde-mision-somoslaraiz\/\" \/>\n<meta property=\"og:locale\" content=\"es_ES\" \/>\n<meta property=\"og:type\" content=\"article\" \/>\n<meta property=\"og:title\" content=\"GANADORES DEL PREMIO AUTON\u00d3MICO DEL CONCURSO ESCOLAR HAZLO VERDE. MISI\u00d3N #SOMOSLARA\u00cdZ - Colegio Salesiano Alcal\u00e1\" \/>\n<meta property=\"og:description\" content=\"Los alumnos de 5\u00ba y 6\u00ba de Educaci\u00f3n Primaria ganan el concurso a nivel auton\u00f3mico gracias a la actividad de reforestaci\u00f3n que con tanto cari\u00f1o y entusiasmo realizaron el pasado mes de marzo.Dicha actividad consisti\u00f3 en una pr\u00e1ctica de servicio para el cuidado y conservaci\u00f3n en el t\u00e9rmino municipal de nuestra localidad, Alcal\u00e1 de [&hellip;]\" \/>\n<meta property=\"og:url\" content=\"https:\/\/alcala.salesianos.edu\/colegio\/blog\/2019\/05\/29\/ganadores-del-premio-autonomico-del-concurso-escolar-hazlo-verde-mision-somoslaraiz\/\" \/>\n<meta property=\"og:site_name\" content=\"Colegio Salesiano Alcal\u00e1\" \/>\n<meta property=\"article:published_time\" content=\"2019-05-29T11:22:01+00:00\" \/>\n<meta property=\"article:modified_time\" content=\"2025-08-27T07:59:11+00:00\" \/>\n<meta name=\"author\" content=\"Administrador Web\" \/>\n<meta name=\"twitter:card\" content=\"summary_large_image\" \/>\n<meta name=\"twitter:label1\" content=\"Escrito por\" \/>\n\t<meta name=\"twitter:data1\" content=\"Administrador Web\" \/>\n\t<meta name=\"twitter:label2\" content=\"Tiempo de lectura\" \/>\n\t<meta name=\"twitter:data2\" content=\"3 minutos\" \/>\n<script type=\"application\/ld+json\" class=\"yoast-schema-graph\">{\"@context\":\"https:\\\/\\\/schema.org\",\"@graph\":[{\"@type\":\"Article\",\"@id\":\"https:\\\/\\\/alcala.salesianos.edu\\\/colegio\\\/blog\\\/2019\\\/05\\\/29\\\/ganadores-del-premio-autonomico-del-concurso-escolar-hazlo-verde-mision-somoslaraiz\\\/#article\",\"isPartOf\":{\"@id\":\"https:\\\/\\\/alcala.salesianos.edu\\\/colegio\\\/blog\\\/2019\\\/05\\\/29\\\/ganadores-del-premio-autonomico-del-concurso-escolar-hazlo-verde-mision-somoslaraiz\\\/\"},\"author\":{\"name\":\"Administrador Web\",\"@id\":\"https:\\\/\\\/alcala.salesianos.edu\\\/colegio\\\/#\\\/schema\\\/person\\\/afcc24f776dc91fc2bf9afb0998fca77\"},\"headline\":\"GANADORES DEL PREMIO AUTON\u00d3MICO DEL CONCURSO ESCOLAR HAZLO VERDE. MISI\u00d3N #SOMOSLARA\u00cdZ\",\"datePublished\":\"2019-05-29T11:22:01+00:00\",\"dateModified\":\"2025-08-27T07:59:11+00:00\",\"mainEntityOfPage\":{\"@id\":\"https:\\\/\\\/alcala.salesianos.edu\\\/colegio\\\/blog\\\/2019\\\/05\\\/29\\\/ganadores-del-premio-autonomico-del-concurso-escolar-hazlo-verde-mision-somoslaraiz\\\/\"},\"wordCount\":608,\"articleSection\":[\"Uncategorized\"],\"inLanguage\":\"es\"},{\"@type\":\"WebPage\",\"@id\":\"https:\\\/\\\/alcala.salesianos.edu\\\/colegio\\\/blog\\\/2019\\\/05\\\/29\\\/ganadores-del-premio-autonomico-del-concurso-escolar-hazlo-verde-mision-somoslaraiz\\\/\",\"url\":\"https:\\\/\\\/alcala.salesianos.edu\\\/colegio\\\/blog\\\/2019\\\/05\\\/29\\\/ganadores-del-premio-autonomico-del-concurso-escolar-hazlo-verde-mision-somoslaraiz\\\/\",\"name\":\"GANADORES DEL PREMIO AUTON\u00d3MICO DEL CONCURSO ESCOLAR HAZLO VERDE. MISI\u00d3N #SOMOSLARA\u00cdZ - Colegio Salesiano Alcal\u00e1\",\"isPartOf\":{\"@id\":\"https:\\\/\\\/alcala.salesianos.edu\\\/colegio\\\/#website\"},\"datePublished\":\"2019-05-29T11:22:01+00:00\",\"dateModified\":\"2025-08-27T07:59:11+00:00\",\"author\":{\"@id\":\"https:\\\/\\\/alcala.salesianos.edu\\\/colegio\\\/#\\\/schema\\\/person\\\/afcc24f776dc91fc2bf9afb0998fca77\"},\"breadcrumb\":{\"@id\":\"https:\\\/\\\/alcala.salesianos.edu\\\/colegio\\\/blog\\\/2019\\\/05\\\/29\\\/ganadores-del-premio-autonomico-del-concurso-escolar-hazlo-verde-mision-somoslaraiz\\\/#breadcrumb\"},\"inLanguage\":\"es\",\"potentialAction\":[{\"@type\":\"ReadAction\",\"target\":[\"https:\\\/\\\/alcala.salesianos.edu\\\/colegio\\\/blog\\\/2019\\\/05\\\/29\\\/ganadores-del-premio-autonomico-del-concurso-escolar-hazlo-verde-mision-somoslaraiz\\\/\"]}]},{\"@type\":\"BreadcrumbList\",\"@id\":\"https:\\\/\\\/alcala.salesianos.edu\\\/colegio\\\/blog\\\/2019\\\/05\\\/29\\\/ganadores-del-premio-autonomico-del-concurso-escolar-hazlo-verde-mision-somoslaraiz\\\/#breadcrumb\",\"itemListElement\":[{\"@type\":\"ListItem\",\"position\":1,\"name\":\"Portada\",\"item\":\"https:\\\/\\\/alcala.salesianos.edu\\\/colegio\\\/\"},{\"@type\":\"ListItem\",\"position\":2,\"name\":\"GANADORES DEL PREMIO AUTON\u00d3MICO DEL CONCURSO ESCOLAR HAZLO VERDE. MISI\u00d3N #SOMOSLARA\u00cdZ\"}]},{\"@type\":\"WebSite\",\"@id\":\"https:\\\/\\\/alcala.salesianos.edu\\\/colegio\\\/#website\",\"url\":\"https:\\\/\\\/alcala.salesianos.edu\\\/colegio\\\/\",\"name\":\"Colegio Salesiano Alcal\u00e1\",\"description\":\"P\u00e1gina oficial de Salesianos Alcal\u00e1 de Guadaira\",\"potentialAction\":[{\"@type\":\"SearchAction\",\"target\":{\"@type\":\"EntryPoint\",\"urlTemplate\":\"https:\\\/\\\/alcala.salesianos.edu\\\/colegio\\\/?s={search_term_string}\"},\"query-input\":{\"@type\":\"PropertyValueSpecification\",\"valueRequired\":true,\"valueName\":\"search_term_string\"}}],\"inLanguage\":\"es\"},{\"@type\":\"Person\",\"@id\":\"https:\\\/\\\/alcala.salesianos.edu\\\/colegio\\\/#\\\/schema\\\/person\\\/afcc24f776dc91fc2bf9afb0998fca77\",\"name\":\"Administrador Web\",\"image\":{\"@type\":\"ImageObject\",\"inLanguage\":\"es\",\"@id\":\"https:\\\/\\\/secure.gravatar.com\\\/avatar\\\/bc157e994689bd6da9645c00aa3bc4d55b727915b6652642660db0aef086585f?s=96&d=mm&r=g\",\"url\":\"https:\\\/\\\/secure.gravatar.com\\\/avatar\\\/bc157e994689bd6da9645c00aa3bc4d55b727915b6652642660db0aef086585f?s=96&d=mm&r=g\",\"contentUrl\":\"https:\\\/\\\/secure.gravatar.com\\\/avatar\\\/bc157e994689bd6da9645c00aa3bc4d55b727915b6652642660db0aef086585f?s=96&d=mm&r=g\",\"caption\":\"Administrador Web\"}}]}<\/script>\n<!-- \/ Yoast SEO plugin. -->","yoast_head_json":{"title":"GANADORES DEL PREMIO AUTON\u00d3MICO DEL CONCURSO ESCOLAR HAZLO VERDE. MISI\u00d3N #SOMOSLARA\u00cdZ - Colegio Salesiano Alcal\u00e1","robots":{"index":"index","follow":"follow","max-snippet":"max-snippet:-1","max-image-preview":"max-image-preview:large","max-video-preview":"max-video-preview:-1"},"canonical":"https:\/\/alcala.salesianos.edu\/colegio\/blog\/2019\/05\/29\/ganadores-del-premio-autonomico-del-concurso-escolar-hazlo-verde-mision-somoslaraiz\/","og_locale":"es_ES","og_type":"article","og_title":"GANADORES DEL PREMIO AUTON\u00d3MICO DEL CONCURSO ESCOLAR HAZLO VERDE. MISI\u00d3N #SOMOSLARA\u00cdZ - Colegio Salesiano Alcal\u00e1","og_description":"Los alumnos de 5\u00ba y 6\u00ba de Educaci\u00f3n Primaria ganan el concurso a nivel auton\u00f3mico gracias a la actividad de reforestaci\u00f3n que con tanto cari\u00f1o y entusiasmo realizaron el pasado mes de marzo.Dicha actividad consisti\u00f3 en una pr\u00e1ctica de servicio para el cuidado y conservaci\u00f3n en el t\u00e9rmino municipal de nuestra localidad, Alcal\u00e1 de [&hellip;]","og_url":"https:\/\/alcala.salesianos.edu\/colegio\/blog\/2019\/05\/29\/ganadores-del-premio-autonomico-del-concurso-escolar-hazlo-verde-mision-somoslaraiz\/","og_site_name":"Colegio Salesiano Alcal\u00e1","article_published_time":"2019-05-29T11:22:01+00:00","article_modified_time":"2025-08-27T07:59:11+00:00","author":"Administrador Web","twitter_card":"summary_large_image","twitter_misc":{"Escrito por":"Administrador Web","Tiempo de lectura":"3 minutos"},"schema":{"@context":"https:\/\/schema.org","@graph":[{"@type":"Article","@id":"https:\/\/alcala.salesianos.edu\/colegio\/blog\/2019\/05\/29\/ganadores-del-premio-autonomico-del-concurso-escolar-hazlo-verde-mision-somoslaraiz\/#article","isPartOf":{"@id":"https:\/\/alcala.salesianos.edu\/colegio\/blog\/2019\/05\/29\/ganadores-del-premio-autonomico-del-concurso-escolar-hazlo-verde-mision-somoslaraiz\/"},"author":{"name":"Administrador Web","@id":"https:\/\/alcala.salesianos.edu\/colegio\/#\/schema\/person\/afcc24f776dc91fc2bf9afb0998fca77"},"headline":"GANADORES DEL PREMIO AUTON\u00d3MICO DEL CONCURSO ESCOLAR HAZLO VERDE. MISI\u00d3N #SOMOSLARA\u00cdZ","datePublished":"2019-05-29T11:22:01+00:00","dateModified":"2025-08-27T07:59:11+00:00","mainEntityOfPage":{"@id":"https:\/\/alcala.salesianos.edu\/colegio\/blog\/2019\/05\/29\/ganadores-del-premio-autonomico-del-concurso-escolar-hazlo-verde-mision-somoslaraiz\/"},"wordCount":608,"articleSection":["Uncategorized"],"inLanguage":"es"},{"@type":"WebPage","@id":"https:\/\/alcala.salesianos.edu\/colegio\/blog\/2019\/05\/29\/ganadores-del-premio-autonomico-del-concurso-escolar-hazlo-verde-mision-somoslaraiz\/","url":"https:\/\/alcala.salesianos.edu\/colegio\/blog\/2019\/05\/29\/ganadores-del-premio-autonomico-del-concurso-escolar-hazlo-verde-mision-somoslaraiz\/","name":"GANADORES DEL PREMIO AUTON\u00d3MICO DEL CONCURSO ESCOLAR HAZLO VERDE. MISI\u00d3N #SOMOSLARA\u00cdZ - Colegio Salesiano Alcal\u00e1","isPartOf":{"@id":"https:\/\/alcala.salesianos.edu\/colegio\/#website"},"datePublished":"2019-05-29T11:22:01+00:00","dateModified":"2025-08-27T07:59:11+00:00","author":{"@id":"https:\/\/alcala.salesianos.edu\/colegio\/#\/schema\/person\/afcc24f776dc91fc2bf9afb0998fca77"},"breadcrumb":{"@id":"https:\/\/alcala.salesianos.edu\/colegio\/blog\/2019\/05\/29\/ganadores-del-premio-autonomico-del-concurso-escolar-hazlo-verde-mision-somoslaraiz\/#breadcrumb"},"inLanguage":"es","potentialAction":[{"@type":"ReadAction","target":["https:\/\/alcala.salesianos.edu\/colegio\/blog\/2019\/05\/29\/ganadores-del-premio-autonomico-del-concurso-escolar-hazlo-verde-mision-somoslaraiz\/"]}]},{"@type":"BreadcrumbList","@id":"https:\/\/alcala.salesianos.edu\/colegio\/blog\/2019\/05\/29\/ganadores-del-premio-autonomico-del-concurso-escolar-hazlo-verde-mision-somoslaraiz\/#breadcrumb","itemListElement":[{"@type":"ListItem","position":1,"name":"Portada","item":"https:\/\/alcala.salesianos.edu\/colegio\/"},{"@type":"ListItem","position":2,"name":"GANADORES DEL PREMIO AUTON\u00d3MICO DEL CONCURSO ESCOLAR HAZLO VERDE. MISI\u00d3N #SOMOSLARA\u00cdZ"}]},{"@type":"WebSite","@id":"https:\/\/alcala.salesianos.edu\/colegio\/#website","url":"https:\/\/alcala.salesianos.edu\/colegio\/","name":"Colegio Salesiano Alcal\u00e1","description":"P\u00e1gina oficial de Salesianos Alcal\u00e1 de Guadaira","potentialAction":[{"@type":"SearchAction","target":{"@type":"EntryPoint","urlTemplate":"https:\/\/alcala.salesianos.edu\/colegio\/?s={search_term_string}"},"query-input":{"@type":"PropertyValueSpecification","valueRequired":true,"valueName":"search_term_string"}}],"inLanguage":"es"},{"@type":"Person","@id":"https:\/\/alcala.salesianos.edu\/colegio\/#\/schema\/person\/afcc24f776dc91fc2bf9afb0998fca77","name":"Administrador Web","image":{"@type":"ImageObject","inLanguage":"es","@id":"https:\/\/secure.gravatar.com\/avatar\/bc157e994689bd6da9645c00aa3bc4d55b727915b6652642660db0aef086585f?s=96&d=mm&r=g","url":"https:\/\/secure.gravatar.com\/avatar\/bc157e994689bd6da9645c00aa3bc4d55b727915b6652642660db0aef086585f?s=96&d=mm&r=g","contentUrl":"https:\/\/secure.gravatar.com\/avatar\/bc157e994689bd6da9645c00aa3bc4d55b727915b6652642660db0aef086585f?s=96&d=mm&r=g","caption":"Administrador Web"}}]}},"_links":{"self":[{"href":"https:\/\/alcala.salesianos.edu\/colegio\/wp-json\/wp\/v2\/posts\/11398","targetHints":{"allow":["GET"]}}],"collection":[{"href":"https:\/\/alcala.salesianos.edu\/colegio\/wp-json\/wp\/v2\/posts"}],"about":[{"href":"https:\/\/alcala.salesianos.edu\/colegio\/wp-json\/wp\/v2\/types\/post"}],"author":[{"embeddable":true,"href":"https:\/\/alcala.salesianos.edu\/colegio\/wp-json\/wp\/v2\/users\/2"}],"replies":[{"embeddable":true,"href":"https:\/\/alcala.salesianos.edu\/colegio\/wp-json\/wp\/v2\/comments?post=11398"}],"version-history":[{"count":1,"href":"https:\/\/alcala.salesianos.edu\/colegio\/wp-json\/wp\/v2\/posts\/11398\/revisions"}],"predecessor-version":[{"id":11400,"href":"https:\/\/alcala.salesianos.edu\/colegio\/wp-json\/wp\/v2\/posts\/11398\/revisions\/11400"}],"wp:attachment":[{"href":"https:\/\/alcala.salesianos.edu\/colegio\/wp-json\/wp\/v2\/media?parent=11398"}],"wp:term":[{"taxonomy":"category","embeddable":true,"href":"https:\/\/alcala.salesianos.edu\/colegio\/wp-json\/wp\/v2\/categories?post=11398"},{"taxonomy":"post_tag","embeddable":true,"href":"https:\/\/alcala.salesianos.edu\/colegio\/wp-json\/wp\/v2\/tags?post=11398"}],"curies":[{"name":"wp","href":"https:\/\/api.w.org\/{rel}","templated":true}]}}