{"id":11384,"date":"2019-05-17T07:24:46","date_gmt":"2019-05-17T06:24:46","guid":{"rendered":"https:\/\/alcala.salesianos.edu\/colegio\/blog\/2019\/05\/17\/participamos-de-nuevo-en-la-feria-de-las-ciencias-de-sevilla\/"},"modified":"2025-08-27T08:59:11","modified_gmt":"2025-08-27T07:59:11","slug":"participamos-de-nuevo-en-la-feria-de-las-ciencias-de-sevilla","status":"publish","type":"post","link":"https:\/\/alcala.salesianos.edu\/colegio\/blog\/2019\/05\/17\/participamos-de-nuevo-en-la-feria-de-las-ciencias-de-sevilla\/","title":{"rendered":"Participamos de nuevo en la Feria de las Ciencias de Sevilla"},"content":{"rendered":"<div id=\"fb-root\"><\/div>\n<p>[et_pb_section bb_built=\u00bb1&#8243; inner_width=\u00bbauto\u00bb inner_max_width=\u00bbnone\u00bb][et_pb_row][et_pb_column type=\u00bb4_4&#8243;][et_pb_text _builder_version=\u00bb3.22.4&#8243; text_text_shadow_horizontal_length=\u00bbtext_text_shadow_style,%91object Object%93&#8243; text_text_shadow_vertical_length=\u00bbtext_text_shadow_style,%91object Object%93&#8243; text_text_shadow_blur_strength=\u00bbtext_text_shadow_style,%91object Object%93&#8243; link_text_shadow_horizontal_length=\u00bblink_text_shadow_style,%91object Object%93&#8243; link_text_shadow_vertical_length=\u00bblink_text_shadow_style,%91object Object%93&#8243; link_text_shadow_blur_strength=\u00bblink_text_shadow_style,%91object Object%93&#8243; ul_text_shadow_horizontal_length=\u00bbul_text_shadow_style,%91object Object%93&#8243; ul_text_shadow_vertical_length=\u00bbul_text_shadow_style,%91object Object%93&#8243; ul_text_shadow_blur_strength=\u00bbul_text_shadow_style,%91object Object%93&#8243; ol_text_shadow_horizontal_length=\u00bbol_text_shadow_style,%91object Object%93&#8243; ol_text_shadow_vertical_length=\u00bbol_text_shadow_style,%91object Object%93&#8243; ol_text_shadow_blur_strength=\u00bbol_text_shadow_style,%91object Object%93&#8243; quote_text_shadow_horizontal_length=\u00bbquote_text_shadow_style,%91object Object%93&#8243; quote_text_shadow_vertical_length=\u00bbquote_text_shadow_style,%91object Object%93&#8243; quote_text_shadow_blur_strength=\u00bbquote_text_shadow_style,%91object Object%93&#8243; header_text_shadow_horizontal_length=\u00bbheader_text_shadow_style,%91object Object%93&#8243; header_text_shadow_vertical_length=\u00bbheader_text_shadow_style,%91object Object%93&#8243; header_text_shadow_blur_strength=\u00bbheader_text_shadow_style,%91object Object%93&#8243; header_2_text_shadow_horizontal_length=\u00bbheader_2_text_shadow_style,%91object Object%93&#8243; header_2_text_shadow_vertical_length=\u00bbheader_2_text_shadow_style,%91object Object%93&#8243; header_2_text_shadow_blur_strength=\u00bbheader_2_text_shadow_style,%91object Object%93&#8243; header_3_text_shadow_horizontal_length=\u00bbheader_3_text_shadow_style,%91object Object%93&#8243; header_3_text_shadow_vertical_length=\u00bbheader_3_text_shadow_style,%91object Object%93&#8243; header_3_text_shadow_blur_strength=\u00bbheader_3_text_shadow_style,%91object Object%93&#8243; header_4_text_shadow_horizontal_length=\u00bbheader_4_text_shadow_style,%91object Object%93&#8243; header_4_text_shadow_vertical_length=\u00bbheader_4_text_shadow_style,%91object Object%93&#8243; header_4_text_shadow_blur_strength=\u00bbheader_4_text_shadow_style,%91object Object%93&#8243; header_5_text_shadow_horizontal_length=\u00bbheader_5_text_shadow_style,%91object Object%93&#8243; header_5_text_shadow_vertical_length=\u00bbheader_5_text_shadow_style,%91object Object%93&#8243; header_5_text_shadow_blur_strength=\u00bbheader_5_text_shadow_style,%91object Object%93&#8243; header_6_text_shadow_horizontal_length=\u00bbheader_6_text_shadow_style,%91object Object%93&#8243; header_6_text_shadow_vertical_length=\u00bbheader_6_text_shadow_style,%91object Object%93&#8243; header_6_text_shadow_blur_strength=\u00bbheader_6_text_shadow_style,%91object Object%93&#8243; z_index_tablet=\u00bb500&#8243;]<\/p>\n<div><img loading=\"lazy\" decoding=\"async\" class=\"size-medium wp-image-6317 alignleft\" src=\"https:\/\/alcala.salesianos.edu\/wp-content\/uploads\/2019\/05\/Feria-de-la-Ciencia-2017-portada-275x300.png\" alt=\"\" width=\"275\" height=\"300\" \/>Nuestro colegio, por cuarto a\u00f1o consecutivo, tendr\u00e1 la suerte de participar en la 17\u00ba Feria de la Ciencia de Sevilla (<a href=\"http:\/\/www.feriadelaciencia.org\/\" target=\"_blank\" rel=\"noopener noreferrer\" data-saferedirecturl=\"https:\/\/www.google.com\/url?q=http:\/\/www.feriadelaciencia.org\/&amp;source=gmail&amp;ust=1558160150536000&amp;usg=AFQjCNFcYOuQ1x9SPyDA3JxepwoOYDKM_Q\">http:\/\/www.feriadelaciencia.<wbr \/>org\/<\/a>).<\/div>\n<div>\u00a0<\/div>\n<div>En esta ocasi\u00f3n participaremos con un interesante stand titulado \u00abFuentes de energ\u00eda\u00bb, que magn\u00edficamente han preparado los alumnos de 2\u00baESO.\u00a0 Tambi\u00e9n visitar\u00e1n la Feria nuestros alumnos de 6\u00baEP y 4\u00baESO durante el d\u00eda de hoy.<\/div>\n<div>\u00a0<\/div>\n<div>Con esto, nos encontraremos en FIBES, durante dos d\u00edas: viernes (10:00-19:00 h) y s\u00e1bado (11:00h-20:00h). Est\u00e1n todos invitados a visitranos y a disfrutar junto a nuestros alumnos y la explicaci\u00f3n de sus trabajos. Adem\u00e1s, podr\u00e1n aprender de otros cien centros educativos que forman esta decimos\u00e9ptima Feria de la Ciencia.<\/div>\n<div>\u00a0<\/div>\n<p>[\/et_pb_text][\/et_pb_column][\/et_pb_row][\/et_pb_section]<\/p>\n","protected":false},"excerpt":{"rendered":"<p>En esta ocasi\u00f3n participaremos con un interesante stand titulado \u00abFuentes de energ\u00eda\u00bb, que magn\u00edficamente han preparado los alumnos de 2\u00baESO.\u00a0 Tambi\u00e9n visitar\u00e1n la Feria nuestros alumnos de 6\u00baEP y 4\u00baESO durante el d\u00eda de hoy. El stand estar\u00e1 expuesto durante el d\u00eda de hoy y el de ma\u00f1ana.<\/p>\n","protected":false},"author":2,"featured_media":0,"comment_status":"closed","ping_status":"open","sticky":false,"template":"","format":"standard","meta":{"_et_pb_use_builder":"on","_et_pb_old_content":"","_et_gb_content_width":"","footnotes":""},"categories":[12,19,13,17,14,15,18,16,1],"tags":[],"class_list":["post-11384","post","type-post","status-publish","format-standard","hentry","category-colegio","category-escuela-abierta","category-fasa","category-infantil","category-pastoral","category-portada","category-primaria","category-secundaria","category-uncategorized"],"yoast_head":"<!-- This site is optimized with the Yoast SEO plugin v28.4 - https:\/\/yoast.com\/product\/yoast-seo-wordpress\/ -->\n<title>Participamos de nuevo en la Feria de las Ciencias de Sevilla - Colegio Salesiano Alcal\u00e1<\/title>\n<meta name=\"robots\" content=\"index, follow, max-snippet:-1, max-image-preview:large, max-video-preview:-1\" \/>\n<link rel=\"canonical\" href=\"https:\/\/alcala.salesianos.edu\/colegio\/blog\/2019\/05\/17\/participamos-de-nuevo-en-la-feria-de-las-ciencias-de-sevilla\/\" \/>\n<meta property=\"og:locale\" content=\"es_ES\" \/>\n<meta property=\"og:type\" content=\"article\" \/>\n<meta property=\"og:title\" content=\"Participamos de nuevo en la Feria de las Ciencias de Sevilla - Colegio Salesiano Alcal\u00e1\" \/>\n<meta property=\"og:description\" content=\"En esta ocasi\u00f3n participaremos con un interesante stand titulado &quot;Fuentes de energ\u00eda&quot;, que magn\u00edficamente han preparado los alumnos de 2\u00baESO.\u00a0 Tambi\u00e9n visitar\u00e1n la Feria nuestros alumnos de 6\u00baEP y 4\u00baESO durante el d\u00eda de hoy. El stand estar\u00e1 expuesto durante el d\u00eda de hoy y el de ma\u00f1ana.\" \/>\n<meta property=\"og:url\" content=\"https:\/\/alcala.salesianos.edu\/colegio\/blog\/2019\/05\/17\/participamos-de-nuevo-en-la-feria-de-las-ciencias-de-sevilla\/\" \/>\n<meta property=\"og:site_name\" content=\"Colegio Salesiano Alcal\u00e1\" \/>\n<meta property=\"article:published_time\" content=\"2019-05-17T06:24:46+00:00\" \/>\n<meta property=\"article:modified_time\" content=\"2025-08-27T07:59:11+00:00\" \/>\n<meta name=\"author\" content=\"Administrador Web\" \/>\n<meta name=\"twitter:card\" content=\"summary_large_image\" \/>\n<meta name=\"twitter:label1\" content=\"Escrito por\" \/>\n\t<meta name=\"twitter:data1\" content=\"Administrador Web\" \/>\n\t<meta name=\"twitter:label2\" content=\"Tiempo de lectura\" \/>\n\t<meta name=\"twitter:data2\" content=\"3 minutos\" \/>\n<script type=\"application\/ld+json\" class=\"yoast-schema-graph\">{\"@context\":\"https:\\\/\\\/schema.org\",\"@graph\":[{\"@type\":\"Article\",\"@id\":\"https:\\\/\\\/alcala.salesianos.edu\\\/colegio\\\/blog\\\/2019\\\/05\\\/17\\\/participamos-de-nuevo-en-la-feria-de-las-ciencias-de-sevilla\\\/#article\",\"isPartOf\":{\"@id\":\"https:\\\/\\\/alcala.salesianos.edu\\\/colegio\\\/blog\\\/2019\\\/05\\\/17\\\/participamos-de-nuevo-en-la-feria-de-las-ciencias-de-sevilla\\\/\"},\"author\":{\"name\":\"Administrador Web\",\"@id\":\"https:\\\/\\\/alcala.salesianos.edu\\\/colegio\\\/#\\\/schema\\\/person\\\/afcc24f776dc91fc2bf9afb0998fca77\"},\"headline\":\"Participamos de nuevo en la Feria de las Ciencias de Sevilla\",\"datePublished\":\"2019-05-17T06:24:46+00:00\",\"dateModified\":\"2025-08-27T07:59:11+00:00\",\"mainEntityOfPage\":{\"@id\":\"https:\\\/\\\/alcala.salesianos.edu\\\/colegio\\\/blog\\\/2019\\\/05\\\/17\\\/participamos-de-nuevo-en-la-feria-de-las-ciencias-de-sevilla\\\/\"},\"wordCount\":535,\"image\":{\"@id\":\"https:\\\/\\\/alcala.salesianos.edu\\\/colegio\\\/blog\\\/2019\\\/05\\\/17\\\/participamos-de-nuevo-en-la-feria-de-las-ciencias-de-sevilla\\\/#primaryimage\"},\"thumbnailUrl\":\"https:\\\/\\\/alcala.salesianos.edu\\\/wp-content\\\/uploads\\\/2019\\\/05\\\/Feria-de-la-Ciencia-2017-portada-275x300.png\",\"articleSection\":[\"Colegio\",\"Escuela abierta\",\"FASA\",\"Infantil\",\"Pastoral\",\"Portada\",\"Primaria\",\"Secundaria\",\"Uncategorized\"],\"inLanguage\":\"es\"},{\"@type\":\"WebPage\",\"@id\":\"https:\\\/\\\/alcala.salesianos.edu\\\/colegio\\\/blog\\\/2019\\\/05\\\/17\\\/participamos-de-nuevo-en-la-feria-de-las-ciencias-de-sevilla\\\/\",\"url\":\"https:\\\/\\\/alcala.salesianos.edu\\\/colegio\\\/blog\\\/2019\\\/05\\\/17\\\/participamos-de-nuevo-en-la-feria-de-las-ciencias-de-sevilla\\\/\",\"name\":\"Participamos de nuevo en la Feria de las Ciencias de Sevilla - Colegio Salesiano Alcal\u00e1\",\"isPartOf\":{\"@id\":\"https:\\\/\\\/alcala.salesianos.edu\\\/colegio\\\/#website\"},\"primaryImageOfPage\":{\"@id\":\"https:\\\/\\\/alcala.salesianos.edu\\\/colegio\\\/blog\\\/2019\\\/05\\\/17\\\/participamos-de-nuevo-en-la-feria-de-las-ciencias-de-sevilla\\\/#primaryimage\"},\"image\":{\"@id\":\"https:\\\/\\\/alcala.salesianos.edu\\\/colegio\\\/blog\\\/2019\\\/05\\\/17\\\/participamos-de-nuevo-en-la-feria-de-las-ciencias-de-sevilla\\\/#primaryimage\"},\"thumbnailUrl\":\"https:\\\/\\\/alcala.salesianos.edu\\\/wp-content\\\/uploads\\\/2019\\\/05\\\/Feria-de-la-Ciencia-2017-portada-275x300.png\",\"datePublished\":\"2019-05-17T06:24:46+00:00\",\"dateModified\":\"2025-08-27T07:59:11+00:00\",\"author\":{\"@id\":\"https:\\\/\\\/alcala.salesianos.edu\\\/colegio\\\/#\\\/schema\\\/person\\\/afcc24f776dc91fc2bf9afb0998fca77\"},\"breadcrumb\":{\"@id\":\"https:\\\/\\\/alcala.salesianos.edu\\\/colegio\\\/blog\\\/2019\\\/05\\\/17\\\/participamos-de-nuevo-en-la-feria-de-las-ciencias-de-sevilla\\\/#breadcrumb\"},\"inLanguage\":\"es\",\"potentialAction\":[{\"@type\":\"ReadAction\",\"target\":[\"https:\\\/\\\/alcala.salesianos.edu\\\/colegio\\\/blog\\\/2019\\\/05\\\/17\\\/participamos-de-nuevo-en-la-feria-de-las-ciencias-de-sevilla\\\/\"]}]},{\"@type\":\"ImageObject\",\"inLanguage\":\"es\",\"@id\":\"https:\\\/\\\/alcala.salesianos.edu\\\/colegio\\\/blog\\\/2019\\\/05\\\/17\\\/participamos-de-nuevo-en-la-feria-de-las-ciencias-de-sevilla\\\/#primaryimage\",\"url\":\"https:\\\/\\\/alcala.salesianos.edu\\\/wp-content\\\/uploads\\\/2019\\\/05\\\/Feria-de-la-Ciencia-2017-portada-275x300.png\",\"contentUrl\":\"https:\\\/\\\/alcala.salesianos.edu\\\/wp-content\\\/uploads\\\/2019\\\/05\\\/Feria-de-la-Ciencia-2017-portada-275x300.png\"},{\"@type\":\"BreadcrumbList\",\"@id\":\"https:\\\/\\\/alcala.salesianos.edu\\\/colegio\\\/blog\\\/2019\\\/05\\\/17\\\/participamos-de-nuevo-en-la-feria-de-las-ciencias-de-sevilla\\\/#breadcrumb\",\"itemListElement\":[{\"@type\":\"ListItem\",\"position\":1,\"name\":\"Portada\",\"item\":\"https:\\\/\\\/alcala.salesianos.edu\\\/colegio\\\/\"},{\"@type\":\"ListItem\",\"position\":2,\"name\":\"Participamos de nuevo en la Feria de las Ciencias de Sevilla\"}]},{\"@type\":\"WebSite\",\"@id\":\"https:\\\/\\\/alcala.salesianos.edu\\\/colegio\\\/#website\",\"url\":\"https:\\\/\\\/alcala.salesianos.edu\\\/colegio\\\/\",\"name\":\"Colegio Salesiano Alcal\u00e1\",\"description\":\"P\u00e1gina oficial de Salesianos Alcal\u00e1 de Guadaira\",\"potentialAction\":[{\"@type\":\"SearchAction\",\"target\":{\"@type\":\"EntryPoint\",\"urlTemplate\":\"https:\\\/\\\/alcala.salesianos.edu\\\/colegio\\\/?s={search_term_string}\"},\"query-input\":{\"@type\":\"PropertyValueSpecification\",\"valueRequired\":true,\"valueName\":\"search_term_string\"}}],\"inLanguage\":\"es\"},{\"@type\":\"Person\",\"@id\":\"https:\\\/\\\/alcala.salesianos.edu\\\/colegio\\\/#\\\/schema\\\/person\\\/afcc24f776dc91fc2bf9afb0998fca77\",\"name\":\"Administrador Web\",\"image\":{\"@type\":\"ImageObject\",\"inLanguage\":\"es\",\"@id\":\"https:\\\/\\\/secure.gravatar.com\\\/avatar\\\/bc157e994689bd6da9645c00aa3bc4d55b727915b6652642660db0aef086585f?s=96&d=mm&r=g\",\"url\":\"https:\\\/\\\/secure.gravatar.com\\\/avatar\\\/bc157e994689bd6da9645c00aa3bc4d55b727915b6652642660db0aef086585f?s=96&d=mm&r=g\",\"contentUrl\":\"https:\\\/\\\/secure.gravatar.com\\\/avatar\\\/bc157e994689bd6da9645c00aa3bc4d55b727915b6652642660db0aef086585f?s=96&d=mm&r=g\",\"caption\":\"Administrador Web\"}}]}<\/script>\n<!-- \/ Yoast SEO plugin. -->","yoast_head_json":{"title":"Participamos de nuevo en la Feria de las Ciencias de Sevilla - Colegio Salesiano Alcal\u00e1","robots":{"index":"index","follow":"follow","max-snippet":"max-snippet:-1","max-image-preview":"max-image-preview:large","max-video-preview":"max-video-preview:-1"},"canonical":"https:\/\/alcala.salesianos.edu\/colegio\/blog\/2019\/05\/17\/participamos-de-nuevo-en-la-feria-de-las-ciencias-de-sevilla\/","og_locale":"es_ES","og_type":"article","og_title":"Participamos de nuevo en la Feria de las Ciencias de Sevilla - Colegio Salesiano Alcal\u00e1","og_description":"En esta ocasi\u00f3n participaremos con un interesante stand titulado \"Fuentes de energ\u00eda\", que magn\u00edficamente han preparado los alumnos de 2\u00baESO.\u00a0 Tambi\u00e9n visitar\u00e1n la Feria nuestros alumnos de 6\u00baEP y 4\u00baESO durante el d\u00eda de hoy. El stand estar\u00e1 expuesto durante el d\u00eda de hoy y el de ma\u00f1ana.","og_url":"https:\/\/alcala.salesianos.edu\/colegio\/blog\/2019\/05\/17\/participamos-de-nuevo-en-la-feria-de-las-ciencias-de-sevilla\/","og_site_name":"Colegio Salesiano Alcal\u00e1","article_published_time":"2019-05-17T06:24:46+00:00","article_modified_time":"2025-08-27T07:59:11+00:00","author":"Administrador Web","twitter_card":"summary_large_image","twitter_misc":{"Escrito por":"Administrador Web","Tiempo de lectura":"3 minutos"},"schema":{"@context":"https:\/\/schema.org","@graph":[{"@type":"Article","@id":"https:\/\/alcala.salesianos.edu\/colegio\/blog\/2019\/05\/17\/participamos-de-nuevo-en-la-feria-de-las-ciencias-de-sevilla\/#article","isPartOf":{"@id":"https:\/\/alcala.salesianos.edu\/colegio\/blog\/2019\/05\/17\/participamos-de-nuevo-en-la-feria-de-las-ciencias-de-sevilla\/"},"author":{"name":"Administrador Web","@id":"https:\/\/alcala.salesianos.edu\/colegio\/#\/schema\/person\/afcc24f776dc91fc2bf9afb0998fca77"},"headline":"Participamos de nuevo en la Feria de las Ciencias de Sevilla","datePublished":"2019-05-17T06:24:46+00:00","dateModified":"2025-08-27T07:59:11+00:00","mainEntityOfPage":{"@id":"https:\/\/alcala.salesianos.edu\/colegio\/blog\/2019\/05\/17\/participamos-de-nuevo-en-la-feria-de-las-ciencias-de-sevilla\/"},"wordCount":535,"image":{"@id":"https:\/\/alcala.salesianos.edu\/colegio\/blog\/2019\/05\/17\/participamos-de-nuevo-en-la-feria-de-las-ciencias-de-sevilla\/#primaryimage"},"thumbnailUrl":"https:\/\/alcala.salesianos.edu\/wp-content\/uploads\/2019\/05\/Feria-de-la-Ciencia-2017-portada-275x300.png","articleSection":["Colegio","Escuela abierta","FASA","Infantil","Pastoral","Portada","Primaria","Secundaria","Uncategorized"],"inLanguage":"es"},{"@type":"WebPage","@id":"https:\/\/alcala.salesianos.edu\/colegio\/blog\/2019\/05\/17\/participamos-de-nuevo-en-la-feria-de-las-ciencias-de-sevilla\/","url":"https:\/\/alcala.salesianos.edu\/colegio\/blog\/2019\/05\/17\/participamos-de-nuevo-en-la-feria-de-las-ciencias-de-sevilla\/","name":"Participamos de nuevo en la Feria de las Ciencias de Sevilla - Colegio Salesiano Alcal\u00e1","isPartOf":{"@id":"https:\/\/alcala.salesianos.edu\/colegio\/#website"},"primaryImageOfPage":{"@id":"https:\/\/alcala.salesianos.edu\/colegio\/blog\/2019\/05\/17\/participamos-de-nuevo-en-la-feria-de-las-ciencias-de-sevilla\/#primaryimage"},"image":{"@id":"https:\/\/alcala.salesianos.edu\/colegio\/blog\/2019\/05\/17\/participamos-de-nuevo-en-la-feria-de-las-ciencias-de-sevilla\/#primaryimage"},"thumbnailUrl":"https:\/\/alcala.salesianos.edu\/wp-content\/uploads\/2019\/05\/Feria-de-la-Ciencia-2017-portada-275x300.png","datePublished":"2019-05-17T06:24:46+00:00","dateModified":"2025-08-27T07:59:11+00:00","author":{"@id":"https:\/\/alcala.salesianos.edu\/colegio\/#\/schema\/person\/afcc24f776dc91fc2bf9afb0998fca77"},"breadcrumb":{"@id":"https:\/\/alcala.salesianos.edu\/colegio\/blog\/2019\/05\/17\/participamos-de-nuevo-en-la-feria-de-las-ciencias-de-sevilla\/#breadcrumb"},"inLanguage":"es","potentialAction":[{"@type":"ReadAction","target":["https:\/\/alcala.salesianos.edu\/colegio\/blog\/2019\/05\/17\/participamos-de-nuevo-en-la-feria-de-las-ciencias-de-sevilla\/"]}]},{"@type":"ImageObject","inLanguage":"es","@id":"https:\/\/alcala.salesianos.edu\/colegio\/blog\/2019\/05\/17\/participamos-de-nuevo-en-la-feria-de-las-ciencias-de-sevilla\/#primaryimage","url":"https:\/\/alcala.salesianos.edu\/wp-content\/uploads\/2019\/05\/Feria-de-la-Ciencia-2017-portada-275x300.png","contentUrl":"https:\/\/alcala.salesianos.edu\/wp-content\/uploads\/2019\/05\/Feria-de-la-Ciencia-2017-portada-275x300.png"},{"@type":"BreadcrumbList","@id":"https:\/\/alcala.salesianos.edu\/colegio\/blog\/2019\/05\/17\/participamos-de-nuevo-en-la-feria-de-las-ciencias-de-sevilla\/#breadcrumb","itemListElement":[{"@type":"ListItem","position":1,"name":"Portada","item":"https:\/\/alcala.salesianos.edu\/colegio\/"},{"@type":"ListItem","position":2,"name":"Participamos de nuevo en la Feria de las Ciencias de Sevilla"}]},{"@type":"WebSite","@id":"https:\/\/alcala.salesianos.edu\/colegio\/#website","url":"https:\/\/alcala.salesianos.edu\/colegio\/","name":"Colegio Salesiano Alcal\u00e1","description":"P\u00e1gina oficial de Salesianos Alcal\u00e1 de Guadaira","potentialAction":[{"@type":"SearchAction","target":{"@type":"EntryPoint","urlTemplate":"https:\/\/alcala.salesianos.edu\/colegio\/?s={search_term_string}"},"query-input":{"@type":"PropertyValueSpecification","valueRequired":true,"valueName":"search_term_string"}}],"inLanguage":"es"},{"@type":"Person","@id":"https:\/\/alcala.salesianos.edu\/colegio\/#\/schema\/person\/afcc24f776dc91fc2bf9afb0998fca77","name":"Administrador Web","image":{"@type":"ImageObject","inLanguage":"es","@id":"https:\/\/secure.gravatar.com\/avatar\/bc157e994689bd6da9645c00aa3bc4d55b727915b6652642660db0aef086585f?s=96&d=mm&r=g","url":"https:\/\/secure.gravatar.com\/avatar\/bc157e994689bd6da9645c00aa3bc4d55b727915b6652642660db0aef086585f?s=96&d=mm&r=g","contentUrl":"https:\/\/secure.gravatar.com\/avatar\/bc157e994689bd6da9645c00aa3bc4d55b727915b6652642660db0aef086585f?s=96&d=mm&r=g","caption":"Administrador Web"}}]}},"_links":{"self":[{"href":"https:\/\/alcala.salesianos.edu\/colegio\/wp-json\/wp\/v2\/posts\/11384","targetHints":{"allow":["GET"]}}],"collection":[{"href":"https:\/\/alcala.salesianos.edu\/colegio\/wp-json\/wp\/v2\/posts"}],"about":[{"href":"https:\/\/alcala.salesianos.edu\/colegio\/wp-json\/wp\/v2\/types\/post"}],"author":[{"embeddable":true,"href":"https:\/\/alcala.salesianos.edu\/colegio\/wp-json\/wp\/v2\/users\/2"}],"replies":[{"embeddable":true,"href":"https:\/\/alcala.salesianos.edu\/colegio\/wp-json\/wp\/v2\/comments?post=11384"}],"version-history":[{"count":6,"href":"https:\/\/alcala.salesianos.edu\/colegio\/wp-json\/wp\/v2\/posts\/11384\/revisions"}],"predecessor-version":[{"id":16390,"href":"https:\/\/alcala.salesianos.edu\/colegio\/wp-json\/wp\/v2\/posts\/11384\/revisions\/16390"}],"wp:attachment":[{"href":"https:\/\/alcala.salesianos.edu\/colegio\/wp-json\/wp\/v2\/media?parent=11384"}],"wp:term":[{"taxonomy":"category","embeddable":true,"href":"https:\/\/alcala.salesianos.edu\/colegio\/wp-json\/wp\/v2\/categories?post=11384"},{"taxonomy":"post_tag","embeddable":true,"href":"https:\/\/alcala.salesianos.edu\/colegio\/wp-json\/wp\/v2\/tags?post=11384"}],"curies":[{"name":"wp","href":"https:\/\/api.w.org\/{rel}","templated":true}]}}