{"id":11367,"date":"2019-05-10T11:58:49","date_gmt":"2019-05-10T10:58:49","guid":{"rendered":"https:\/\/alcala.salesianos.edu\/colegio\/blog\/2019\/05\/10\/nuestros-alumnos-en-las-50-galas-del-aguila\/"},"modified":"2025-08-27T08:59:12","modified_gmt":"2025-08-27T07:59:12","slug":"nuestros-alumnos-en-las-50-galas-del-aguila","status":"publish","type":"post","link":"https:\/\/alcala.salesianos.edu\/colegio\/blog\/2019\/05\/10\/nuestros-alumnos-en-las-50-galas-del-aguila\/","title":{"rendered":"NUESTROS ALUMNOS EN LAS 50 GALAS DEL \u00c1GUILA"},"content":{"rendered":"<div id=\"fb-root\"><\/div>\n<p>[et_pb_section bb_built=\u00bb1&#8243; inner_width=\u00bbauto\u00bb inner_max_width=\u00bbnone\u00bb][et_pb_row][et_pb_column type=\u00bb4_4&#8243;][et_pb_text _builder_version=\u00bb3.22.4&#8243; text_text_shadow_horizontal_length=\u00bbtext_text_shadow_style,%91object Object%93&#8243; text_text_shadow_vertical_length=\u00bbtext_text_shadow_style,%91object Object%93&#8243; text_text_shadow_blur_strength=\u00bbtext_text_shadow_style,%91object Object%93&#8243; link_text_shadow_horizontal_length=\u00bblink_text_shadow_style,%91object Object%93&#8243; link_text_shadow_vertical_length=\u00bblink_text_shadow_style,%91object Object%93&#8243; link_text_shadow_blur_strength=\u00bblink_text_shadow_style,%91object Object%93&#8243; ul_text_shadow_horizontal_length=\u00bbul_text_shadow_style,%91object Object%93&#8243; ul_text_shadow_vertical_length=\u00bbul_text_shadow_style,%91object Object%93&#8243; ul_text_shadow_blur_strength=\u00bbul_text_shadow_style,%91object Object%93&#8243; ol_text_shadow_horizontal_length=\u00bbol_text_shadow_style,%91object Object%93&#8243; ol_text_shadow_vertical_length=\u00bbol_text_shadow_style,%91object Object%93&#8243; ol_text_shadow_blur_strength=\u00bbol_text_shadow_style,%91object Object%93&#8243; quote_text_shadow_horizontal_length=\u00bbquote_text_shadow_style,%91object Object%93&#8243; quote_text_shadow_vertical_length=\u00bbquote_text_shadow_style,%91object Object%93&#8243; quote_text_shadow_blur_strength=\u00bbquote_text_shadow_style,%91object Object%93&#8243; header_text_shadow_horizontal_length=\u00bbheader_text_shadow_style,%91object Object%93&#8243; header_text_shadow_vertical_length=\u00bbheader_text_shadow_style,%91object Object%93&#8243; header_text_shadow_blur_strength=\u00bbheader_text_shadow_style,%91object Object%93&#8243; header_2_text_shadow_horizontal_length=\u00bbheader_2_text_shadow_style,%91object Object%93&#8243; header_2_text_shadow_vertical_length=\u00bbheader_2_text_shadow_style,%91object Object%93&#8243; header_2_text_shadow_blur_strength=\u00bbheader_2_text_shadow_style,%91object Object%93&#8243; header_3_text_shadow_horizontal_length=\u00bbheader_3_text_shadow_style,%91object Object%93&#8243; header_3_text_shadow_vertical_length=\u00bbheader_3_text_shadow_style,%91object Object%93&#8243; header_3_text_shadow_blur_strength=\u00bbheader_3_text_shadow_style,%91object Object%93&#8243; header_4_text_shadow_horizontal_length=\u00bbheader_4_text_shadow_style,%91object Object%93&#8243; header_4_text_shadow_vertical_length=\u00bbheader_4_text_shadow_style,%91object Object%93&#8243; header_4_text_shadow_blur_strength=\u00bbheader_4_text_shadow_style,%91object Object%93&#8243; header_5_text_shadow_horizontal_length=\u00bbheader_5_text_shadow_style,%91object Object%93&#8243; header_5_text_shadow_vertical_length=\u00bbheader_5_text_shadow_style,%91object Object%93&#8243; header_5_text_shadow_blur_strength=\u00bbheader_5_text_shadow_style,%91object Object%93&#8243; header_6_text_shadow_horizontal_length=\u00bbheader_6_text_shadow_style,%91object Object%93&#8243; header_6_text_shadow_vertical_length=\u00bbheader_6_text_shadow_style,%91object Object%93&#8243; header_6_text_shadow_blur_strength=\u00bbheader_6_text_shadow_style,%91object Object%93&#8243; z_index_tablet=\u00bb500&#8243;]<\/p>\n<p class=\"m_-8042966991474446128ydpa3cc355aMsoNormal\"><img loading=\"lazy\" decoding=\"async\" class=\"size-medium wp-image-6302 alignleft\" src=\"https:\/\/alcala.salesianos.edu\/wp-content\/uploads\/2019\/05\/gala-212x300.jpg\" alt=\"\" width=\"212\" height=\"300\" \/>Durante los d\u00edas 10, 11 y 12 de mayo en el Teatro \u201cGuti\u00e9rrez de Alba\u201d, se celebrar\u00e1 la Gala Infantil \u201cVirgen del \u00c1guila\u201d, organizada por la Hermandad de la Patrona alcalare\u00f1a y en la que participar\u00e1n muchos alumnos de nuestro Centro.\u00a0 Este espect\u00e1culo cumplir\u00e1 este a\u00f1o cincuenta ediciones ininterrumpidas desde 1970 y es actualmente uno de los espect\u00e1culos infantiles m\u00e1s antiguos de Andaluc\u00eda, con la actuaci\u00f3n de casi doscientos ni\u00f1os.<\/p>\n<p class=\"m_-8042966991474446128ydpa3cc355aMsoNormal\">La Gala pone broche de oro a los Premios \u201cVirgen del \u00c1guila\u201d, certamen de dibujo y poes\u00eda en el que han participado nuestros alumnos de la etapa de Primaria, junto con los alumnos de todos los colegios de primaria de la localidad. En la Gala ser\u00e1 entregado el primer premio de poes\u00eda, llamado \u201cFlor Natural\u201d, mientras que en el colegio se entregar\u00e1n el resto de premios.<\/p>\n<p class=\"m_-8042966991474446128ydpa3cc355aMsoNormal\">La Gala estar\u00e1 presidida por nuestra alumna Beatriz Ord\u00f3\u00f1ez Otero, de 3\u00ba de ESO, como Reina de la corte de honor formada por una docena de j\u00f3venes alcalare\u00f1as y sus acompa\u00f1antes, muchos de ellos alumnos nuestros. \u00a0Actuar\u00e1n otros muchos alumnos en varios de los n\u00fameros como \u201cLas mil y una noches\u201d, \u201cCharlest\u00f3n\u201d, \u201cEl sol brilla\u201d o \u201cAlegr\u00eda en la Sabana\u201d, recuerdo del musical salesiano que prepararon nuestros alumnos con nuestros maestros Julio \u00c1lvarez y Ana T\u00e9llez. Desde comienzos de a\u00f1o trabajan un grupo de casi una veintena de preparadoras para crear los diecinueve n\u00fameros que se pondr\u00e1n en escena en las tres sesiones en las que actuar\u00e1n casi 200 ni\u00f1os entre 1 y 13 a\u00f1os.<\/p>\n<p>[\/et_pb_text][\/et_pb_column][\/et_pb_row][\/et_pb_section]<\/p>\n","protected":false},"excerpt":{"rendered":"<p><div class=\"et_pb_row et_pb_row_0 et_pb_row_empty\">\n\t\t\t\t\n\t\t\t\t\n\t\t\t\t\n\t\t\t\t\n\t\t\t\t\n\t\t\t<\/div> Durante los d\u00edas 10, 11 y 12 de mayo en el Teatro \u201cGuti\u00e9rrez de Alba\u201d, se celebrar\u00e1 la Gala Infantil \u201cVirgen del \u00c1guila\u201d, organizada por la Hermandad de la Patrona alcalare\u00f1a y en la que participar\u00e1n muchos alumnos de nuestro Centro.\u00a0 Este espect\u00e1culo cumplir\u00e1 este a\u00f1o cincuenta ediciones ininterrumpidas desde 1970 y es actualmente [&hellip;]<\/p>\n","protected":false},"author":2,"featured_media":0,"comment_status":"closed","ping_status":"open","sticky":false,"template":"","format":"standard","meta":{"_et_pb_use_builder":"on","_et_pb_old_content":"","_et_gb_content_width":"","footnotes":""},"categories":[12,19,13,17,14,15,18,16,1],"tags":[],"class_list":["post-11367","post","type-post","status-publish","format-standard","hentry","category-colegio","category-escuela-abierta","category-fasa","category-infantil","category-pastoral","category-portada","category-primaria","category-secundaria","category-uncategorized"],"yoast_head":"<!-- This site is optimized with the Yoast SEO plugin v28.4 - https:\/\/yoast.com\/product\/yoast-seo-wordpress\/ -->\n<title>NUESTROS ALUMNOS EN LAS 50 GALAS DEL \u00c1GUILA - Colegio Salesiano Alcal\u00e1<\/title>\n<meta name=\"robots\" content=\"index, follow, max-snippet:-1, max-image-preview:large, max-video-preview:-1\" \/>\n<link rel=\"canonical\" href=\"https:\/\/alcala.salesianos.edu\/colegio\/blog\/2019\/05\/10\/nuestros-alumnos-en-las-50-galas-del-aguila\/\" \/>\n<meta property=\"og:locale\" content=\"es_ES\" \/>\n<meta property=\"og:type\" content=\"article\" \/>\n<meta property=\"og:title\" content=\"NUESTROS ALUMNOS EN LAS 50 GALAS DEL \u00c1GUILA - Colegio Salesiano Alcal\u00e1\" \/>\n<meta property=\"og:description\" content=\"Durante los d\u00edas 10, 11 y 12 de mayo en el Teatro \u201cGuti\u00e9rrez de Alba\u201d, se celebrar\u00e1 la Gala Infantil \u201cVirgen del \u00c1guila\u201d, organizada por la Hermandad de la Patrona alcalare\u00f1a y en la que participar\u00e1n muchos alumnos de nuestro Centro.\u00a0 Este espect\u00e1culo cumplir\u00e1 este a\u00f1o cincuenta ediciones ininterrumpidas desde 1970 y es actualmente [&hellip;]\" \/>\n<meta property=\"og:url\" content=\"https:\/\/alcala.salesianos.edu\/colegio\/blog\/2019\/05\/10\/nuestros-alumnos-en-las-50-galas-del-aguila\/\" \/>\n<meta property=\"og:site_name\" content=\"Colegio Salesiano Alcal\u00e1\" \/>\n<meta property=\"article:published_time\" content=\"2019-05-10T10:58:49+00:00\" \/>\n<meta property=\"article:modified_time\" content=\"2025-08-27T07:59:12+00:00\" \/>\n<meta name=\"author\" content=\"Administrador Web\" \/>\n<meta name=\"twitter:card\" content=\"summary_large_image\" \/>\n<meta name=\"twitter:label1\" content=\"Escrito por\" \/>\n\t<meta name=\"twitter:data1\" content=\"Administrador Web\" \/>\n\t<meta name=\"twitter:label2\" content=\"Tiempo de lectura\" \/>\n\t<meta name=\"twitter:data2\" content=\"3 minutos\" \/>\n<script type=\"application\/ld+json\" class=\"yoast-schema-graph\">{\"@context\":\"https:\\\/\\\/schema.org\",\"@graph\":[{\"@type\":\"Article\",\"@id\":\"https:\\\/\\\/alcala.salesianos.edu\\\/colegio\\\/blog\\\/2019\\\/05\\\/10\\\/nuestros-alumnos-en-las-50-galas-del-aguila\\\/#article\",\"isPartOf\":{\"@id\":\"https:\\\/\\\/alcala.salesianos.edu\\\/colegio\\\/blog\\\/2019\\\/05\\\/10\\\/nuestros-alumnos-en-las-50-galas-del-aguila\\\/\"},\"author\":{\"name\":\"Administrador Web\",\"@id\":\"https:\\\/\\\/alcala.salesianos.edu\\\/colegio\\\/#\\\/schema\\\/person\\\/afcc24f776dc91fc2bf9afb0998fca77\"},\"headline\":\"NUESTROS ALUMNOS EN LAS 50 GALAS DEL \u00c1GUILA\",\"datePublished\":\"2019-05-10T10:58:49+00:00\",\"dateModified\":\"2025-08-27T07:59:12+00:00\",\"mainEntityOfPage\":{\"@id\":\"https:\\\/\\\/alcala.salesianos.edu\\\/colegio\\\/blog\\\/2019\\\/05\\\/10\\\/nuestros-alumnos-en-las-50-galas-del-aguila\\\/\"},\"wordCount\":681,\"image\":{\"@id\":\"https:\\\/\\\/alcala.salesianos.edu\\\/colegio\\\/blog\\\/2019\\\/05\\\/10\\\/nuestros-alumnos-en-las-50-galas-del-aguila\\\/#primaryimage\"},\"thumbnailUrl\":\"https:\\\/\\\/alcala.salesianos.edu\\\/wp-content\\\/uploads\\\/2019\\\/05\\\/gala-212x300.jpg\",\"articleSection\":[\"Colegio\",\"Escuela abierta\",\"FASA\",\"Infantil\",\"Pastoral\",\"Portada\",\"Primaria\",\"Secundaria\",\"Uncategorized\"],\"inLanguage\":\"es\"},{\"@type\":\"WebPage\",\"@id\":\"https:\\\/\\\/alcala.salesianos.edu\\\/colegio\\\/blog\\\/2019\\\/05\\\/10\\\/nuestros-alumnos-en-las-50-galas-del-aguila\\\/\",\"url\":\"https:\\\/\\\/alcala.salesianos.edu\\\/colegio\\\/blog\\\/2019\\\/05\\\/10\\\/nuestros-alumnos-en-las-50-galas-del-aguila\\\/\",\"name\":\"NUESTROS ALUMNOS EN LAS 50 GALAS DEL \u00c1GUILA - Colegio Salesiano Alcal\u00e1\",\"isPartOf\":{\"@id\":\"https:\\\/\\\/alcala.salesianos.edu\\\/colegio\\\/#website\"},\"primaryImageOfPage\":{\"@id\":\"https:\\\/\\\/alcala.salesianos.edu\\\/colegio\\\/blog\\\/2019\\\/05\\\/10\\\/nuestros-alumnos-en-las-50-galas-del-aguila\\\/#primaryimage\"},\"image\":{\"@id\":\"https:\\\/\\\/alcala.salesianos.edu\\\/colegio\\\/blog\\\/2019\\\/05\\\/10\\\/nuestros-alumnos-en-las-50-galas-del-aguila\\\/#primaryimage\"},\"thumbnailUrl\":\"https:\\\/\\\/alcala.salesianos.edu\\\/wp-content\\\/uploads\\\/2019\\\/05\\\/gala-212x300.jpg\",\"datePublished\":\"2019-05-10T10:58:49+00:00\",\"dateModified\":\"2025-08-27T07:59:12+00:00\",\"author\":{\"@id\":\"https:\\\/\\\/alcala.salesianos.edu\\\/colegio\\\/#\\\/schema\\\/person\\\/afcc24f776dc91fc2bf9afb0998fca77\"},\"breadcrumb\":{\"@id\":\"https:\\\/\\\/alcala.salesianos.edu\\\/colegio\\\/blog\\\/2019\\\/05\\\/10\\\/nuestros-alumnos-en-las-50-galas-del-aguila\\\/#breadcrumb\"},\"inLanguage\":\"es\",\"potentialAction\":[{\"@type\":\"ReadAction\",\"target\":[\"https:\\\/\\\/alcala.salesianos.edu\\\/colegio\\\/blog\\\/2019\\\/05\\\/10\\\/nuestros-alumnos-en-las-50-galas-del-aguila\\\/\"]}]},{\"@type\":\"ImageObject\",\"inLanguage\":\"es\",\"@id\":\"https:\\\/\\\/alcala.salesianos.edu\\\/colegio\\\/blog\\\/2019\\\/05\\\/10\\\/nuestros-alumnos-en-las-50-galas-del-aguila\\\/#primaryimage\",\"url\":\"https:\\\/\\\/alcala.salesianos.edu\\\/wp-content\\\/uploads\\\/2019\\\/05\\\/gala-212x300.jpg\",\"contentUrl\":\"https:\\\/\\\/alcala.salesianos.edu\\\/wp-content\\\/uploads\\\/2019\\\/05\\\/gala-212x300.jpg\"},{\"@type\":\"BreadcrumbList\",\"@id\":\"https:\\\/\\\/alcala.salesianos.edu\\\/colegio\\\/blog\\\/2019\\\/05\\\/10\\\/nuestros-alumnos-en-las-50-galas-del-aguila\\\/#breadcrumb\",\"itemListElement\":[{\"@type\":\"ListItem\",\"position\":1,\"name\":\"Portada\",\"item\":\"https:\\\/\\\/alcala.salesianos.edu\\\/colegio\\\/\"},{\"@type\":\"ListItem\",\"position\":2,\"name\":\"NUESTROS ALUMNOS EN LAS 50 GALAS DEL \u00c1GUILA\"}]},{\"@type\":\"WebSite\",\"@id\":\"https:\\\/\\\/alcala.salesianos.edu\\\/colegio\\\/#website\",\"url\":\"https:\\\/\\\/alcala.salesianos.edu\\\/colegio\\\/\",\"name\":\"Colegio Salesiano Alcal\u00e1\",\"description\":\"P\u00e1gina oficial de Salesianos Alcal\u00e1 de Guadaira\",\"potentialAction\":[{\"@type\":\"SearchAction\",\"target\":{\"@type\":\"EntryPoint\",\"urlTemplate\":\"https:\\\/\\\/alcala.salesianos.edu\\\/colegio\\\/?s={search_term_string}\"},\"query-input\":{\"@type\":\"PropertyValueSpecification\",\"valueRequired\":true,\"valueName\":\"search_term_string\"}}],\"inLanguage\":\"es\"},{\"@type\":\"Person\",\"@id\":\"https:\\\/\\\/alcala.salesianos.edu\\\/colegio\\\/#\\\/schema\\\/person\\\/afcc24f776dc91fc2bf9afb0998fca77\",\"name\":\"Administrador Web\",\"image\":{\"@type\":\"ImageObject\",\"inLanguage\":\"es\",\"@id\":\"https:\\\/\\\/secure.gravatar.com\\\/avatar\\\/bc157e994689bd6da9645c00aa3bc4d55b727915b6652642660db0aef086585f?s=96&d=mm&r=g\",\"url\":\"https:\\\/\\\/secure.gravatar.com\\\/avatar\\\/bc157e994689bd6da9645c00aa3bc4d55b727915b6652642660db0aef086585f?s=96&d=mm&r=g\",\"contentUrl\":\"https:\\\/\\\/secure.gravatar.com\\\/avatar\\\/bc157e994689bd6da9645c00aa3bc4d55b727915b6652642660db0aef086585f?s=96&d=mm&r=g\",\"caption\":\"Administrador Web\"}}]}<\/script>\n<!-- \/ Yoast SEO plugin. -->","yoast_head_json":{"title":"NUESTROS ALUMNOS EN LAS 50 GALAS DEL \u00c1GUILA - Colegio Salesiano Alcal\u00e1","robots":{"index":"index","follow":"follow","max-snippet":"max-snippet:-1","max-image-preview":"max-image-preview:large","max-video-preview":"max-video-preview:-1"},"canonical":"https:\/\/alcala.salesianos.edu\/colegio\/blog\/2019\/05\/10\/nuestros-alumnos-en-las-50-galas-del-aguila\/","og_locale":"es_ES","og_type":"article","og_title":"NUESTROS ALUMNOS EN LAS 50 GALAS DEL \u00c1GUILA - Colegio Salesiano Alcal\u00e1","og_description":"Durante los d\u00edas 10, 11 y 12 de mayo en el Teatro \u201cGuti\u00e9rrez de Alba\u201d, se celebrar\u00e1 la Gala Infantil \u201cVirgen del \u00c1guila\u201d, organizada por la Hermandad de la Patrona alcalare\u00f1a y en la que participar\u00e1n muchos alumnos de nuestro Centro.\u00a0 Este espect\u00e1culo cumplir\u00e1 este a\u00f1o cincuenta ediciones ininterrumpidas desde 1970 y es actualmente [&hellip;]","og_url":"https:\/\/alcala.salesianos.edu\/colegio\/blog\/2019\/05\/10\/nuestros-alumnos-en-las-50-galas-del-aguila\/","og_site_name":"Colegio Salesiano Alcal\u00e1","article_published_time":"2019-05-10T10:58:49+00:00","article_modified_time":"2025-08-27T07:59:12+00:00","author":"Administrador Web","twitter_card":"summary_large_image","twitter_misc":{"Escrito por":"Administrador Web","Tiempo de lectura":"3 minutos"},"schema":{"@context":"https:\/\/schema.org","@graph":[{"@type":"Article","@id":"https:\/\/alcala.salesianos.edu\/colegio\/blog\/2019\/05\/10\/nuestros-alumnos-en-las-50-galas-del-aguila\/#article","isPartOf":{"@id":"https:\/\/alcala.salesianos.edu\/colegio\/blog\/2019\/05\/10\/nuestros-alumnos-en-las-50-galas-del-aguila\/"},"author":{"name":"Administrador Web","@id":"https:\/\/alcala.salesianos.edu\/colegio\/#\/schema\/person\/afcc24f776dc91fc2bf9afb0998fca77"},"headline":"NUESTROS ALUMNOS EN LAS 50 GALAS DEL \u00c1GUILA","datePublished":"2019-05-10T10:58:49+00:00","dateModified":"2025-08-27T07:59:12+00:00","mainEntityOfPage":{"@id":"https:\/\/alcala.salesianos.edu\/colegio\/blog\/2019\/05\/10\/nuestros-alumnos-en-las-50-galas-del-aguila\/"},"wordCount":681,"image":{"@id":"https:\/\/alcala.salesianos.edu\/colegio\/blog\/2019\/05\/10\/nuestros-alumnos-en-las-50-galas-del-aguila\/#primaryimage"},"thumbnailUrl":"https:\/\/alcala.salesianos.edu\/wp-content\/uploads\/2019\/05\/gala-212x300.jpg","articleSection":["Colegio","Escuela abierta","FASA","Infantil","Pastoral","Portada","Primaria","Secundaria","Uncategorized"],"inLanguage":"es"},{"@type":"WebPage","@id":"https:\/\/alcala.salesianos.edu\/colegio\/blog\/2019\/05\/10\/nuestros-alumnos-en-las-50-galas-del-aguila\/","url":"https:\/\/alcala.salesianos.edu\/colegio\/blog\/2019\/05\/10\/nuestros-alumnos-en-las-50-galas-del-aguila\/","name":"NUESTROS ALUMNOS EN LAS 50 GALAS DEL \u00c1GUILA - Colegio Salesiano Alcal\u00e1","isPartOf":{"@id":"https:\/\/alcala.salesianos.edu\/colegio\/#website"},"primaryImageOfPage":{"@id":"https:\/\/alcala.salesianos.edu\/colegio\/blog\/2019\/05\/10\/nuestros-alumnos-en-las-50-galas-del-aguila\/#primaryimage"},"image":{"@id":"https:\/\/alcala.salesianos.edu\/colegio\/blog\/2019\/05\/10\/nuestros-alumnos-en-las-50-galas-del-aguila\/#primaryimage"},"thumbnailUrl":"https:\/\/alcala.salesianos.edu\/wp-content\/uploads\/2019\/05\/gala-212x300.jpg","datePublished":"2019-05-10T10:58:49+00:00","dateModified":"2025-08-27T07:59:12+00:00","author":{"@id":"https:\/\/alcala.salesianos.edu\/colegio\/#\/schema\/person\/afcc24f776dc91fc2bf9afb0998fca77"},"breadcrumb":{"@id":"https:\/\/alcala.salesianos.edu\/colegio\/blog\/2019\/05\/10\/nuestros-alumnos-en-las-50-galas-del-aguila\/#breadcrumb"},"inLanguage":"es","potentialAction":[{"@type":"ReadAction","target":["https:\/\/alcala.salesianos.edu\/colegio\/blog\/2019\/05\/10\/nuestros-alumnos-en-las-50-galas-del-aguila\/"]}]},{"@type":"ImageObject","inLanguage":"es","@id":"https:\/\/alcala.salesianos.edu\/colegio\/blog\/2019\/05\/10\/nuestros-alumnos-en-las-50-galas-del-aguila\/#primaryimage","url":"https:\/\/alcala.salesianos.edu\/wp-content\/uploads\/2019\/05\/gala-212x300.jpg","contentUrl":"https:\/\/alcala.salesianos.edu\/wp-content\/uploads\/2019\/05\/gala-212x300.jpg"},{"@type":"BreadcrumbList","@id":"https:\/\/alcala.salesianos.edu\/colegio\/blog\/2019\/05\/10\/nuestros-alumnos-en-las-50-galas-del-aguila\/#breadcrumb","itemListElement":[{"@type":"ListItem","position":1,"name":"Portada","item":"https:\/\/alcala.salesianos.edu\/colegio\/"},{"@type":"ListItem","position":2,"name":"NUESTROS ALUMNOS EN LAS 50 GALAS DEL \u00c1GUILA"}]},{"@type":"WebSite","@id":"https:\/\/alcala.salesianos.edu\/colegio\/#website","url":"https:\/\/alcala.salesianos.edu\/colegio\/","name":"Colegio Salesiano Alcal\u00e1","description":"P\u00e1gina oficial de Salesianos Alcal\u00e1 de Guadaira","potentialAction":[{"@type":"SearchAction","target":{"@type":"EntryPoint","urlTemplate":"https:\/\/alcala.salesianos.edu\/colegio\/?s={search_term_string}"},"query-input":{"@type":"PropertyValueSpecification","valueRequired":true,"valueName":"search_term_string"}}],"inLanguage":"es"},{"@type":"Person","@id":"https:\/\/alcala.salesianos.edu\/colegio\/#\/schema\/person\/afcc24f776dc91fc2bf9afb0998fca77","name":"Administrador Web","image":{"@type":"ImageObject","inLanguage":"es","@id":"https:\/\/secure.gravatar.com\/avatar\/bc157e994689bd6da9645c00aa3bc4d55b727915b6652642660db0aef086585f?s=96&d=mm&r=g","url":"https:\/\/secure.gravatar.com\/avatar\/bc157e994689bd6da9645c00aa3bc4d55b727915b6652642660db0aef086585f?s=96&d=mm&r=g","contentUrl":"https:\/\/secure.gravatar.com\/avatar\/bc157e994689bd6da9645c00aa3bc4d55b727915b6652642660db0aef086585f?s=96&d=mm&r=g","caption":"Administrador Web"}}]}},"_links":{"self":[{"href":"https:\/\/alcala.salesianos.edu\/colegio\/wp-json\/wp\/v2\/posts\/11367","targetHints":{"allow":["GET"]}}],"collection":[{"href":"https:\/\/alcala.salesianos.edu\/colegio\/wp-json\/wp\/v2\/posts"}],"about":[{"href":"https:\/\/alcala.salesianos.edu\/colegio\/wp-json\/wp\/v2\/types\/post"}],"author":[{"embeddable":true,"href":"https:\/\/alcala.salesianos.edu\/colegio\/wp-json\/wp\/v2\/users\/2"}],"replies":[{"embeddable":true,"href":"https:\/\/alcala.salesianos.edu\/colegio\/wp-json\/wp\/v2\/comments?post=11367"}],"version-history":[{"count":4,"href":"https:\/\/alcala.salesianos.edu\/colegio\/wp-json\/wp\/v2\/posts\/11367\/revisions"}],"predecessor-version":[{"id":16392,"href":"https:\/\/alcala.salesianos.edu\/colegio\/wp-json\/wp\/v2\/posts\/11367\/revisions\/16392"}],"wp:attachment":[{"href":"https:\/\/alcala.salesianos.edu\/colegio\/wp-json\/wp\/v2\/media?parent=11367"}],"wp:term":[{"taxonomy":"category","embeddable":true,"href":"https:\/\/alcala.salesianos.edu\/colegio\/wp-json\/wp\/v2\/categories?post=11367"},{"taxonomy":"post_tag","embeddable":true,"href":"https:\/\/alcala.salesianos.edu\/colegio\/wp-json\/wp\/v2\/tags?post=11367"}],"curies":[{"name":"wp","href":"https:\/\/api.w.org\/{rel}","templated":true}]}}