{"id":11341,"date":"2019-05-10T10:59:11","date_gmt":"2019-05-10T09:59:11","guid":{"rendered":"https:\/\/alcala.salesianos.edu\/colegio\/blog\/2019\/05\/10\/el-huerto-de-la-alegria-del-colegio-salesiano-fomenta-los-valores-mas-humanos\/"},"modified":"2025-08-27T08:59:12","modified_gmt":"2025-08-27T07:59:12","slug":"el-huerto-de-la-alegria-del-colegio-salesiano-fomenta-los-valores-mas-humanos","status":"publish","type":"post","link":"https:\/\/alcala.salesianos.edu\/colegio\/blog\/2019\/05\/10\/el-huerto-de-la-alegria-del-colegio-salesiano-fomenta-los-valores-mas-humanos\/","title":{"rendered":"El Huerto de la Alegr\u00eda del Colegio Salesiano, fomenta los valores humanos m\u00e1s nobles."},"content":{"rendered":"<div id=\"fb-root\"><\/div>\n<p>[et_pb_section bb_built=\u00bb1&#8243; inner_width=\u00bbauto\u00bb inner_max_width=\u00bbnone\u00bb][et_pb_row][et_pb_column type=\u00bb4_4&#8243;][et_pb_text _builder_version=\u00bb3.22.4&#8243; text_text_shadow_horizontal_length=\u00bbtext_text_shadow_style,%91object Object%93&#8243; text_text_shadow_vertical_length=\u00bbtext_text_shadow_style,%91object Object%93&#8243; text_text_shadow_blur_strength=\u00bbtext_text_shadow_style,%91object Object%93&#8243; link_text_shadow_horizontal_length=\u00bblink_text_shadow_style,%91object Object%93&#8243; link_text_shadow_vertical_length=\u00bblink_text_shadow_style,%91object Object%93&#8243; link_text_shadow_blur_strength=\u00bblink_text_shadow_style,%91object Object%93&#8243; ul_text_shadow_horizontal_length=\u00bbul_text_shadow_style,%91object Object%93&#8243; ul_text_shadow_vertical_length=\u00bbul_text_shadow_style,%91object Object%93&#8243; ul_text_shadow_blur_strength=\u00bbul_text_shadow_style,%91object Object%93&#8243; ol_text_shadow_horizontal_length=\u00bbol_text_shadow_style,%91object Object%93&#8243; ol_text_shadow_vertical_length=\u00bbol_text_shadow_style,%91object Object%93&#8243; ol_text_shadow_blur_strength=\u00bbol_text_shadow_style,%91object Object%93&#8243; quote_text_shadow_horizontal_length=\u00bbquote_text_shadow_style,%91object Object%93&#8243; quote_text_shadow_vertical_length=\u00bbquote_text_shadow_style,%91object Object%93&#8243; quote_text_shadow_blur_strength=\u00bbquote_text_shadow_style,%91object Object%93&#8243; header_text_shadow_horizontal_length=\u00bbheader_text_shadow_style,%91object Object%93&#8243; header_text_shadow_vertical_length=\u00bbheader_text_shadow_style,%91object Object%93&#8243; header_text_shadow_blur_strength=\u00bbheader_text_shadow_style,%91object Object%93&#8243; header_2_text_shadow_horizontal_length=\u00bbheader_2_text_shadow_style,%91object Object%93&#8243; header_2_text_shadow_vertical_length=\u00bbheader_2_text_shadow_style,%91object Object%93&#8243; header_2_text_shadow_blur_strength=\u00bbheader_2_text_shadow_style,%91object Object%93&#8243; header_3_text_shadow_horizontal_length=\u00bbheader_3_text_shadow_style,%91object Object%93&#8243; header_3_text_shadow_vertical_length=\u00bbheader_3_text_shadow_style,%91object Object%93&#8243; header_3_text_shadow_blur_strength=\u00bbheader_3_text_shadow_style,%91object Object%93&#8243; header_4_text_shadow_horizontal_length=\u00bbheader_4_text_shadow_style,%91object Object%93&#8243; header_4_text_shadow_vertical_length=\u00bbheader_4_text_shadow_style,%91object Object%93&#8243; header_4_text_shadow_blur_strength=\u00bbheader_4_text_shadow_style,%91object Object%93&#8243; header_5_text_shadow_horizontal_length=\u00bbheader_5_text_shadow_style,%91object Object%93&#8243; header_5_text_shadow_vertical_length=\u00bbheader_5_text_shadow_style,%91object Object%93&#8243; header_5_text_shadow_blur_strength=\u00bbheader_5_text_shadow_style,%91object Object%93&#8243; header_6_text_shadow_horizontal_length=\u00bbheader_6_text_shadow_style,%91object Object%93&#8243; header_6_text_shadow_vertical_length=\u00bbheader_6_text_shadow_style,%91object Object%93&#8243; header_6_text_shadow_blur_strength=\u00bbheader_6_text_shadow_style,%91object Object%93&#8243; z_index_tablet=\u00bb500&#8243;]<\/p>\n<p><img loading=\"lazy\" decoding=\"async\" class=\"size-medium wp-image-6307 alignleft\" src=\"https:\/\/alcala.salesianos.edu\/wp-content\/uploads\/2019\/05\/huerto44-300x266.jpeg\" alt=\"\" width=\"300\" height=\"266\" \/>El Colegio Salesiano, trabaja cada d\u00eda por conseguir entregar a los aut\u00e9nticos y \u00fanicos protagonistas de su Casa, su alumnado, las mejores herramientas pedag\u00f3gicas y humanas que les ayuden a desarrollar su futuro pr\u00f3ximo.<\/p>\n<p>\u00a0<\/p>\n<p>Con esto, el curso pasado naci\u00f3 el \u201cHuerto de la Alegr\u00eda\u201d, el cual no solo da frutos sabrosos y saludables, sino que fomenta los valores humanos m\u00e1s nobles y otras tantas virtudes aplicables a la vida diaria.<\/p>\n<p>\u00a0<\/p>\n<p>Tanto es as\u00ed, que todo en el huerto es una cadena de favores donde todos tienen su sitio. Comienza con los m\u00e1s peque\u00f1os de Primaria con plantaciones y an\u00e1lisis previo de todo el lugar donde se har\u00e1n las mismas. Acompa\u00f1ados y supervisados por los mayores de Educaci\u00f3n Secundaria, cebollas, pimientos, berenjenas y lechugas van creciendo en la tierra previamente movida y acomodada.<\/p>\n<p>\u00a0<\/p>\n<p>\u00a0A continuaci\u00f3n, les toca el turno a los mayores de 4\u00ba, 5\u00ba y 6\u00ba de Primaria y Secundaria, ellos le ponen todo el color al jard\u00edn, plantando flores de primavera, as\u00ed y junto a otras tantas arom\u00e1ticas y medicinales, crece la alegr\u00eda d\u00eda tras d\u00eda en nuestro huerto.<\/p>\n<p>\u00a0<\/p>\n<p>Si nos asomamos al pasillo, los peque\u00f1os de Infantil se preparan para re\u00edr en el huerto, regando y manteniendo viva la semilla que intenta germinar todos los d\u00edas en sus macetas y maceteros.<img loading=\"lazy\" decoding=\"async\" class=\"size-medium wp-image-6299 alignright\" src=\"https:\/\/alcala.salesianos.edu\/wp-content\/uploads\/2019\/05\/huerto-1-150x300.jpeg\" alt=\"\" width=\"150\" height=\"300\" \/><\/p>\n<p>\u00a0<\/p>\n<p>Una vez est\u00e1 toda la estructura montada, Educaci\u00f3n Secundaria toma muestras de sus frutas, verduras y hortalizas para seguir aprendiendo y estudiando sobre ADN, conservaci\u00f3n, necesidades del huerto y as\u00ed el ciclo comienza de nuevo, fomentando el trabajo cooperativo para que todo marche sobre ruedas.<\/p>\n<p>\u00a0<\/p>\n<p>En este bonito lugar del Centro, se desarrollan y fomentan valores como, compa\u00f1erismo, amistad, respeto a la naturaleza y empat\u00eda. Todo englobado dentro de un proyecto educativo referente, denominado #MiColegio3.0, que intenta ofrecer a todos los j\u00f3venes del Centro la mejor educaci\u00f3n posible, con humildad y constancia.<\/p>\n<p>\u00a0<\/p>\n<p>Les invitamos a que visiten su \u201cHuerto de la Alegr\u00eda\u201d, el cual llena cada rinc\u00f3n del Centro de luz y color.<\/p>\n<p>\u00a0<\/p>\n<p>[\/et_pb_text][\/et_pb_column][\/et_pb_row][\/et_pb_section]<\/p>\n","protected":false},"excerpt":{"rendered":"<p><div class=\"et_pb_row et_pb_row_0 et_pb_row_empty\">\n\t\t\t\t\n\t\t\t\t\n\t\t\t\t\n\t\t\t\t\n\t\t\t\t\n\t\t\t<\/div> El Colegio Salesiano, trabaja cada d\u00eda por conseguir entregar a los aut\u00e9nticos y \u00fanicos protagonistas de su Casa, su alumnado, las mejores herramientas pedag\u00f3gicas y humanas que les ayuden a desarrollar su futuro pr\u00f3ximo.\u00a0Con esto, el curso pasado naci\u00f3 el \u201cHuerto de la Alegr\u00eda\u201d, el cual no solo da frutos sabrosos y saludables, sino [&hellip;]<\/p>\n","protected":false},"author":2,"featured_media":0,"comment_status":"closed","ping_status":"open","sticky":false,"template":"","format":"standard","meta":{"_et_pb_use_builder":"on","_et_pb_old_content":"","_et_gb_content_width":"","footnotes":""},"categories":[12,19,13,17,14,15,18,16],"tags":[],"class_list":["post-11341","post","type-post","status-publish","format-standard","hentry","category-colegio","category-escuela-abierta","category-fasa","category-infantil","category-pastoral","category-portada","category-primaria","category-secundaria"],"yoast_head":"<!-- This site is optimized with the Yoast SEO plugin v28.4 - https:\/\/yoast.com\/product\/yoast-seo-wordpress\/ -->\n<title>El Huerto de la Alegr\u00eda del Colegio Salesiano, fomenta los valores humanos m\u00e1s nobles. - Colegio Salesiano Alcal\u00e1<\/title>\n<meta name=\"robots\" content=\"index, follow, max-snippet:-1, max-image-preview:large, max-video-preview:-1\" \/>\n<link rel=\"canonical\" href=\"https:\/\/alcala.salesianos.edu\/colegio\/blog\/2019\/05\/10\/el-huerto-de-la-alegria-del-colegio-salesiano-fomenta-los-valores-mas-humanos\/\" \/>\n<meta property=\"og:locale\" content=\"es_ES\" \/>\n<meta property=\"og:type\" content=\"article\" \/>\n<meta property=\"og:title\" content=\"El Huerto de la Alegr\u00eda del Colegio Salesiano, fomenta los valores humanos m\u00e1s nobles. - Colegio Salesiano Alcal\u00e1\" \/>\n<meta property=\"og:description\" content=\"El Colegio Salesiano, trabaja cada d\u00eda por conseguir entregar a los aut\u00e9nticos y \u00fanicos protagonistas de su Casa, su alumnado, las mejores herramientas pedag\u00f3gicas y humanas que les ayuden a desarrollar su futuro pr\u00f3ximo.\u00a0Con esto, el curso pasado naci\u00f3 el \u201cHuerto de la Alegr\u00eda\u201d, el cual no solo da frutos sabrosos y saludables, sino [&hellip;]\" \/>\n<meta property=\"og:url\" content=\"https:\/\/alcala.salesianos.edu\/colegio\/blog\/2019\/05\/10\/el-huerto-de-la-alegria-del-colegio-salesiano-fomenta-los-valores-mas-humanos\/\" \/>\n<meta property=\"og:site_name\" content=\"Colegio Salesiano Alcal\u00e1\" \/>\n<meta property=\"article:published_time\" content=\"2019-05-10T09:59:11+00:00\" \/>\n<meta property=\"article:modified_time\" content=\"2025-08-27T07:59:12+00:00\" \/>\n<meta name=\"author\" content=\"Administrador Web\" \/>\n<meta name=\"twitter:card\" content=\"summary_large_image\" \/>\n<meta name=\"twitter:label1\" content=\"Escrito por\" \/>\n\t<meta name=\"twitter:data1\" content=\"Administrador Web\" \/>\n\t<meta name=\"twitter:label2\" content=\"Tiempo de lectura\" \/>\n\t<meta name=\"twitter:data2\" content=\"4 minutos\" \/>\n<script type=\"application\/ld+json\" class=\"yoast-schema-graph\">{\"@context\":\"https:\\\/\\\/schema.org\",\"@graph\":[{\"@type\":\"Article\",\"@id\":\"https:\\\/\\\/alcala.salesianos.edu\\\/colegio\\\/blog\\\/2019\\\/05\\\/10\\\/el-huerto-de-la-alegria-del-colegio-salesiano-fomenta-los-valores-mas-humanos\\\/#article\",\"isPartOf\":{\"@id\":\"https:\\\/\\\/alcala.salesianos.edu\\\/colegio\\\/blog\\\/2019\\\/05\\\/10\\\/el-huerto-de-la-alegria-del-colegio-salesiano-fomenta-los-valores-mas-humanos\\\/\"},\"author\":{\"name\":\"Administrador Web\",\"@id\":\"https:\\\/\\\/alcala.salesianos.edu\\\/colegio\\\/#\\\/schema\\\/person\\\/afcc24f776dc91fc2bf9afb0998fca77\"},\"headline\":\"El Huerto de la Alegr\u00eda del Colegio Salesiano, fomenta los valores humanos m\u00e1s nobles.\",\"datePublished\":\"2019-05-10T09:59:11+00:00\",\"dateModified\":\"2025-08-27T07:59:12+00:00\",\"mainEntityOfPage\":{\"@id\":\"https:\\\/\\\/alcala.salesianos.edu\\\/colegio\\\/blog\\\/2019\\\/05\\\/10\\\/el-huerto-de-la-alegria-del-colegio-salesiano-fomenta-los-valores-mas-humanos\\\/\"},\"wordCount\":771,\"image\":{\"@id\":\"https:\\\/\\\/alcala.salesianos.edu\\\/colegio\\\/blog\\\/2019\\\/05\\\/10\\\/el-huerto-de-la-alegria-del-colegio-salesiano-fomenta-los-valores-mas-humanos\\\/#primaryimage\"},\"thumbnailUrl\":\"https:\\\/\\\/alcala.salesianos.edu\\\/wp-content\\\/uploads\\\/2019\\\/05\\\/huerto44-300x266.jpeg\",\"articleSection\":[\"Colegio\",\"Escuela abierta\",\"FASA\",\"Infantil\",\"Pastoral\",\"Portada\",\"Primaria\",\"Secundaria\"],\"inLanguage\":\"es\"},{\"@type\":\"WebPage\",\"@id\":\"https:\\\/\\\/alcala.salesianos.edu\\\/colegio\\\/blog\\\/2019\\\/05\\\/10\\\/el-huerto-de-la-alegria-del-colegio-salesiano-fomenta-los-valores-mas-humanos\\\/\",\"url\":\"https:\\\/\\\/alcala.salesianos.edu\\\/colegio\\\/blog\\\/2019\\\/05\\\/10\\\/el-huerto-de-la-alegria-del-colegio-salesiano-fomenta-los-valores-mas-humanos\\\/\",\"name\":\"El Huerto de la Alegr\u00eda del Colegio Salesiano, fomenta los valores humanos m\u00e1s nobles. - Colegio Salesiano Alcal\u00e1\",\"isPartOf\":{\"@id\":\"https:\\\/\\\/alcala.salesianos.edu\\\/colegio\\\/#website\"},\"primaryImageOfPage\":{\"@id\":\"https:\\\/\\\/alcala.salesianos.edu\\\/colegio\\\/blog\\\/2019\\\/05\\\/10\\\/el-huerto-de-la-alegria-del-colegio-salesiano-fomenta-los-valores-mas-humanos\\\/#primaryimage\"},\"image\":{\"@id\":\"https:\\\/\\\/alcala.salesianos.edu\\\/colegio\\\/blog\\\/2019\\\/05\\\/10\\\/el-huerto-de-la-alegria-del-colegio-salesiano-fomenta-los-valores-mas-humanos\\\/#primaryimage\"},\"thumbnailUrl\":\"https:\\\/\\\/alcala.salesianos.edu\\\/wp-content\\\/uploads\\\/2019\\\/05\\\/huerto44-300x266.jpeg\",\"datePublished\":\"2019-05-10T09:59:11+00:00\",\"dateModified\":\"2025-08-27T07:59:12+00:00\",\"author\":{\"@id\":\"https:\\\/\\\/alcala.salesianos.edu\\\/colegio\\\/#\\\/schema\\\/person\\\/afcc24f776dc91fc2bf9afb0998fca77\"},\"breadcrumb\":{\"@id\":\"https:\\\/\\\/alcala.salesianos.edu\\\/colegio\\\/blog\\\/2019\\\/05\\\/10\\\/el-huerto-de-la-alegria-del-colegio-salesiano-fomenta-los-valores-mas-humanos\\\/#breadcrumb\"},\"inLanguage\":\"es\",\"potentialAction\":[{\"@type\":\"ReadAction\",\"target\":[\"https:\\\/\\\/alcala.salesianos.edu\\\/colegio\\\/blog\\\/2019\\\/05\\\/10\\\/el-huerto-de-la-alegria-del-colegio-salesiano-fomenta-los-valores-mas-humanos\\\/\"]}]},{\"@type\":\"ImageObject\",\"inLanguage\":\"es\",\"@id\":\"https:\\\/\\\/alcala.salesianos.edu\\\/colegio\\\/blog\\\/2019\\\/05\\\/10\\\/el-huerto-de-la-alegria-del-colegio-salesiano-fomenta-los-valores-mas-humanos\\\/#primaryimage\",\"url\":\"https:\\\/\\\/alcala.salesianos.edu\\\/wp-content\\\/uploads\\\/2019\\\/05\\\/huerto44-300x266.jpeg\",\"contentUrl\":\"https:\\\/\\\/alcala.salesianos.edu\\\/wp-content\\\/uploads\\\/2019\\\/05\\\/huerto44-300x266.jpeg\"},{\"@type\":\"BreadcrumbList\",\"@id\":\"https:\\\/\\\/alcala.salesianos.edu\\\/colegio\\\/blog\\\/2019\\\/05\\\/10\\\/el-huerto-de-la-alegria-del-colegio-salesiano-fomenta-los-valores-mas-humanos\\\/#breadcrumb\",\"itemListElement\":[{\"@type\":\"ListItem\",\"position\":1,\"name\":\"Portada\",\"item\":\"https:\\\/\\\/alcala.salesianos.edu\\\/colegio\\\/\"},{\"@type\":\"ListItem\",\"position\":2,\"name\":\"El Huerto de la Alegr\u00eda del Colegio Salesiano, fomenta los valores humanos m\u00e1s nobles.\"}]},{\"@type\":\"WebSite\",\"@id\":\"https:\\\/\\\/alcala.salesianos.edu\\\/colegio\\\/#website\",\"url\":\"https:\\\/\\\/alcala.salesianos.edu\\\/colegio\\\/\",\"name\":\"Colegio Salesiano Alcal\u00e1\",\"description\":\"P\u00e1gina oficial de Salesianos Alcal\u00e1 de Guadaira\",\"potentialAction\":[{\"@type\":\"SearchAction\",\"target\":{\"@type\":\"EntryPoint\",\"urlTemplate\":\"https:\\\/\\\/alcala.salesianos.edu\\\/colegio\\\/?s={search_term_string}\"},\"query-input\":{\"@type\":\"PropertyValueSpecification\",\"valueRequired\":true,\"valueName\":\"search_term_string\"}}],\"inLanguage\":\"es\"},{\"@type\":\"Person\",\"@id\":\"https:\\\/\\\/alcala.salesianos.edu\\\/colegio\\\/#\\\/schema\\\/person\\\/afcc24f776dc91fc2bf9afb0998fca77\",\"name\":\"Administrador Web\",\"image\":{\"@type\":\"ImageObject\",\"inLanguage\":\"es\",\"@id\":\"https:\\\/\\\/secure.gravatar.com\\\/avatar\\\/bc157e994689bd6da9645c00aa3bc4d55b727915b6652642660db0aef086585f?s=96&d=mm&r=g\",\"url\":\"https:\\\/\\\/secure.gravatar.com\\\/avatar\\\/bc157e994689bd6da9645c00aa3bc4d55b727915b6652642660db0aef086585f?s=96&d=mm&r=g\",\"contentUrl\":\"https:\\\/\\\/secure.gravatar.com\\\/avatar\\\/bc157e994689bd6da9645c00aa3bc4d55b727915b6652642660db0aef086585f?s=96&d=mm&r=g\",\"caption\":\"Administrador Web\"}}]}<\/script>\n<!-- \/ Yoast SEO plugin. -->","yoast_head_json":{"title":"El Huerto de la Alegr\u00eda del Colegio Salesiano, fomenta los valores humanos m\u00e1s nobles. - Colegio Salesiano Alcal\u00e1","robots":{"index":"index","follow":"follow","max-snippet":"max-snippet:-1","max-image-preview":"max-image-preview:large","max-video-preview":"max-video-preview:-1"},"canonical":"https:\/\/alcala.salesianos.edu\/colegio\/blog\/2019\/05\/10\/el-huerto-de-la-alegria-del-colegio-salesiano-fomenta-los-valores-mas-humanos\/","og_locale":"es_ES","og_type":"article","og_title":"El Huerto de la Alegr\u00eda del Colegio Salesiano, fomenta los valores humanos m\u00e1s nobles. - Colegio Salesiano Alcal\u00e1","og_description":"El Colegio Salesiano, trabaja cada d\u00eda por conseguir entregar a los aut\u00e9nticos y \u00fanicos protagonistas de su Casa, su alumnado, las mejores herramientas pedag\u00f3gicas y humanas que les ayuden a desarrollar su futuro pr\u00f3ximo.\u00a0Con esto, el curso pasado naci\u00f3 el \u201cHuerto de la Alegr\u00eda\u201d, el cual no solo da frutos sabrosos y saludables, sino [&hellip;]","og_url":"https:\/\/alcala.salesianos.edu\/colegio\/blog\/2019\/05\/10\/el-huerto-de-la-alegria-del-colegio-salesiano-fomenta-los-valores-mas-humanos\/","og_site_name":"Colegio Salesiano Alcal\u00e1","article_published_time":"2019-05-10T09:59:11+00:00","article_modified_time":"2025-08-27T07:59:12+00:00","author":"Administrador Web","twitter_card":"summary_large_image","twitter_misc":{"Escrito por":"Administrador Web","Tiempo de lectura":"4 minutos"},"schema":{"@context":"https:\/\/schema.org","@graph":[{"@type":"Article","@id":"https:\/\/alcala.salesianos.edu\/colegio\/blog\/2019\/05\/10\/el-huerto-de-la-alegria-del-colegio-salesiano-fomenta-los-valores-mas-humanos\/#article","isPartOf":{"@id":"https:\/\/alcala.salesianos.edu\/colegio\/blog\/2019\/05\/10\/el-huerto-de-la-alegria-del-colegio-salesiano-fomenta-los-valores-mas-humanos\/"},"author":{"name":"Administrador Web","@id":"https:\/\/alcala.salesianos.edu\/colegio\/#\/schema\/person\/afcc24f776dc91fc2bf9afb0998fca77"},"headline":"El Huerto de la Alegr\u00eda del Colegio Salesiano, fomenta los valores humanos m\u00e1s nobles.","datePublished":"2019-05-10T09:59:11+00:00","dateModified":"2025-08-27T07:59:12+00:00","mainEntityOfPage":{"@id":"https:\/\/alcala.salesianos.edu\/colegio\/blog\/2019\/05\/10\/el-huerto-de-la-alegria-del-colegio-salesiano-fomenta-los-valores-mas-humanos\/"},"wordCount":771,"image":{"@id":"https:\/\/alcala.salesianos.edu\/colegio\/blog\/2019\/05\/10\/el-huerto-de-la-alegria-del-colegio-salesiano-fomenta-los-valores-mas-humanos\/#primaryimage"},"thumbnailUrl":"https:\/\/alcala.salesianos.edu\/wp-content\/uploads\/2019\/05\/huerto44-300x266.jpeg","articleSection":["Colegio","Escuela abierta","FASA","Infantil","Pastoral","Portada","Primaria","Secundaria"],"inLanguage":"es"},{"@type":"WebPage","@id":"https:\/\/alcala.salesianos.edu\/colegio\/blog\/2019\/05\/10\/el-huerto-de-la-alegria-del-colegio-salesiano-fomenta-los-valores-mas-humanos\/","url":"https:\/\/alcala.salesianos.edu\/colegio\/blog\/2019\/05\/10\/el-huerto-de-la-alegria-del-colegio-salesiano-fomenta-los-valores-mas-humanos\/","name":"El Huerto de la Alegr\u00eda del Colegio Salesiano, fomenta los valores humanos m\u00e1s nobles. - Colegio Salesiano Alcal\u00e1","isPartOf":{"@id":"https:\/\/alcala.salesianos.edu\/colegio\/#website"},"primaryImageOfPage":{"@id":"https:\/\/alcala.salesianos.edu\/colegio\/blog\/2019\/05\/10\/el-huerto-de-la-alegria-del-colegio-salesiano-fomenta-los-valores-mas-humanos\/#primaryimage"},"image":{"@id":"https:\/\/alcala.salesianos.edu\/colegio\/blog\/2019\/05\/10\/el-huerto-de-la-alegria-del-colegio-salesiano-fomenta-los-valores-mas-humanos\/#primaryimage"},"thumbnailUrl":"https:\/\/alcala.salesianos.edu\/wp-content\/uploads\/2019\/05\/huerto44-300x266.jpeg","datePublished":"2019-05-10T09:59:11+00:00","dateModified":"2025-08-27T07:59:12+00:00","author":{"@id":"https:\/\/alcala.salesianos.edu\/colegio\/#\/schema\/person\/afcc24f776dc91fc2bf9afb0998fca77"},"breadcrumb":{"@id":"https:\/\/alcala.salesianos.edu\/colegio\/blog\/2019\/05\/10\/el-huerto-de-la-alegria-del-colegio-salesiano-fomenta-los-valores-mas-humanos\/#breadcrumb"},"inLanguage":"es","potentialAction":[{"@type":"ReadAction","target":["https:\/\/alcala.salesianos.edu\/colegio\/blog\/2019\/05\/10\/el-huerto-de-la-alegria-del-colegio-salesiano-fomenta-los-valores-mas-humanos\/"]}]},{"@type":"ImageObject","inLanguage":"es","@id":"https:\/\/alcala.salesianos.edu\/colegio\/blog\/2019\/05\/10\/el-huerto-de-la-alegria-del-colegio-salesiano-fomenta-los-valores-mas-humanos\/#primaryimage","url":"https:\/\/alcala.salesianos.edu\/wp-content\/uploads\/2019\/05\/huerto44-300x266.jpeg","contentUrl":"https:\/\/alcala.salesianos.edu\/wp-content\/uploads\/2019\/05\/huerto44-300x266.jpeg"},{"@type":"BreadcrumbList","@id":"https:\/\/alcala.salesianos.edu\/colegio\/blog\/2019\/05\/10\/el-huerto-de-la-alegria-del-colegio-salesiano-fomenta-los-valores-mas-humanos\/#breadcrumb","itemListElement":[{"@type":"ListItem","position":1,"name":"Portada","item":"https:\/\/alcala.salesianos.edu\/colegio\/"},{"@type":"ListItem","position":2,"name":"El Huerto de la Alegr\u00eda del Colegio Salesiano, fomenta los valores humanos m\u00e1s nobles."}]},{"@type":"WebSite","@id":"https:\/\/alcala.salesianos.edu\/colegio\/#website","url":"https:\/\/alcala.salesianos.edu\/colegio\/","name":"Colegio Salesiano Alcal\u00e1","description":"P\u00e1gina oficial de Salesianos Alcal\u00e1 de Guadaira","potentialAction":[{"@type":"SearchAction","target":{"@type":"EntryPoint","urlTemplate":"https:\/\/alcala.salesianos.edu\/colegio\/?s={search_term_string}"},"query-input":{"@type":"PropertyValueSpecification","valueRequired":true,"valueName":"search_term_string"}}],"inLanguage":"es"},{"@type":"Person","@id":"https:\/\/alcala.salesianos.edu\/colegio\/#\/schema\/person\/afcc24f776dc91fc2bf9afb0998fca77","name":"Administrador Web","image":{"@type":"ImageObject","inLanguage":"es","@id":"https:\/\/secure.gravatar.com\/avatar\/bc157e994689bd6da9645c00aa3bc4d55b727915b6652642660db0aef086585f?s=96&d=mm&r=g","url":"https:\/\/secure.gravatar.com\/avatar\/bc157e994689bd6da9645c00aa3bc4d55b727915b6652642660db0aef086585f?s=96&d=mm&r=g","contentUrl":"https:\/\/secure.gravatar.com\/avatar\/bc157e994689bd6da9645c00aa3bc4d55b727915b6652642660db0aef086585f?s=96&d=mm&r=g","caption":"Administrador Web"}}]}},"_links":{"self":[{"href":"https:\/\/alcala.salesianos.edu\/colegio\/wp-json\/wp\/v2\/posts\/11341","targetHints":{"allow":["GET"]}}],"collection":[{"href":"https:\/\/alcala.salesianos.edu\/colegio\/wp-json\/wp\/v2\/posts"}],"about":[{"href":"https:\/\/alcala.salesianos.edu\/colegio\/wp-json\/wp\/v2\/types\/post"}],"author":[{"embeddable":true,"href":"https:\/\/alcala.salesianos.edu\/colegio\/wp-json\/wp\/v2\/users\/2"}],"replies":[{"embeddable":true,"href":"https:\/\/alcala.salesianos.edu\/colegio\/wp-json\/wp\/v2\/comments?post=11341"}],"version-history":[{"count":18,"href":"https:\/\/alcala.salesianos.edu\/colegio\/wp-json\/wp\/v2\/posts\/11341\/revisions"}],"predecessor-version":[{"id":16393,"href":"https:\/\/alcala.salesianos.edu\/colegio\/wp-json\/wp\/v2\/posts\/11341\/revisions\/16393"}],"wp:attachment":[{"href":"https:\/\/alcala.salesianos.edu\/colegio\/wp-json\/wp\/v2\/media?parent=11341"}],"wp:term":[{"taxonomy":"category","embeddable":true,"href":"https:\/\/alcala.salesianos.edu\/colegio\/wp-json\/wp\/v2\/categories?post=11341"},{"taxonomy":"post_tag","embeddable":true,"href":"https:\/\/alcala.salesianos.edu\/colegio\/wp-json\/wp\/v2\/tags?post=11341"}],"curies":[{"name":"wp","href":"https:\/\/api.w.org\/{rel}","templated":true}]}}