{"id":11250,"date":"2019-04-05T08:41:35","date_gmt":"2019-04-05T07:41:35","guid":{"rendered":"https:\/\/alcala.salesianos.edu\/colegio\/blog\/2019\/04\/05\/magnifica-acogida-y-primeros-pasos-por-paris\/"},"modified":"2025-08-27T08:59:15","modified_gmt":"2025-08-27T07:59:15","slug":"magnifica-acogida-y-primeros-pasos-por-paris","status":"publish","type":"post","link":"https:\/\/alcala.salesianos.edu\/colegio\/blog\/2019\/04\/05\/magnifica-acogida-y-primeros-pasos-por-paris\/","title":{"rendered":"Magn\u00edfica acogida y primeros pasos por Par\u00eds"},"content":{"rendered":"<div id=\"fb-root\"><\/div>\n<p>[et_pb_section bb_built=\u00bb1&#8243; _builder_version=\u00bb3.20.2&#8243; next_background_color=\u00bb#000000&#8243;][et_pb_row _builder_version=\u00bb3.20.2&#8243;][et_pb_column type=\u00bb4_4&#8243;][et_pb_text _builder_version=\u00bb3.20.2&#8243;]<\/p>\n<p style=\"text-align: left;\"><img loading=\"lazy\" decoding=\"async\" class=\"size-medium wp-image-16400 alignleft\" src=\"https:\/\/alcala.salesianos.edu\/colegio\/wp-content\/uploads\/sites\/2\/2025\/08\/IMG-5475-300x225.jpg\" alt=\"\" width=\"300\" height=\"225\" \/>Comienza la magn\u00edfica aventura de intercambio para nuestros j\u00f3venes de 4\u00ba de Educaci\u00f3n Secundaria en Franc\u00e9s. Nada m\u00e1s bajarnos del avi\u00f3n, nos dirigimos a Par\u00eds, para realizar nuestras primeras visitas en Saint \u00c9tienne du Mont, exactamente visitamos el Pante\u00f3n, lugar donde reposan los restos mortales de numerosos ilustres de Francia como Rousseau y Voltaire. Desde all\u00ed, tambi\u00e9n pudimos divisar las grandes vistas de los Jardines de Luxemburgo donde.<\/p>\n<p>Tras el almuerzo, dimos un paseo por el barrio latino para dirigirnos a Notre Dame pasando antes por Cluny. Tras la visita, cogimos de nuevo el autob\u00fas para llegar a Mantes-la-Jolie y conocer as\u00ed a nuestros correspondientes. Tuvimos una gran acogida en las puertas de su centro educativo.<\/p>\n<p>En el d\u00eda de ayer tambi\u00e9n nos dirigimos a Par\u00eds para poder conocer lugares como la Magdalena, Plaza Vend\u00f4me, Calle de Rivoli y tuvimos un peque\u00f1o descanso en las Tuller\u00edas. Tras el descanso, visitamos el museo de Orsay y paseamos por los Campos El\u00edseos para finalizando nuestra jornada en el Arco del Triunfo.<img loading=\"lazy\" decoding=\"async\" class=\"size-medium wp-image-6195 alignright\" src=\"https:\/\/alcala.salesianos.edu\/wp-content\/uploads\/2019\/04\/IMG-5546-e1554450024294-225x300.jpg\" alt=\"\" width=\"225\" height=\"300\" \/><\/p>\n<p>En el d\u00eda de hoy los alumnos se encuentran en el instituto con su compa\u00f1eros realizando una gymkana de conocimiento de la ciudad en la que nos encontramos. Durante el fin de semana nuestros alumnos disfrutar\u00e1n de unas jornadas de pura inmersi\u00f3n ling\u00fc\u00edstica en el pa\u00eds..<span style=\"font-size: 14px;\">\u00a0<\/span><\/p>\n<p>[\/et_pb_text][\/et_pb_column][\/et_pb_row][\/et_pb_section][et_pb_section bb_built=\u00bb1&#8243; _builder_version=\u00bb3.20.2&#8243; prev_background_color=\u00bb#000000&#8243;][et_pb_row _builder_version=\u00bb3.20.2&#8243;][et_pb_column type=\u00bb1_2&#8243;][et_pb_image src=\u00bbhttps:\/\/alcala.salesianos.edu\/Paris\/wp-content\/uploads\/sites\/5\/2019\/04\/IMG-5487-e1554448449941.jpg\u00bb _builder_version=\u00bb3.20.2&#8243;]<\/p>\n<p>[\/et_pb_image][\/et_pb_column][et_pb_column type=\u00bb1_2&#8243;][et_pb_image _builder_version=\u00bb3.20.2&#8243; src=\u00bbhttps:\/\/alcala.salesianos.edu\/wp-content\/uploads\/2019\/04\/IMG-5533.jpg\u00bb \/][\/et_pb_column][\/et_pb_row][\/et_pb_section]<\/p>\n","protected":false},"excerpt":{"rendered":"<p>Alumnos de 4\u00ba de ESO disfrutan ya de su intercambio en Par\u00eds.<\/p>\n","protected":false},"author":2,"featured_media":16400,"comment_status":"closed","ping_status":"open","sticky":false,"template":"","format":"standard","meta":{"_et_pb_use_builder":"on","_et_pb_old_content":"","_et_gb_content_width":"","footnotes":""},"categories":[12,19,13,17,14,15,18,16,1],"tags":[],"class_list":["post-11250","post","type-post","status-publish","format-standard","has-post-thumbnail","hentry","category-colegio","category-escuela-abierta","category-fasa","category-infantil","category-pastoral","category-portada","category-primaria","category-secundaria","category-uncategorized"],"yoast_head":"<!-- This site is optimized with the Yoast SEO plugin v28.4 - https:\/\/yoast.com\/product\/yoast-seo-wordpress\/ -->\n<title>Magn\u00edfica acogida y primeros pasos por Par\u00eds - Colegio Salesiano Alcal\u00e1<\/title>\n<meta name=\"robots\" content=\"index, follow, max-snippet:-1, max-image-preview:large, max-video-preview:-1\" \/>\n<link rel=\"canonical\" href=\"https:\/\/alcala.salesianos.edu\/colegio\/blog\/2019\/04\/05\/magnifica-acogida-y-primeros-pasos-por-paris\/\" \/>\n<meta property=\"og:locale\" content=\"es_ES\" \/>\n<meta property=\"og:type\" content=\"article\" \/>\n<meta property=\"og:title\" content=\"Magn\u00edfica acogida y primeros pasos por Par\u00eds - Colegio Salesiano Alcal\u00e1\" \/>\n<meta property=\"og:description\" content=\"Alumnos de 4\u00ba de ESO disfrutan ya de su intercambio en Par\u00eds.\" \/>\n<meta property=\"og:url\" content=\"https:\/\/alcala.salesianos.edu\/colegio\/blog\/2019\/04\/05\/magnifica-acogida-y-primeros-pasos-por-paris\/\" \/>\n<meta property=\"og:site_name\" content=\"Colegio Salesiano Alcal\u00e1\" \/>\n<meta property=\"article:published_time\" content=\"2019-04-05T07:41:35+00:00\" \/>\n<meta property=\"article:modified_time\" content=\"2025-08-27T07:59:15+00:00\" \/>\n<meta property=\"og:image\" content=\"https:\/\/alcala.salesianos.edu\/colegio\/wp-content\/uploads\/sites\/2\/2025\/08\/IMG-5475-scaled.jpg\" \/>\n\t<meta property=\"og:image:width\" content=\"2560\" \/>\n\t<meta property=\"og:image:height\" content=\"1920\" \/>\n\t<meta property=\"og:image:type\" content=\"image\/jpeg\" \/>\n<meta name=\"author\" content=\"Administrador Web\" \/>\n<meta name=\"twitter:card\" content=\"summary_large_image\" \/>\n<meta name=\"twitter:label1\" content=\"Escrito por\" \/>\n\t<meta name=\"twitter:data1\" content=\"Administrador Web\" \/>\n\t<meta name=\"twitter:label2\" content=\"Tiempo de lectura\" \/>\n\t<meta name=\"twitter:data2\" content=\"2 minutos\" \/>\n<script type=\"application\/ld+json\" class=\"yoast-schema-graph\">{\"@context\":\"https:\\\/\\\/schema.org\",\"@graph\":[{\"@type\":\"Article\",\"@id\":\"https:\\\/\\\/alcala.salesianos.edu\\\/colegio\\\/blog\\\/2019\\\/04\\\/05\\\/magnifica-acogida-y-primeros-pasos-por-paris\\\/#article\",\"isPartOf\":{\"@id\":\"https:\\\/\\\/alcala.salesianos.edu\\\/colegio\\\/blog\\\/2019\\\/04\\\/05\\\/magnifica-acogida-y-primeros-pasos-por-paris\\\/\"},\"author\":{\"name\":\"Administrador Web\",\"@id\":\"https:\\\/\\\/alcala.salesianos.edu\\\/colegio\\\/#\\\/schema\\\/person\\\/afcc24f776dc91fc2bf9afb0998fca77\"},\"headline\":\"Magn\u00edfica acogida y primeros pasos por Par\u00eds\",\"datePublished\":\"2019-04-05T07:41:35+00:00\",\"dateModified\":\"2025-08-27T07:59:15+00:00\",\"mainEntityOfPage\":{\"@id\":\"https:\\\/\\\/alcala.salesianos.edu\\\/colegio\\\/blog\\\/2019\\\/04\\\/05\\\/magnifica-acogida-y-primeros-pasos-por-paris\\\/\"},\"wordCount\":351,\"image\":{\"@id\":\"https:\\\/\\\/alcala.salesianos.edu\\\/colegio\\\/blog\\\/2019\\\/04\\\/05\\\/magnifica-acogida-y-primeros-pasos-por-paris\\\/#primaryimage\"},\"thumbnailUrl\":\"https:\\\/\\\/alcala.salesianos.edu\\\/colegio\\\/wp-content\\\/uploads\\\/sites\\\/2\\\/2025\\\/08\\\/IMG-5475-scaled.jpg\",\"articleSection\":[\"Colegio\",\"Escuela abierta\",\"FASA\",\"Infantil\",\"Pastoral\",\"Portada\",\"Primaria\",\"Secundaria\",\"Uncategorized\"],\"inLanguage\":\"es\"},{\"@type\":\"WebPage\",\"@id\":\"https:\\\/\\\/alcala.salesianos.edu\\\/colegio\\\/blog\\\/2019\\\/04\\\/05\\\/magnifica-acogida-y-primeros-pasos-por-paris\\\/\",\"url\":\"https:\\\/\\\/alcala.salesianos.edu\\\/colegio\\\/blog\\\/2019\\\/04\\\/05\\\/magnifica-acogida-y-primeros-pasos-por-paris\\\/\",\"name\":\"Magn\u00edfica acogida y primeros pasos por Par\u00eds - Colegio Salesiano Alcal\u00e1\",\"isPartOf\":{\"@id\":\"https:\\\/\\\/alcala.salesianos.edu\\\/colegio\\\/#website\"},\"primaryImageOfPage\":{\"@id\":\"https:\\\/\\\/alcala.salesianos.edu\\\/colegio\\\/blog\\\/2019\\\/04\\\/05\\\/magnifica-acogida-y-primeros-pasos-por-paris\\\/#primaryimage\"},\"image\":{\"@id\":\"https:\\\/\\\/alcala.salesianos.edu\\\/colegio\\\/blog\\\/2019\\\/04\\\/05\\\/magnifica-acogida-y-primeros-pasos-por-paris\\\/#primaryimage\"},\"thumbnailUrl\":\"https:\\\/\\\/alcala.salesianos.edu\\\/colegio\\\/wp-content\\\/uploads\\\/sites\\\/2\\\/2025\\\/08\\\/IMG-5475-scaled.jpg\",\"datePublished\":\"2019-04-05T07:41:35+00:00\",\"dateModified\":\"2025-08-27T07:59:15+00:00\",\"author\":{\"@id\":\"https:\\\/\\\/alcala.salesianos.edu\\\/colegio\\\/#\\\/schema\\\/person\\\/afcc24f776dc91fc2bf9afb0998fca77\"},\"breadcrumb\":{\"@id\":\"https:\\\/\\\/alcala.salesianos.edu\\\/colegio\\\/blog\\\/2019\\\/04\\\/05\\\/magnifica-acogida-y-primeros-pasos-por-paris\\\/#breadcrumb\"},\"inLanguage\":\"es\",\"potentialAction\":[{\"@type\":\"ReadAction\",\"target\":[\"https:\\\/\\\/alcala.salesianos.edu\\\/colegio\\\/blog\\\/2019\\\/04\\\/05\\\/magnifica-acogida-y-primeros-pasos-por-paris\\\/\"]}]},{\"@type\":\"ImageObject\",\"inLanguage\":\"es\",\"@id\":\"https:\\\/\\\/alcala.salesianos.edu\\\/colegio\\\/blog\\\/2019\\\/04\\\/05\\\/magnifica-acogida-y-primeros-pasos-por-paris\\\/#primaryimage\",\"url\":\"https:\\\/\\\/alcala.salesianos.edu\\\/colegio\\\/wp-content\\\/uploads\\\/sites\\\/2\\\/2025\\\/08\\\/IMG-5475-scaled.jpg\",\"contentUrl\":\"https:\\\/\\\/alcala.salesianos.edu\\\/colegio\\\/wp-content\\\/uploads\\\/sites\\\/2\\\/2025\\\/08\\\/IMG-5475-scaled.jpg\",\"width\":2560,\"height\":1920},{\"@type\":\"BreadcrumbList\",\"@id\":\"https:\\\/\\\/alcala.salesianos.edu\\\/colegio\\\/blog\\\/2019\\\/04\\\/05\\\/magnifica-acogida-y-primeros-pasos-por-paris\\\/#breadcrumb\",\"itemListElement\":[{\"@type\":\"ListItem\",\"position\":1,\"name\":\"Portada\",\"item\":\"https:\\\/\\\/alcala.salesianos.edu\\\/colegio\\\/\"},{\"@type\":\"ListItem\",\"position\":2,\"name\":\"Magn\u00edfica acogida y primeros pasos por Par\u00eds\"}]},{\"@type\":\"WebSite\",\"@id\":\"https:\\\/\\\/alcala.salesianos.edu\\\/colegio\\\/#website\",\"url\":\"https:\\\/\\\/alcala.salesianos.edu\\\/colegio\\\/\",\"name\":\"Colegio Salesiano Alcal\u00e1\",\"description\":\"P\u00e1gina oficial de Salesianos Alcal\u00e1 de Guadaira\",\"potentialAction\":[{\"@type\":\"SearchAction\",\"target\":{\"@type\":\"EntryPoint\",\"urlTemplate\":\"https:\\\/\\\/alcala.salesianos.edu\\\/colegio\\\/?s={search_term_string}\"},\"query-input\":{\"@type\":\"PropertyValueSpecification\",\"valueRequired\":true,\"valueName\":\"search_term_string\"}}],\"inLanguage\":\"es\"},{\"@type\":\"Person\",\"@id\":\"https:\\\/\\\/alcala.salesianos.edu\\\/colegio\\\/#\\\/schema\\\/person\\\/afcc24f776dc91fc2bf9afb0998fca77\",\"name\":\"Administrador Web\",\"image\":{\"@type\":\"ImageObject\",\"inLanguage\":\"es\",\"@id\":\"https:\\\/\\\/secure.gravatar.com\\\/avatar\\\/bc157e994689bd6da9645c00aa3bc4d55b727915b6652642660db0aef086585f?s=96&d=mm&r=g\",\"url\":\"https:\\\/\\\/secure.gravatar.com\\\/avatar\\\/bc157e994689bd6da9645c00aa3bc4d55b727915b6652642660db0aef086585f?s=96&d=mm&r=g\",\"contentUrl\":\"https:\\\/\\\/secure.gravatar.com\\\/avatar\\\/bc157e994689bd6da9645c00aa3bc4d55b727915b6652642660db0aef086585f?s=96&d=mm&r=g\",\"caption\":\"Administrador Web\"}}]}<\/script>\n<!-- \/ Yoast SEO plugin. -->","yoast_head_json":{"title":"Magn\u00edfica acogida y primeros pasos por Par\u00eds - Colegio Salesiano Alcal\u00e1","robots":{"index":"index","follow":"follow","max-snippet":"max-snippet:-1","max-image-preview":"max-image-preview:large","max-video-preview":"max-video-preview:-1"},"canonical":"https:\/\/alcala.salesianos.edu\/colegio\/blog\/2019\/04\/05\/magnifica-acogida-y-primeros-pasos-por-paris\/","og_locale":"es_ES","og_type":"article","og_title":"Magn\u00edfica acogida y primeros pasos por Par\u00eds - Colegio Salesiano Alcal\u00e1","og_description":"Alumnos de 4\u00ba de ESO disfrutan ya de su intercambio en Par\u00eds.","og_url":"https:\/\/alcala.salesianos.edu\/colegio\/blog\/2019\/04\/05\/magnifica-acogida-y-primeros-pasos-por-paris\/","og_site_name":"Colegio Salesiano Alcal\u00e1","article_published_time":"2019-04-05T07:41:35+00:00","article_modified_time":"2025-08-27T07:59:15+00:00","og_image":[{"width":2560,"height":1920,"url":"https:\/\/alcala.salesianos.edu\/colegio\/wp-content\/uploads\/sites\/2\/2025\/08\/IMG-5475-scaled.jpg","type":"image\/jpeg"}],"author":"Administrador Web","twitter_card":"summary_large_image","twitter_misc":{"Escrito por":"Administrador Web","Tiempo de lectura":"2 minutos"},"schema":{"@context":"https:\/\/schema.org","@graph":[{"@type":"Article","@id":"https:\/\/alcala.salesianos.edu\/colegio\/blog\/2019\/04\/05\/magnifica-acogida-y-primeros-pasos-por-paris\/#article","isPartOf":{"@id":"https:\/\/alcala.salesianos.edu\/colegio\/blog\/2019\/04\/05\/magnifica-acogida-y-primeros-pasos-por-paris\/"},"author":{"name":"Administrador Web","@id":"https:\/\/alcala.salesianos.edu\/colegio\/#\/schema\/person\/afcc24f776dc91fc2bf9afb0998fca77"},"headline":"Magn\u00edfica acogida y primeros pasos por Par\u00eds","datePublished":"2019-04-05T07:41:35+00:00","dateModified":"2025-08-27T07:59:15+00:00","mainEntityOfPage":{"@id":"https:\/\/alcala.salesianos.edu\/colegio\/blog\/2019\/04\/05\/magnifica-acogida-y-primeros-pasos-por-paris\/"},"wordCount":351,"image":{"@id":"https:\/\/alcala.salesianos.edu\/colegio\/blog\/2019\/04\/05\/magnifica-acogida-y-primeros-pasos-por-paris\/#primaryimage"},"thumbnailUrl":"https:\/\/alcala.salesianos.edu\/colegio\/wp-content\/uploads\/sites\/2\/2025\/08\/IMG-5475-scaled.jpg","articleSection":["Colegio","Escuela abierta","FASA","Infantil","Pastoral","Portada","Primaria","Secundaria","Uncategorized"],"inLanguage":"es"},{"@type":"WebPage","@id":"https:\/\/alcala.salesianos.edu\/colegio\/blog\/2019\/04\/05\/magnifica-acogida-y-primeros-pasos-por-paris\/","url":"https:\/\/alcala.salesianos.edu\/colegio\/blog\/2019\/04\/05\/magnifica-acogida-y-primeros-pasos-por-paris\/","name":"Magn\u00edfica acogida y primeros pasos por Par\u00eds - Colegio Salesiano Alcal\u00e1","isPartOf":{"@id":"https:\/\/alcala.salesianos.edu\/colegio\/#website"},"primaryImageOfPage":{"@id":"https:\/\/alcala.salesianos.edu\/colegio\/blog\/2019\/04\/05\/magnifica-acogida-y-primeros-pasos-por-paris\/#primaryimage"},"image":{"@id":"https:\/\/alcala.salesianos.edu\/colegio\/blog\/2019\/04\/05\/magnifica-acogida-y-primeros-pasos-por-paris\/#primaryimage"},"thumbnailUrl":"https:\/\/alcala.salesianos.edu\/colegio\/wp-content\/uploads\/sites\/2\/2025\/08\/IMG-5475-scaled.jpg","datePublished":"2019-04-05T07:41:35+00:00","dateModified":"2025-08-27T07:59:15+00:00","author":{"@id":"https:\/\/alcala.salesianos.edu\/colegio\/#\/schema\/person\/afcc24f776dc91fc2bf9afb0998fca77"},"breadcrumb":{"@id":"https:\/\/alcala.salesianos.edu\/colegio\/blog\/2019\/04\/05\/magnifica-acogida-y-primeros-pasos-por-paris\/#breadcrumb"},"inLanguage":"es","potentialAction":[{"@type":"ReadAction","target":["https:\/\/alcala.salesianos.edu\/colegio\/blog\/2019\/04\/05\/magnifica-acogida-y-primeros-pasos-por-paris\/"]}]},{"@type":"ImageObject","inLanguage":"es","@id":"https:\/\/alcala.salesianos.edu\/colegio\/blog\/2019\/04\/05\/magnifica-acogida-y-primeros-pasos-por-paris\/#primaryimage","url":"https:\/\/alcala.salesianos.edu\/colegio\/wp-content\/uploads\/sites\/2\/2025\/08\/IMG-5475-scaled.jpg","contentUrl":"https:\/\/alcala.salesianos.edu\/colegio\/wp-content\/uploads\/sites\/2\/2025\/08\/IMG-5475-scaled.jpg","width":2560,"height":1920},{"@type":"BreadcrumbList","@id":"https:\/\/alcala.salesianos.edu\/colegio\/blog\/2019\/04\/05\/magnifica-acogida-y-primeros-pasos-por-paris\/#breadcrumb","itemListElement":[{"@type":"ListItem","position":1,"name":"Portada","item":"https:\/\/alcala.salesianos.edu\/colegio\/"},{"@type":"ListItem","position":2,"name":"Magn\u00edfica acogida y primeros pasos por Par\u00eds"}]},{"@type":"WebSite","@id":"https:\/\/alcala.salesianos.edu\/colegio\/#website","url":"https:\/\/alcala.salesianos.edu\/colegio\/","name":"Colegio Salesiano Alcal\u00e1","description":"P\u00e1gina oficial de Salesianos Alcal\u00e1 de Guadaira","potentialAction":[{"@type":"SearchAction","target":{"@type":"EntryPoint","urlTemplate":"https:\/\/alcala.salesianos.edu\/colegio\/?s={search_term_string}"},"query-input":{"@type":"PropertyValueSpecification","valueRequired":true,"valueName":"search_term_string"}}],"inLanguage":"es"},{"@type":"Person","@id":"https:\/\/alcala.salesianos.edu\/colegio\/#\/schema\/person\/afcc24f776dc91fc2bf9afb0998fca77","name":"Administrador Web","image":{"@type":"ImageObject","inLanguage":"es","@id":"https:\/\/secure.gravatar.com\/avatar\/bc157e994689bd6da9645c00aa3bc4d55b727915b6652642660db0aef086585f?s=96&d=mm&r=g","url":"https:\/\/secure.gravatar.com\/avatar\/bc157e994689bd6da9645c00aa3bc4d55b727915b6652642660db0aef086585f?s=96&d=mm&r=g","contentUrl":"https:\/\/secure.gravatar.com\/avatar\/bc157e994689bd6da9645c00aa3bc4d55b727915b6652642660db0aef086585f?s=96&d=mm&r=g","caption":"Administrador Web"}}]}},"_links":{"self":[{"href":"https:\/\/alcala.salesianos.edu\/colegio\/wp-json\/wp\/v2\/posts\/11250","targetHints":{"allow":["GET"]}}],"collection":[{"href":"https:\/\/alcala.salesianos.edu\/colegio\/wp-json\/wp\/v2\/posts"}],"about":[{"href":"https:\/\/alcala.salesianos.edu\/colegio\/wp-json\/wp\/v2\/types\/post"}],"author":[{"embeddable":true,"href":"https:\/\/alcala.salesianos.edu\/colegio\/wp-json\/wp\/v2\/users\/2"}],"replies":[{"embeddable":true,"href":"https:\/\/alcala.salesianos.edu\/colegio\/wp-json\/wp\/v2\/comments?post=11250"}],"version-history":[{"count":13,"href":"https:\/\/alcala.salesianos.edu\/colegio\/wp-json\/wp\/v2\/posts\/11250\/revisions"}],"predecessor-version":[{"id":16506,"href":"https:\/\/alcala.salesianos.edu\/colegio\/wp-json\/wp\/v2\/posts\/11250\/revisions\/16506"}],"wp:featuredmedia":[{"embeddable":true,"href":"https:\/\/alcala.salesianos.edu\/colegio\/wp-json\/wp\/v2\/media\/16400"}],"wp:attachment":[{"href":"https:\/\/alcala.salesianos.edu\/colegio\/wp-json\/wp\/v2\/media?parent=11250"}],"wp:term":[{"taxonomy":"category","embeddable":true,"href":"https:\/\/alcala.salesianos.edu\/colegio\/wp-json\/wp\/v2\/categories?post=11250"},{"taxonomy":"post_tag","embeddable":true,"href":"https:\/\/alcala.salesianos.edu\/colegio\/wp-json\/wp\/v2\/tags?post=11250"}],"curies":[{"name":"wp","href":"https:\/\/api.w.org\/{rel}","templated":true}]}}