{"id":11183,"date":"2019-03-22T12:06:47","date_gmt":"2019-03-22T11:06:47","guid":{"rendered":"https:\/\/alcala.salesianos.edu\/colegio\/blog\/2019\/03\/22\/llega-la-primavera-al-huerto-de-la-alegria\/"},"modified":"2025-08-27T08:59:17","modified_gmt":"2025-08-27T07:59:17","slug":"llega-la-primavera-al-huerto-de-la-alegria","status":"publish","type":"post","link":"https:\/\/alcala.salesianos.edu\/colegio\/blog\/2019\/03\/22\/llega-la-primavera-al-huerto-de-la-alegria\/","title":{"rendered":"Llega la primavera al Huerto de la Alegr\u00eda"},"content":{"rendered":"<div id=\"fb-root\"><\/div>\n<p>[et_pb_section bb_built=\u00bb1&#8243;][et_pb_row][et_pb_column type=\u00bb4_4&#8243;][et_pb_text _builder_version=\u00bb3.20.2&#8243;]<\/p>\n<div class=\"freebirdFormviewerViewNumberedItemContainer\">\n<div class=\"freebirdFormviewerViewItemsItemItem freebirdFormviewerViewItemsTextTextItem\" role=\"listitem\" data-required=\"true\" data-item-id=\"1797787586\">\n<div class=\"freebirdFormviewerViewItemsTextLongText freebirdFormviewerViewItemsTextDisabledText freebirdThemedInput\"><img loading=\"lazy\" decoding=\"async\" class=\"size-thumbnail wp-image-6169 alignleft\" src=\"https:\/\/alcala.salesianos.edu\/wp-content\/uploads\/2019\/03\/huerto-6-150x150.jpg\" alt=\"\" width=\"150\" height=\"150\" \/>Nuestro <strong>Huerto de la Alegr\u00eda<\/strong> se encuentra en su esplendor. La primavera ha comenzado esta semana y ya podemos notar las caracter\u00edsticas propias de las plantas aut\u00f3ctonas de nuestra regi\u00f3n. El azahar de los naranjos ya comienza a abrirse, al igual que otras muchas flores. Nuestros alumnos de las tres etapas educativas pueden disfrutar y empezar a observar\u00a0 que aquello que plantaron est\u00e1 comenzando a dar flores y frutos.<\/div>\n<\/div>\n<\/div>\n<div>\u00a0<\/div>\n<div class=\"freebirdFormviewerViewNumberedItemContainer\">\n<div class=\"freebirdFormviewerViewItemsItemItem freebirdFormviewerViewItemsTextTextItem\" role=\"listitem\" data-required=\"true\" data-item-id=\"1797787586\">\n<div class=\"freebirdFormviewerViewItemsTextLongText freebirdFormviewerViewItemsTextDisabledText freebirdThemedInput\">Adem\u00e1s hemos podido aumentar el n\u00famero de plantas ya que gracias a la colaboraci\u00f3n de un grupo de nuestras familias, el huerto de nuestro centro se ha llenado de flores ornamentales. El colorido junto al olor del azahar hace que nuestro huerto sea un lugar m\u00e1gico lleno de sensaciones.<\/div>\n<p><img loading=\"lazy\" decoding=\"async\" class=\"size-thumbnail wp-image-6164 alignright\" src=\"https:\/\/alcala.salesianos.edu\/wp-content\/uploads\/2019\/03\/68c40c20-0965-44b2-a2da-8ed587cffe04-2-ADG-Ana-Eugenia-Te\u0301llez-Rolda\u0301n-150x150.jpg\" alt=\"\" width=\"150\" height=\"150\" \/><\/p>\n<\/div>\n<\/div>\n<div>\u00a0<\/div>\n<div>La mejora de las ciencias, deportes, idiomas&#8230; que pretende nuestro centro creando una <strong>Escuela3.0\u00a0<\/strong>hace que nuestro Huerto de la Alegr\u00eda sea un punto fundamental en el que todos los alumnos puedan seguir creciendo y prepar\u00e1ndose para tener un gran futuro.<\/div>\n<div class=\"freebirdFormviewerViewNumberedItemContainer\">\n<div class=\"freebirdFormviewerViewItemsItemItem\" role=\"listitem\" data-required=\"true\" data-input=\"L9xHkb\" data-item-id=\"1070109741\">\n<div class=\"freebirdFormviewerViewItemsItemItemHeader\">\n<div class=\"freebirdFormviewerViewItemsItemItemTitleContainer\">\u00a0<\/div>\n<\/div>\n<\/div>\n<\/div>\n<p>[\/et_pb_text][\/et_pb_column][\/et_pb_row][\/et_pb_section]<\/p>\n","protected":false},"excerpt":{"rendered":"<p><div class=\"et_pb_row et_pb_row_0 et_pb_row_empty\">\n\t\t\t\t\n\t\t\t\t\n\t\t\t\t\n\t\t\t\t\n\t\t\t\t\n\t\t\t<\/div> Nuestro Huerto de la Alegr\u00eda se encuentra en su esplendor. La primavera ha comenzado esta semana y ya podemos notar las caracter\u00edsticas propias de las plantas aut\u00f3ctonas de nuestra regi\u00f3n. El azahar de los naranjos ya comienza a abrirse, al igual que otras muchas flores. Nuestros alumnos de las tres etapas educativas pueden disfrutar [&hellip;]<\/p>\n","protected":false},"author":2,"featured_media":0,"comment_status":"closed","ping_status":"open","sticky":false,"template":"","format":"standard","meta":{"_et_pb_use_builder":"on","_et_pb_old_content":"","_et_gb_content_width":"","footnotes":""},"categories":[12,19,13,17,14,15,18,16,1],"tags":[],"class_list":["post-11183","post","type-post","status-publish","format-standard","hentry","category-colegio","category-escuela-abierta","category-fasa","category-infantil","category-pastoral","category-portada","category-primaria","category-secundaria","category-uncategorized"],"yoast_head":"<!-- This site is optimized with the Yoast SEO plugin v28.4 - https:\/\/yoast.com\/product\/yoast-seo-wordpress\/ -->\n<title>Llega la primavera al Huerto de la Alegr\u00eda - Colegio Salesiano Alcal\u00e1<\/title>\n<meta name=\"robots\" content=\"index, follow, max-snippet:-1, max-image-preview:large, max-video-preview:-1\" \/>\n<link rel=\"canonical\" href=\"https:\/\/alcala.salesianos.edu\/colegio\/blog\/2019\/03\/22\/llega-la-primavera-al-huerto-de-la-alegria\/\" \/>\n<meta property=\"og:locale\" content=\"es_ES\" \/>\n<meta property=\"og:type\" content=\"article\" \/>\n<meta property=\"og:title\" content=\"Llega la primavera al Huerto de la Alegr\u00eda - Colegio Salesiano Alcal\u00e1\" \/>\n<meta property=\"og:description\" content=\"Nuestro Huerto de la Alegr\u00eda se encuentra en su esplendor. La primavera ha comenzado esta semana y ya podemos notar las caracter\u00edsticas propias de las plantas aut\u00f3ctonas de nuestra regi\u00f3n. El azahar de los naranjos ya comienza a abrirse, al igual que otras muchas flores. Nuestros alumnos de las tres etapas educativas pueden disfrutar [&hellip;]\" \/>\n<meta property=\"og:url\" content=\"https:\/\/alcala.salesianos.edu\/colegio\/blog\/2019\/03\/22\/llega-la-primavera-al-huerto-de-la-alegria\/\" \/>\n<meta property=\"og:site_name\" content=\"Colegio Salesiano Alcal\u00e1\" \/>\n<meta property=\"article:published_time\" content=\"2019-03-22T11:06:47+00:00\" \/>\n<meta property=\"article:modified_time\" content=\"2025-08-27T07:59:17+00:00\" \/>\n<meta name=\"author\" content=\"Administrador Web\" \/>\n<meta name=\"twitter:card\" content=\"summary_large_image\" \/>\n<meta name=\"twitter:label1\" content=\"Escrito por\" \/>\n\t<meta name=\"twitter:data1\" content=\"Administrador Web\" \/>\n\t<meta name=\"twitter:label2\" content=\"Tiempo de lectura\" \/>\n\t<meta name=\"twitter:data2\" content=\"1 minuto\" \/>\n<script type=\"application\/ld+json\" class=\"yoast-schema-graph\">{\"@context\":\"https:\\\/\\\/schema.org\",\"@graph\":[{\"@type\":\"Article\",\"@id\":\"https:\\\/\\\/alcala.salesianos.edu\\\/colegio\\\/blog\\\/2019\\\/03\\\/22\\\/llega-la-primavera-al-huerto-de-la-alegria\\\/#article\",\"isPartOf\":{\"@id\":\"https:\\\/\\\/alcala.salesianos.edu\\\/colegio\\\/blog\\\/2019\\\/03\\\/22\\\/llega-la-primavera-al-huerto-de-la-alegria\\\/\"},\"author\":{\"name\":\"Administrador Web\",\"@id\":\"https:\\\/\\\/alcala.salesianos.edu\\\/colegio\\\/#\\\/schema\\\/person\\\/afcc24f776dc91fc2bf9afb0998fca77\"},\"headline\":\"Llega la primavera al Huerto de la Alegr\u00eda\",\"datePublished\":\"2019-03-22T11:06:47+00:00\",\"dateModified\":\"2025-08-27T07:59:17+00:00\",\"mainEntityOfPage\":{\"@id\":\"https:\\\/\\\/alcala.salesianos.edu\\\/colegio\\\/blog\\\/2019\\\/03\\\/22\\\/llega-la-primavera-al-huerto-de-la-alegria\\\/\"},\"wordCount\":207,\"image\":{\"@id\":\"https:\\\/\\\/alcala.salesianos.edu\\\/colegio\\\/blog\\\/2019\\\/03\\\/22\\\/llega-la-primavera-al-huerto-de-la-alegria\\\/#primaryimage\"},\"thumbnailUrl\":\"https:\\\/\\\/alcala.salesianos.edu\\\/wp-content\\\/uploads\\\/2019\\\/03\\\/huerto-6-150x150.jpg\",\"articleSection\":[\"Colegio\",\"Escuela abierta\",\"FASA\",\"Infantil\",\"Pastoral\",\"Portada\",\"Primaria\",\"Secundaria\",\"Uncategorized\"],\"inLanguage\":\"es\"},{\"@type\":\"WebPage\",\"@id\":\"https:\\\/\\\/alcala.salesianos.edu\\\/colegio\\\/blog\\\/2019\\\/03\\\/22\\\/llega-la-primavera-al-huerto-de-la-alegria\\\/\",\"url\":\"https:\\\/\\\/alcala.salesianos.edu\\\/colegio\\\/blog\\\/2019\\\/03\\\/22\\\/llega-la-primavera-al-huerto-de-la-alegria\\\/\",\"name\":\"Llega la primavera al Huerto de la Alegr\u00eda - Colegio Salesiano Alcal\u00e1\",\"isPartOf\":{\"@id\":\"https:\\\/\\\/alcala.salesianos.edu\\\/colegio\\\/#website\"},\"primaryImageOfPage\":{\"@id\":\"https:\\\/\\\/alcala.salesianos.edu\\\/colegio\\\/blog\\\/2019\\\/03\\\/22\\\/llega-la-primavera-al-huerto-de-la-alegria\\\/#primaryimage\"},\"image\":{\"@id\":\"https:\\\/\\\/alcala.salesianos.edu\\\/colegio\\\/blog\\\/2019\\\/03\\\/22\\\/llega-la-primavera-al-huerto-de-la-alegria\\\/#primaryimage\"},\"thumbnailUrl\":\"https:\\\/\\\/alcala.salesianos.edu\\\/wp-content\\\/uploads\\\/2019\\\/03\\\/huerto-6-150x150.jpg\",\"datePublished\":\"2019-03-22T11:06:47+00:00\",\"dateModified\":\"2025-08-27T07:59:17+00:00\",\"author\":{\"@id\":\"https:\\\/\\\/alcala.salesianos.edu\\\/colegio\\\/#\\\/schema\\\/person\\\/afcc24f776dc91fc2bf9afb0998fca77\"},\"breadcrumb\":{\"@id\":\"https:\\\/\\\/alcala.salesianos.edu\\\/colegio\\\/blog\\\/2019\\\/03\\\/22\\\/llega-la-primavera-al-huerto-de-la-alegria\\\/#breadcrumb\"},\"inLanguage\":\"es\",\"potentialAction\":[{\"@type\":\"ReadAction\",\"target\":[\"https:\\\/\\\/alcala.salesianos.edu\\\/colegio\\\/blog\\\/2019\\\/03\\\/22\\\/llega-la-primavera-al-huerto-de-la-alegria\\\/\"]}]},{\"@type\":\"ImageObject\",\"inLanguage\":\"es\",\"@id\":\"https:\\\/\\\/alcala.salesianos.edu\\\/colegio\\\/blog\\\/2019\\\/03\\\/22\\\/llega-la-primavera-al-huerto-de-la-alegria\\\/#primaryimage\",\"url\":\"https:\\\/\\\/alcala.salesianos.edu\\\/wp-content\\\/uploads\\\/2019\\\/03\\\/huerto-6-150x150.jpg\",\"contentUrl\":\"https:\\\/\\\/alcala.salesianos.edu\\\/wp-content\\\/uploads\\\/2019\\\/03\\\/huerto-6-150x150.jpg\"},{\"@type\":\"BreadcrumbList\",\"@id\":\"https:\\\/\\\/alcala.salesianos.edu\\\/colegio\\\/blog\\\/2019\\\/03\\\/22\\\/llega-la-primavera-al-huerto-de-la-alegria\\\/#breadcrumb\",\"itemListElement\":[{\"@type\":\"ListItem\",\"position\":1,\"name\":\"Portada\",\"item\":\"https:\\\/\\\/alcala.salesianos.edu\\\/colegio\\\/\"},{\"@type\":\"ListItem\",\"position\":2,\"name\":\"Llega la primavera al Huerto de la Alegr\u00eda\"}]},{\"@type\":\"WebSite\",\"@id\":\"https:\\\/\\\/alcala.salesianos.edu\\\/colegio\\\/#website\",\"url\":\"https:\\\/\\\/alcala.salesianos.edu\\\/colegio\\\/\",\"name\":\"Colegio Salesiano Alcal\u00e1\",\"description\":\"P\u00e1gina oficial de Salesianos Alcal\u00e1 de Guadaira\",\"potentialAction\":[{\"@type\":\"SearchAction\",\"target\":{\"@type\":\"EntryPoint\",\"urlTemplate\":\"https:\\\/\\\/alcala.salesianos.edu\\\/colegio\\\/?s={search_term_string}\"},\"query-input\":{\"@type\":\"PropertyValueSpecification\",\"valueRequired\":true,\"valueName\":\"search_term_string\"}}],\"inLanguage\":\"es\"},{\"@type\":\"Person\",\"@id\":\"https:\\\/\\\/alcala.salesianos.edu\\\/colegio\\\/#\\\/schema\\\/person\\\/afcc24f776dc91fc2bf9afb0998fca77\",\"name\":\"Administrador Web\",\"image\":{\"@type\":\"ImageObject\",\"inLanguage\":\"es\",\"@id\":\"https:\\\/\\\/secure.gravatar.com\\\/avatar\\\/bc157e994689bd6da9645c00aa3bc4d55b727915b6652642660db0aef086585f?s=96&d=mm&r=g\",\"url\":\"https:\\\/\\\/secure.gravatar.com\\\/avatar\\\/bc157e994689bd6da9645c00aa3bc4d55b727915b6652642660db0aef086585f?s=96&d=mm&r=g\",\"contentUrl\":\"https:\\\/\\\/secure.gravatar.com\\\/avatar\\\/bc157e994689bd6da9645c00aa3bc4d55b727915b6652642660db0aef086585f?s=96&d=mm&r=g\",\"caption\":\"Administrador Web\"}}]}<\/script>\n<!-- \/ Yoast SEO plugin. -->","yoast_head_json":{"title":"Llega la primavera al Huerto de la Alegr\u00eda - Colegio Salesiano Alcal\u00e1","robots":{"index":"index","follow":"follow","max-snippet":"max-snippet:-1","max-image-preview":"max-image-preview:large","max-video-preview":"max-video-preview:-1"},"canonical":"https:\/\/alcala.salesianos.edu\/colegio\/blog\/2019\/03\/22\/llega-la-primavera-al-huerto-de-la-alegria\/","og_locale":"es_ES","og_type":"article","og_title":"Llega la primavera al Huerto de la Alegr\u00eda - Colegio Salesiano Alcal\u00e1","og_description":"Nuestro Huerto de la Alegr\u00eda se encuentra en su esplendor. La primavera ha comenzado esta semana y ya podemos notar las caracter\u00edsticas propias de las plantas aut\u00f3ctonas de nuestra regi\u00f3n. El azahar de los naranjos ya comienza a abrirse, al igual que otras muchas flores. Nuestros alumnos de las tres etapas educativas pueden disfrutar [&hellip;]","og_url":"https:\/\/alcala.salesianos.edu\/colegio\/blog\/2019\/03\/22\/llega-la-primavera-al-huerto-de-la-alegria\/","og_site_name":"Colegio Salesiano Alcal\u00e1","article_published_time":"2019-03-22T11:06:47+00:00","article_modified_time":"2025-08-27T07:59:17+00:00","author":"Administrador Web","twitter_card":"summary_large_image","twitter_misc":{"Escrito por":"Administrador Web","Tiempo de lectura":"1 minuto"},"schema":{"@context":"https:\/\/schema.org","@graph":[{"@type":"Article","@id":"https:\/\/alcala.salesianos.edu\/colegio\/blog\/2019\/03\/22\/llega-la-primavera-al-huerto-de-la-alegria\/#article","isPartOf":{"@id":"https:\/\/alcala.salesianos.edu\/colegio\/blog\/2019\/03\/22\/llega-la-primavera-al-huerto-de-la-alegria\/"},"author":{"name":"Administrador Web","@id":"https:\/\/alcala.salesianos.edu\/colegio\/#\/schema\/person\/afcc24f776dc91fc2bf9afb0998fca77"},"headline":"Llega la primavera al Huerto de la Alegr\u00eda","datePublished":"2019-03-22T11:06:47+00:00","dateModified":"2025-08-27T07:59:17+00:00","mainEntityOfPage":{"@id":"https:\/\/alcala.salesianos.edu\/colegio\/blog\/2019\/03\/22\/llega-la-primavera-al-huerto-de-la-alegria\/"},"wordCount":207,"image":{"@id":"https:\/\/alcala.salesianos.edu\/colegio\/blog\/2019\/03\/22\/llega-la-primavera-al-huerto-de-la-alegria\/#primaryimage"},"thumbnailUrl":"https:\/\/alcala.salesianos.edu\/wp-content\/uploads\/2019\/03\/huerto-6-150x150.jpg","articleSection":["Colegio","Escuela abierta","FASA","Infantil","Pastoral","Portada","Primaria","Secundaria","Uncategorized"],"inLanguage":"es"},{"@type":"WebPage","@id":"https:\/\/alcala.salesianos.edu\/colegio\/blog\/2019\/03\/22\/llega-la-primavera-al-huerto-de-la-alegria\/","url":"https:\/\/alcala.salesianos.edu\/colegio\/blog\/2019\/03\/22\/llega-la-primavera-al-huerto-de-la-alegria\/","name":"Llega la primavera al Huerto de la Alegr\u00eda - Colegio Salesiano Alcal\u00e1","isPartOf":{"@id":"https:\/\/alcala.salesianos.edu\/colegio\/#website"},"primaryImageOfPage":{"@id":"https:\/\/alcala.salesianos.edu\/colegio\/blog\/2019\/03\/22\/llega-la-primavera-al-huerto-de-la-alegria\/#primaryimage"},"image":{"@id":"https:\/\/alcala.salesianos.edu\/colegio\/blog\/2019\/03\/22\/llega-la-primavera-al-huerto-de-la-alegria\/#primaryimage"},"thumbnailUrl":"https:\/\/alcala.salesianos.edu\/wp-content\/uploads\/2019\/03\/huerto-6-150x150.jpg","datePublished":"2019-03-22T11:06:47+00:00","dateModified":"2025-08-27T07:59:17+00:00","author":{"@id":"https:\/\/alcala.salesianos.edu\/colegio\/#\/schema\/person\/afcc24f776dc91fc2bf9afb0998fca77"},"breadcrumb":{"@id":"https:\/\/alcala.salesianos.edu\/colegio\/blog\/2019\/03\/22\/llega-la-primavera-al-huerto-de-la-alegria\/#breadcrumb"},"inLanguage":"es","potentialAction":[{"@type":"ReadAction","target":["https:\/\/alcala.salesianos.edu\/colegio\/blog\/2019\/03\/22\/llega-la-primavera-al-huerto-de-la-alegria\/"]}]},{"@type":"ImageObject","inLanguage":"es","@id":"https:\/\/alcala.salesianos.edu\/colegio\/blog\/2019\/03\/22\/llega-la-primavera-al-huerto-de-la-alegria\/#primaryimage","url":"https:\/\/alcala.salesianos.edu\/wp-content\/uploads\/2019\/03\/huerto-6-150x150.jpg","contentUrl":"https:\/\/alcala.salesianos.edu\/wp-content\/uploads\/2019\/03\/huerto-6-150x150.jpg"},{"@type":"BreadcrumbList","@id":"https:\/\/alcala.salesianos.edu\/colegio\/blog\/2019\/03\/22\/llega-la-primavera-al-huerto-de-la-alegria\/#breadcrumb","itemListElement":[{"@type":"ListItem","position":1,"name":"Portada","item":"https:\/\/alcala.salesianos.edu\/colegio\/"},{"@type":"ListItem","position":2,"name":"Llega la primavera al Huerto de la Alegr\u00eda"}]},{"@type":"WebSite","@id":"https:\/\/alcala.salesianos.edu\/colegio\/#website","url":"https:\/\/alcala.salesianos.edu\/colegio\/","name":"Colegio Salesiano Alcal\u00e1","description":"P\u00e1gina oficial de Salesianos Alcal\u00e1 de Guadaira","potentialAction":[{"@type":"SearchAction","target":{"@type":"EntryPoint","urlTemplate":"https:\/\/alcala.salesianos.edu\/colegio\/?s={search_term_string}"},"query-input":{"@type":"PropertyValueSpecification","valueRequired":true,"valueName":"search_term_string"}}],"inLanguage":"es"},{"@type":"Person","@id":"https:\/\/alcala.salesianos.edu\/colegio\/#\/schema\/person\/afcc24f776dc91fc2bf9afb0998fca77","name":"Administrador Web","image":{"@type":"ImageObject","inLanguage":"es","@id":"https:\/\/secure.gravatar.com\/avatar\/bc157e994689bd6da9645c00aa3bc4d55b727915b6652642660db0aef086585f?s=96&d=mm&r=g","url":"https:\/\/secure.gravatar.com\/avatar\/bc157e994689bd6da9645c00aa3bc4d55b727915b6652642660db0aef086585f?s=96&d=mm&r=g","contentUrl":"https:\/\/secure.gravatar.com\/avatar\/bc157e994689bd6da9645c00aa3bc4d55b727915b6652642660db0aef086585f?s=96&d=mm&r=g","caption":"Administrador Web"}}]}},"_links":{"self":[{"href":"https:\/\/alcala.salesianos.edu\/colegio\/wp-json\/wp\/v2\/posts\/11183","targetHints":{"allow":["GET"]}}],"collection":[{"href":"https:\/\/alcala.salesianos.edu\/colegio\/wp-json\/wp\/v2\/posts"}],"about":[{"href":"https:\/\/alcala.salesianos.edu\/colegio\/wp-json\/wp\/v2\/types\/post"}],"author":[{"embeddable":true,"href":"https:\/\/alcala.salesianos.edu\/colegio\/wp-json\/wp\/v2\/users\/2"}],"replies":[{"embeddable":true,"href":"https:\/\/alcala.salesianos.edu\/colegio\/wp-json\/wp\/v2\/comments?post=11183"}],"version-history":[{"count":9,"href":"https:\/\/alcala.salesianos.edu\/colegio\/wp-json\/wp\/v2\/posts\/11183\/revisions"}],"predecessor-version":[{"id":16405,"href":"https:\/\/alcala.salesianos.edu\/colegio\/wp-json\/wp\/v2\/posts\/11183\/revisions\/16405"}],"wp:attachment":[{"href":"https:\/\/alcala.salesianos.edu\/colegio\/wp-json\/wp\/v2\/media?parent=11183"}],"wp:term":[{"taxonomy":"category","embeddable":true,"href":"https:\/\/alcala.salesianos.edu\/colegio\/wp-json\/wp\/v2\/categories?post=11183"},{"taxonomy":"post_tag","embeddable":true,"href":"https:\/\/alcala.salesianos.edu\/colegio\/wp-json\/wp\/v2\/tags?post=11183"}],"curies":[{"name":"wp","href":"https:\/\/api.w.org\/{rel}","templated":true}]}}