{"id":11175,"date":"2019-03-20T10:43:36","date_gmt":"2019-03-20T09:43:36","guid":{"rendered":"https:\/\/alcala.salesianos.edu\/colegio\/blog\/2019\/03\/20\/formacion-para-padres-y-madres-sobre-las-redes-sociales\/"},"modified":"2025-08-27T08:59:17","modified_gmt":"2025-08-27T07:59:17","slug":"formacion-para-padres-y-madres-sobre-las-redes-sociales","status":"publish","type":"post","link":"https:\/\/alcala.salesianos.edu\/colegio\/blog\/2019\/03\/20\/formacion-para-padres-y-madres-sobre-las-redes-sociales\/","title":{"rendered":"Formaci\u00f3n para padres y madres sobre las redes sociales"},"content":{"rendered":"<div id=\"fb-root\"><\/div>\n<p>[et_pb_section fb_built=\u00bb1&#8243; _builder_version=\u00bb3.20.2&#8243;][et_pb_row _builder_version=\u00bb3.20.2&#8243;][et_pb_column type=\u00bb4_4&#8243; _builder_version=\u00bb3.20.2&#8243;][et_pb_text _builder_version=\u00bb3.20.2&#8243;]<\/p>\n<p>El pr\u00f3ximo jueves 21 de marzo a las 19.00 horas tendr\u00e1 lugar la conferencia <strong>\u00ab\u00bfAlerta? Mis hijos empiezan a utilizar las redes sociales\u00bb<\/strong>. Esta conferencia est\u00e1 organizada por la Asociaci\u00f3n de Madres y Padres de Alumnos dentro\u00a0 de la Escuela de Padres que se viene realizando en colaboraci\u00f3n con el Centro Educativo.<\/p>\n<p>Esta conferencia ser\u00e1 impartida por el polic\u00eda nacional D. Rafael Reyes Sanz y consideramos fundamental informar a las familias sobre los riesgos y prevenciones en el uso de redes sociales. Dicha charla, est\u00e1 especialmente orientada a los padres y madres de los cuatro cursos de Educaci\u00f3n Secundaria y 5\u00ba y 6\u00ba de Educaci\u00f3n Primaria, si bien est\u00e1 abierta a todos los padres y madres de nuestro Colegio.<\/p>\n<p>Animamos a toda la Comunidad Educativa a participar y agradecemos a la Asociaci\u00f3n de Madres y Padres Do\u00f1a Virginia Belloc su gran labor en pos de la formaci\u00f3n de todos los miembros de nuestra comunidad.<\/p>\n<p>&nbsp;<\/p>\n<p>[\/et_pb_text][\/et_pb_column][\/et_pb_row][et_pb_row _builder_version=\u00bb3.20.2&#8243;][et_pb_column type=\u00bb4_4&#8243; _builder_version=\u00bb3.20.2&#8243;][et_pb_image src=\u00bbhttps:\/\/alcala.salesianos.edu\/wp-content\/uploads\/2019\/03\/\u00bfalerta__page-0001.jpg\u00bb _builder_version=\u00bb3.20.2&#8243;][\/et_pb_image][\/et_pb_column][\/et_pb_row][\/et_pb_section]<\/p>\n","protected":false},"excerpt":{"rendered":"<p>El pr\u00f3ximo jueves 21 de marzo a las 19.00 horas tendr\u00e1 lugar la conferencia \u00ab\u00bfAlerta? Mis hijos empiezan a utilizar las redes sociales\u00bb. Esta conferencia est\u00e1 organizada por la Asociaci\u00f3n de Madres y Padres de Alumnos dentro\u00a0 de la Escuela de Padres que se viene realizando en colaboraci\u00f3n con el Centro Educativo. Esta conferencia ser\u00e1 [&hellip;]<\/p>\n","protected":false},"author":2,"featured_media":0,"comment_status":"closed","ping_status":"open","sticky":false,"template":"","format":"standard","meta":{"_et_pb_use_builder":"on","_et_pb_old_content":"","_et_gb_content_width":"","footnotes":""},"categories":[12,19,13,17,14,15,18,16,1],"tags":[],"class_list":["post-11175","post","type-post","status-publish","format-standard","hentry","category-colegio","category-escuela-abierta","category-fasa","category-infantil","category-pastoral","category-portada","category-primaria","category-secundaria","category-uncategorized"],"yoast_head":"<!-- This site is optimized with the Yoast SEO plugin v28.4 - https:\/\/yoast.com\/product\/yoast-seo-wordpress\/ -->\n<title>Formaci\u00f3n para padres y madres sobre las redes sociales - Colegio Salesiano Alcal\u00e1<\/title>\n<meta name=\"robots\" content=\"index, follow, max-snippet:-1, max-image-preview:large, max-video-preview:-1\" \/>\n<link rel=\"canonical\" href=\"https:\/\/alcala.salesianos.edu\/colegio\/blog\/2019\/03\/20\/formacion-para-padres-y-madres-sobre-las-redes-sociales\/\" \/>\n<meta property=\"og:locale\" content=\"es_ES\" \/>\n<meta property=\"og:type\" content=\"article\" \/>\n<meta property=\"og:title\" content=\"Formaci\u00f3n para padres y madres sobre las redes sociales - Colegio Salesiano Alcal\u00e1\" \/>\n<meta property=\"og:description\" content=\"El pr\u00f3ximo jueves 21 de marzo a las 19.00 horas tendr\u00e1 lugar la conferencia &quot;\u00bfAlerta? Mis hijos empiezan a utilizar las redes sociales&quot;. Esta conferencia est\u00e1 organizada por la Asociaci\u00f3n de Madres y Padres de Alumnos dentro\u00a0 de la Escuela de Padres que se viene realizando en colaboraci\u00f3n con el Centro Educativo. Esta conferencia ser\u00e1 [&hellip;]\" \/>\n<meta property=\"og:url\" content=\"https:\/\/alcala.salesianos.edu\/colegio\/blog\/2019\/03\/20\/formacion-para-padres-y-madres-sobre-las-redes-sociales\/\" \/>\n<meta property=\"og:site_name\" content=\"Colegio Salesiano Alcal\u00e1\" \/>\n<meta property=\"article:published_time\" content=\"2019-03-20T09:43:36+00:00\" \/>\n<meta property=\"article:modified_time\" content=\"2025-08-27T07:59:17+00:00\" \/>\n<meta name=\"author\" content=\"Administrador Web\" \/>\n<meta name=\"twitter:card\" content=\"summary_large_image\" \/>\n<meta name=\"twitter:label1\" content=\"Escrito por\" \/>\n\t<meta name=\"twitter:data1\" content=\"Administrador Web\" \/>\n\t<meta name=\"twitter:label2\" content=\"Tiempo de lectura\" \/>\n\t<meta name=\"twitter:data2\" content=\"1 minuto\" \/>\n<script type=\"application\/ld+json\" class=\"yoast-schema-graph\">{\"@context\":\"https:\\\/\\\/schema.org\",\"@graph\":[{\"@type\":\"Article\",\"@id\":\"https:\\\/\\\/alcala.salesianos.edu\\\/colegio\\\/blog\\\/2019\\\/03\\\/20\\\/formacion-para-padres-y-madres-sobre-las-redes-sociales\\\/#article\",\"isPartOf\":{\"@id\":\"https:\\\/\\\/alcala.salesianos.edu\\\/colegio\\\/blog\\\/2019\\\/03\\\/20\\\/formacion-para-padres-y-madres-sobre-las-redes-sociales\\\/\"},\"author\":{\"name\":\"Administrador Web\",\"@id\":\"https:\\\/\\\/alcala.salesianos.edu\\\/colegio\\\/#\\\/schema\\\/person\\\/afcc24f776dc91fc2bf9afb0998fca77\"},\"headline\":\"Formaci\u00f3n para padres y madres sobre las redes sociales\",\"datePublished\":\"2019-03-20T09:43:36+00:00\",\"dateModified\":\"2025-08-27T07:59:17+00:00\",\"mainEntityOfPage\":{\"@id\":\"https:\\\/\\\/alcala.salesianos.edu\\\/colegio\\\/blog\\\/2019\\\/03\\\/20\\\/formacion-para-padres-y-madres-sobre-las-redes-sociales\\\/\"},\"wordCount\":240,\"articleSection\":[\"Colegio\",\"Escuela abierta\",\"FASA\",\"Infantil\",\"Pastoral\",\"Portada\",\"Primaria\",\"Secundaria\",\"Uncategorized\"],\"inLanguage\":\"es\"},{\"@type\":\"WebPage\",\"@id\":\"https:\\\/\\\/alcala.salesianos.edu\\\/colegio\\\/blog\\\/2019\\\/03\\\/20\\\/formacion-para-padres-y-madres-sobre-las-redes-sociales\\\/\",\"url\":\"https:\\\/\\\/alcala.salesianos.edu\\\/colegio\\\/blog\\\/2019\\\/03\\\/20\\\/formacion-para-padres-y-madres-sobre-las-redes-sociales\\\/\",\"name\":\"Formaci\u00f3n para padres y madres sobre las redes sociales - Colegio Salesiano Alcal\u00e1\",\"isPartOf\":{\"@id\":\"https:\\\/\\\/alcala.salesianos.edu\\\/colegio\\\/#website\"},\"datePublished\":\"2019-03-20T09:43:36+00:00\",\"dateModified\":\"2025-08-27T07:59:17+00:00\",\"author\":{\"@id\":\"https:\\\/\\\/alcala.salesianos.edu\\\/colegio\\\/#\\\/schema\\\/person\\\/afcc24f776dc91fc2bf9afb0998fca77\"},\"breadcrumb\":{\"@id\":\"https:\\\/\\\/alcala.salesianos.edu\\\/colegio\\\/blog\\\/2019\\\/03\\\/20\\\/formacion-para-padres-y-madres-sobre-las-redes-sociales\\\/#breadcrumb\"},\"inLanguage\":\"es\",\"potentialAction\":[{\"@type\":\"ReadAction\",\"target\":[\"https:\\\/\\\/alcala.salesianos.edu\\\/colegio\\\/blog\\\/2019\\\/03\\\/20\\\/formacion-para-padres-y-madres-sobre-las-redes-sociales\\\/\"]}]},{\"@type\":\"BreadcrumbList\",\"@id\":\"https:\\\/\\\/alcala.salesianos.edu\\\/colegio\\\/blog\\\/2019\\\/03\\\/20\\\/formacion-para-padres-y-madres-sobre-las-redes-sociales\\\/#breadcrumb\",\"itemListElement\":[{\"@type\":\"ListItem\",\"position\":1,\"name\":\"Portada\",\"item\":\"https:\\\/\\\/alcala.salesianos.edu\\\/colegio\\\/\"},{\"@type\":\"ListItem\",\"position\":2,\"name\":\"Formaci\u00f3n para padres y madres sobre las redes sociales\"}]},{\"@type\":\"WebSite\",\"@id\":\"https:\\\/\\\/alcala.salesianos.edu\\\/colegio\\\/#website\",\"url\":\"https:\\\/\\\/alcala.salesianos.edu\\\/colegio\\\/\",\"name\":\"Colegio Salesiano Alcal\u00e1\",\"description\":\"P\u00e1gina oficial de Salesianos Alcal\u00e1 de Guadaira\",\"potentialAction\":[{\"@type\":\"SearchAction\",\"target\":{\"@type\":\"EntryPoint\",\"urlTemplate\":\"https:\\\/\\\/alcala.salesianos.edu\\\/colegio\\\/?s={search_term_string}\"},\"query-input\":{\"@type\":\"PropertyValueSpecification\",\"valueRequired\":true,\"valueName\":\"search_term_string\"}}],\"inLanguage\":\"es\"},{\"@type\":\"Person\",\"@id\":\"https:\\\/\\\/alcala.salesianos.edu\\\/colegio\\\/#\\\/schema\\\/person\\\/afcc24f776dc91fc2bf9afb0998fca77\",\"name\":\"Administrador Web\",\"image\":{\"@type\":\"ImageObject\",\"inLanguage\":\"es\",\"@id\":\"https:\\\/\\\/secure.gravatar.com\\\/avatar\\\/bc157e994689bd6da9645c00aa3bc4d55b727915b6652642660db0aef086585f?s=96&d=mm&r=g\",\"url\":\"https:\\\/\\\/secure.gravatar.com\\\/avatar\\\/bc157e994689bd6da9645c00aa3bc4d55b727915b6652642660db0aef086585f?s=96&d=mm&r=g\",\"contentUrl\":\"https:\\\/\\\/secure.gravatar.com\\\/avatar\\\/bc157e994689bd6da9645c00aa3bc4d55b727915b6652642660db0aef086585f?s=96&d=mm&r=g\",\"caption\":\"Administrador Web\"}}]}<\/script>\n<!-- \/ Yoast SEO plugin. -->","yoast_head_json":{"title":"Formaci\u00f3n para padres y madres sobre las redes sociales - Colegio Salesiano Alcal\u00e1","robots":{"index":"index","follow":"follow","max-snippet":"max-snippet:-1","max-image-preview":"max-image-preview:large","max-video-preview":"max-video-preview:-1"},"canonical":"https:\/\/alcala.salesianos.edu\/colegio\/blog\/2019\/03\/20\/formacion-para-padres-y-madres-sobre-las-redes-sociales\/","og_locale":"es_ES","og_type":"article","og_title":"Formaci\u00f3n para padres y madres sobre las redes sociales - Colegio Salesiano Alcal\u00e1","og_description":"El pr\u00f3ximo jueves 21 de marzo a las 19.00 horas tendr\u00e1 lugar la conferencia \"\u00bfAlerta? Mis hijos empiezan a utilizar las redes sociales\". Esta conferencia est\u00e1 organizada por la Asociaci\u00f3n de Madres y Padres de Alumnos dentro\u00a0 de la Escuela de Padres que se viene realizando en colaboraci\u00f3n con el Centro Educativo. Esta conferencia ser\u00e1 [&hellip;]","og_url":"https:\/\/alcala.salesianos.edu\/colegio\/blog\/2019\/03\/20\/formacion-para-padres-y-madres-sobre-las-redes-sociales\/","og_site_name":"Colegio Salesiano Alcal\u00e1","article_published_time":"2019-03-20T09:43:36+00:00","article_modified_time":"2025-08-27T07:59:17+00:00","author":"Administrador Web","twitter_card":"summary_large_image","twitter_misc":{"Escrito por":"Administrador Web","Tiempo de lectura":"1 minuto"},"schema":{"@context":"https:\/\/schema.org","@graph":[{"@type":"Article","@id":"https:\/\/alcala.salesianos.edu\/colegio\/blog\/2019\/03\/20\/formacion-para-padres-y-madres-sobre-las-redes-sociales\/#article","isPartOf":{"@id":"https:\/\/alcala.salesianos.edu\/colegio\/blog\/2019\/03\/20\/formacion-para-padres-y-madres-sobre-las-redes-sociales\/"},"author":{"name":"Administrador Web","@id":"https:\/\/alcala.salesianos.edu\/colegio\/#\/schema\/person\/afcc24f776dc91fc2bf9afb0998fca77"},"headline":"Formaci\u00f3n para padres y madres sobre las redes sociales","datePublished":"2019-03-20T09:43:36+00:00","dateModified":"2025-08-27T07:59:17+00:00","mainEntityOfPage":{"@id":"https:\/\/alcala.salesianos.edu\/colegio\/blog\/2019\/03\/20\/formacion-para-padres-y-madres-sobre-las-redes-sociales\/"},"wordCount":240,"articleSection":["Colegio","Escuela abierta","FASA","Infantil","Pastoral","Portada","Primaria","Secundaria","Uncategorized"],"inLanguage":"es"},{"@type":"WebPage","@id":"https:\/\/alcala.salesianos.edu\/colegio\/blog\/2019\/03\/20\/formacion-para-padres-y-madres-sobre-las-redes-sociales\/","url":"https:\/\/alcala.salesianos.edu\/colegio\/blog\/2019\/03\/20\/formacion-para-padres-y-madres-sobre-las-redes-sociales\/","name":"Formaci\u00f3n para padres y madres sobre las redes sociales - Colegio Salesiano Alcal\u00e1","isPartOf":{"@id":"https:\/\/alcala.salesianos.edu\/colegio\/#website"},"datePublished":"2019-03-20T09:43:36+00:00","dateModified":"2025-08-27T07:59:17+00:00","author":{"@id":"https:\/\/alcala.salesianos.edu\/colegio\/#\/schema\/person\/afcc24f776dc91fc2bf9afb0998fca77"},"breadcrumb":{"@id":"https:\/\/alcala.salesianos.edu\/colegio\/blog\/2019\/03\/20\/formacion-para-padres-y-madres-sobre-las-redes-sociales\/#breadcrumb"},"inLanguage":"es","potentialAction":[{"@type":"ReadAction","target":["https:\/\/alcala.salesianos.edu\/colegio\/blog\/2019\/03\/20\/formacion-para-padres-y-madres-sobre-las-redes-sociales\/"]}]},{"@type":"BreadcrumbList","@id":"https:\/\/alcala.salesianos.edu\/colegio\/blog\/2019\/03\/20\/formacion-para-padres-y-madres-sobre-las-redes-sociales\/#breadcrumb","itemListElement":[{"@type":"ListItem","position":1,"name":"Portada","item":"https:\/\/alcala.salesianos.edu\/colegio\/"},{"@type":"ListItem","position":2,"name":"Formaci\u00f3n para padres y madres sobre las redes sociales"}]},{"@type":"WebSite","@id":"https:\/\/alcala.salesianos.edu\/colegio\/#website","url":"https:\/\/alcala.salesianos.edu\/colegio\/","name":"Colegio Salesiano Alcal\u00e1","description":"P\u00e1gina oficial de Salesianos Alcal\u00e1 de Guadaira","potentialAction":[{"@type":"SearchAction","target":{"@type":"EntryPoint","urlTemplate":"https:\/\/alcala.salesianos.edu\/colegio\/?s={search_term_string}"},"query-input":{"@type":"PropertyValueSpecification","valueRequired":true,"valueName":"search_term_string"}}],"inLanguage":"es"},{"@type":"Person","@id":"https:\/\/alcala.salesianos.edu\/colegio\/#\/schema\/person\/afcc24f776dc91fc2bf9afb0998fca77","name":"Administrador Web","image":{"@type":"ImageObject","inLanguage":"es","@id":"https:\/\/secure.gravatar.com\/avatar\/bc157e994689bd6da9645c00aa3bc4d55b727915b6652642660db0aef086585f?s=96&d=mm&r=g","url":"https:\/\/secure.gravatar.com\/avatar\/bc157e994689bd6da9645c00aa3bc4d55b727915b6652642660db0aef086585f?s=96&d=mm&r=g","contentUrl":"https:\/\/secure.gravatar.com\/avatar\/bc157e994689bd6da9645c00aa3bc4d55b727915b6652642660db0aef086585f?s=96&d=mm&r=g","caption":"Administrador Web"}}]}},"_links":{"self":[{"href":"https:\/\/alcala.salesianos.edu\/colegio\/wp-json\/wp\/v2\/posts\/11175","targetHints":{"allow":["GET"]}}],"collection":[{"href":"https:\/\/alcala.salesianos.edu\/colegio\/wp-json\/wp\/v2\/posts"}],"about":[{"href":"https:\/\/alcala.salesianos.edu\/colegio\/wp-json\/wp\/v2\/types\/post"}],"author":[{"embeddable":true,"href":"https:\/\/alcala.salesianos.edu\/colegio\/wp-json\/wp\/v2\/users\/2"}],"replies":[{"embeddable":true,"href":"https:\/\/alcala.salesianos.edu\/colegio\/wp-json\/wp\/v2\/comments?post=11175"}],"version-history":[{"count":2,"href":"https:\/\/alcala.salesianos.edu\/colegio\/wp-json\/wp\/v2\/posts\/11175\/revisions"}],"predecessor-version":[{"id":11178,"href":"https:\/\/alcala.salesianos.edu\/colegio\/wp-json\/wp\/v2\/posts\/11175\/revisions\/11178"}],"wp:attachment":[{"href":"https:\/\/alcala.salesianos.edu\/colegio\/wp-json\/wp\/v2\/media?parent=11175"}],"wp:term":[{"taxonomy":"category","embeddable":true,"href":"https:\/\/alcala.salesianos.edu\/colegio\/wp-json\/wp\/v2\/categories?post=11175"},{"taxonomy":"post_tag","embeddable":true,"href":"https:\/\/alcala.salesianos.edu\/colegio\/wp-json\/wp\/v2\/tags?post=11175"}],"curies":[{"name":"wp","href":"https:\/\/api.w.org\/{rel}","templated":true}]}}