{"id":11163,"date":"2019-03-19T13:03:45","date_gmt":"2019-03-19T12:03:45","guid":{"rendered":"https:\/\/alcala.salesianos.edu\/colegio\/blog\/2019\/03\/19\/la-ciencia-se-divulgara-en-alcala\/"},"modified":"2025-08-27T08:59:18","modified_gmt":"2025-08-27T07:59:18","slug":"la-ciencia-se-divulgara-en-alcala","status":"publish","type":"post","link":"https:\/\/alcala.salesianos.edu\/colegio\/blog\/2019\/03\/19\/la-ciencia-se-divulgara-en-alcala\/","title":{"rendered":"La Ciencia se divulgar\u00e1 en Alcal\u00e1"},"content":{"rendered":"<div id=\"fb-root\"><\/div>\n<p>[et_pb_section fb_built=\u00bb1&#8243; _builder_version=\u00bb3.20.2&#8243;][et_pb_row _builder_version=\u00bb3.20.2&#8243;][et_pb_column type=\u00bb4_4&#8243; _builder_version=\u00bb3.20.2&#8243;][et_pb_text _builder_version=\u00bb3.20.2&#8243;]<\/p>\n<p><img loading=\"lazy\" decoding=\"async\" src=\"https:\/\/alcala.salesianos.edu\/wp-content\/uploads\/2019\/03\/invitacio\u0301n-an\u0303o-2019-300x150.jpg\" width=\"300\" height=\"150\" alt=\"\" class=\"wp-image-6146 alignnone size-medium\" style=\"float: left;\" \/>Durante los pr\u00f3ximos d\u00edas 26 y 27 de marzo, el Colegio Salesiano Ntra. Sra. Del \u00c1guila de Alcal\u00e1 de Guada\u00edra organizar\u00e1, en colaboraci\u00f3n con el Ayuntamiento de la ciudad, las <strong>II Jornadas EduCIENCIA<\/strong>, destinadas a divulgar la Ciencia de una forma diferente, amena y cercana. Este importante evento, enmarcado en la Semana de la Ciencia que el centro educativo organiza cada a\u00f1o, est\u00e1 abierto a todos los alumnos de Secundaria, Bachillerato y Ciclos formativos de la ciudad alcalare\u00f1a.<\/p>\n<p style=\"text-align: justify;\">Tras los buenos resultados dejados por la primera edici\u00f3n, este a\u00f1o la organizaci\u00f3n ha querido seguir apostando por este original evento y ha confeccionado una programaci\u00f3n muy sugerente. El primer d\u00eda los alumnos\/as podr\u00e1n conocer los detalles, curiosidades y enigmas sobre la llegada del hombre a la Luna, de la mano de <strong>Eugenio M. Fern\u00e1ndez<\/strong> (f\u00edsico y divulgador cient\u00edfico). El formato que mantienen las Jornadas, permitir\u00e1 al alumnado presente, entablar una charla-coloquio posterior, en la que poder preguntar de primera mano al invitado. Tras Eugenio, vendr\u00e1 <strong>Miriam Rivera<\/strong>, bi\u00f3loga, ilustradora y divulgadora cient\u00edfica, que explicar\u00e1 la manera tan atractiva que usa para divulgar la Ciencia: los c\u00f3mics. Al finalizar este primer d\u00eda, se entregar\u00e1n los premios del concurso \u201c<strong><em>La Ciencia en portada<\/em><\/strong>\u201d, convocado por la organizaci\u00f3n de las Jornadas, para acercar tambi\u00e9n la Ciencia al mundo del Arte.<\/p>\n<p>&nbsp;<\/p>\n<p style=\"text-align: justify;\">El siguiente d\u00eda de las Jornadas, ser\u00e1 igual de interesante. <strong>Nahum M\u00e9ndez<\/strong>, ge\u00f3logo y divulgador cient\u00edfico, hablar\u00e1 sobre la curiosa geolog\u00eda de otros planetas. Tras \u00e9l, se inaugurar\u00e1 un nuevo momento destinado a la divulgaci\u00f3n hecha por los j\u00f3venes, el espacio \u201c<strong>J\u00f3venes divulgadores<\/strong>\u201d, donde alumnos\/as de nuestra ciudad podr\u00e1n exponer, a modo de microcharlas, aquellos temas cient\u00edficos m\u00e1s llamativos de los \u00faltimos tiempos.<\/p>\n<p>&nbsp;<\/p>\n<p style=\"text-align: justify;\">En definitiva, un nuevo espacio para la divulgaci\u00f3n de la Ciencia en nuestra ciudad, que pretende seguir creciendo y afianzarse como referente en el panorama educativo y cient\u00edfico de toda la provincia. No te lo puedes perder.<\/p>\n<p>&nbsp;<\/p>\n<p><img loading=\"lazy\" decoding=\"async\" src=\"https:\/\/alcala.salesianos.edu\/wp-content\/uploads\/2019\/03\/semana-ciencia-300x214.jpeg\" width=\"437\" height=\"312\" alt=\"\" class=\"wp-image-6147 alignnone size-medium\" style=\"display: block; margin-left: auto; margin-right: auto;\" \/><\/p>\n<p>&nbsp;<\/p>\n<p>&nbsp;<\/p>\n<p>[\/et_pb_text][\/et_pb_column][\/et_pb_row][\/et_pb_section]<\/p>\n","protected":false},"excerpt":{"rendered":"<p>Durante los pr\u00f3ximos d\u00edas 26 y 27 de marzo, el Colegio Salesiano Ntra. Sra. Del \u00c1guila de Alcal\u00e1 de Guada\u00edra organizar\u00e1, en colaboraci\u00f3n con el Ayuntamiento de la ciudad, las II Jornadas EduCIENCIA, destinadas a divulgar la Ciencia de una forma diferente, amena y cercana. Este importante evento, enmarcado en la Semana de la Ciencia [&hellip;]<\/p>\n","protected":false},"author":2,"featured_media":0,"comment_status":"closed","ping_status":"open","sticky":false,"template":"","format":"standard","meta":{"_et_pb_use_builder":"on","_et_pb_old_content":"","_et_gb_content_width":"","footnotes":""},"categories":[12,19,13,17,14,15,18,16,1],"tags":[],"class_list":["post-11163","post","type-post","status-publish","format-standard","hentry","category-colegio","category-escuela-abierta","category-fasa","category-infantil","category-pastoral","category-portada","category-primaria","category-secundaria","category-uncategorized"],"yoast_head":"<!-- This site is optimized with the Yoast SEO plugin v28.3 - https:\/\/yoast.com\/product\/yoast-seo-wordpress\/ -->\n<title>La Ciencia se divulgar\u00e1 en Alcal\u00e1 - Colegio Salesiano Alcal\u00e1<\/title>\n<meta name=\"robots\" content=\"index, follow, max-snippet:-1, max-image-preview:large, max-video-preview:-1\" \/>\n<link rel=\"canonical\" href=\"https:\/\/alcala.salesianos.edu\/colegio\/blog\/2019\/03\/19\/la-ciencia-se-divulgara-en-alcala\/\" \/>\n<meta property=\"og:locale\" content=\"es_ES\" \/>\n<meta property=\"og:type\" content=\"article\" \/>\n<meta property=\"og:title\" content=\"La Ciencia se divulgar\u00e1 en Alcal\u00e1 - Colegio Salesiano Alcal\u00e1\" \/>\n<meta property=\"og:description\" content=\"Durante los pr\u00f3ximos d\u00edas 26 y 27 de marzo, el Colegio Salesiano Ntra. Sra. Del \u00c1guila de Alcal\u00e1 de Guada\u00edra organizar\u00e1, en colaboraci\u00f3n con el Ayuntamiento de la ciudad, las II Jornadas EduCIENCIA, destinadas a divulgar la Ciencia de una forma diferente, amena y cercana. Este importante evento, enmarcado en la Semana de la Ciencia [&hellip;]\" \/>\n<meta property=\"og:url\" content=\"https:\/\/alcala.salesianos.edu\/colegio\/blog\/2019\/03\/19\/la-ciencia-se-divulgara-en-alcala\/\" \/>\n<meta property=\"og:site_name\" content=\"Colegio Salesiano Alcal\u00e1\" \/>\n<meta property=\"article:published_time\" content=\"2019-03-19T12:03:45+00:00\" \/>\n<meta property=\"article:modified_time\" content=\"2025-08-27T07:59:18+00:00\" \/>\n<meta property=\"og:image\" content=\"https:\/\/alcala.salesianos.edu\/wp-content\/uploads\/2019\/03\/semana-ciencia-300x214.jpeg\" \/>\n<meta name=\"author\" content=\"Administrador Web\" \/>\n<meta name=\"twitter:card\" content=\"summary_large_image\" \/>\n<meta name=\"twitter:label1\" content=\"Escrito por\" \/>\n\t<meta name=\"twitter:data1\" content=\"Administrador Web\" \/>\n\t<meta name=\"twitter:label2\" content=\"Tiempo de lectura\" \/>\n\t<meta name=\"twitter:data2\" content=\"2 minutos\" \/>\n<script type=\"application\/ld+json\" class=\"yoast-schema-graph\">{\"@context\":\"https:\\\/\\\/schema.org\",\"@graph\":[{\"@type\":\"Article\",\"@id\":\"https:\\\/\\\/alcala.salesianos.edu\\\/colegio\\\/blog\\\/2019\\\/03\\\/19\\\/la-ciencia-se-divulgara-en-alcala\\\/#article\",\"isPartOf\":{\"@id\":\"https:\\\/\\\/alcala.salesianos.edu\\\/colegio\\\/blog\\\/2019\\\/03\\\/19\\\/la-ciencia-se-divulgara-en-alcala\\\/\"},\"author\":{\"name\":\"Administrador Web\",\"@id\":\"https:\\\/\\\/alcala.salesianos.edu\\\/colegio\\\/#\\\/schema\\\/person\\\/afcc24f776dc91fc2bf9afb0998fca77\"},\"headline\":\"La Ciencia se divulgar\u00e1 en Alcal\u00e1\",\"datePublished\":\"2019-03-19T12:03:45+00:00\",\"dateModified\":\"2025-08-27T07:59:18+00:00\",\"mainEntityOfPage\":{\"@id\":\"https:\\\/\\\/alcala.salesianos.edu\\\/colegio\\\/blog\\\/2019\\\/03\\\/19\\\/la-ciencia-se-divulgara-en-alcala\\\/\"},\"wordCount\":397,\"image\":{\"@id\":\"https:\\\/\\\/alcala.salesianos.edu\\\/colegio\\\/blog\\\/2019\\\/03\\\/19\\\/la-ciencia-se-divulgara-en-alcala\\\/#primaryimage\"},\"thumbnailUrl\":\"https:\\\/\\\/alcala.salesianos.edu\\\/wp-content\\\/uploads\\\/2019\\\/03\\\/semana-ciencia-300x214.jpeg\",\"articleSection\":[\"Colegio\",\"Escuela abierta\",\"FASA\",\"Infantil\",\"Pastoral\",\"Portada\",\"Primaria\",\"Secundaria\",\"Uncategorized\"],\"inLanguage\":\"es\"},{\"@type\":\"WebPage\",\"@id\":\"https:\\\/\\\/alcala.salesianos.edu\\\/colegio\\\/blog\\\/2019\\\/03\\\/19\\\/la-ciencia-se-divulgara-en-alcala\\\/\",\"url\":\"https:\\\/\\\/alcala.salesianos.edu\\\/colegio\\\/blog\\\/2019\\\/03\\\/19\\\/la-ciencia-se-divulgara-en-alcala\\\/\",\"name\":\"La Ciencia se divulgar\u00e1 en Alcal\u00e1 - Colegio Salesiano Alcal\u00e1\",\"isPartOf\":{\"@id\":\"https:\\\/\\\/alcala.salesianos.edu\\\/colegio\\\/#website\"},\"primaryImageOfPage\":{\"@id\":\"https:\\\/\\\/alcala.salesianos.edu\\\/colegio\\\/blog\\\/2019\\\/03\\\/19\\\/la-ciencia-se-divulgara-en-alcala\\\/#primaryimage\"},\"image\":{\"@id\":\"https:\\\/\\\/alcala.salesianos.edu\\\/colegio\\\/blog\\\/2019\\\/03\\\/19\\\/la-ciencia-se-divulgara-en-alcala\\\/#primaryimage\"},\"thumbnailUrl\":\"https:\\\/\\\/alcala.salesianos.edu\\\/wp-content\\\/uploads\\\/2019\\\/03\\\/semana-ciencia-300x214.jpeg\",\"datePublished\":\"2019-03-19T12:03:45+00:00\",\"dateModified\":\"2025-08-27T07:59:18+00:00\",\"author\":{\"@id\":\"https:\\\/\\\/alcala.salesianos.edu\\\/colegio\\\/#\\\/schema\\\/person\\\/afcc24f776dc91fc2bf9afb0998fca77\"},\"breadcrumb\":{\"@id\":\"https:\\\/\\\/alcala.salesianos.edu\\\/colegio\\\/blog\\\/2019\\\/03\\\/19\\\/la-ciencia-se-divulgara-en-alcala\\\/#breadcrumb\"},\"inLanguage\":\"es\",\"potentialAction\":[{\"@type\":\"ReadAction\",\"target\":[\"https:\\\/\\\/alcala.salesianos.edu\\\/colegio\\\/blog\\\/2019\\\/03\\\/19\\\/la-ciencia-se-divulgara-en-alcala\\\/\"]}]},{\"@type\":\"ImageObject\",\"inLanguage\":\"es\",\"@id\":\"https:\\\/\\\/alcala.salesianos.edu\\\/colegio\\\/blog\\\/2019\\\/03\\\/19\\\/la-ciencia-se-divulgara-en-alcala\\\/#primaryimage\",\"url\":\"https:\\\/\\\/alcala.salesianos.edu\\\/wp-content\\\/uploads\\\/2019\\\/03\\\/semana-ciencia-300x214.jpeg\",\"contentUrl\":\"https:\\\/\\\/alcala.salesianos.edu\\\/wp-content\\\/uploads\\\/2019\\\/03\\\/semana-ciencia-300x214.jpeg\"},{\"@type\":\"BreadcrumbList\",\"@id\":\"https:\\\/\\\/alcala.salesianos.edu\\\/colegio\\\/blog\\\/2019\\\/03\\\/19\\\/la-ciencia-se-divulgara-en-alcala\\\/#breadcrumb\",\"itemListElement\":[{\"@type\":\"ListItem\",\"position\":1,\"name\":\"Portada\",\"item\":\"https:\\\/\\\/alcala.salesianos.edu\\\/colegio\\\/\"},{\"@type\":\"ListItem\",\"position\":2,\"name\":\"La Ciencia se divulgar\u00e1 en Alcal\u00e1\"}]},{\"@type\":\"WebSite\",\"@id\":\"https:\\\/\\\/alcala.salesianos.edu\\\/colegio\\\/#website\",\"url\":\"https:\\\/\\\/alcala.salesianos.edu\\\/colegio\\\/\",\"name\":\"Colegio Salesiano Alcal\u00e1\",\"description\":\"P\u00e1gina oficial de Salesianos Alcal\u00e1 de Guadaira\",\"potentialAction\":[{\"@type\":\"SearchAction\",\"target\":{\"@type\":\"EntryPoint\",\"urlTemplate\":\"https:\\\/\\\/alcala.salesianos.edu\\\/colegio\\\/?s={search_term_string}\"},\"query-input\":{\"@type\":\"PropertyValueSpecification\",\"valueRequired\":true,\"valueName\":\"search_term_string\"}}],\"inLanguage\":\"es\"},{\"@type\":\"Person\",\"@id\":\"https:\\\/\\\/alcala.salesianos.edu\\\/colegio\\\/#\\\/schema\\\/person\\\/afcc24f776dc91fc2bf9afb0998fca77\",\"name\":\"Administrador Web\",\"image\":{\"@type\":\"ImageObject\",\"inLanguage\":\"es\",\"@id\":\"https:\\\/\\\/secure.gravatar.com\\\/avatar\\\/bc157e994689bd6da9645c00aa3bc4d55b727915b6652642660db0aef086585f?s=96&d=mm&r=g\",\"url\":\"https:\\\/\\\/secure.gravatar.com\\\/avatar\\\/bc157e994689bd6da9645c00aa3bc4d55b727915b6652642660db0aef086585f?s=96&d=mm&r=g\",\"contentUrl\":\"https:\\\/\\\/secure.gravatar.com\\\/avatar\\\/bc157e994689bd6da9645c00aa3bc4d55b727915b6652642660db0aef086585f?s=96&d=mm&r=g\",\"caption\":\"Administrador Web\"}}]}<\/script>\n<!-- \/ Yoast SEO plugin. -->","yoast_head_json":{"title":"La Ciencia se divulgar\u00e1 en Alcal\u00e1 - Colegio Salesiano Alcal\u00e1","robots":{"index":"index","follow":"follow","max-snippet":"max-snippet:-1","max-image-preview":"max-image-preview:large","max-video-preview":"max-video-preview:-1"},"canonical":"https:\/\/alcala.salesianos.edu\/colegio\/blog\/2019\/03\/19\/la-ciencia-se-divulgara-en-alcala\/","og_locale":"es_ES","og_type":"article","og_title":"La Ciencia se divulgar\u00e1 en Alcal\u00e1 - Colegio Salesiano Alcal\u00e1","og_description":"Durante los pr\u00f3ximos d\u00edas 26 y 27 de marzo, el Colegio Salesiano Ntra. Sra. Del \u00c1guila de Alcal\u00e1 de Guada\u00edra organizar\u00e1, en colaboraci\u00f3n con el Ayuntamiento de la ciudad, las II Jornadas EduCIENCIA, destinadas a divulgar la Ciencia de una forma diferente, amena y cercana. Este importante evento, enmarcado en la Semana de la Ciencia [&hellip;]","og_url":"https:\/\/alcala.salesianos.edu\/colegio\/blog\/2019\/03\/19\/la-ciencia-se-divulgara-en-alcala\/","og_site_name":"Colegio Salesiano Alcal\u00e1","article_published_time":"2019-03-19T12:03:45+00:00","article_modified_time":"2025-08-27T07:59:18+00:00","og_image":[{"url":"https:\/\/alcala.salesianos.edu\/wp-content\/uploads\/2019\/03\/semana-ciencia-300x214.jpeg","type":"","width":"","height":""}],"author":"Administrador Web","twitter_card":"summary_large_image","twitter_misc":{"Escrito por":"Administrador Web","Tiempo de lectura":"2 minutos"},"schema":{"@context":"https:\/\/schema.org","@graph":[{"@type":"Article","@id":"https:\/\/alcala.salesianos.edu\/colegio\/blog\/2019\/03\/19\/la-ciencia-se-divulgara-en-alcala\/#article","isPartOf":{"@id":"https:\/\/alcala.salesianos.edu\/colegio\/blog\/2019\/03\/19\/la-ciencia-se-divulgara-en-alcala\/"},"author":{"name":"Administrador Web","@id":"https:\/\/alcala.salesianos.edu\/colegio\/#\/schema\/person\/afcc24f776dc91fc2bf9afb0998fca77"},"headline":"La Ciencia se divulgar\u00e1 en Alcal\u00e1","datePublished":"2019-03-19T12:03:45+00:00","dateModified":"2025-08-27T07:59:18+00:00","mainEntityOfPage":{"@id":"https:\/\/alcala.salesianos.edu\/colegio\/blog\/2019\/03\/19\/la-ciencia-se-divulgara-en-alcala\/"},"wordCount":397,"image":{"@id":"https:\/\/alcala.salesianos.edu\/colegio\/blog\/2019\/03\/19\/la-ciencia-se-divulgara-en-alcala\/#primaryimage"},"thumbnailUrl":"https:\/\/alcala.salesianos.edu\/wp-content\/uploads\/2019\/03\/semana-ciencia-300x214.jpeg","articleSection":["Colegio","Escuela abierta","FASA","Infantil","Pastoral","Portada","Primaria","Secundaria","Uncategorized"],"inLanguage":"es"},{"@type":"WebPage","@id":"https:\/\/alcala.salesianos.edu\/colegio\/blog\/2019\/03\/19\/la-ciencia-se-divulgara-en-alcala\/","url":"https:\/\/alcala.salesianos.edu\/colegio\/blog\/2019\/03\/19\/la-ciencia-se-divulgara-en-alcala\/","name":"La Ciencia se divulgar\u00e1 en Alcal\u00e1 - Colegio Salesiano Alcal\u00e1","isPartOf":{"@id":"https:\/\/alcala.salesianos.edu\/colegio\/#website"},"primaryImageOfPage":{"@id":"https:\/\/alcala.salesianos.edu\/colegio\/blog\/2019\/03\/19\/la-ciencia-se-divulgara-en-alcala\/#primaryimage"},"image":{"@id":"https:\/\/alcala.salesianos.edu\/colegio\/blog\/2019\/03\/19\/la-ciencia-se-divulgara-en-alcala\/#primaryimage"},"thumbnailUrl":"https:\/\/alcala.salesianos.edu\/wp-content\/uploads\/2019\/03\/semana-ciencia-300x214.jpeg","datePublished":"2019-03-19T12:03:45+00:00","dateModified":"2025-08-27T07:59:18+00:00","author":{"@id":"https:\/\/alcala.salesianos.edu\/colegio\/#\/schema\/person\/afcc24f776dc91fc2bf9afb0998fca77"},"breadcrumb":{"@id":"https:\/\/alcala.salesianos.edu\/colegio\/blog\/2019\/03\/19\/la-ciencia-se-divulgara-en-alcala\/#breadcrumb"},"inLanguage":"es","potentialAction":[{"@type":"ReadAction","target":["https:\/\/alcala.salesianos.edu\/colegio\/blog\/2019\/03\/19\/la-ciencia-se-divulgara-en-alcala\/"]}]},{"@type":"ImageObject","inLanguage":"es","@id":"https:\/\/alcala.salesianos.edu\/colegio\/blog\/2019\/03\/19\/la-ciencia-se-divulgara-en-alcala\/#primaryimage","url":"https:\/\/alcala.salesianos.edu\/wp-content\/uploads\/2019\/03\/semana-ciencia-300x214.jpeg","contentUrl":"https:\/\/alcala.salesianos.edu\/wp-content\/uploads\/2019\/03\/semana-ciencia-300x214.jpeg"},{"@type":"BreadcrumbList","@id":"https:\/\/alcala.salesianos.edu\/colegio\/blog\/2019\/03\/19\/la-ciencia-se-divulgara-en-alcala\/#breadcrumb","itemListElement":[{"@type":"ListItem","position":1,"name":"Portada","item":"https:\/\/alcala.salesianos.edu\/colegio\/"},{"@type":"ListItem","position":2,"name":"La Ciencia se divulgar\u00e1 en Alcal\u00e1"}]},{"@type":"WebSite","@id":"https:\/\/alcala.salesianos.edu\/colegio\/#website","url":"https:\/\/alcala.salesianos.edu\/colegio\/","name":"Colegio Salesiano Alcal\u00e1","description":"P\u00e1gina oficial de Salesianos Alcal\u00e1 de Guadaira","potentialAction":[{"@type":"SearchAction","target":{"@type":"EntryPoint","urlTemplate":"https:\/\/alcala.salesianos.edu\/colegio\/?s={search_term_string}"},"query-input":{"@type":"PropertyValueSpecification","valueRequired":true,"valueName":"search_term_string"}}],"inLanguage":"es"},{"@type":"Person","@id":"https:\/\/alcala.salesianos.edu\/colegio\/#\/schema\/person\/afcc24f776dc91fc2bf9afb0998fca77","name":"Administrador Web","image":{"@type":"ImageObject","inLanguage":"es","@id":"https:\/\/secure.gravatar.com\/avatar\/bc157e994689bd6da9645c00aa3bc4d55b727915b6652642660db0aef086585f?s=96&d=mm&r=g","url":"https:\/\/secure.gravatar.com\/avatar\/bc157e994689bd6da9645c00aa3bc4d55b727915b6652642660db0aef086585f?s=96&d=mm&r=g","contentUrl":"https:\/\/secure.gravatar.com\/avatar\/bc157e994689bd6da9645c00aa3bc4d55b727915b6652642660db0aef086585f?s=96&d=mm&r=g","caption":"Administrador Web"}}]}},"_links":{"self":[{"href":"https:\/\/alcala.salesianos.edu\/colegio\/wp-json\/wp\/v2\/posts\/11163","targetHints":{"allow":["GET"]}}],"collection":[{"href":"https:\/\/alcala.salesianos.edu\/colegio\/wp-json\/wp\/v2\/posts"}],"about":[{"href":"https:\/\/alcala.salesianos.edu\/colegio\/wp-json\/wp\/v2\/types\/post"}],"author":[{"embeddable":true,"href":"https:\/\/alcala.salesianos.edu\/colegio\/wp-json\/wp\/v2\/users\/2"}],"replies":[{"embeddable":true,"href":"https:\/\/alcala.salesianos.edu\/colegio\/wp-json\/wp\/v2\/comments?post=11163"}],"version-history":[{"count":10,"href":"https:\/\/alcala.salesianos.edu\/colegio\/wp-json\/wp\/v2\/posts\/11163\/revisions"}],"predecessor-version":[{"id":16406,"href":"https:\/\/alcala.salesianos.edu\/colegio\/wp-json\/wp\/v2\/posts\/11163\/revisions\/16406"}],"wp:attachment":[{"href":"https:\/\/alcala.salesianos.edu\/colegio\/wp-json\/wp\/v2\/media?parent=11163"}],"wp:term":[{"taxonomy":"category","embeddable":true,"href":"https:\/\/alcala.salesianos.edu\/colegio\/wp-json\/wp\/v2\/categories?post=11163"},{"taxonomy":"post_tag","embeddable":true,"href":"https:\/\/alcala.salesianos.edu\/colegio\/wp-json\/wp\/v2\/tags?post=11163"}],"curies":[{"name":"wp","href":"https:\/\/api.w.org\/{rel}","templated":true}]}}