{"id":11113,"date":"2019-03-05T06:47:47","date_gmt":"2019-03-05T05:47:47","guid":{"rendered":"https:\/\/alcala.salesianos.edu\/colegio\/blog\/2019\/03\/05\/open-days-en-educacion-infantil\/"},"modified":"2025-08-27T08:59:19","modified_gmt":"2025-08-27T07:59:19","slug":"open-days-en-educacion-infantil","status":"publish","type":"post","link":"https:\/\/alcala.salesianos.edu\/colegio\/blog\/2019\/03\/05\/open-days-en-educacion-infantil\/","title":{"rendered":"Open days en Educaci\u00f3n Infantil"},"content":{"rendered":"<div id=\"fb-root\"><\/div>\n<p>[et_pb_section fb_built=\u00bb1&#8243; _builder_version=\u00bb3.19.18&#8243;][et_pb_row _builder_version=\u00bb3.19.18&#8243;][et_pb_column type=\u00bb4_4&#8243; _builder_version=\u00bb3.19.18&#8243;][et_pb_text _builder_version=\u00bb3.19.18&#8243;]<\/p>\n<p><img loading=\"lazy\" decoding=\"async\" src=\"https:\/\/alcala.salesianos.edu\/wp-content\/uploads\/2019\/03\/ininni-210x300.png\" width=\"210\" height=\"300\" alt=\"\" class=\"wp-image-6090 alignnone size-medium\" style=\"float: left;\" \/>Si en el mes de febrero fue el turno de Educaci\u00f3n Primaria, en marzo es el turno de Educaci\u00f3n Infantil. Las madres y padres podr\u00e1n vivir una bonita experiencia juntos a sus hijos dentro de nuestras aulas y a trav\u00e9s de la experiencia \u00abOpen Days\u00bb.<\/p>\n<p>Ya est\u00e1 todo preparado, as\u00ed que est\u00e1n invitados a nuestras puertas abiertas. En estas jornadas, los padres y madres conocer\u00e1n todo lo que trabajamos en clase de ingl\u00e9s a diario, y ver\u00e1n c\u00f3mo las clases adem\u00e1s de ser divertidas, son formativas.<\/p>\n<p>De este modo podr\u00e1n vivir in situ un d\u00eda en la vida de nuestros alumnos. Gracias a esta experiencia tambi\u00e9n podr\u00e1n conocer de primera mano todas nuestras metodolog\u00edas, actividades, instalaciones\u2026 que ya est\u00e1n implantadas gracias al Proyecto \u201cMi Colegio 2020\u201d. Estamos deseando ver c\u00f3mo disfrutan con nosotros, as\u00ed que est\u00e9n muy atentos.<\/p>\n<p>&nbsp;<\/p>\n<p>[\/et_pb_text][\/et_pb_column][\/et_pb_row][\/et_pb_section]<\/p>\n","protected":false},"excerpt":{"rendered":"<p>Si en el mes de febrero fue el turno de Educaci\u00f3n Primaria, en marzo es el turno de Educaci\u00f3n Infantil. Las madres y padres podr\u00e1n vivir una bonita experiencia juntos a sus hijos dentro de nuestras aulas y a trav\u00e9s de la experiencia \u00abOpen Days\u00bb. Ya est\u00e1 todo preparado, as\u00ed que est\u00e1n invitados a nuestras [&hellip;]<\/p>\n","protected":false},"author":2,"featured_media":0,"comment_status":"closed","ping_status":"open","sticky":false,"template":"","format":"standard","meta":{"_et_pb_use_builder":"on","_et_pb_old_content":"","_et_gb_content_width":"","footnotes":""},"categories":[12,19,13,17,14,15,18,16,1],"tags":[],"class_list":["post-11113","post","type-post","status-publish","format-standard","hentry","category-colegio","category-escuela-abierta","category-fasa","category-infantil","category-pastoral","category-portada","category-primaria","category-secundaria","category-uncategorized"],"yoast_head":"<!-- This site is optimized with the Yoast SEO plugin v28.4 - https:\/\/yoast.com\/product\/yoast-seo-wordpress\/ -->\n<title>Open days en Educaci\u00f3n Infantil - Colegio Salesiano Alcal\u00e1<\/title>\n<meta name=\"robots\" content=\"index, follow, max-snippet:-1, max-image-preview:large, max-video-preview:-1\" \/>\n<link rel=\"canonical\" href=\"https:\/\/alcala.salesianos.edu\/colegio\/blog\/2019\/03\/05\/open-days-en-educacion-infantil\/\" \/>\n<meta property=\"og:locale\" content=\"es_ES\" \/>\n<meta property=\"og:type\" content=\"article\" \/>\n<meta property=\"og:title\" content=\"Open days en Educaci\u00f3n Infantil - Colegio Salesiano Alcal\u00e1\" \/>\n<meta property=\"og:description\" content=\"Si en el mes de febrero fue el turno de Educaci\u00f3n Primaria, en marzo es el turno de Educaci\u00f3n Infantil. Las madres y padres podr\u00e1n vivir una bonita experiencia juntos a sus hijos dentro de nuestras aulas y a trav\u00e9s de la experiencia &quot;Open Days&quot;. Ya est\u00e1 todo preparado, as\u00ed que est\u00e1n invitados a nuestras [&hellip;]\" \/>\n<meta property=\"og:url\" content=\"https:\/\/alcala.salesianos.edu\/colegio\/blog\/2019\/03\/05\/open-days-en-educacion-infantil\/\" \/>\n<meta property=\"og:site_name\" content=\"Colegio Salesiano Alcal\u00e1\" \/>\n<meta property=\"article:published_time\" content=\"2019-03-05T05:47:47+00:00\" \/>\n<meta property=\"article:modified_time\" content=\"2025-08-27T07:59:19+00:00\" \/>\n<meta name=\"author\" content=\"Administrador Web\" \/>\n<meta name=\"twitter:card\" content=\"summary_large_image\" \/>\n<meta name=\"twitter:label1\" content=\"Escrito por\" \/>\n\t<meta name=\"twitter:data1\" content=\"Administrador Web\" \/>\n\t<meta name=\"twitter:label2\" content=\"Tiempo de lectura\" \/>\n\t<meta name=\"twitter:data2\" content=\"1 minuto\" \/>\n<script type=\"application\/ld+json\" class=\"yoast-schema-graph\">{\"@context\":\"https:\\\/\\\/schema.org\",\"@graph\":[{\"@type\":\"Article\",\"@id\":\"https:\\\/\\\/alcala.salesianos.edu\\\/colegio\\\/blog\\\/2019\\\/03\\\/05\\\/open-days-en-educacion-infantil\\\/#article\",\"isPartOf\":{\"@id\":\"https:\\\/\\\/alcala.salesianos.edu\\\/colegio\\\/blog\\\/2019\\\/03\\\/05\\\/open-days-en-educacion-infantil\\\/\"},\"author\":{\"name\":\"Administrador Web\",\"@id\":\"https:\\\/\\\/alcala.salesianos.edu\\\/colegio\\\/#\\\/schema\\\/person\\\/afcc24f776dc91fc2bf9afb0998fca77\"},\"headline\":\"Open days en Educaci\u00f3n Infantil\",\"datePublished\":\"2019-03-05T05:47:47+00:00\",\"dateModified\":\"2025-08-27T07:59:19+00:00\",\"mainEntityOfPage\":{\"@id\":\"https:\\\/\\\/alcala.salesianos.edu\\\/colegio\\\/blog\\\/2019\\\/03\\\/05\\\/open-days-en-educacion-infantil\\\/\"},\"wordCount\":197,\"image\":{\"@id\":\"https:\\\/\\\/alcala.salesianos.edu\\\/colegio\\\/blog\\\/2019\\\/03\\\/05\\\/open-days-en-educacion-infantil\\\/#primaryimage\"},\"thumbnailUrl\":\"https:\\\/\\\/alcala.salesianos.edu\\\/wp-content\\\/uploads\\\/2019\\\/03\\\/ininni-210x300.png\",\"articleSection\":[\"Colegio\",\"Escuela abierta\",\"FASA\",\"Infantil\",\"Pastoral\",\"Portada\",\"Primaria\",\"Secundaria\",\"Uncategorized\"],\"inLanguage\":\"es\"},{\"@type\":\"WebPage\",\"@id\":\"https:\\\/\\\/alcala.salesianos.edu\\\/colegio\\\/blog\\\/2019\\\/03\\\/05\\\/open-days-en-educacion-infantil\\\/\",\"url\":\"https:\\\/\\\/alcala.salesianos.edu\\\/colegio\\\/blog\\\/2019\\\/03\\\/05\\\/open-days-en-educacion-infantil\\\/\",\"name\":\"Open days en Educaci\u00f3n Infantil - Colegio Salesiano Alcal\u00e1\",\"isPartOf\":{\"@id\":\"https:\\\/\\\/alcala.salesianos.edu\\\/colegio\\\/#website\"},\"primaryImageOfPage\":{\"@id\":\"https:\\\/\\\/alcala.salesianos.edu\\\/colegio\\\/blog\\\/2019\\\/03\\\/05\\\/open-days-en-educacion-infantil\\\/#primaryimage\"},\"image\":{\"@id\":\"https:\\\/\\\/alcala.salesianos.edu\\\/colegio\\\/blog\\\/2019\\\/03\\\/05\\\/open-days-en-educacion-infantil\\\/#primaryimage\"},\"thumbnailUrl\":\"https:\\\/\\\/alcala.salesianos.edu\\\/wp-content\\\/uploads\\\/2019\\\/03\\\/ininni-210x300.png\",\"datePublished\":\"2019-03-05T05:47:47+00:00\",\"dateModified\":\"2025-08-27T07:59:19+00:00\",\"author\":{\"@id\":\"https:\\\/\\\/alcala.salesianos.edu\\\/colegio\\\/#\\\/schema\\\/person\\\/afcc24f776dc91fc2bf9afb0998fca77\"},\"breadcrumb\":{\"@id\":\"https:\\\/\\\/alcala.salesianos.edu\\\/colegio\\\/blog\\\/2019\\\/03\\\/05\\\/open-days-en-educacion-infantil\\\/#breadcrumb\"},\"inLanguage\":\"es\",\"potentialAction\":[{\"@type\":\"ReadAction\",\"target\":[\"https:\\\/\\\/alcala.salesianos.edu\\\/colegio\\\/blog\\\/2019\\\/03\\\/05\\\/open-days-en-educacion-infantil\\\/\"]}]},{\"@type\":\"ImageObject\",\"inLanguage\":\"es\",\"@id\":\"https:\\\/\\\/alcala.salesianos.edu\\\/colegio\\\/blog\\\/2019\\\/03\\\/05\\\/open-days-en-educacion-infantil\\\/#primaryimage\",\"url\":\"https:\\\/\\\/alcala.salesianos.edu\\\/wp-content\\\/uploads\\\/2019\\\/03\\\/ininni-210x300.png\",\"contentUrl\":\"https:\\\/\\\/alcala.salesianos.edu\\\/wp-content\\\/uploads\\\/2019\\\/03\\\/ininni-210x300.png\"},{\"@type\":\"BreadcrumbList\",\"@id\":\"https:\\\/\\\/alcala.salesianos.edu\\\/colegio\\\/blog\\\/2019\\\/03\\\/05\\\/open-days-en-educacion-infantil\\\/#breadcrumb\",\"itemListElement\":[{\"@type\":\"ListItem\",\"position\":1,\"name\":\"Portada\",\"item\":\"https:\\\/\\\/alcala.salesianos.edu\\\/colegio\\\/\"},{\"@type\":\"ListItem\",\"position\":2,\"name\":\"Open days en Educaci\u00f3n Infantil\"}]},{\"@type\":\"WebSite\",\"@id\":\"https:\\\/\\\/alcala.salesianos.edu\\\/colegio\\\/#website\",\"url\":\"https:\\\/\\\/alcala.salesianos.edu\\\/colegio\\\/\",\"name\":\"Colegio Salesiano Alcal\u00e1\",\"description\":\"P\u00e1gina oficial de Salesianos Alcal\u00e1 de Guadaira\",\"potentialAction\":[{\"@type\":\"SearchAction\",\"target\":{\"@type\":\"EntryPoint\",\"urlTemplate\":\"https:\\\/\\\/alcala.salesianos.edu\\\/colegio\\\/?s={search_term_string}\"},\"query-input\":{\"@type\":\"PropertyValueSpecification\",\"valueRequired\":true,\"valueName\":\"search_term_string\"}}],\"inLanguage\":\"es\"},{\"@type\":\"Person\",\"@id\":\"https:\\\/\\\/alcala.salesianos.edu\\\/colegio\\\/#\\\/schema\\\/person\\\/afcc24f776dc91fc2bf9afb0998fca77\",\"name\":\"Administrador Web\",\"image\":{\"@type\":\"ImageObject\",\"inLanguage\":\"es\",\"@id\":\"https:\\\/\\\/secure.gravatar.com\\\/avatar\\\/bc157e994689bd6da9645c00aa3bc4d55b727915b6652642660db0aef086585f?s=96&d=mm&r=g\",\"url\":\"https:\\\/\\\/secure.gravatar.com\\\/avatar\\\/bc157e994689bd6da9645c00aa3bc4d55b727915b6652642660db0aef086585f?s=96&d=mm&r=g\",\"contentUrl\":\"https:\\\/\\\/secure.gravatar.com\\\/avatar\\\/bc157e994689bd6da9645c00aa3bc4d55b727915b6652642660db0aef086585f?s=96&d=mm&r=g\",\"caption\":\"Administrador Web\"}}]}<\/script>\n<!-- \/ Yoast SEO plugin. -->","yoast_head_json":{"title":"Open days en Educaci\u00f3n Infantil - Colegio Salesiano Alcal\u00e1","robots":{"index":"index","follow":"follow","max-snippet":"max-snippet:-1","max-image-preview":"max-image-preview:large","max-video-preview":"max-video-preview:-1"},"canonical":"https:\/\/alcala.salesianos.edu\/colegio\/blog\/2019\/03\/05\/open-days-en-educacion-infantil\/","og_locale":"es_ES","og_type":"article","og_title":"Open days en Educaci\u00f3n Infantil - Colegio Salesiano Alcal\u00e1","og_description":"Si en el mes de febrero fue el turno de Educaci\u00f3n Primaria, en marzo es el turno de Educaci\u00f3n Infantil. Las madres y padres podr\u00e1n vivir una bonita experiencia juntos a sus hijos dentro de nuestras aulas y a trav\u00e9s de la experiencia \"Open Days\". Ya est\u00e1 todo preparado, as\u00ed que est\u00e1n invitados a nuestras [&hellip;]","og_url":"https:\/\/alcala.salesianos.edu\/colegio\/blog\/2019\/03\/05\/open-days-en-educacion-infantil\/","og_site_name":"Colegio Salesiano Alcal\u00e1","article_published_time":"2019-03-05T05:47:47+00:00","article_modified_time":"2025-08-27T07:59:19+00:00","author":"Administrador Web","twitter_card":"summary_large_image","twitter_misc":{"Escrito por":"Administrador Web","Tiempo de lectura":"1 minuto"},"schema":{"@context":"https:\/\/schema.org","@graph":[{"@type":"Article","@id":"https:\/\/alcala.salesianos.edu\/colegio\/blog\/2019\/03\/05\/open-days-en-educacion-infantil\/#article","isPartOf":{"@id":"https:\/\/alcala.salesianos.edu\/colegio\/blog\/2019\/03\/05\/open-days-en-educacion-infantil\/"},"author":{"name":"Administrador Web","@id":"https:\/\/alcala.salesianos.edu\/colegio\/#\/schema\/person\/afcc24f776dc91fc2bf9afb0998fca77"},"headline":"Open days en Educaci\u00f3n Infantil","datePublished":"2019-03-05T05:47:47+00:00","dateModified":"2025-08-27T07:59:19+00:00","mainEntityOfPage":{"@id":"https:\/\/alcala.salesianos.edu\/colegio\/blog\/2019\/03\/05\/open-days-en-educacion-infantil\/"},"wordCount":197,"image":{"@id":"https:\/\/alcala.salesianos.edu\/colegio\/blog\/2019\/03\/05\/open-days-en-educacion-infantil\/#primaryimage"},"thumbnailUrl":"https:\/\/alcala.salesianos.edu\/wp-content\/uploads\/2019\/03\/ininni-210x300.png","articleSection":["Colegio","Escuela abierta","FASA","Infantil","Pastoral","Portada","Primaria","Secundaria","Uncategorized"],"inLanguage":"es"},{"@type":"WebPage","@id":"https:\/\/alcala.salesianos.edu\/colegio\/blog\/2019\/03\/05\/open-days-en-educacion-infantil\/","url":"https:\/\/alcala.salesianos.edu\/colegio\/blog\/2019\/03\/05\/open-days-en-educacion-infantil\/","name":"Open days en Educaci\u00f3n Infantil - Colegio Salesiano Alcal\u00e1","isPartOf":{"@id":"https:\/\/alcala.salesianos.edu\/colegio\/#website"},"primaryImageOfPage":{"@id":"https:\/\/alcala.salesianos.edu\/colegio\/blog\/2019\/03\/05\/open-days-en-educacion-infantil\/#primaryimage"},"image":{"@id":"https:\/\/alcala.salesianos.edu\/colegio\/blog\/2019\/03\/05\/open-days-en-educacion-infantil\/#primaryimage"},"thumbnailUrl":"https:\/\/alcala.salesianos.edu\/wp-content\/uploads\/2019\/03\/ininni-210x300.png","datePublished":"2019-03-05T05:47:47+00:00","dateModified":"2025-08-27T07:59:19+00:00","author":{"@id":"https:\/\/alcala.salesianos.edu\/colegio\/#\/schema\/person\/afcc24f776dc91fc2bf9afb0998fca77"},"breadcrumb":{"@id":"https:\/\/alcala.salesianos.edu\/colegio\/blog\/2019\/03\/05\/open-days-en-educacion-infantil\/#breadcrumb"},"inLanguage":"es","potentialAction":[{"@type":"ReadAction","target":["https:\/\/alcala.salesianos.edu\/colegio\/blog\/2019\/03\/05\/open-days-en-educacion-infantil\/"]}]},{"@type":"ImageObject","inLanguage":"es","@id":"https:\/\/alcala.salesianos.edu\/colegio\/blog\/2019\/03\/05\/open-days-en-educacion-infantil\/#primaryimage","url":"https:\/\/alcala.salesianos.edu\/wp-content\/uploads\/2019\/03\/ininni-210x300.png","contentUrl":"https:\/\/alcala.salesianos.edu\/wp-content\/uploads\/2019\/03\/ininni-210x300.png"},{"@type":"BreadcrumbList","@id":"https:\/\/alcala.salesianos.edu\/colegio\/blog\/2019\/03\/05\/open-days-en-educacion-infantil\/#breadcrumb","itemListElement":[{"@type":"ListItem","position":1,"name":"Portada","item":"https:\/\/alcala.salesianos.edu\/colegio\/"},{"@type":"ListItem","position":2,"name":"Open days en Educaci\u00f3n Infantil"}]},{"@type":"WebSite","@id":"https:\/\/alcala.salesianos.edu\/colegio\/#website","url":"https:\/\/alcala.salesianos.edu\/colegio\/","name":"Colegio Salesiano Alcal\u00e1","description":"P\u00e1gina oficial de Salesianos Alcal\u00e1 de Guadaira","potentialAction":[{"@type":"SearchAction","target":{"@type":"EntryPoint","urlTemplate":"https:\/\/alcala.salesianos.edu\/colegio\/?s={search_term_string}"},"query-input":{"@type":"PropertyValueSpecification","valueRequired":true,"valueName":"search_term_string"}}],"inLanguage":"es"},{"@type":"Person","@id":"https:\/\/alcala.salesianos.edu\/colegio\/#\/schema\/person\/afcc24f776dc91fc2bf9afb0998fca77","name":"Administrador Web","image":{"@type":"ImageObject","inLanguage":"es","@id":"https:\/\/secure.gravatar.com\/avatar\/bc157e994689bd6da9645c00aa3bc4d55b727915b6652642660db0aef086585f?s=96&d=mm&r=g","url":"https:\/\/secure.gravatar.com\/avatar\/bc157e994689bd6da9645c00aa3bc4d55b727915b6652642660db0aef086585f?s=96&d=mm&r=g","contentUrl":"https:\/\/secure.gravatar.com\/avatar\/bc157e994689bd6da9645c00aa3bc4d55b727915b6652642660db0aef086585f?s=96&d=mm&r=g","caption":"Administrador Web"}}]}},"_links":{"self":[{"href":"https:\/\/alcala.salesianos.edu\/colegio\/wp-json\/wp\/v2\/posts\/11113","targetHints":{"allow":["GET"]}}],"collection":[{"href":"https:\/\/alcala.salesianos.edu\/colegio\/wp-json\/wp\/v2\/posts"}],"about":[{"href":"https:\/\/alcala.salesianos.edu\/colegio\/wp-json\/wp\/v2\/types\/post"}],"author":[{"embeddable":true,"href":"https:\/\/alcala.salesianos.edu\/colegio\/wp-json\/wp\/v2\/users\/2"}],"replies":[{"embeddable":true,"href":"https:\/\/alcala.salesianos.edu\/colegio\/wp-json\/wp\/v2\/comments?post=11113"}],"version-history":[{"count":18,"href":"https:\/\/alcala.salesianos.edu\/colegio\/wp-json\/wp\/v2\/posts\/11113\/revisions"}],"predecessor-version":[{"id":16408,"href":"https:\/\/alcala.salesianos.edu\/colegio\/wp-json\/wp\/v2\/posts\/11113\/revisions\/16408"}],"wp:attachment":[{"href":"https:\/\/alcala.salesianos.edu\/colegio\/wp-json\/wp\/v2\/media?parent=11113"}],"wp:term":[{"taxonomy":"category","embeddable":true,"href":"https:\/\/alcala.salesianos.edu\/colegio\/wp-json\/wp\/v2\/categories?post=11113"},{"taxonomy":"post_tag","embeddable":true,"href":"https:\/\/alcala.salesianos.edu\/colegio\/wp-json\/wp\/v2\/tags?post=11113"}],"curies":[{"name":"wp","href":"https:\/\/api.w.org\/{rel}","templated":true}]}}