{"id":10898,"date":"2019-02-06T09:42:32","date_gmt":"2019-02-06T08:42:32","guid":{"rendered":"https:\/\/alcala.salesianos.edu\/colegio\/blog\/2019\/02\/06\/v-jornadas-de-orientacion\/"},"modified":"2025-08-27T08:59:21","modified_gmt":"2025-08-27T07:59:21","slug":"v-jornadas-de-orientacion","status":"publish","type":"post","link":"https:\/\/alcala.salesianos.edu\/colegio\/blog\/2019\/02\/06\/v-jornadas-de-orientacion\/","title":{"rendered":"V Jornadas de Orientaci\u00f3n"},"content":{"rendered":"<div id=\"fb-root\"><\/div>\n<p>[et_pb_section bb_built=\u00bb1&#8243;][et_pb_row][et_pb_column type=\u00bb4_4&#8243;][et_pb_text _builder_version=\u00bb3.0.105&#8243; background_layout=\u00bblight\u00bb]<\/p>\n<p><img loading=\"lazy\" decoding=\"async\" class=\" wp-image-6022 alignleft\" src=\"https:\/\/alcala.salesianos.edu\/wp-content\/uploads\/2019\/02\/2-150x150.jpg\" alt=\"\" width=\"194\" height=\"194\" \/>Nuestro Centro pone siempre en el medio a sus alumnos e intenta entregarles las mejores herramientas existentes para que puedan enfrentarse al futuro de la mejor manera posible.<\/p>\n<p>Para ello, llevamos a cabo iniciativas como las Jornadas de Orientaci\u00f3n, donde nuestros alumnos pueden conocer toda la oferta educativa de ciclos profesionales y bachillerato. Las jornadas comenzaron, el pasado d\u00eda 1 de febrero en el Teatro del Centro conla ponencia \u201cExperiencias de \u00c9xito\u201d, desarrollada por Fernando Moral Alcaraz, Presidente del Real Betis Baloncesto.<\/p>\n<p>Fernando ha sido\u00a0 Consejero del Club Baloncesto Sevilla desde la temporada 2009-2010 y Vicepresidente desde la temporada 2012-2013. Como Consejero del club ha vivido los playoff al t\u00edtulo de las temporadas 09-10 y 11-12, las Copa del Rey de 2010 y 2012; as\u00ed como la final de la Eurocup disputada en Treviso en 2011.<\/p>\n<p>Con esto, dividimos nuestras Jornadas de Orientaci\u00f3n en dos partes, una primera donde contamos experiencias de \u00e9xito y una segunda parte donde presentamos todas las posibilidades y ramas educativas existentes.<\/p>\n<p>El lunes d\u00eda 4 nuestros j\u00f3venes pudieron conocer la oferta educativa de los institutos p\u00fablicos de nuestra ciudad. Tras esto, lleg\u00f3 el turno de los\u00a0 centros privados de nuestra provincia donde el Colegio Portaceli, Buen Pastor y Calasancio Hispalense presentaron su oferta de Bachillerato. Adem\u00e1s, contamos con la presencia del Centro Gorca, el cual mostr\u00f3 toda la rama de Formaci\u00f3n Profesional que desarrollan.<\/p>\n<p><img loading=\"lazy\" decoding=\"async\" class=\" wp-image-6023 alignright\" src=\"https:\/\/alcala.salesianos.edu\/wp-content\/uploads\/2019\/02\/1-150x150.jpg\" alt=\"\" width=\"296\" height=\"296\" \/><\/p>\n<p>Fue la Casa Salesiana Nuestra Se\u00f1ora del Carmen de Utrera la que cerr\u00f3 las Jornadas de Orientaci\u00f3n, dando a conocer su Residencia Internado as\u00ed como su magn\u00edfico Bachillerato.<\/p>\n<p>Uno de los pilares fundamentales de nuestro proyecto educativo es la orientaci\u00f3n y en nosotros est\u00e1 la responsabilidad de darles a conocer algunas las opciones existentes y ofrecerles ejemplos de personas y profesionales que den ejemplifiquen su historia de esfuerzo y superaci\u00f3n.<\/p>\n<p>&nbsp;<\/p>\n<p>&nbsp;<\/p>\n<p>[\/et_pb_text][\/et_pb_column][\/et_pb_row][\/et_pb_section]<\/p>\n","protected":false},"excerpt":{"rendered":"<p><div class=\"et_pb_row et_pb_row_0 et_pb_row_empty\">\n\t\t\t\t\n\t\t\t\t\n\t\t\t\t\n\t\t\t\t\n\t\t\t\t\n\t\t\t<\/div> Nuestro Centro pone siempre en el medio a sus alumnos e intenta entregarles las mejores herramientas existentes para que puedan enfrentarse al futuro de la mejor manera posible. Para ello, llevamos a cabo iniciativas como las Jornadas de Orientaci\u00f3n, donde nuestros alumnos pueden conocer toda la oferta educativa de ciclos profesionales y bachillerato. Las [&hellip;]<\/p>\n","protected":false},"author":2,"featured_media":0,"comment_status":"closed","ping_status":"open","sticky":false,"template":"","format":"standard","meta":{"_et_pb_use_builder":"on","_et_pb_old_content":"","_et_gb_content_width":"","footnotes":""},"categories":[12,19,13,17,14,15,18,16,1],"tags":[],"class_list":["post-10898","post","type-post","status-publish","format-standard","hentry","category-colegio","category-escuela-abierta","category-fasa","category-infantil","category-pastoral","category-portada","category-primaria","category-secundaria","category-uncategorized"],"yoast_head":"<!-- This site is optimized with the Yoast SEO plugin v28.4 - https:\/\/yoast.com\/product\/yoast-seo-wordpress\/ -->\n<title>V Jornadas de Orientaci\u00f3n - Colegio Salesiano Alcal\u00e1<\/title>\n<meta name=\"robots\" content=\"index, follow, max-snippet:-1, max-image-preview:large, max-video-preview:-1\" \/>\n<link rel=\"canonical\" href=\"https:\/\/alcala.salesianos.edu\/colegio\/blog\/2019\/02\/06\/v-jornadas-de-orientacion\/\" \/>\n<meta property=\"og:locale\" content=\"es_ES\" \/>\n<meta property=\"og:type\" content=\"article\" \/>\n<meta property=\"og:title\" content=\"V Jornadas de Orientaci\u00f3n - Colegio Salesiano Alcal\u00e1\" \/>\n<meta property=\"og:description\" content=\"Nuestro Centro pone siempre en el medio a sus alumnos e intenta entregarles las mejores herramientas existentes para que puedan enfrentarse al futuro de la mejor manera posible. Para ello, llevamos a cabo iniciativas como las Jornadas de Orientaci\u00f3n, donde nuestros alumnos pueden conocer toda la oferta educativa de ciclos profesionales y bachillerato. Las [&hellip;]\" \/>\n<meta property=\"og:url\" content=\"https:\/\/alcala.salesianos.edu\/colegio\/blog\/2019\/02\/06\/v-jornadas-de-orientacion\/\" \/>\n<meta property=\"og:site_name\" content=\"Colegio Salesiano Alcal\u00e1\" \/>\n<meta property=\"article:published_time\" content=\"2019-02-06T08:42:32+00:00\" \/>\n<meta property=\"article:modified_time\" content=\"2025-08-27T07:59:21+00:00\" \/>\n<meta name=\"author\" content=\"Administrador Web\" \/>\n<meta name=\"twitter:card\" content=\"summary_large_image\" \/>\n<meta name=\"twitter:label1\" content=\"Escrito por\" \/>\n\t<meta name=\"twitter:data1\" content=\"Administrador Web\" \/>\n\t<meta name=\"twitter:label2\" content=\"Tiempo de lectura\" \/>\n\t<meta name=\"twitter:data2\" content=\"2 minutos\" \/>\n<script type=\"application\/ld+json\" class=\"yoast-schema-graph\">{\"@context\":\"https:\\\/\\\/schema.org\",\"@graph\":[{\"@type\":\"Article\",\"@id\":\"https:\\\/\\\/alcala.salesianos.edu\\\/colegio\\\/blog\\\/2019\\\/02\\\/06\\\/v-jornadas-de-orientacion\\\/#article\",\"isPartOf\":{\"@id\":\"https:\\\/\\\/alcala.salesianos.edu\\\/colegio\\\/blog\\\/2019\\\/02\\\/06\\\/v-jornadas-de-orientacion\\\/\"},\"author\":{\"name\":\"Administrador Web\",\"@id\":\"https:\\\/\\\/alcala.salesianos.edu\\\/colegio\\\/#\\\/schema\\\/person\\\/afcc24f776dc91fc2bf9afb0998fca77\"},\"headline\":\"V Jornadas de Orientaci\u00f3n\",\"datePublished\":\"2019-02-06T08:42:32+00:00\",\"dateModified\":\"2025-08-27T07:59:21+00:00\",\"mainEntityOfPage\":{\"@id\":\"https:\\\/\\\/alcala.salesianos.edu\\\/colegio\\\/blog\\\/2019\\\/02\\\/06\\\/v-jornadas-de-orientacion\\\/\"},\"wordCount\":347,\"image\":{\"@id\":\"https:\\\/\\\/alcala.salesianos.edu\\\/colegio\\\/blog\\\/2019\\\/02\\\/06\\\/v-jornadas-de-orientacion\\\/#primaryimage\"},\"thumbnailUrl\":\"https:\\\/\\\/alcala.salesianos.edu\\\/wp-content\\\/uploads\\\/2019\\\/02\\\/2-150x150.jpg\",\"articleSection\":[\"Colegio\",\"Escuela abierta\",\"FASA\",\"Infantil\",\"Pastoral\",\"Portada\",\"Primaria\",\"Secundaria\",\"Uncategorized\"],\"inLanguage\":\"es\"},{\"@type\":\"WebPage\",\"@id\":\"https:\\\/\\\/alcala.salesianos.edu\\\/colegio\\\/blog\\\/2019\\\/02\\\/06\\\/v-jornadas-de-orientacion\\\/\",\"url\":\"https:\\\/\\\/alcala.salesianos.edu\\\/colegio\\\/blog\\\/2019\\\/02\\\/06\\\/v-jornadas-de-orientacion\\\/\",\"name\":\"V Jornadas de Orientaci\u00f3n - Colegio Salesiano Alcal\u00e1\",\"isPartOf\":{\"@id\":\"https:\\\/\\\/alcala.salesianos.edu\\\/colegio\\\/#website\"},\"primaryImageOfPage\":{\"@id\":\"https:\\\/\\\/alcala.salesianos.edu\\\/colegio\\\/blog\\\/2019\\\/02\\\/06\\\/v-jornadas-de-orientacion\\\/#primaryimage\"},\"image\":{\"@id\":\"https:\\\/\\\/alcala.salesianos.edu\\\/colegio\\\/blog\\\/2019\\\/02\\\/06\\\/v-jornadas-de-orientacion\\\/#primaryimage\"},\"thumbnailUrl\":\"https:\\\/\\\/alcala.salesianos.edu\\\/wp-content\\\/uploads\\\/2019\\\/02\\\/2-150x150.jpg\",\"datePublished\":\"2019-02-06T08:42:32+00:00\",\"dateModified\":\"2025-08-27T07:59:21+00:00\",\"author\":{\"@id\":\"https:\\\/\\\/alcala.salesianos.edu\\\/colegio\\\/#\\\/schema\\\/person\\\/afcc24f776dc91fc2bf9afb0998fca77\"},\"breadcrumb\":{\"@id\":\"https:\\\/\\\/alcala.salesianos.edu\\\/colegio\\\/blog\\\/2019\\\/02\\\/06\\\/v-jornadas-de-orientacion\\\/#breadcrumb\"},\"inLanguage\":\"es\",\"potentialAction\":[{\"@type\":\"ReadAction\",\"target\":[\"https:\\\/\\\/alcala.salesianos.edu\\\/colegio\\\/blog\\\/2019\\\/02\\\/06\\\/v-jornadas-de-orientacion\\\/\"]}]},{\"@type\":\"ImageObject\",\"inLanguage\":\"es\",\"@id\":\"https:\\\/\\\/alcala.salesianos.edu\\\/colegio\\\/blog\\\/2019\\\/02\\\/06\\\/v-jornadas-de-orientacion\\\/#primaryimage\",\"url\":\"https:\\\/\\\/alcala.salesianos.edu\\\/wp-content\\\/uploads\\\/2019\\\/02\\\/2-150x150.jpg\",\"contentUrl\":\"https:\\\/\\\/alcala.salesianos.edu\\\/wp-content\\\/uploads\\\/2019\\\/02\\\/2-150x150.jpg\"},{\"@type\":\"BreadcrumbList\",\"@id\":\"https:\\\/\\\/alcala.salesianos.edu\\\/colegio\\\/blog\\\/2019\\\/02\\\/06\\\/v-jornadas-de-orientacion\\\/#breadcrumb\",\"itemListElement\":[{\"@type\":\"ListItem\",\"position\":1,\"name\":\"Portada\",\"item\":\"https:\\\/\\\/alcala.salesianos.edu\\\/colegio\\\/\"},{\"@type\":\"ListItem\",\"position\":2,\"name\":\"V Jornadas de Orientaci\u00f3n\"}]},{\"@type\":\"WebSite\",\"@id\":\"https:\\\/\\\/alcala.salesianos.edu\\\/colegio\\\/#website\",\"url\":\"https:\\\/\\\/alcala.salesianos.edu\\\/colegio\\\/\",\"name\":\"Colegio Salesiano Alcal\u00e1\",\"description\":\"P\u00e1gina oficial de Salesianos Alcal\u00e1 de Guadaira\",\"potentialAction\":[{\"@type\":\"SearchAction\",\"target\":{\"@type\":\"EntryPoint\",\"urlTemplate\":\"https:\\\/\\\/alcala.salesianos.edu\\\/colegio\\\/?s={search_term_string}\"},\"query-input\":{\"@type\":\"PropertyValueSpecification\",\"valueRequired\":true,\"valueName\":\"search_term_string\"}}],\"inLanguage\":\"es\"},{\"@type\":\"Person\",\"@id\":\"https:\\\/\\\/alcala.salesianos.edu\\\/colegio\\\/#\\\/schema\\\/person\\\/afcc24f776dc91fc2bf9afb0998fca77\",\"name\":\"Administrador Web\",\"image\":{\"@type\":\"ImageObject\",\"inLanguage\":\"es\",\"@id\":\"https:\\\/\\\/secure.gravatar.com\\\/avatar\\\/bc157e994689bd6da9645c00aa3bc4d55b727915b6652642660db0aef086585f?s=96&d=mm&r=g\",\"url\":\"https:\\\/\\\/secure.gravatar.com\\\/avatar\\\/bc157e994689bd6da9645c00aa3bc4d55b727915b6652642660db0aef086585f?s=96&d=mm&r=g\",\"contentUrl\":\"https:\\\/\\\/secure.gravatar.com\\\/avatar\\\/bc157e994689bd6da9645c00aa3bc4d55b727915b6652642660db0aef086585f?s=96&d=mm&r=g\",\"caption\":\"Administrador Web\"}}]}<\/script>\n<!-- \/ Yoast SEO plugin. -->","yoast_head_json":{"title":"V Jornadas de Orientaci\u00f3n - Colegio Salesiano Alcal\u00e1","robots":{"index":"index","follow":"follow","max-snippet":"max-snippet:-1","max-image-preview":"max-image-preview:large","max-video-preview":"max-video-preview:-1"},"canonical":"https:\/\/alcala.salesianos.edu\/colegio\/blog\/2019\/02\/06\/v-jornadas-de-orientacion\/","og_locale":"es_ES","og_type":"article","og_title":"V Jornadas de Orientaci\u00f3n - Colegio Salesiano Alcal\u00e1","og_description":"Nuestro Centro pone siempre en el medio a sus alumnos e intenta entregarles las mejores herramientas existentes para que puedan enfrentarse al futuro de la mejor manera posible. Para ello, llevamos a cabo iniciativas como las Jornadas de Orientaci\u00f3n, donde nuestros alumnos pueden conocer toda la oferta educativa de ciclos profesionales y bachillerato. Las [&hellip;]","og_url":"https:\/\/alcala.salesianos.edu\/colegio\/blog\/2019\/02\/06\/v-jornadas-de-orientacion\/","og_site_name":"Colegio Salesiano Alcal\u00e1","article_published_time":"2019-02-06T08:42:32+00:00","article_modified_time":"2025-08-27T07:59:21+00:00","author":"Administrador Web","twitter_card":"summary_large_image","twitter_misc":{"Escrito por":"Administrador Web","Tiempo de lectura":"2 minutos"},"schema":{"@context":"https:\/\/schema.org","@graph":[{"@type":"Article","@id":"https:\/\/alcala.salesianos.edu\/colegio\/blog\/2019\/02\/06\/v-jornadas-de-orientacion\/#article","isPartOf":{"@id":"https:\/\/alcala.salesianos.edu\/colegio\/blog\/2019\/02\/06\/v-jornadas-de-orientacion\/"},"author":{"name":"Administrador Web","@id":"https:\/\/alcala.salesianos.edu\/colegio\/#\/schema\/person\/afcc24f776dc91fc2bf9afb0998fca77"},"headline":"V Jornadas de Orientaci\u00f3n","datePublished":"2019-02-06T08:42:32+00:00","dateModified":"2025-08-27T07:59:21+00:00","mainEntityOfPage":{"@id":"https:\/\/alcala.salesianos.edu\/colegio\/blog\/2019\/02\/06\/v-jornadas-de-orientacion\/"},"wordCount":347,"image":{"@id":"https:\/\/alcala.salesianos.edu\/colegio\/blog\/2019\/02\/06\/v-jornadas-de-orientacion\/#primaryimage"},"thumbnailUrl":"https:\/\/alcala.salesianos.edu\/wp-content\/uploads\/2019\/02\/2-150x150.jpg","articleSection":["Colegio","Escuela abierta","FASA","Infantil","Pastoral","Portada","Primaria","Secundaria","Uncategorized"],"inLanguage":"es"},{"@type":"WebPage","@id":"https:\/\/alcala.salesianos.edu\/colegio\/blog\/2019\/02\/06\/v-jornadas-de-orientacion\/","url":"https:\/\/alcala.salesianos.edu\/colegio\/blog\/2019\/02\/06\/v-jornadas-de-orientacion\/","name":"V Jornadas de Orientaci\u00f3n - Colegio Salesiano Alcal\u00e1","isPartOf":{"@id":"https:\/\/alcala.salesianos.edu\/colegio\/#website"},"primaryImageOfPage":{"@id":"https:\/\/alcala.salesianos.edu\/colegio\/blog\/2019\/02\/06\/v-jornadas-de-orientacion\/#primaryimage"},"image":{"@id":"https:\/\/alcala.salesianos.edu\/colegio\/blog\/2019\/02\/06\/v-jornadas-de-orientacion\/#primaryimage"},"thumbnailUrl":"https:\/\/alcala.salesianos.edu\/wp-content\/uploads\/2019\/02\/2-150x150.jpg","datePublished":"2019-02-06T08:42:32+00:00","dateModified":"2025-08-27T07:59:21+00:00","author":{"@id":"https:\/\/alcala.salesianos.edu\/colegio\/#\/schema\/person\/afcc24f776dc91fc2bf9afb0998fca77"},"breadcrumb":{"@id":"https:\/\/alcala.salesianos.edu\/colegio\/blog\/2019\/02\/06\/v-jornadas-de-orientacion\/#breadcrumb"},"inLanguage":"es","potentialAction":[{"@type":"ReadAction","target":["https:\/\/alcala.salesianos.edu\/colegio\/blog\/2019\/02\/06\/v-jornadas-de-orientacion\/"]}]},{"@type":"ImageObject","inLanguage":"es","@id":"https:\/\/alcala.salesianos.edu\/colegio\/blog\/2019\/02\/06\/v-jornadas-de-orientacion\/#primaryimage","url":"https:\/\/alcala.salesianos.edu\/wp-content\/uploads\/2019\/02\/2-150x150.jpg","contentUrl":"https:\/\/alcala.salesianos.edu\/wp-content\/uploads\/2019\/02\/2-150x150.jpg"},{"@type":"BreadcrumbList","@id":"https:\/\/alcala.salesianos.edu\/colegio\/blog\/2019\/02\/06\/v-jornadas-de-orientacion\/#breadcrumb","itemListElement":[{"@type":"ListItem","position":1,"name":"Portada","item":"https:\/\/alcala.salesianos.edu\/colegio\/"},{"@type":"ListItem","position":2,"name":"V Jornadas de Orientaci\u00f3n"}]},{"@type":"WebSite","@id":"https:\/\/alcala.salesianos.edu\/colegio\/#website","url":"https:\/\/alcala.salesianos.edu\/colegio\/","name":"Colegio Salesiano Alcal\u00e1","description":"P\u00e1gina oficial de Salesianos Alcal\u00e1 de Guadaira","potentialAction":[{"@type":"SearchAction","target":{"@type":"EntryPoint","urlTemplate":"https:\/\/alcala.salesianos.edu\/colegio\/?s={search_term_string}"},"query-input":{"@type":"PropertyValueSpecification","valueRequired":true,"valueName":"search_term_string"}}],"inLanguage":"es"},{"@type":"Person","@id":"https:\/\/alcala.salesianos.edu\/colegio\/#\/schema\/person\/afcc24f776dc91fc2bf9afb0998fca77","name":"Administrador Web","image":{"@type":"ImageObject","inLanguage":"es","@id":"https:\/\/secure.gravatar.com\/avatar\/bc157e994689bd6da9645c00aa3bc4d55b727915b6652642660db0aef086585f?s=96&d=mm&r=g","url":"https:\/\/secure.gravatar.com\/avatar\/bc157e994689bd6da9645c00aa3bc4d55b727915b6652642660db0aef086585f?s=96&d=mm&r=g","contentUrl":"https:\/\/secure.gravatar.com\/avatar\/bc157e994689bd6da9645c00aa3bc4d55b727915b6652642660db0aef086585f?s=96&d=mm&r=g","caption":"Administrador Web"}}]}},"_links":{"self":[{"href":"https:\/\/alcala.salesianos.edu\/colegio\/wp-json\/wp\/v2\/posts\/10898","targetHints":{"allow":["GET"]}}],"collection":[{"href":"https:\/\/alcala.salesianos.edu\/colegio\/wp-json\/wp\/v2\/posts"}],"about":[{"href":"https:\/\/alcala.salesianos.edu\/colegio\/wp-json\/wp\/v2\/types\/post"}],"author":[{"embeddable":true,"href":"https:\/\/alcala.salesianos.edu\/colegio\/wp-json\/wp\/v2\/users\/2"}],"replies":[{"embeddable":true,"href":"https:\/\/alcala.salesianos.edu\/colegio\/wp-json\/wp\/v2\/comments?post=10898"}],"version-history":[{"count":12,"href":"https:\/\/alcala.salesianos.edu\/colegio\/wp-json\/wp\/v2\/posts\/10898\/revisions"}],"predecessor-version":[{"id":16412,"href":"https:\/\/alcala.salesianos.edu\/colegio\/wp-json\/wp\/v2\/posts\/10898\/revisions\/16412"}],"wp:attachment":[{"href":"https:\/\/alcala.salesianos.edu\/colegio\/wp-json\/wp\/v2\/media?parent=10898"}],"wp:term":[{"taxonomy":"category","embeddable":true,"href":"https:\/\/alcala.salesianos.edu\/colegio\/wp-json\/wp\/v2\/categories?post=10898"},{"taxonomy":"post_tag","embeddable":true,"href":"https:\/\/alcala.salesianos.edu\/colegio\/wp-json\/wp\/v2\/tags?post=10898"}],"curies":[{"name":"wp","href":"https:\/\/api.w.org\/{rel}","templated":true}]}}