{"id":10841,"date":"2019-01-25T09:18:09","date_gmt":"2019-01-25T08:18:09","guid":{"rendered":"https:\/\/alcala.salesianos.edu\/colegio\/blog\/2019\/01\/25\/mes-de-san-juan-bosco\/"},"modified":"2025-08-27T08:59:21","modified_gmt":"2025-08-27T07:59:21","slug":"mes-de-san-juan-bosco","status":"publish","type":"post","link":"https:\/\/alcala.salesianos.edu\/colegio\/blog\/2019\/01\/25\/mes-de-san-juan-bosco\/","title":{"rendered":"Mes de San Juan Bosco"},"content":{"rendered":"<div id=\"fb-root\"><\/div>\n<p>[et_pb_section bb_built=\u00bb1&#8243;][et_pb_row][et_pb_column type=\u00bb4_4&#8243;][et_pb_text _builder_version=\u00bb3.0.105&#8243; background_layout=\u00bblight\u00bb]<\/p>\n<p><img loading=\"lazy\" decoding=\"async\" class=\" wp-image-6010 alignleft\" src=\"https:\/\/alcala.salesianos.edu\/wp-content\/uploads\/2019\/01\/00-MAValdocco-150x150.jpg\" alt=\"\" width=\"203\" height=\"203\" \/><\/p>\n<p>Un a\u00f1o m\u00e1s nos acercamos a la festividad de nuestro santo patr\u00f3n San Juan Bosco.\u00a0 La Familia Salesiana de Alcal\u00e1 de Guada\u00edra se prepara con ilusi\u00f3n para festejar la vida de un joven, hijo de campesinos de Becchi.<\/p>\n<p>Este mes estar\u00e1 cargado de actividades con el foco puesto en el 31 de enero, d\u00eda que celebraremos con plenitud y nos acercaremos a\u00fan m\u00e1s a la figura de Don Bosco.<\/p>\n<p>En el d\u00eda de ayer celebramos la conmemoraci\u00f3n a Mar\u00eda Auxiliadora y la festividad de San Francisco de Sales, manantial en el que nuestro santo fundador bebi\u00f3 para crear su obra.<\/p>\n<p>Para los alumnos de Educaci\u00f3n Secundar\u00eda se realiz\u00f3 este mismo d\u00eda una Mesa Redonda Vocacional. Los ponentes de esta actividad ser\u00e1n: un sacerdote salesiano, un salesiano cooperador, un animador de pastoral juvenil,\u00a0 un miembro del club Don Bosco de nuestra Casa y los directores de nuestra Obra. Todo ello dirigido por dos alumnos pertenecientes al Club de Debate de nuestro centro educativo.<\/p>\n<p>Los tres d\u00edas previos al 31\u00a0 de enero las tres etapas educativas vivir\u00e1n con gran intensidad el triduo a San Juan Bosco, en el que se reflexionar\u00e1 sobre diversos momentos de la vida de nuestro santo fundador.<\/p>\n<p>El d\u00eda de la solemnidad de Don Bosco los alumnos disfrutar\u00e1n de la gran Gymkhana Oratoniana \u201cQuiero ser como Don. Bosco\u201d y cerraremos la jornada lectiva con la eucarist\u00eda en la Parroquia de San Agust\u00edn a las 12.30 h., en ella participar\u00e1n todos los miembros de la comunidad educativa.<\/p>\n<p>Por la tarde, celebraremos la Eucarist\u00eda Solemne presidida por nuestro Director Titular en la que\u00a0 asistir\u00e1 la Familia Salesiana y estar\u00e1 animada con el canto\u00a0 de la escolan\u00eda.<\/p>\n<p>El viernes uno de febrero, como culmen de los actos a San Juan Bosco, los alumnos de las etapas de Educaci\u00f3n Primaria y Educaci\u00f3n Secundaria podr\u00e1n participar de una actividad cultural en la que ellos podr\u00e1n disfrutar de una pel\u00edcula en el cine. Destacamos que el cine es una de las actividades de las que San Juan Bosco es patr\u00f3n. Nuestro santo era un amante de actividades culturales como el teatro o los conciertos.<\/p>\n<p>Nos predisponemos con gran ilusi\u00f3n a celebrar todas estas actividades en torno a nuestro Padre, Maestro y Amigo, aquel que nos ayuda encontrar nuestra motivo final: dar la vida por nuestros muchachos.<\/p>\n<p>\u00a1Feliz mes de enero, mes de Don Bosco!<\/p>\n<p>[\/et_pb_text][\/et_pb_column][\/et_pb_row][et_pb_row][et_pb_column type=\u00bb4_4&#8243;][et_pb_image _builder_version=\u00bb3.0.105&#8243; src=\u00bbhttps:\/\/alcala.salesianos.edu\/wp-content\/uploads\/2019\/01\/Actos-San-Juan-Bosco.jpeg\u00bb show_in_lightbox=\u00bboff\u00bb url_new_window=\u00bboff\u00bb use_overlay=\u00bboff\u00bb always_center_on_mobile=\u00bbon\u00bb force_fullwidth=\u00bboff\u00bb show_bottom_space=\u00bbon\u00bb \/][\/et_pb_column][\/et_pb_row][\/et_pb_section]<\/p>\n","protected":false},"excerpt":{"rendered":"<p>La Familia Salesiana celebra la festividad de San Juan Bosco<\/p>\n","protected":false},"author":2,"featured_media":0,"comment_status":"closed","ping_status":"open","sticky":false,"template":"","format":"standard","meta":{"_et_pb_use_builder":"","_et_pb_old_content":"","_et_gb_content_width":"","footnotes":""},"categories":[12,19,13,17,14,15,18,16,1],"tags":[],"class_list":["post-10841","post","type-post","status-publish","format-standard","hentry","category-colegio","category-escuela-abierta","category-fasa","category-infantil","category-pastoral","category-portada","category-primaria","category-secundaria","category-uncategorized"],"yoast_head":"<!-- This site is optimized with the Yoast SEO plugin v28.4 - https:\/\/yoast.com\/product\/yoast-seo-wordpress\/ -->\n<title>Mes de San Juan Bosco - Colegio Salesiano Alcal\u00e1<\/title>\n<meta name=\"robots\" content=\"index, follow, max-snippet:-1, max-image-preview:large, max-video-preview:-1\" \/>\n<link rel=\"canonical\" href=\"https:\/\/alcala.salesianos.edu\/colegio\/blog\/2019\/01\/25\/mes-de-san-juan-bosco\/\" \/>\n<meta property=\"og:locale\" content=\"es_ES\" \/>\n<meta property=\"og:type\" content=\"article\" \/>\n<meta property=\"og:title\" content=\"Mes de San Juan Bosco - Colegio Salesiano Alcal\u00e1\" \/>\n<meta property=\"og:description\" content=\"La Familia Salesiana celebra la festividad de San Juan Bosco\" \/>\n<meta property=\"og:url\" content=\"https:\/\/alcala.salesianos.edu\/colegio\/blog\/2019\/01\/25\/mes-de-san-juan-bosco\/\" \/>\n<meta property=\"og:site_name\" content=\"Colegio Salesiano Alcal\u00e1\" \/>\n<meta property=\"article:published_time\" content=\"2019-01-25T08:18:09+00:00\" \/>\n<meta property=\"article:modified_time\" content=\"2025-08-27T07:59:21+00:00\" \/>\n<meta name=\"author\" content=\"Administrador Web\" \/>\n<meta name=\"twitter:card\" content=\"summary_large_image\" \/>\n<meta name=\"twitter:label1\" content=\"Escrito por\" \/>\n\t<meta name=\"twitter:data1\" content=\"Administrador Web\" \/>\n\t<meta name=\"twitter:label2\" content=\"Tiempo de lectura\" \/>\n\t<meta name=\"twitter:data2\" content=\"3 minutos\" \/>\n<script type=\"application\/ld+json\" class=\"yoast-schema-graph\">{\"@context\":\"https:\\\/\\\/schema.org\",\"@graph\":[{\"@type\":\"Article\",\"@id\":\"https:\\\/\\\/alcala.salesianos.edu\\\/colegio\\\/blog\\\/2019\\\/01\\\/25\\\/mes-de-san-juan-bosco\\\/#article\",\"isPartOf\":{\"@id\":\"https:\\\/\\\/alcala.salesianos.edu\\\/colegio\\\/blog\\\/2019\\\/01\\\/25\\\/mes-de-san-juan-bosco\\\/\"},\"author\":{\"name\":\"Administrador Web\",\"@id\":\"https:\\\/\\\/alcala.salesianos.edu\\\/colegio\\\/#\\\/schema\\\/person\\\/afcc24f776dc91fc2bf9afb0998fca77\"},\"headline\":\"Mes de San Juan Bosco\",\"datePublished\":\"2019-01-25T08:18:09+00:00\",\"dateModified\":\"2025-08-27T07:59:21+00:00\",\"mainEntityOfPage\":{\"@id\":\"https:\\\/\\\/alcala.salesianos.edu\\\/colegio\\\/blog\\\/2019\\\/01\\\/25\\\/mes-de-san-juan-bosco\\\/\"},\"wordCount\":505,\"image\":{\"@id\":\"https:\\\/\\\/alcala.salesianos.edu\\\/colegio\\\/blog\\\/2019\\\/01\\\/25\\\/mes-de-san-juan-bosco\\\/#primaryimage\"},\"thumbnailUrl\":\"https:\\\/\\\/alcala.salesianos.edu\\\/wp-content\\\/uploads\\\/2019\\\/01\\\/00-MAValdocco-150x150.jpg\",\"articleSection\":[\"Colegio\",\"Escuela abierta\",\"FASA\",\"Infantil\",\"Pastoral\",\"Portada\",\"Primaria\",\"Secundaria\",\"Uncategorized\"],\"inLanguage\":\"es\"},{\"@type\":\"WebPage\",\"@id\":\"https:\\\/\\\/alcala.salesianos.edu\\\/colegio\\\/blog\\\/2019\\\/01\\\/25\\\/mes-de-san-juan-bosco\\\/\",\"url\":\"https:\\\/\\\/alcala.salesianos.edu\\\/colegio\\\/blog\\\/2019\\\/01\\\/25\\\/mes-de-san-juan-bosco\\\/\",\"name\":\"Mes de San Juan Bosco - Colegio Salesiano Alcal\u00e1\",\"isPartOf\":{\"@id\":\"https:\\\/\\\/alcala.salesianos.edu\\\/colegio\\\/#website\"},\"primaryImageOfPage\":{\"@id\":\"https:\\\/\\\/alcala.salesianos.edu\\\/colegio\\\/blog\\\/2019\\\/01\\\/25\\\/mes-de-san-juan-bosco\\\/#primaryimage\"},\"image\":{\"@id\":\"https:\\\/\\\/alcala.salesianos.edu\\\/colegio\\\/blog\\\/2019\\\/01\\\/25\\\/mes-de-san-juan-bosco\\\/#primaryimage\"},\"thumbnailUrl\":\"https:\\\/\\\/alcala.salesianos.edu\\\/wp-content\\\/uploads\\\/2019\\\/01\\\/00-MAValdocco-150x150.jpg\",\"datePublished\":\"2019-01-25T08:18:09+00:00\",\"dateModified\":\"2025-08-27T07:59:21+00:00\",\"author\":{\"@id\":\"https:\\\/\\\/alcala.salesianos.edu\\\/colegio\\\/#\\\/schema\\\/person\\\/afcc24f776dc91fc2bf9afb0998fca77\"},\"breadcrumb\":{\"@id\":\"https:\\\/\\\/alcala.salesianos.edu\\\/colegio\\\/blog\\\/2019\\\/01\\\/25\\\/mes-de-san-juan-bosco\\\/#breadcrumb\"},\"inLanguage\":\"es\",\"potentialAction\":[{\"@type\":\"ReadAction\",\"target\":[\"https:\\\/\\\/alcala.salesianos.edu\\\/colegio\\\/blog\\\/2019\\\/01\\\/25\\\/mes-de-san-juan-bosco\\\/\"]}]},{\"@type\":\"ImageObject\",\"inLanguage\":\"es\",\"@id\":\"https:\\\/\\\/alcala.salesianos.edu\\\/colegio\\\/blog\\\/2019\\\/01\\\/25\\\/mes-de-san-juan-bosco\\\/#primaryimage\",\"url\":\"https:\\\/\\\/alcala.salesianos.edu\\\/wp-content\\\/uploads\\\/2019\\\/01\\\/00-MAValdocco-150x150.jpg\",\"contentUrl\":\"https:\\\/\\\/alcala.salesianos.edu\\\/wp-content\\\/uploads\\\/2019\\\/01\\\/00-MAValdocco-150x150.jpg\"},{\"@type\":\"BreadcrumbList\",\"@id\":\"https:\\\/\\\/alcala.salesianos.edu\\\/colegio\\\/blog\\\/2019\\\/01\\\/25\\\/mes-de-san-juan-bosco\\\/#breadcrumb\",\"itemListElement\":[{\"@type\":\"ListItem\",\"position\":1,\"name\":\"Portada\",\"item\":\"https:\\\/\\\/alcala.salesianos.edu\\\/colegio\\\/\"},{\"@type\":\"ListItem\",\"position\":2,\"name\":\"Mes de San Juan Bosco\"}]},{\"@type\":\"WebSite\",\"@id\":\"https:\\\/\\\/alcala.salesianos.edu\\\/colegio\\\/#website\",\"url\":\"https:\\\/\\\/alcala.salesianos.edu\\\/colegio\\\/\",\"name\":\"Colegio Salesiano Alcal\u00e1\",\"description\":\"P\u00e1gina oficial de Salesianos Alcal\u00e1 de Guadaira\",\"potentialAction\":[{\"@type\":\"SearchAction\",\"target\":{\"@type\":\"EntryPoint\",\"urlTemplate\":\"https:\\\/\\\/alcala.salesianos.edu\\\/colegio\\\/?s={search_term_string}\"},\"query-input\":{\"@type\":\"PropertyValueSpecification\",\"valueRequired\":true,\"valueName\":\"search_term_string\"}}],\"inLanguage\":\"es\"},{\"@type\":\"Person\",\"@id\":\"https:\\\/\\\/alcala.salesianos.edu\\\/colegio\\\/#\\\/schema\\\/person\\\/afcc24f776dc91fc2bf9afb0998fca77\",\"name\":\"Administrador Web\",\"image\":{\"@type\":\"ImageObject\",\"inLanguage\":\"es\",\"@id\":\"https:\\\/\\\/secure.gravatar.com\\\/avatar\\\/bc157e994689bd6da9645c00aa3bc4d55b727915b6652642660db0aef086585f?s=96&d=mm&r=g\",\"url\":\"https:\\\/\\\/secure.gravatar.com\\\/avatar\\\/bc157e994689bd6da9645c00aa3bc4d55b727915b6652642660db0aef086585f?s=96&d=mm&r=g\",\"contentUrl\":\"https:\\\/\\\/secure.gravatar.com\\\/avatar\\\/bc157e994689bd6da9645c00aa3bc4d55b727915b6652642660db0aef086585f?s=96&d=mm&r=g\",\"caption\":\"Administrador Web\"}}]}<\/script>\n<!-- \/ Yoast SEO plugin. -->","yoast_head_json":{"title":"Mes de San Juan Bosco - Colegio Salesiano Alcal\u00e1","robots":{"index":"index","follow":"follow","max-snippet":"max-snippet:-1","max-image-preview":"max-image-preview:large","max-video-preview":"max-video-preview:-1"},"canonical":"https:\/\/alcala.salesianos.edu\/colegio\/blog\/2019\/01\/25\/mes-de-san-juan-bosco\/","og_locale":"es_ES","og_type":"article","og_title":"Mes de San Juan Bosco - Colegio Salesiano Alcal\u00e1","og_description":"La Familia Salesiana celebra la festividad de San Juan Bosco","og_url":"https:\/\/alcala.salesianos.edu\/colegio\/blog\/2019\/01\/25\/mes-de-san-juan-bosco\/","og_site_name":"Colegio Salesiano Alcal\u00e1","article_published_time":"2019-01-25T08:18:09+00:00","article_modified_time":"2025-08-27T07:59:21+00:00","author":"Administrador Web","twitter_card":"summary_large_image","twitter_misc":{"Escrito por":"Administrador Web","Tiempo de lectura":"3 minutos"},"schema":{"@context":"https:\/\/schema.org","@graph":[{"@type":"Article","@id":"https:\/\/alcala.salesianos.edu\/colegio\/blog\/2019\/01\/25\/mes-de-san-juan-bosco\/#article","isPartOf":{"@id":"https:\/\/alcala.salesianos.edu\/colegio\/blog\/2019\/01\/25\/mes-de-san-juan-bosco\/"},"author":{"name":"Administrador Web","@id":"https:\/\/alcala.salesianos.edu\/colegio\/#\/schema\/person\/afcc24f776dc91fc2bf9afb0998fca77"},"headline":"Mes de San Juan Bosco","datePublished":"2019-01-25T08:18:09+00:00","dateModified":"2025-08-27T07:59:21+00:00","mainEntityOfPage":{"@id":"https:\/\/alcala.salesianos.edu\/colegio\/blog\/2019\/01\/25\/mes-de-san-juan-bosco\/"},"wordCount":505,"image":{"@id":"https:\/\/alcala.salesianos.edu\/colegio\/blog\/2019\/01\/25\/mes-de-san-juan-bosco\/#primaryimage"},"thumbnailUrl":"https:\/\/alcala.salesianos.edu\/wp-content\/uploads\/2019\/01\/00-MAValdocco-150x150.jpg","articleSection":["Colegio","Escuela abierta","FASA","Infantil","Pastoral","Portada","Primaria","Secundaria","Uncategorized"],"inLanguage":"es"},{"@type":"WebPage","@id":"https:\/\/alcala.salesianos.edu\/colegio\/blog\/2019\/01\/25\/mes-de-san-juan-bosco\/","url":"https:\/\/alcala.salesianos.edu\/colegio\/blog\/2019\/01\/25\/mes-de-san-juan-bosco\/","name":"Mes de San Juan Bosco - Colegio Salesiano Alcal\u00e1","isPartOf":{"@id":"https:\/\/alcala.salesianos.edu\/colegio\/#website"},"primaryImageOfPage":{"@id":"https:\/\/alcala.salesianos.edu\/colegio\/blog\/2019\/01\/25\/mes-de-san-juan-bosco\/#primaryimage"},"image":{"@id":"https:\/\/alcala.salesianos.edu\/colegio\/blog\/2019\/01\/25\/mes-de-san-juan-bosco\/#primaryimage"},"thumbnailUrl":"https:\/\/alcala.salesianos.edu\/wp-content\/uploads\/2019\/01\/00-MAValdocco-150x150.jpg","datePublished":"2019-01-25T08:18:09+00:00","dateModified":"2025-08-27T07:59:21+00:00","author":{"@id":"https:\/\/alcala.salesianos.edu\/colegio\/#\/schema\/person\/afcc24f776dc91fc2bf9afb0998fca77"},"breadcrumb":{"@id":"https:\/\/alcala.salesianos.edu\/colegio\/blog\/2019\/01\/25\/mes-de-san-juan-bosco\/#breadcrumb"},"inLanguage":"es","potentialAction":[{"@type":"ReadAction","target":["https:\/\/alcala.salesianos.edu\/colegio\/blog\/2019\/01\/25\/mes-de-san-juan-bosco\/"]}]},{"@type":"ImageObject","inLanguage":"es","@id":"https:\/\/alcala.salesianos.edu\/colegio\/blog\/2019\/01\/25\/mes-de-san-juan-bosco\/#primaryimage","url":"https:\/\/alcala.salesianos.edu\/wp-content\/uploads\/2019\/01\/00-MAValdocco-150x150.jpg","contentUrl":"https:\/\/alcala.salesianos.edu\/wp-content\/uploads\/2019\/01\/00-MAValdocco-150x150.jpg"},{"@type":"BreadcrumbList","@id":"https:\/\/alcala.salesianos.edu\/colegio\/blog\/2019\/01\/25\/mes-de-san-juan-bosco\/#breadcrumb","itemListElement":[{"@type":"ListItem","position":1,"name":"Portada","item":"https:\/\/alcala.salesianos.edu\/colegio\/"},{"@type":"ListItem","position":2,"name":"Mes de San Juan Bosco"}]},{"@type":"WebSite","@id":"https:\/\/alcala.salesianos.edu\/colegio\/#website","url":"https:\/\/alcala.salesianos.edu\/colegio\/","name":"Colegio Salesiano Alcal\u00e1","description":"P\u00e1gina oficial de Salesianos Alcal\u00e1 de Guadaira","potentialAction":[{"@type":"SearchAction","target":{"@type":"EntryPoint","urlTemplate":"https:\/\/alcala.salesianos.edu\/colegio\/?s={search_term_string}"},"query-input":{"@type":"PropertyValueSpecification","valueRequired":true,"valueName":"search_term_string"}}],"inLanguage":"es"},{"@type":"Person","@id":"https:\/\/alcala.salesianos.edu\/colegio\/#\/schema\/person\/afcc24f776dc91fc2bf9afb0998fca77","name":"Administrador Web","image":{"@type":"ImageObject","inLanguage":"es","@id":"https:\/\/secure.gravatar.com\/avatar\/bc157e994689bd6da9645c00aa3bc4d55b727915b6652642660db0aef086585f?s=96&d=mm&r=g","url":"https:\/\/secure.gravatar.com\/avatar\/bc157e994689bd6da9645c00aa3bc4d55b727915b6652642660db0aef086585f?s=96&d=mm&r=g","contentUrl":"https:\/\/secure.gravatar.com\/avatar\/bc157e994689bd6da9645c00aa3bc4d55b727915b6652642660db0aef086585f?s=96&d=mm&r=g","caption":"Administrador Web"}}]}},"_links":{"self":[{"href":"https:\/\/alcala.salesianos.edu\/colegio\/wp-json\/wp\/v2\/posts\/10841","targetHints":{"allow":["GET"]}}],"collection":[{"href":"https:\/\/alcala.salesianos.edu\/colegio\/wp-json\/wp\/v2\/posts"}],"about":[{"href":"https:\/\/alcala.salesianos.edu\/colegio\/wp-json\/wp\/v2\/types\/post"}],"author":[{"embeddable":true,"href":"https:\/\/alcala.salesianos.edu\/colegio\/wp-json\/wp\/v2\/users\/2"}],"replies":[{"embeddable":true,"href":"https:\/\/alcala.salesianos.edu\/colegio\/wp-json\/wp\/v2\/comments?post=10841"}],"version-history":[{"count":6,"href":"https:\/\/alcala.salesianos.edu\/colegio\/wp-json\/wp\/v2\/posts\/10841\/revisions"}],"predecessor-version":[{"id":16413,"href":"https:\/\/alcala.salesianos.edu\/colegio\/wp-json\/wp\/v2\/posts\/10841\/revisions\/16413"}],"wp:attachment":[{"href":"https:\/\/alcala.salesianos.edu\/colegio\/wp-json\/wp\/v2\/media?parent=10841"}],"wp:term":[{"taxonomy":"category","embeddable":true,"href":"https:\/\/alcala.salesianos.edu\/colegio\/wp-json\/wp\/v2\/categories?post=10841"},{"taxonomy":"post_tag","embeddable":true,"href":"https:\/\/alcala.salesianos.edu\/colegio\/wp-json\/wp\/v2\/tags?post=10841"}],"curies":[{"name":"wp","href":"https:\/\/api.w.org\/{rel}","templated":true}]}}