{"id":10809,"date":"2019-01-15T12:01:31","date_gmt":"2019-01-15T11:01:31","guid":{"rendered":"https:\/\/alcala.salesianos.edu\/colegio\/blog\/2019\/01\/15\/xxv-celebracion-de-san-anton-patron-de-los-animales\/"},"modified":"2025-08-27T08:59:21","modified_gmt":"2025-08-27T07:59:21","slug":"xxv-celebracion-de-san-anton-patron-de-los-animales","status":"publish","type":"post","link":"https:\/\/alcala.salesianos.edu\/colegio\/blog\/2019\/01\/15\/xxv-celebracion-de-san-anton-patron-de-los-animales\/","title":{"rendered":"XXV celebraci\u00f3n de San Ant\u00f3n, patr\u00f3n de los animales."},"content":{"rendered":"<div id=\"fb-root\"><\/div>\n<p>[et_pb_section fb_built=\u00bb1&#8243; _builder_version=\u00bb3.0.47&#8243;][et_pb_row _builder_version=\u00bb3.0.47&#8243; background_size=\u00bbinitial\u00bb background_position=\u00bbtop_left\u00bb background_repeat=\u00bbrepeat\u00bb][et_pb_column type=\u00bb1_3&#8243; _builder_version=\u00bb3.0.47&#8243; parallax=\u00bboff\u00bb parallax_method=\u00bbon\u00bb][et_pb_image src=\u00bbhttps:\/\/alcala.salesianos.edu\/wp-content\/uploads\/2019\/01\/Copia-de-Redes-sociales-\u2013-Disen\u0303o-sin-ti\u0301tulo.png\u00bb _builder_version=\u00bb3.0.105&#8243;][\/et_pb_image][\/et_pb_column][et_pb_column type=\u00bb2_3&#8243; _builder_version=\u00bb3.0.47&#8243; parallax=\u00bboff\u00bb parallax_method=\u00bbon\u00bb][et_pb_text _builder_version=\u00bb3.0.105&#8243;]<\/p>\n<p>&nbsp;<\/p>\n<div><span style=\"font-size: large;\">El pr\u00f3ximo jueves, 17 de enero, tendr\u00e1 lugar en nuestro centro la tradicional bendici\u00f3n de animales que durante veinticinco a\u00f1os viene celebr\u00e1ndose en nuestra Casa, en la que las mascotas de nuestros hogares acudir\u00e1n para recibir la conocida bendici\u00f3n.<\/span><\/div>\n<div><\/div>\n<div><span style=\"font-size: large;\"><\/span><\/div>\n<div><span style=\"font-size: large;\">Al igual que en a\u00f1os anteriores, madres, padres y abuelos\u2026 <\/span><\/div>\n<div><span style=\"font-size: large;\">traer\u00e1n los animales que viven en sus casas para que, de manos de nuestros alumnos, sean\u00a0 rociados de agua bendita por parte de\u00a0 D. Jos\u00e9 Medina, SDB.<\/span><\/div>\n<div><span style=\"font-size: large;\"><\/span><\/div>\n<div><\/div>\n<div><span style=\"font-size: large;\">As\u00ed, con la estimable ayuda de San Ant\u00f3n, nuestras mascotas estar\u00e1n protegidas un a\u00f1o m\u00e1s.<\/span><\/div>\n<p>[\/et_pb_text][\/et_pb_column][\/et_pb_row][\/et_pb_section]<\/p>\n","protected":false},"excerpt":{"rendered":"<p>Esta ser\u00e1 la XXV edici\u00f3n de la bendici\u00f3n de nuestras mascotas en nuestra Casa de Alcal\u00e1<\/p>\n","protected":false},"author":2,"featured_media":0,"comment_status":"closed","ping_status":"open","sticky":false,"template":"","format":"standard","meta":{"_et_pb_use_builder":"on","_et_pb_old_content":"","_et_gb_content_width":"","footnotes":""},"categories":[12,19,13,17,14,15,18,16,1],"tags":[],"class_list":["post-10809","post","type-post","status-publish","format-standard","hentry","category-colegio","category-escuela-abierta","category-fasa","category-infantil","category-pastoral","category-portada","category-primaria","category-secundaria","category-uncategorized"],"yoast_head":"<!-- This site is optimized with the Yoast SEO plugin v28.4 - https:\/\/yoast.com\/product\/yoast-seo-wordpress\/ -->\n<title>XXV celebraci\u00f3n de San Ant\u00f3n, patr\u00f3n de los animales. - Colegio Salesiano Alcal\u00e1<\/title>\n<meta name=\"robots\" content=\"index, follow, max-snippet:-1, max-image-preview:large, max-video-preview:-1\" \/>\n<link rel=\"canonical\" href=\"https:\/\/alcala.salesianos.edu\/colegio\/blog\/2019\/01\/15\/xxv-celebracion-de-san-anton-patron-de-los-animales\/\" \/>\n<meta property=\"og:locale\" content=\"es_ES\" \/>\n<meta property=\"og:type\" content=\"article\" \/>\n<meta property=\"og:title\" content=\"XXV celebraci\u00f3n de San Ant\u00f3n, patr\u00f3n de los animales. - Colegio Salesiano Alcal\u00e1\" \/>\n<meta property=\"og:description\" content=\"Esta ser\u00e1 la XXV edici\u00f3n de la bendici\u00f3n de nuestras mascotas en nuestra Casa de Alcal\u00e1\" \/>\n<meta property=\"og:url\" content=\"https:\/\/alcala.salesianos.edu\/colegio\/blog\/2019\/01\/15\/xxv-celebracion-de-san-anton-patron-de-los-animales\/\" \/>\n<meta property=\"og:site_name\" content=\"Colegio Salesiano Alcal\u00e1\" \/>\n<meta property=\"article:published_time\" content=\"2019-01-15T11:01:31+00:00\" \/>\n<meta property=\"article:modified_time\" content=\"2025-08-27T07:59:21+00:00\" \/>\n<meta name=\"author\" content=\"Administrador Web\" \/>\n<meta name=\"twitter:card\" content=\"summary_large_image\" \/>\n<meta name=\"twitter:label1\" content=\"Escrito por\" \/>\n\t<meta name=\"twitter:data1\" content=\"Administrador Web\" \/>\n\t<meta name=\"twitter:label2\" content=\"Tiempo de lectura\" \/>\n\t<meta name=\"twitter:data2\" content=\"1 minuto\" \/>\n<script type=\"application\/ld+json\" class=\"yoast-schema-graph\">{\"@context\":\"https:\\\/\\\/schema.org\",\"@graph\":[{\"@type\":\"Article\",\"@id\":\"https:\\\/\\\/alcala.salesianos.edu\\\/colegio\\\/blog\\\/2019\\\/01\\\/15\\\/xxv-celebracion-de-san-anton-patron-de-los-animales\\\/#article\",\"isPartOf\":{\"@id\":\"https:\\\/\\\/alcala.salesianos.edu\\\/colegio\\\/blog\\\/2019\\\/01\\\/15\\\/xxv-celebracion-de-san-anton-patron-de-los-animales\\\/\"},\"author\":{\"name\":\"Administrador Web\",\"@id\":\"https:\\\/\\\/alcala.salesianos.edu\\\/colegio\\\/#\\\/schema\\\/person\\\/afcc24f776dc91fc2bf9afb0998fca77\"},\"headline\":\"XXV celebraci\u00f3n de San Ant\u00f3n, patr\u00f3n de los animales.\",\"datePublished\":\"2019-01-15T11:01:31+00:00\",\"dateModified\":\"2025-08-27T07:59:21+00:00\",\"mainEntityOfPage\":{\"@id\":\"https:\\\/\\\/alcala.salesianos.edu\\\/colegio\\\/blog\\\/2019\\\/01\\\/15\\\/xxv-celebracion-de-san-anton-patron-de-los-animales\\\/\"},\"wordCount\":199,\"articleSection\":[\"Colegio\",\"Escuela abierta\",\"FASA\",\"Infantil\",\"Pastoral\",\"Portada\",\"Primaria\",\"Secundaria\",\"Uncategorized\"],\"inLanguage\":\"es\"},{\"@type\":\"WebPage\",\"@id\":\"https:\\\/\\\/alcala.salesianos.edu\\\/colegio\\\/blog\\\/2019\\\/01\\\/15\\\/xxv-celebracion-de-san-anton-patron-de-los-animales\\\/\",\"url\":\"https:\\\/\\\/alcala.salesianos.edu\\\/colegio\\\/blog\\\/2019\\\/01\\\/15\\\/xxv-celebracion-de-san-anton-patron-de-los-animales\\\/\",\"name\":\"XXV celebraci\u00f3n de San Ant\u00f3n, patr\u00f3n de los animales. - Colegio Salesiano Alcal\u00e1\",\"isPartOf\":{\"@id\":\"https:\\\/\\\/alcala.salesianos.edu\\\/colegio\\\/#website\"},\"datePublished\":\"2019-01-15T11:01:31+00:00\",\"dateModified\":\"2025-08-27T07:59:21+00:00\",\"author\":{\"@id\":\"https:\\\/\\\/alcala.salesianos.edu\\\/colegio\\\/#\\\/schema\\\/person\\\/afcc24f776dc91fc2bf9afb0998fca77\"},\"breadcrumb\":{\"@id\":\"https:\\\/\\\/alcala.salesianos.edu\\\/colegio\\\/blog\\\/2019\\\/01\\\/15\\\/xxv-celebracion-de-san-anton-patron-de-los-animales\\\/#breadcrumb\"},\"inLanguage\":\"es\",\"potentialAction\":[{\"@type\":\"ReadAction\",\"target\":[\"https:\\\/\\\/alcala.salesianos.edu\\\/colegio\\\/blog\\\/2019\\\/01\\\/15\\\/xxv-celebracion-de-san-anton-patron-de-los-animales\\\/\"]}]},{\"@type\":\"BreadcrumbList\",\"@id\":\"https:\\\/\\\/alcala.salesianos.edu\\\/colegio\\\/blog\\\/2019\\\/01\\\/15\\\/xxv-celebracion-de-san-anton-patron-de-los-animales\\\/#breadcrumb\",\"itemListElement\":[{\"@type\":\"ListItem\",\"position\":1,\"name\":\"Portada\",\"item\":\"https:\\\/\\\/alcala.salesianos.edu\\\/colegio\\\/\"},{\"@type\":\"ListItem\",\"position\":2,\"name\":\"XXV celebraci\u00f3n de San Ant\u00f3n, patr\u00f3n de los animales.\"}]},{\"@type\":\"WebSite\",\"@id\":\"https:\\\/\\\/alcala.salesianos.edu\\\/colegio\\\/#website\",\"url\":\"https:\\\/\\\/alcala.salesianos.edu\\\/colegio\\\/\",\"name\":\"Colegio Salesiano Alcal\u00e1\",\"description\":\"P\u00e1gina oficial de Salesianos Alcal\u00e1 de Guadaira\",\"potentialAction\":[{\"@type\":\"SearchAction\",\"target\":{\"@type\":\"EntryPoint\",\"urlTemplate\":\"https:\\\/\\\/alcala.salesianos.edu\\\/colegio\\\/?s={search_term_string}\"},\"query-input\":{\"@type\":\"PropertyValueSpecification\",\"valueRequired\":true,\"valueName\":\"search_term_string\"}}],\"inLanguage\":\"es\"},{\"@type\":\"Person\",\"@id\":\"https:\\\/\\\/alcala.salesianos.edu\\\/colegio\\\/#\\\/schema\\\/person\\\/afcc24f776dc91fc2bf9afb0998fca77\",\"name\":\"Administrador Web\",\"image\":{\"@type\":\"ImageObject\",\"inLanguage\":\"es\",\"@id\":\"https:\\\/\\\/secure.gravatar.com\\\/avatar\\\/bc157e994689bd6da9645c00aa3bc4d55b727915b6652642660db0aef086585f?s=96&d=mm&r=g\",\"url\":\"https:\\\/\\\/secure.gravatar.com\\\/avatar\\\/bc157e994689bd6da9645c00aa3bc4d55b727915b6652642660db0aef086585f?s=96&d=mm&r=g\",\"contentUrl\":\"https:\\\/\\\/secure.gravatar.com\\\/avatar\\\/bc157e994689bd6da9645c00aa3bc4d55b727915b6652642660db0aef086585f?s=96&d=mm&r=g\",\"caption\":\"Administrador Web\"}}]}<\/script>\n<!-- \/ Yoast SEO plugin. -->","yoast_head_json":{"title":"XXV celebraci\u00f3n de San Ant\u00f3n, patr\u00f3n de los animales. - Colegio Salesiano Alcal\u00e1","robots":{"index":"index","follow":"follow","max-snippet":"max-snippet:-1","max-image-preview":"max-image-preview:large","max-video-preview":"max-video-preview:-1"},"canonical":"https:\/\/alcala.salesianos.edu\/colegio\/blog\/2019\/01\/15\/xxv-celebracion-de-san-anton-patron-de-los-animales\/","og_locale":"es_ES","og_type":"article","og_title":"XXV celebraci\u00f3n de San Ant\u00f3n, patr\u00f3n de los animales. - Colegio Salesiano Alcal\u00e1","og_description":"Esta ser\u00e1 la XXV edici\u00f3n de la bendici\u00f3n de nuestras mascotas en nuestra Casa de Alcal\u00e1","og_url":"https:\/\/alcala.salesianos.edu\/colegio\/blog\/2019\/01\/15\/xxv-celebracion-de-san-anton-patron-de-los-animales\/","og_site_name":"Colegio Salesiano Alcal\u00e1","article_published_time":"2019-01-15T11:01:31+00:00","article_modified_time":"2025-08-27T07:59:21+00:00","author":"Administrador Web","twitter_card":"summary_large_image","twitter_misc":{"Escrito por":"Administrador Web","Tiempo de lectura":"1 minuto"},"schema":{"@context":"https:\/\/schema.org","@graph":[{"@type":"Article","@id":"https:\/\/alcala.salesianos.edu\/colegio\/blog\/2019\/01\/15\/xxv-celebracion-de-san-anton-patron-de-los-animales\/#article","isPartOf":{"@id":"https:\/\/alcala.salesianos.edu\/colegio\/blog\/2019\/01\/15\/xxv-celebracion-de-san-anton-patron-de-los-animales\/"},"author":{"name":"Administrador Web","@id":"https:\/\/alcala.salesianos.edu\/colegio\/#\/schema\/person\/afcc24f776dc91fc2bf9afb0998fca77"},"headline":"XXV celebraci\u00f3n de San Ant\u00f3n, patr\u00f3n de los animales.","datePublished":"2019-01-15T11:01:31+00:00","dateModified":"2025-08-27T07:59:21+00:00","mainEntityOfPage":{"@id":"https:\/\/alcala.salesianos.edu\/colegio\/blog\/2019\/01\/15\/xxv-celebracion-de-san-anton-patron-de-los-animales\/"},"wordCount":199,"articleSection":["Colegio","Escuela abierta","FASA","Infantil","Pastoral","Portada","Primaria","Secundaria","Uncategorized"],"inLanguage":"es"},{"@type":"WebPage","@id":"https:\/\/alcala.salesianos.edu\/colegio\/blog\/2019\/01\/15\/xxv-celebracion-de-san-anton-patron-de-los-animales\/","url":"https:\/\/alcala.salesianos.edu\/colegio\/blog\/2019\/01\/15\/xxv-celebracion-de-san-anton-patron-de-los-animales\/","name":"XXV celebraci\u00f3n de San Ant\u00f3n, patr\u00f3n de los animales. - Colegio Salesiano Alcal\u00e1","isPartOf":{"@id":"https:\/\/alcala.salesianos.edu\/colegio\/#website"},"datePublished":"2019-01-15T11:01:31+00:00","dateModified":"2025-08-27T07:59:21+00:00","author":{"@id":"https:\/\/alcala.salesianos.edu\/colegio\/#\/schema\/person\/afcc24f776dc91fc2bf9afb0998fca77"},"breadcrumb":{"@id":"https:\/\/alcala.salesianos.edu\/colegio\/blog\/2019\/01\/15\/xxv-celebracion-de-san-anton-patron-de-los-animales\/#breadcrumb"},"inLanguage":"es","potentialAction":[{"@type":"ReadAction","target":["https:\/\/alcala.salesianos.edu\/colegio\/blog\/2019\/01\/15\/xxv-celebracion-de-san-anton-patron-de-los-animales\/"]}]},{"@type":"BreadcrumbList","@id":"https:\/\/alcala.salesianos.edu\/colegio\/blog\/2019\/01\/15\/xxv-celebracion-de-san-anton-patron-de-los-animales\/#breadcrumb","itemListElement":[{"@type":"ListItem","position":1,"name":"Portada","item":"https:\/\/alcala.salesianos.edu\/colegio\/"},{"@type":"ListItem","position":2,"name":"XXV celebraci\u00f3n de San Ant\u00f3n, patr\u00f3n de los animales."}]},{"@type":"WebSite","@id":"https:\/\/alcala.salesianos.edu\/colegio\/#website","url":"https:\/\/alcala.salesianos.edu\/colegio\/","name":"Colegio Salesiano Alcal\u00e1","description":"P\u00e1gina oficial de Salesianos Alcal\u00e1 de Guadaira","potentialAction":[{"@type":"SearchAction","target":{"@type":"EntryPoint","urlTemplate":"https:\/\/alcala.salesianos.edu\/colegio\/?s={search_term_string}"},"query-input":{"@type":"PropertyValueSpecification","valueRequired":true,"valueName":"search_term_string"}}],"inLanguage":"es"},{"@type":"Person","@id":"https:\/\/alcala.salesianos.edu\/colegio\/#\/schema\/person\/afcc24f776dc91fc2bf9afb0998fca77","name":"Administrador Web","image":{"@type":"ImageObject","inLanguage":"es","@id":"https:\/\/secure.gravatar.com\/avatar\/bc157e994689bd6da9645c00aa3bc4d55b727915b6652642660db0aef086585f?s=96&d=mm&r=g","url":"https:\/\/secure.gravatar.com\/avatar\/bc157e994689bd6da9645c00aa3bc4d55b727915b6652642660db0aef086585f?s=96&d=mm&r=g","contentUrl":"https:\/\/secure.gravatar.com\/avatar\/bc157e994689bd6da9645c00aa3bc4d55b727915b6652642660db0aef086585f?s=96&d=mm&r=g","caption":"Administrador Web"}}]}},"_links":{"self":[{"href":"https:\/\/alcala.salesianos.edu\/colegio\/wp-json\/wp\/v2\/posts\/10809","targetHints":{"allow":["GET"]}}],"collection":[{"href":"https:\/\/alcala.salesianos.edu\/colegio\/wp-json\/wp\/v2\/posts"}],"about":[{"href":"https:\/\/alcala.salesianos.edu\/colegio\/wp-json\/wp\/v2\/types\/post"}],"author":[{"embeddable":true,"href":"https:\/\/alcala.salesianos.edu\/colegio\/wp-json\/wp\/v2\/users\/2"}],"replies":[{"embeddable":true,"href":"https:\/\/alcala.salesianos.edu\/colegio\/wp-json\/wp\/v2\/comments?post=10809"}],"version-history":[{"count":3,"href":"https:\/\/alcala.salesianos.edu\/colegio\/wp-json\/wp\/v2\/posts\/10809\/revisions"}],"predecessor-version":[{"id":10818,"href":"https:\/\/alcala.salesianos.edu\/colegio\/wp-json\/wp\/v2\/posts\/10809\/revisions\/10818"}],"wp:attachment":[{"href":"https:\/\/alcala.salesianos.edu\/colegio\/wp-json\/wp\/v2\/media?parent=10809"}],"wp:term":[{"taxonomy":"category","embeddable":true,"href":"https:\/\/alcala.salesianos.edu\/colegio\/wp-json\/wp\/v2\/categories?post=10809"},{"taxonomy":"post_tag","embeddable":true,"href":"https:\/\/alcala.salesianos.edu\/colegio\/wp-json\/wp\/v2\/tags?post=10809"}],"curies":[{"name":"wp","href":"https:\/\/api.w.org\/{rel}","templated":true}]}}