{"id":10765,"date":"2019-01-10T13:37:28","date_gmt":"2019-01-10T12:37:28","guid":{"rendered":"https:\/\/alcala.salesianos.edu\/colegio\/blog\/2019\/01\/10\/lastoallitasalcubo\/"},"modified":"2025-08-27T08:59:22","modified_gmt":"2025-08-27T07:59:22","slug":"lastoallitasalcubo","status":"publish","type":"post","link":"https:\/\/alcala.salesianos.edu\/colegio\/blog\/2019\/01\/10\/lastoallitasalcubo\/","title":{"rendered":"#LasToallitasAlCubo"},"content":{"rendered":"<div id=\"fb-root\"><\/div>\n<p>[et_pb_section bb_built=\u00bb1&#8243;][et_pb_row _builder_version=\u00bb3.0.105&#8243;][et_pb_column type=\u00bb4_4&#8243;][et_pb_text _builder_version=\u00bb3.0.105&#8243; background_layout=\u00bblight\u00bb]<\/p>\n<p><img loading=\"lazy\" decoding=\"async\" class=\" wp-image-5874 alignleft\" src=\"https:\/\/alcala.salesianos.edu\/wp-content\/uploads\/2019\/01\/WhatsApp-Image-2019-01-10-at-12.41.48-150x150.jpeg\" alt=\"\" width=\"232\" height=\"232\" \/>Los alumnos de Educaci\u00f3n infantil y Educaci\u00f3n Primaria de nuestro centro desde el d\u00eda de hoy comenzar\u00e1n a realizar las actividades\u00a0 de la campa\u00f1a STOP TOALLITAS propuestas por EMASESA sobre cuidado\u00a0 del medio ambiente. Esta actividad finalizar\u00e1 el pr\u00f3ximo martes 15 de enero.<\/p>\n<p>Concretamente, las actividades\u00a0 se han desarrollado diferentes sesiones impartidas por responsables de EMASESA y por educadores ambientales y donde adem\u00e1s se ha trabajado con cuadernillos educativos sobre la materia.<\/p>\n<p>Estas actividades culminar\u00e1n con la distribuci\u00f3n en los centros escolares del material informativo de la campa\u00f1a \u201c#LasToallitasAlcubo. Por \u00faltimo, el alumnado se convertir\u00e1 en su propio centro en Expertos Ecol\u00f3gicos, comprobando si los ba\u00f1os o no disponen de papeleras y analizando posibles mejoras del uso del agua en nuestro centro.<\/p>\n<p>A trav\u00e9s de dicha campa\u00f1a los j\u00f3venes de nuestro centro se\u00a0 concienciar\u00e1n\u00a0 sobre la importancia de preservar el medio ambiente.<\/p>\n<p>[\/et_pb_text][\/et_pb_column][\/et_pb_row][et_pb_row][et_pb_column type=\u00bb1_3&#8243;][et_pb_image _builder_version=\u00bb3.0.105&#8243; src=\u00bbhttps:\/\/alcala.salesianos.edu\/wp-content\/uploads\/2019\/01\/WhatsApp-Image-2019-01-10-at-12.41.491.jpeg\u00bb show_in_lightbox=\u00bboff\u00bb url_new_window=\u00bboff\u00bb use_overlay=\u00bboff\u00bb always_center_on_mobile=\u00bbon\u00bb force_fullwidth=\u00bboff\u00bb show_bottom_space=\u00bbon\u00bb \/][\/et_pb_column][et_pb_column type=\u00bb1_3&#8243;][et_pb_image _builder_version=\u00bb3.0.105&#8243; src=\u00bbhttps:\/\/alcala.salesianos.edu\/wp-content\/uploads\/2019\/01\/WhatsApp-Image-2019-01-10-at-12.41.481.jpeg\u00bb show_in_lightbox=\u00bboff\u00bb url_new_window=\u00bboff\u00bb use_overlay=\u00bboff\u00bb always_center_on_mobile=\u00bbon\u00bb force_fullwidth=\u00bboff\u00bb show_bottom_space=\u00bbon\u00bb \/][\/et_pb_column][et_pb_column type=\u00bb1_3&#8243;][et_pb_image _builder_version=\u00bb3.0.105&#8243; src=\u00bbhttps:\/\/alcala.salesianos.edu\/wp-content\/uploads\/2019\/01\/WhatsApp-Image-2019-01-10-at-12.41.482.jpeg\u00bb show_in_lightbox=\u00bboff\u00bb url_new_window=\u00bboff\u00bb use_overlay=\u00bboff\u00bb always_center_on_mobile=\u00bbon\u00bb force_fullwidth=\u00bboff\u00bb show_bottom_space=\u00bbon\u00bb \/][\/et_pb_column][\/et_pb_row][et_pb_row][et_pb_column type=\u00bb4_4&#8243;][et_pb_video _builder_version=\u00bb3.0.105&#8243; src=\u00bbhttps:\/\/www.youtube.com\/watch?v=-R9AC0RstHQ\u00bb image_src=\u00bbhttps:\/\/alcala.salesianos.edu\/wp-content\/uploads\/2019\/01\/stop.png\u00bb \/][\/et_pb_column][\/et_pb_row][\/et_pb_section]<\/p>\n","protected":false},"excerpt":{"rendered":"<p>Comienza el programa de Educaci\u00f3n ambiental STOP toallitas de Emasesa Metropolitana en nuestro Centro, con la campa\u00f1a #LasToallitasAlCubo. A trav\u00e9s de la misma, concienciar\u00e1n a los j\u00f3venes de Educaci\u00f3n Infantil y Primaria sobre la importancia de preservar el medio ambiente.<\/p>\n","protected":false},"author":2,"featured_media":0,"comment_status":"closed","ping_status":"open","sticky":false,"template":"","format":"standard","meta":{"_et_pb_use_builder":"on","_et_pb_old_content":"","_et_gb_content_width":"","footnotes":""},"categories":[12,19,13,17,14,15,18,16,1],"tags":[],"class_list":["post-10765","post","type-post","status-publish","format-standard","hentry","category-colegio","category-escuela-abierta","category-fasa","category-infantil","category-pastoral","category-portada","category-primaria","category-secundaria","category-uncategorized"],"yoast_head":"<!-- This site is optimized with the Yoast SEO plugin v28.4 - https:\/\/yoast.com\/product\/yoast-seo-wordpress\/ -->\n<title>#LasToallitasAlCubo - Colegio Salesiano Alcal\u00e1<\/title>\n<meta name=\"robots\" content=\"index, follow, max-snippet:-1, max-image-preview:large, max-video-preview:-1\" \/>\n<link rel=\"canonical\" href=\"https:\/\/alcala.salesianos.edu\/colegio\/blog\/2019\/01\/10\/lastoallitasalcubo\/\" \/>\n<meta property=\"og:locale\" content=\"es_ES\" \/>\n<meta property=\"og:type\" content=\"article\" \/>\n<meta property=\"og:title\" content=\"#LasToallitasAlCubo - Colegio Salesiano Alcal\u00e1\" \/>\n<meta property=\"og:description\" content=\"Comienza el programa de Educaci\u00f3n ambiental STOP toallitas de Emasesa Metropolitana en nuestro Centro, con la campa\u00f1a #LasToallitasAlCubo. A trav\u00e9s de la misma, concienciar\u00e1n a los j\u00f3venes de Educaci\u00f3n Infantil y Primaria sobre la importancia de preservar el medio ambiente.\" \/>\n<meta property=\"og:url\" content=\"https:\/\/alcala.salesianos.edu\/colegio\/blog\/2019\/01\/10\/lastoallitasalcubo\/\" \/>\n<meta property=\"og:site_name\" content=\"Colegio Salesiano Alcal\u00e1\" \/>\n<meta property=\"article:published_time\" content=\"2019-01-10T12:37:28+00:00\" \/>\n<meta property=\"article:modified_time\" content=\"2025-08-27T07:59:22+00:00\" \/>\n<meta name=\"author\" content=\"Administrador Web\" \/>\n<meta name=\"twitter:card\" content=\"summary_large_image\" \/>\n<meta name=\"twitter:label1\" content=\"Escrito por\" \/>\n\t<meta name=\"twitter:data1\" content=\"Administrador Web\" \/>\n\t<meta name=\"twitter:label2\" content=\"Tiempo de lectura\" \/>\n\t<meta name=\"twitter:data2\" content=\"2 minutos\" \/>\n<script type=\"application\/ld+json\" class=\"yoast-schema-graph\">{\"@context\":\"https:\\\/\\\/schema.org\",\"@graph\":[{\"@type\":\"Article\",\"@id\":\"https:\\\/\\\/alcala.salesianos.edu\\\/colegio\\\/blog\\\/2019\\\/01\\\/10\\\/lastoallitasalcubo\\\/#article\",\"isPartOf\":{\"@id\":\"https:\\\/\\\/alcala.salesianos.edu\\\/colegio\\\/blog\\\/2019\\\/01\\\/10\\\/lastoallitasalcubo\\\/\"},\"author\":{\"name\":\"Administrador Web\",\"@id\":\"https:\\\/\\\/alcala.salesianos.edu\\\/colegio\\\/#\\\/schema\\\/person\\\/afcc24f776dc91fc2bf9afb0998fca77\"},\"headline\":\"#LasToallitasAlCubo\",\"datePublished\":\"2019-01-10T12:37:28+00:00\",\"dateModified\":\"2025-08-27T07:59:22+00:00\",\"mainEntityOfPage\":{\"@id\":\"https:\\\/\\\/alcala.salesianos.edu\\\/colegio\\\/blog\\\/2019\\\/01\\\/10\\\/lastoallitasalcubo\\\/\"},\"wordCount\":377,\"image\":{\"@id\":\"https:\\\/\\\/alcala.salesianos.edu\\\/colegio\\\/blog\\\/2019\\\/01\\\/10\\\/lastoallitasalcubo\\\/#primaryimage\"},\"thumbnailUrl\":\"https:\\\/\\\/alcala.salesianos.edu\\\/wp-content\\\/uploads\\\/2019\\\/01\\\/WhatsApp-Image-2019-01-10-at-12.41.48-150x150.jpeg\",\"articleSection\":[\"Colegio\",\"Escuela abierta\",\"FASA\",\"Infantil\",\"Pastoral\",\"Portada\",\"Primaria\",\"Secundaria\",\"Uncategorized\"],\"inLanguage\":\"es\"},{\"@type\":\"WebPage\",\"@id\":\"https:\\\/\\\/alcala.salesianos.edu\\\/colegio\\\/blog\\\/2019\\\/01\\\/10\\\/lastoallitasalcubo\\\/\",\"url\":\"https:\\\/\\\/alcala.salesianos.edu\\\/colegio\\\/blog\\\/2019\\\/01\\\/10\\\/lastoallitasalcubo\\\/\",\"name\":\"#LasToallitasAlCubo - Colegio Salesiano Alcal\u00e1\",\"isPartOf\":{\"@id\":\"https:\\\/\\\/alcala.salesianos.edu\\\/colegio\\\/#website\"},\"primaryImageOfPage\":{\"@id\":\"https:\\\/\\\/alcala.salesianos.edu\\\/colegio\\\/blog\\\/2019\\\/01\\\/10\\\/lastoallitasalcubo\\\/#primaryimage\"},\"image\":{\"@id\":\"https:\\\/\\\/alcala.salesianos.edu\\\/colegio\\\/blog\\\/2019\\\/01\\\/10\\\/lastoallitasalcubo\\\/#primaryimage\"},\"thumbnailUrl\":\"https:\\\/\\\/alcala.salesianos.edu\\\/wp-content\\\/uploads\\\/2019\\\/01\\\/WhatsApp-Image-2019-01-10-at-12.41.48-150x150.jpeg\",\"datePublished\":\"2019-01-10T12:37:28+00:00\",\"dateModified\":\"2025-08-27T07:59:22+00:00\",\"author\":{\"@id\":\"https:\\\/\\\/alcala.salesianos.edu\\\/colegio\\\/#\\\/schema\\\/person\\\/afcc24f776dc91fc2bf9afb0998fca77\"},\"breadcrumb\":{\"@id\":\"https:\\\/\\\/alcala.salesianos.edu\\\/colegio\\\/blog\\\/2019\\\/01\\\/10\\\/lastoallitasalcubo\\\/#breadcrumb\"},\"inLanguage\":\"es\",\"potentialAction\":[{\"@type\":\"ReadAction\",\"target\":[\"https:\\\/\\\/alcala.salesianos.edu\\\/colegio\\\/blog\\\/2019\\\/01\\\/10\\\/lastoallitasalcubo\\\/\"]}]},{\"@type\":\"ImageObject\",\"inLanguage\":\"es\",\"@id\":\"https:\\\/\\\/alcala.salesianos.edu\\\/colegio\\\/blog\\\/2019\\\/01\\\/10\\\/lastoallitasalcubo\\\/#primaryimage\",\"url\":\"https:\\\/\\\/alcala.salesianos.edu\\\/wp-content\\\/uploads\\\/2019\\\/01\\\/WhatsApp-Image-2019-01-10-at-12.41.48-150x150.jpeg\",\"contentUrl\":\"https:\\\/\\\/alcala.salesianos.edu\\\/wp-content\\\/uploads\\\/2019\\\/01\\\/WhatsApp-Image-2019-01-10-at-12.41.48-150x150.jpeg\"},{\"@type\":\"BreadcrumbList\",\"@id\":\"https:\\\/\\\/alcala.salesianos.edu\\\/colegio\\\/blog\\\/2019\\\/01\\\/10\\\/lastoallitasalcubo\\\/#breadcrumb\",\"itemListElement\":[{\"@type\":\"ListItem\",\"position\":1,\"name\":\"Portada\",\"item\":\"https:\\\/\\\/alcala.salesianos.edu\\\/colegio\\\/\"},{\"@type\":\"ListItem\",\"position\":2,\"name\":\"#LasToallitasAlCubo\"}]},{\"@type\":\"WebSite\",\"@id\":\"https:\\\/\\\/alcala.salesianos.edu\\\/colegio\\\/#website\",\"url\":\"https:\\\/\\\/alcala.salesianos.edu\\\/colegio\\\/\",\"name\":\"Colegio Salesiano Alcal\u00e1\",\"description\":\"P\u00e1gina oficial de Salesianos Alcal\u00e1 de Guadaira\",\"potentialAction\":[{\"@type\":\"SearchAction\",\"target\":{\"@type\":\"EntryPoint\",\"urlTemplate\":\"https:\\\/\\\/alcala.salesianos.edu\\\/colegio\\\/?s={search_term_string}\"},\"query-input\":{\"@type\":\"PropertyValueSpecification\",\"valueRequired\":true,\"valueName\":\"search_term_string\"}}],\"inLanguage\":\"es\"},{\"@type\":\"Person\",\"@id\":\"https:\\\/\\\/alcala.salesianos.edu\\\/colegio\\\/#\\\/schema\\\/person\\\/afcc24f776dc91fc2bf9afb0998fca77\",\"name\":\"Administrador Web\",\"image\":{\"@type\":\"ImageObject\",\"inLanguage\":\"es\",\"@id\":\"https:\\\/\\\/secure.gravatar.com\\\/avatar\\\/bc157e994689bd6da9645c00aa3bc4d55b727915b6652642660db0aef086585f?s=96&d=mm&r=g\",\"url\":\"https:\\\/\\\/secure.gravatar.com\\\/avatar\\\/bc157e994689bd6da9645c00aa3bc4d55b727915b6652642660db0aef086585f?s=96&d=mm&r=g\",\"contentUrl\":\"https:\\\/\\\/secure.gravatar.com\\\/avatar\\\/bc157e994689bd6da9645c00aa3bc4d55b727915b6652642660db0aef086585f?s=96&d=mm&r=g\",\"caption\":\"Administrador Web\"}}]}<\/script>\n<!-- \/ Yoast SEO plugin. -->","yoast_head_json":{"title":"#LasToallitasAlCubo - Colegio Salesiano Alcal\u00e1","robots":{"index":"index","follow":"follow","max-snippet":"max-snippet:-1","max-image-preview":"max-image-preview:large","max-video-preview":"max-video-preview:-1"},"canonical":"https:\/\/alcala.salesianos.edu\/colegio\/blog\/2019\/01\/10\/lastoallitasalcubo\/","og_locale":"es_ES","og_type":"article","og_title":"#LasToallitasAlCubo - Colegio Salesiano Alcal\u00e1","og_description":"Comienza el programa de Educaci\u00f3n ambiental STOP toallitas de Emasesa Metropolitana en nuestro Centro, con la campa\u00f1a #LasToallitasAlCubo. A trav\u00e9s de la misma, concienciar\u00e1n a los j\u00f3venes de Educaci\u00f3n Infantil y Primaria sobre la importancia de preservar el medio ambiente.","og_url":"https:\/\/alcala.salesianos.edu\/colegio\/blog\/2019\/01\/10\/lastoallitasalcubo\/","og_site_name":"Colegio Salesiano Alcal\u00e1","article_published_time":"2019-01-10T12:37:28+00:00","article_modified_time":"2025-08-27T07:59:22+00:00","author":"Administrador Web","twitter_card":"summary_large_image","twitter_misc":{"Escrito por":"Administrador Web","Tiempo de lectura":"2 minutos"},"schema":{"@context":"https:\/\/schema.org","@graph":[{"@type":"Article","@id":"https:\/\/alcala.salesianos.edu\/colegio\/blog\/2019\/01\/10\/lastoallitasalcubo\/#article","isPartOf":{"@id":"https:\/\/alcala.salesianos.edu\/colegio\/blog\/2019\/01\/10\/lastoallitasalcubo\/"},"author":{"name":"Administrador Web","@id":"https:\/\/alcala.salesianos.edu\/colegio\/#\/schema\/person\/afcc24f776dc91fc2bf9afb0998fca77"},"headline":"#LasToallitasAlCubo","datePublished":"2019-01-10T12:37:28+00:00","dateModified":"2025-08-27T07:59:22+00:00","mainEntityOfPage":{"@id":"https:\/\/alcala.salesianos.edu\/colegio\/blog\/2019\/01\/10\/lastoallitasalcubo\/"},"wordCount":377,"image":{"@id":"https:\/\/alcala.salesianos.edu\/colegio\/blog\/2019\/01\/10\/lastoallitasalcubo\/#primaryimage"},"thumbnailUrl":"https:\/\/alcala.salesianos.edu\/wp-content\/uploads\/2019\/01\/WhatsApp-Image-2019-01-10-at-12.41.48-150x150.jpeg","articleSection":["Colegio","Escuela abierta","FASA","Infantil","Pastoral","Portada","Primaria","Secundaria","Uncategorized"],"inLanguage":"es"},{"@type":"WebPage","@id":"https:\/\/alcala.salesianos.edu\/colegio\/blog\/2019\/01\/10\/lastoallitasalcubo\/","url":"https:\/\/alcala.salesianos.edu\/colegio\/blog\/2019\/01\/10\/lastoallitasalcubo\/","name":"#LasToallitasAlCubo - Colegio Salesiano Alcal\u00e1","isPartOf":{"@id":"https:\/\/alcala.salesianos.edu\/colegio\/#website"},"primaryImageOfPage":{"@id":"https:\/\/alcala.salesianos.edu\/colegio\/blog\/2019\/01\/10\/lastoallitasalcubo\/#primaryimage"},"image":{"@id":"https:\/\/alcala.salesianos.edu\/colegio\/blog\/2019\/01\/10\/lastoallitasalcubo\/#primaryimage"},"thumbnailUrl":"https:\/\/alcala.salesianos.edu\/wp-content\/uploads\/2019\/01\/WhatsApp-Image-2019-01-10-at-12.41.48-150x150.jpeg","datePublished":"2019-01-10T12:37:28+00:00","dateModified":"2025-08-27T07:59:22+00:00","author":{"@id":"https:\/\/alcala.salesianos.edu\/colegio\/#\/schema\/person\/afcc24f776dc91fc2bf9afb0998fca77"},"breadcrumb":{"@id":"https:\/\/alcala.salesianos.edu\/colegio\/blog\/2019\/01\/10\/lastoallitasalcubo\/#breadcrumb"},"inLanguage":"es","potentialAction":[{"@type":"ReadAction","target":["https:\/\/alcala.salesianos.edu\/colegio\/blog\/2019\/01\/10\/lastoallitasalcubo\/"]}]},{"@type":"ImageObject","inLanguage":"es","@id":"https:\/\/alcala.salesianos.edu\/colegio\/blog\/2019\/01\/10\/lastoallitasalcubo\/#primaryimage","url":"https:\/\/alcala.salesianos.edu\/wp-content\/uploads\/2019\/01\/WhatsApp-Image-2019-01-10-at-12.41.48-150x150.jpeg","contentUrl":"https:\/\/alcala.salesianos.edu\/wp-content\/uploads\/2019\/01\/WhatsApp-Image-2019-01-10-at-12.41.48-150x150.jpeg"},{"@type":"BreadcrumbList","@id":"https:\/\/alcala.salesianos.edu\/colegio\/blog\/2019\/01\/10\/lastoallitasalcubo\/#breadcrumb","itemListElement":[{"@type":"ListItem","position":1,"name":"Portada","item":"https:\/\/alcala.salesianos.edu\/colegio\/"},{"@type":"ListItem","position":2,"name":"#LasToallitasAlCubo"}]},{"@type":"WebSite","@id":"https:\/\/alcala.salesianos.edu\/colegio\/#website","url":"https:\/\/alcala.salesianos.edu\/colegio\/","name":"Colegio Salesiano Alcal\u00e1","description":"P\u00e1gina oficial de Salesianos Alcal\u00e1 de Guadaira","potentialAction":[{"@type":"SearchAction","target":{"@type":"EntryPoint","urlTemplate":"https:\/\/alcala.salesianos.edu\/colegio\/?s={search_term_string}"},"query-input":{"@type":"PropertyValueSpecification","valueRequired":true,"valueName":"search_term_string"}}],"inLanguage":"es"},{"@type":"Person","@id":"https:\/\/alcala.salesianos.edu\/colegio\/#\/schema\/person\/afcc24f776dc91fc2bf9afb0998fca77","name":"Administrador Web","image":{"@type":"ImageObject","inLanguage":"es","@id":"https:\/\/secure.gravatar.com\/avatar\/bc157e994689bd6da9645c00aa3bc4d55b727915b6652642660db0aef086585f?s=96&d=mm&r=g","url":"https:\/\/secure.gravatar.com\/avatar\/bc157e994689bd6da9645c00aa3bc4d55b727915b6652642660db0aef086585f?s=96&d=mm&r=g","contentUrl":"https:\/\/secure.gravatar.com\/avatar\/bc157e994689bd6da9645c00aa3bc4d55b727915b6652642660db0aef086585f?s=96&d=mm&r=g","caption":"Administrador Web"}}]}},"_links":{"self":[{"href":"https:\/\/alcala.salesianos.edu\/colegio\/wp-json\/wp\/v2\/posts\/10765","targetHints":{"allow":["GET"]}}],"collection":[{"href":"https:\/\/alcala.salesianos.edu\/colegio\/wp-json\/wp\/v2\/posts"}],"about":[{"href":"https:\/\/alcala.salesianos.edu\/colegio\/wp-json\/wp\/v2\/types\/post"}],"author":[{"embeddable":true,"href":"https:\/\/alcala.salesianos.edu\/colegio\/wp-json\/wp\/v2\/users\/2"}],"replies":[{"embeddable":true,"href":"https:\/\/alcala.salesianos.edu\/colegio\/wp-json\/wp\/v2\/comments?post=10765"}],"version-history":[{"count":8,"href":"https:\/\/alcala.salesianos.edu\/colegio\/wp-json\/wp\/v2\/posts\/10765\/revisions"}],"predecessor-version":[{"id":16414,"href":"https:\/\/alcala.salesianos.edu\/colegio\/wp-json\/wp\/v2\/posts\/10765\/revisions\/16414"}],"wp:attachment":[{"href":"https:\/\/alcala.salesianos.edu\/colegio\/wp-json\/wp\/v2\/media?parent=10765"}],"wp:term":[{"taxonomy":"category","embeddable":true,"href":"https:\/\/alcala.salesianos.edu\/colegio\/wp-json\/wp\/v2\/categories?post=10765"},{"taxonomy":"post_tag","embeddable":true,"href":"https:\/\/alcala.salesianos.edu\/colegio\/wp-json\/wp\/v2\/tags?post=10765"}],"curies":[{"name":"wp","href":"https:\/\/api.w.org\/{rel}","templated":true}]}}