{"id":10704,"date":"2018-12-05T09:33:50","date_gmt":"2018-12-05T08:33:50","guid":{"rendered":"https:\/\/alcala.salesianos.edu\/colegio\/blog\/2018\/12\/05\/la-asociacion-nacional-afar-comparte-sus-experiencias-con-nuestros-alumnos\/"},"modified":"2025-08-27T08:59:23","modified_gmt":"2025-08-27T07:59:23","slug":"la-asociacion-nacional-afar-comparte-sus-experiencias-con-nuestros-alumnos","status":"publish","type":"post","link":"https:\/\/alcala.salesianos.edu\/colegio\/blog\/2018\/12\/05\/la-asociacion-nacional-afar-comparte-sus-experiencias-con-nuestros-alumnos\/","title":{"rendered":"La asociaci\u00f3n nacional AFAR comparte sus experiencias con nuestros alumnos"},"content":{"rendered":"<div id=\"fb-root\"><\/div>\n<p>[et_pb_section bb_built=\u00bb1&#8243;][et_pb_row][et_pb_column type=\u00bb4_4&#8243;][et_pb_text _builder_version=\u00bb3.0.105&#8243; background_layout=\u00bblight\u00bb]<\/p>\n<p><img loading=\"lazy\" decoding=\"async\" class=\"size-full wp-image-5807 alignleft\" src=\"https:\/\/alcala.salesianos.edu\/wp-content\/uploads\/2018\/12\/afar.png\" alt=\"\" width=\"225\" height=\"225\" \/>\u00a0 \u00a0 A lo largo de la ma\u00f1ana del 4 de diciembre, los alumnos de 3\u00ba ESO han tenido la oportunidad de disfrutar de la visita que al centro realiz\u00f3 la asociaci\u00f3n AFAR.<\/p>\n<p>La sesi\u00f3n comenz\u00f3 con la proyecci\u00f3n de un v\u00eddeo, en el cual se contextualiza el trabajo de la asociaci\u00f3n. Con gran claridad pudimos observar c\u00f3mo dentro de nuestra localidad un grupo de personas luchan por volver a integrarse en la sociedad.<\/p>\n<p>Posteriormente, personas que forman parte de la asociaci\u00f3n, nos presentaron sus experiencias de vida. El relato, lleno de emotividad, intent\u00f3 concienciarnos de los riesgos de la exclusi\u00f3n social y lo que supone el carecer de hogar. De una forma clara y llena de humanidad se esforzaron por trasladarnos los peligros de las drogodependencias. Pudimos tener ejemplos directos del drama personal, familiar y social que los efectos de las mismas tienen sobre la poblaci\u00f3n y, sobre todo, en los j\u00f3venes.<\/p>\n<p>La ponencia finaliz\u00f3 con la consulta de algunas dudas y agradeciendo a la asociaci\u00f3n AFAR por darnos la oportunidad de trabajar nuestra empat\u00eda, es decir, sentir como propio el dolor ajeno. Deseamos que todas las personas vuelvan a retomar las riendas de sus vidas. Pedimos a M\u00aa Auxiliadora los acompa\u00f1e y haga a los alcalare\u00f1os m\u00e1s cercanos a esta realidad.<\/p>\n<p>[\/et_pb_text][\/et_pb_column][\/et_pb_row][\/et_pb_section]<\/p>\n","protected":false},"excerpt":{"rendered":"<p>A lo largo de la ma\u00f1ana del 4 de diciembre, los alumnos de 3\u00ba ESO han tenido la oportunidad de disfrutar de la visita que al centro realiz\u00f3 la asociaci\u00f3n AFAR.<\/p>\n","protected":false},"author":2,"featured_media":0,"comment_status":"closed","ping_status":"open","sticky":false,"template":"","format":"standard","meta":{"_et_pb_use_builder":"on","_et_pb_old_content":"","_et_gb_content_width":"","footnotes":""},"categories":[12,19,13,17,14,15,18,16,1],"tags":[],"class_list":["post-10704","post","type-post","status-publish","format-standard","hentry","category-colegio","category-escuela-abierta","category-fasa","category-infantil","category-pastoral","category-portada","category-primaria","category-secundaria","category-uncategorized"],"yoast_head":"<!-- This site is optimized with the Yoast SEO plugin v28.4 - https:\/\/yoast.com\/product\/yoast-seo-wordpress\/ -->\n<title>La asociaci\u00f3n nacional AFAR comparte sus experiencias con nuestros alumnos - Colegio Salesiano Alcal\u00e1<\/title>\n<meta name=\"robots\" content=\"index, follow, max-snippet:-1, max-image-preview:large, max-video-preview:-1\" \/>\n<link rel=\"canonical\" href=\"https:\/\/alcala.salesianos.edu\/colegio\/blog\/2018\/12\/05\/la-asociacion-nacional-afar-comparte-sus-experiencias-con-nuestros-alumnos\/\" \/>\n<meta property=\"og:locale\" content=\"es_ES\" \/>\n<meta property=\"og:type\" content=\"article\" \/>\n<meta property=\"og:title\" content=\"La asociaci\u00f3n nacional AFAR comparte sus experiencias con nuestros alumnos - Colegio Salesiano Alcal\u00e1\" \/>\n<meta property=\"og:description\" content=\"A lo largo de la ma\u00f1ana del 4 de diciembre, los alumnos de 3\u00ba ESO han tenido la oportunidad de disfrutar de la visita que al centro realiz\u00f3 la asociaci\u00f3n AFAR.\" \/>\n<meta property=\"og:url\" content=\"https:\/\/alcala.salesianos.edu\/colegio\/blog\/2018\/12\/05\/la-asociacion-nacional-afar-comparte-sus-experiencias-con-nuestros-alumnos\/\" \/>\n<meta property=\"og:site_name\" content=\"Colegio Salesiano Alcal\u00e1\" \/>\n<meta property=\"article:published_time\" content=\"2018-12-05T08:33:50+00:00\" \/>\n<meta property=\"article:modified_time\" content=\"2025-08-27T07:59:23+00:00\" \/>\n<meta name=\"author\" content=\"Administrador Web\" \/>\n<meta name=\"twitter:card\" content=\"summary_large_image\" \/>\n<meta name=\"twitter:label1\" content=\"Escrito por\" \/>\n\t<meta name=\"twitter:data1\" content=\"Administrador Web\" \/>\n\t<meta name=\"twitter:label2\" content=\"Tiempo de lectura\" \/>\n\t<meta name=\"twitter:data2\" content=\"1 minuto\" \/>\n<script type=\"application\/ld+json\" class=\"yoast-schema-graph\">{\"@context\":\"https:\\\/\\\/schema.org\",\"@graph\":[{\"@type\":\"Article\",\"@id\":\"https:\\\/\\\/alcala.salesianos.edu\\\/colegio\\\/blog\\\/2018\\\/12\\\/05\\\/la-asociacion-nacional-afar-comparte-sus-experiencias-con-nuestros-alumnos\\\/#article\",\"isPartOf\":{\"@id\":\"https:\\\/\\\/alcala.salesianos.edu\\\/colegio\\\/blog\\\/2018\\\/12\\\/05\\\/la-asociacion-nacional-afar-comparte-sus-experiencias-con-nuestros-alumnos\\\/\"},\"author\":{\"name\":\"Administrador Web\",\"@id\":\"https:\\\/\\\/alcala.salesianos.edu\\\/colegio\\\/#\\\/schema\\\/person\\\/afcc24f776dc91fc2bf9afb0998fca77\"},\"headline\":\"La asociaci\u00f3n nacional AFAR comparte sus experiencias con nuestros alumnos\",\"datePublished\":\"2018-12-05T08:33:50+00:00\",\"dateModified\":\"2025-08-27T07:59:23+00:00\",\"mainEntityOfPage\":{\"@id\":\"https:\\\/\\\/alcala.salesianos.edu\\\/colegio\\\/blog\\\/2018\\\/12\\\/05\\\/la-asociacion-nacional-afar-comparte-sus-experiencias-con-nuestros-alumnos\\\/\"},\"wordCount\":268,\"image\":{\"@id\":\"https:\\\/\\\/alcala.salesianos.edu\\\/colegio\\\/blog\\\/2018\\\/12\\\/05\\\/la-asociacion-nacional-afar-comparte-sus-experiencias-con-nuestros-alumnos\\\/#primaryimage\"},\"thumbnailUrl\":\"https:\\\/\\\/alcala.salesianos.edu\\\/wp-content\\\/uploads\\\/2018\\\/12\\\/afar.png\",\"articleSection\":[\"Colegio\",\"Escuela abierta\",\"FASA\",\"Infantil\",\"Pastoral\",\"Portada\",\"Primaria\",\"Secundaria\",\"Uncategorized\"],\"inLanguage\":\"es\"},{\"@type\":\"WebPage\",\"@id\":\"https:\\\/\\\/alcala.salesianos.edu\\\/colegio\\\/blog\\\/2018\\\/12\\\/05\\\/la-asociacion-nacional-afar-comparte-sus-experiencias-con-nuestros-alumnos\\\/\",\"url\":\"https:\\\/\\\/alcala.salesianos.edu\\\/colegio\\\/blog\\\/2018\\\/12\\\/05\\\/la-asociacion-nacional-afar-comparte-sus-experiencias-con-nuestros-alumnos\\\/\",\"name\":\"La asociaci\u00f3n nacional AFAR comparte sus experiencias con nuestros alumnos - Colegio Salesiano Alcal\u00e1\",\"isPartOf\":{\"@id\":\"https:\\\/\\\/alcala.salesianos.edu\\\/colegio\\\/#website\"},\"primaryImageOfPage\":{\"@id\":\"https:\\\/\\\/alcala.salesianos.edu\\\/colegio\\\/blog\\\/2018\\\/12\\\/05\\\/la-asociacion-nacional-afar-comparte-sus-experiencias-con-nuestros-alumnos\\\/#primaryimage\"},\"image\":{\"@id\":\"https:\\\/\\\/alcala.salesianos.edu\\\/colegio\\\/blog\\\/2018\\\/12\\\/05\\\/la-asociacion-nacional-afar-comparte-sus-experiencias-con-nuestros-alumnos\\\/#primaryimage\"},\"thumbnailUrl\":\"https:\\\/\\\/alcala.salesianos.edu\\\/wp-content\\\/uploads\\\/2018\\\/12\\\/afar.png\",\"datePublished\":\"2018-12-05T08:33:50+00:00\",\"dateModified\":\"2025-08-27T07:59:23+00:00\",\"author\":{\"@id\":\"https:\\\/\\\/alcala.salesianos.edu\\\/colegio\\\/#\\\/schema\\\/person\\\/afcc24f776dc91fc2bf9afb0998fca77\"},\"breadcrumb\":{\"@id\":\"https:\\\/\\\/alcala.salesianos.edu\\\/colegio\\\/blog\\\/2018\\\/12\\\/05\\\/la-asociacion-nacional-afar-comparte-sus-experiencias-con-nuestros-alumnos\\\/#breadcrumb\"},\"inLanguage\":\"es\",\"potentialAction\":[{\"@type\":\"ReadAction\",\"target\":[\"https:\\\/\\\/alcala.salesianos.edu\\\/colegio\\\/blog\\\/2018\\\/12\\\/05\\\/la-asociacion-nacional-afar-comparte-sus-experiencias-con-nuestros-alumnos\\\/\"]}]},{\"@type\":\"ImageObject\",\"inLanguage\":\"es\",\"@id\":\"https:\\\/\\\/alcala.salesianos.edu\\\/colegio\\\/blog\\\/2018\\\/12\\\/05\\\/la-asociacion-nacional-afar-comparte-sus-experiencias-con-nuestros-alumnos\\\/#primaryimage\",\"url\":\"https:\\\/\\\/alcala.salesianos.edu\\\/wp-content\\\/uploads\\\/2018\\\/12\\\/afar.png\",\"contentUrl\":\"https:\\\/\\\/alcala.salesianos.edu\\\/wp-content\\\/uploads\\\/2018\\\/12\\\/afar.png\"},{\"@type\":\"BreadcrumbList\",\"@id\":\"https:\\\/\\\/alcala.salesianos.edu\\\/colegio\\\/blog\\\/2018\\\/12\\\/05\\\/la-asociacion-nacional-afar-comparte-sus-experiencias-con-nuestros-alumnos\\\/#breadcrumb\",\"itemListElement\":[{\"@type\":\"ListItem\",\"position\":1,\"name\":\"Portada\",\"item\":\"https:\\\/\\\/alcala.salesianos.edu\\\/colegio\\\/\"},{\"@type\":\"ListItem\",\"position\":2,\"name\":\"La asociaci\u00f3n nacional AFAR comparte sus experiencias con nuestros alumnos\"}]},{\"@type\":\"WebSite\",\"@id\":\"https:\\\/\\\/alcala.salesianos.edu\\\/colegio\\\/#website\",\"url\":\"https:\\\/\\\/alcala.salesianos.edu\\\/colegio\\\/\",\"name\":\"Colegio Salesiano Alcal\u00e1\",\"description\":\"P\u00e1gina oficial de Salesianos Alcal\u00e1 de Guadaira\",\"potentialAction\":[{\"@type\":\"SearchAction\",\"target\":{\"@type\":\"EntryPoint\",\"urlTemplate\":\"https:\\\/\\\/alcala.salesianos.edu\\\/colegio\\\/?s={search_term_string}\"},\"query-input\":{\"@type\":\"PropertyValueSpecification\",\"valueRequired\":true,\"valueName\":\"search_term_string\"}}],\"inLanguage\":\"es\"},{\"@type\":\"Person\",\"@id\":\"https:\\\/\\\/alcala.salesianos.edu\\\/colegio\\\/#\\\/schema\\\/person\\\/afcc24f776dc91fc2bf9afb0998fca77\",\"name\":\"Administrador Web\",\"image\":{\"@type\":\"ImageObject\",\"inLanguage\":\"es\",\"@id\":\"https:\\\/\\\/secure.gravatar.com\\\/avatar\\\/bc157e994689bd6da9645c00aa3bc4d55b727915b6652642660db0aef086585f?s=96&d=mm&r=g\",\"url\":\"https:\\\/\\\/secure.gravatar.com\\\/avatar\\\/bc157e994689bd6da9645c00aa3bc4d55b727915b6652642660db0aef086585f?s=96&d=mm&r=g\",\"contentUrl\":\"https:\\\/\\\/secure.gravatar.com\\\/avatar\\\/bc157e994689bd6da9645c00aa3bc4d55b727915b6652642660db0aef086585f?s=96&d=mm&r=g\",\"caption\":\"Administrador Web\"}}]}<\/script>\n<!-- \/ Yoast SEO plugin. -->","yoast_head_json":{"title":"La asociaci\u00f3n nacional AFAR comparte sus experiencias con nuestros alumnos - Colegio Salesiano Alcal\u00e1","robots":{"index":"index","follow":"follow","max-snippet":"max-snippet:-1","max-image-preview":"max-image-preview:large","max-video-preview":"max-video-preview:-1"},"canonical":"https:\/\/alcala.salesianos.edu\/colegio\/blog\/2018\/12\/05\/la-asociacion-nacional-afar-comparte-sus-experiencias-con-nuestros-alumnos\/","og_locale":"es_ES","og_type":"article","og_title":"La asociaci\u00f3n nacional AFAR comparte sus experiencias con nuestros alumnos - Colegio Salesiano Alcal\u00e1","og_description":"A lo largo de la ma\u00f1ana del 4 de diciembre, los alumnos de 3\u00ba ESO han tenido la oportunidad de disfrutar de la visita que al centro realiz\u00f3 la asociaci\u00f3n AFAR.","og_url":"https:\/\/alcala.salesianos.edu\/colegio\/blog\/2018\/12\/05\/la-asociacion-nacional-afar-comparte-sus-experiencias-con-nuestros-alumnos\/","og_site_name":"Colegio Salesiano Alcal\u00e1","article_published_time":"2018-12-05T08:33:50+00:00","article_modified_time":"2025-08-27T07:59:23+00:00","author":"Administrador Web","twitter_card":"summary_large_image","twitter_misc":{"Escrito por":"Administrador Web","Tiempo de lectura":"1 minuto"},"schema":{"@context":"https:\/\/schema.org","@graph":[{"@type":"Article","@id":"https:\/\/alcala.salesianos.edu\/colegio\/blog\/2018\/12\/05\/la-asociacion-nacional-afar-comparte-sus-experiencias-con-nuestros-alumnos\/#article","isPartOf":{"@id":"https:\/\/alcala.salesianos.edu\/colegio\/blog\/2018\/12\/05\/la-asociacion-nacional-afar-comparte-sus-experiencias-con-nuestros-alumnos\/"},"author":{"name":"Administrador Web","@id":"https:\/\/alcala.salesianos.edu\/colegio\/#\/schema\/person\/afcc24f776dc91fc2bf9afb0998fca77"},"headline":"La asociaci\u00f3n nacional AFAR comparte sus experiencias con nuestros alumnos","datePublished":"2018-12-05T08:33:50+00:00","dateModified":"2025-08-27T07:59:23+00:00","mainEntityOfPage":{"@id":"https:\/\/alcala.salesianos.edu\/colegio\/blog\/2018\/12\/05\/la-asociacion-nacional-afar-comparte-sus-experiencias-con-nuestros-alumnos\/"},"wordCount":268,"image":{"@id":"https:\/\/alcala.salesianos.edu\/colegio\/blog\/2018\/12\/05\/la-asociacion-nacional-afar-comparte-sus-experiencias-con-nuestros-alumnos\/#primaryimage"},"thumbnailUrl":"https:\/\/alcala.salesianos.edu\/wp-content\/uploads\/2018\/12\/afar.png","articleSection":["Colegio","Escuela abierta","FASA","Infantil","Pastoral","Portada","Primaria","Secundaria","Uncategorized"],"inLanguage":"es"},{"@type":"WebPage","@id":"https:\/\/alcala.salesianos.edu\/colegio\/blog\/2018\/12\/05\/la-asociacion-nacional-afar-comparte-sus-experiencias-con-nuestros-alumnos\/","url":"https:\/\/alcala.salesianos.edu\/colegio\/blog\/2018\/12\/05\/la-asociacion-nacional-afar-comparte-sus-experiencias-con-nuestros-alumnos\/","name":"La asociaci\u00f3n nacional AFAR comparte sus experiencias con nuestros alumnos - Colegio Salesiano Alcal\u00e1","isPartOf":{"@id":"https:\/\/alcala.salesianos.edu\/colegio\/#website"},"primaryImageOfPage":{"@id":"https:\/\/alcala.salesianos.edu\/colegio\/blog\/2018\/12\/05\/la-asociacion-nacional-afar-comparte-sus-experiencias-con-nuestros-alumnos\/#primaryimage"},"image":{"@id":"https:\/\/alcala.salesianos.edu\/colegio\/blog\/2018\/12\/05\/la-asociacion-nacional-afar-comparte-sus-experiencias-con-nuestros-alumnos\/#primaryimage"},"thumbnailUrl":"https:\/\/alcala.salesianos.edu\/wp-content\/uploads\/2018\/12\/afar.png","datePublished":"2018-12-05T08:33:50+00:00","dateModified":"2025-08-27T07:59:23+00:00","author":{"@id":"https:\/\/alcala.salesianos.edu\/colegio\/#\/schema\/person\/afcc24f776dc91fc2bf9afb0998fca77"},"breadcrumb":{"@id":"https:\/\/alcala.salesianos.edu\/colegio\/blog\/2018\/12\/05\/la-asociacion-nacional-afar-comparte-sus-experiencias-con-nuestros-alumnos\/#breadcrumb"},"inLanguage":"es","potentialAction":[{"@type":"ReadAction","target":["https:\/\/alcala.salesianos.edu\/colegio\/blog\/2018\/12\/05\/la-asociacion-nacional-afar-comparte-sus-experiencias-con-nuestros-alumnos\/"]}]},{"@type":"ImageObject","inLanguage":"es","@id":"https:\/\/alcala.salesianos.edu\/colegio\/blog\/2018\/12\/05\/la-asociacion-nacional-afar-comparte-sus-experiencias-con-nuestros-alumnos\/#primaryimage","url":"https:\/\/alcala.salesianos.edu\/wp-content\/uploads\/2018\/12\/afar.png","contentUrl":"https:\/\/alcala.salesianos.edu\/wp-content\/uploads\/2018\/12\/afar.png"},{"@type":"BreadcrumbList","@id":"https:\/\/alcala.salesianos.edu\/colegio\/blog\/2018\/12\/05\/la-asociacion-nacional-afar-comparte-sus-experiencias-con-nuestros-alumnos\/#breadcrumb","itemListElement":[{"@type":"ListItem","position":1,"name":"Portada","item":"https:\/\/alcala.salesianos.edu\/colegio\/"},{"@type":"ListItem","position":2,"name":"La asociaci\u00f3n nacional AFAR comparte sus experiencias con nuestros alumnos"}]},{"@type":"WebSite","@id":"https:\/\/alcala.salesianos.edu\/colegio\/#website","url":"https:\/\/alcala.salesianos.edu\/colegio\/","name":"Colegio Salesiano Alcal\u00e1","description":"P\u00e1gina oficial de Salesianos Alcal\u00e1 de Guadaira","potentialAction":[{"@type":"SearchAction","target":{"@type":"EntryPoint","urlTemplate":"https:\/\/alcala.salesianos.edu\/colegio\/?s={search_term_string}"},"query-input":{"@type":"PropertyValueSpecification","valueRequired":true,"valueName":"search_term_string"}}],"inLanguage":"es"},{"@type":"Person","@id":"https:\/\/alcala.salesianos.edu\/colegio\/#\/schema\/person\/afcc24f776dc91fc2bf9afb0998fca77","name":"Administrador Web","image":{"@type":"ImageObject","inLanguage":"es","@id":"https:\/\/secure.gravatar.com\/avatar\/bc157e994689bd6da9645c00aa3bc4d55b727915b6652642660db0aef086585f?s=96&d=mm&r=g","url":"https:\/\/secure.gravatar.com\/avatar\/bc157e994689bd6da9645c00aa3bc4d55b727915b6652642660db0aef086585f?s=96&d=mm&r=g","contentUrl":"https:\/\/secure.gravatar.com\/avatar\/bc157e994689bd6da9645c00aa3bc4d55b727915b6652642660db0aef086585f?s=96&d=mm&r=g","caption":"Administrador Web"}}]}},"_links":{"self":[{"href":"https:\/\/alcala.salesianos.edu\/colegio\/wp-json\/wp\/v2\/posts\/10704","targetHints":{"allow":["GET"]}}],"collection":[{"href":"https:\/\/alcala.salesianos.edu\/colegio\/wp-json\/wp\/v2\/posts"}],"about":[{"href":"https:\/\/alcala.salesianos.edu\/colegio\/wp-json\/wp\/v2\/types\/post"}],"author":[{"embeddable":true,"href":"https:\/\/alcala.salesianos.edu\/colegio\/wp-json\/wp\/v2\/users\/2"}],"replies":[{"embeddable":true,"href":"https:\/\/alcala.salesianos.edu\/colegio\/wp-json\/wp\/v2\/comments?post=10704"}],"version-history":[{"count":4,"href":"https:\/\/alcala.salesianos.edu\/colegio\/wp-json\/wp\/v2\/posts\/10704\/revisions"}],"predecessor-version":[{"id":16418,"href":"https:\/\/alcala.salesianos.edu\/colegio\/wp-json\/wp\/v2\/posts\/10704\/revisions\/16418"}],"wp:attachment":[{"href":"https:\/\/alcala.salesianos.edu\/colegio\/wp-json\/wp\/v2\/media?parent=10704"}],"wp:term":[{"taxonomy":"category","embeddable":true,"href":"https:\/\/alcala.salesianos.edu\/colegio\/wp-json\/wp\/v2\/categories?post=10704"},{"taxonomy":"post_tag","embeddable":true,"href":"https:\/\/alcala.salesianos.edu\/colegio\/wp-json\/wp\/v2\/tags?post=10704"}],"curies":[{"name":"wp","href":"https:\/\/api.w.org\/{rel}","templated":true}]}}