{"id":10681,"date":"2018-12-03T11:05:14","date_gmt":"2018-12-03T10:05:14","guid":{"rendered":"https:\/\/alcala.salesianos.edu\/colegio\/blog\/2018\/12\/03\/cocinando-la-solidaridad\/"},"modified":"2025-08-27T08:59:24","modified_gmt":"2025-08-27T07:59:24","slug":"cocinando-la-solidaridad","status":"publish","type":"post","link":"https:\/\/alcala.salesianos.edu\/colegio\/blog\/2018\/12\/03\/cocinando-la-solidaridad\/","title":{"rendered":"Cocinando la solidaridad"},"content":{"rendered":"<div id=\"fb-root\"><\/div>\n<p>[et_pb_section bb_built=\u00bb1&#8243;][et_pb_row][et_pb_column type=\u00bb4_4&#8243;][et_pb_text _builder_version=\u00bb3.0.105&#8243; background_layout=\u00bblight\u00bb]<\/p>\n<p><img loading=\"lazy\" decoding=\"async\" class=\" wp-image-5803 alignright\" src=\"https:\/\/alcala.salesianos.edu\/wp-content\/uploads\/2018\/12\/Cocinandola-solidaridad-1-300x300.png\" alt=\"\" width=\"201\" height=\"201\" \/><\/p>\n<p>Desde ma\u00f1ana 4 de diciembre y hasta el jueves 20 del mismo mes, desarrollaremos la operaci\u00f3n kilo con la campa\u00f1a solidaria \u201c<strong>Cocinando la Solidaridad<\/strong>\u201d. Este a\u00f1o la dividiremos en dos momentos:<\/p>\n<p>&nbsp;<\/p>\n<p><strong>Colaboraci\u00f3n con \u201cRopero del Socorro\u201d.<\/strong><\/p>\n<p><img loading=\"lazy\" decoding=\"async\" class=\" wp-image-5801 alignleft\" src=\"https:\/\/alcala.salesianos.edu\/wp-content\/uploads\/2018\/12\/ropero-236x300.jpg\" alt=\"\" width=\"192\" height=\"244\" \/><\/p>\n<p>La asociaci\u00f3n de recursos infantiles \u201cRopero del Socorro\u201d desarrollar\u00e1 una campa\u00f1a en nuestro centro de ense\u00f1anza el pr\u00f3ximo mi\u00e9rcoles 5 de diciembre con la finalidad de recoger productos infantiles de higiene y aseo. Este colectivo palia las necesidades diarias de m\u00e1s de ciento cincuenta familias que poseen menores a su cargo en materia alimentaria, vestuario, l\u00fadicas y educativas. La campa\u00f1a tiene la intenci\u00f3n de recoger productos de higiene y aseo para ni\u00f1os\/as a cambio de un desayuno saludable (fruta) que facilita la asociaci\u00f3n. Este gesto tendr\u00e1 lugar en los respectivos recreos de las tres etapas educativas que componen nuestro colegio<\/p>\n<p>&nbsp;<\/p>\n<p><strong>Colaboraci\u00f3n con C\u00e1ritas de San Sebasti\u00e1n.<\/strong><\/p>\n<p><img loading=\"lazy\" decoding=\"async\" class=\" wp-image-5802 alignright\" src=\"https:\/\/alcala.salesianos.edu\/wp-content\/uploads\/2018\/12\/caritas-300x300.jpeg\" alt=\"\" width=\"235\" height=\"235\" \/><\/p>\n<p>Todos los alimentos recogidos ser\u00e1n entregados a C\u00e1ritas de la parroquia a la pertenecemos cuya misi\u00f3n, visi\u00f3n y valores compartimos. La acci\u00f3n de C\u00e1ritas, como acci\u00f3n de la comunidad cristiana en general y nuestra Comunidad Educativa en particular, es promover el desarrollo integral de las personas dando un testimonio de fraternidad, optando por una sociedad m\u00e1s solidaria, justa y participativa.<\/p>\n<p>Agradecemos a toda la Comunidad Educativa su entrega y su colaboraci\u00f3n con los m\u00e1s necesitados y este a\u00f1o centrado en la campa\u00f1a vocacional que desarrollamos en toda la <a href=\"http:\/\/salesianos.edu\">Inspector\u00eda Salesiana de Mar\u00eda Auxiliadora<\/a> llamada \u00ab<a href=\"https:\/\/www.primerolosultimos.org\/\">Primero los \u00faltimos<\/a>\u00ab.<\/p>\n<p>[\/et_pb_text][\/et_pb_column][\/et_pb_row][\/et_pb_section]<\/p>\n","protected":false},"excerpt":{"rendered":"<p>Desde el 4 de diciembre al 20 toda la comunidad educativa de la Casa de Alcal\u00e1 est\u00e1 invitada a participar en las actividades solidarias de nuestra Casa.<\/p>\n","protected":false},"author":2,"featured_media":0,"comment_status":"closed","ping_status":"open","sticky":false,"template":"","format":"standard","meta":{"_et_pb_use_builder":"on","_et_pb_old_content":"","_et_gb_content_width":"","footnotes":""},"categories":[12,19,13,17,14,15,18,16,1],"tags":[],"class_list":["post-10681","post","type-post","status-publish","format-standard","hentry","category-colegio","category-escuela-abierta","category-fasa","category-infantil","category-pastoral","category-portada","category-primaria","category-secundaria","category-uncategorized"],"yoast_head":"<!-- This site is optimized with the Yoast SEO plugin v28.4 - https:\/\/yoast.com\/product\/yoast-seo-wordpress\/ -->\n<title>Cocinando la solidaridad - Colegio Salesiano Alcal\u00e1<\/title>\n<meta name=\"robots\" content=\"index, follow, max-snippet:-1, max-image-preview:large, max-video-preview:-1\" \/>\n<link rel=\"canonical\" href=\"https:\/\/alcala.salesianos.edu\/colegio\/blog\/2018\/12\/03\/cocinando-la-solidaridad\/\" \/>\n<meta property=\"og:locale\" content=\"es_ES\" \/>\n<meta property=\"og:type\" content=\"article\" \/>\n<meta property=\"og:title\" content=\"Cocinando la solidaridad - Colegio Salesiano Alcal\u00e1\" \/>\n<meta property=\"og:description\" content=\"Desde el 4 de diciembre al 20 toda la comunidad educativa de la Casa de Alcal\u00e1 est\u00e1 invitada a participar en las actividades solidarias de nuestra Casa.\" \/>\n<meta property=\"og:url\" content=\"https:\/\/alcala.salesianos.edu\/colegio\/blog\/2018\/12\/03\/cocinando-la-solidaridad\/\" \/>\n<meta property=\"og:site_name\" content=\"Colegio Salesiano Alcal\u00e1\" \/>\n<meta property=\"article:published_time\" content=\"2018-12-03T10:05:14+00:00\" \/>\n<meta property=\"article:modified_time\" content=\"2025-08-27T07:59:24+00:00\" \/>\n<meta name=\"author\" content=\"Administrador Web\" \/>\n<meta name=\"twitter:card\" content=\"summary_large_image\" \/>\n<meta name=\"twitter:label1\" content=\"Escrito por\" \/>\n\t<meta name=\"twitter:data1\" content=\"Administrador Web\" \/>\n\t<meta name=\"twitter:label2\" content=\"Tiempo de lectura\" \/>\n\t<meta name=\"twitter:data2\" content=\"2 minutos\" \/>\n<script type=\"application\/ld+json\" class=\"yoast-schema-graph\">{\"@context\":\"https:\\\/\\\/schema.org\",\"@graph\":[{\"@type\":\"Article\",\"@id\":\"https:\\\/\\\/alcala.salesianos.edu\\\/colegio\\\/blog\\\/2018\\\/12\\\/03\\\/cocinando-la-solidaridad\\\/#article\",\"isPartOf\":{\"@id\":\"https:\\\/\\\/alcala.salesianos.edu\\\/colegio\\\/blog\\\/2018\\\/12\\\/03\\\/cocinando-la-solidaridad\\\/\"},\"author\":{\"name\":\"Administrador Web\",\"@id\":\"https:\\\/\\\/alcala.salesianos.edu\\\/colegio\\\/#\\\/schema\\\/person\\\/afcc24f776dc91fc2bf9afb0998fca77\"},\"headline\":\"Cocinando la solidaridad\",\"datePublished\":\"2018-12-03T10:05:14+00:00\",\"dateModified\":\"2025-08-27T07:59:24+00:00\",\"mainEntityOfPage\":{\"@id\":\"https:\\\/\\\/alcala.salesianos.edu\\\/colegio\\\/blog\\\/2018\\\/12\\\/03\\\/cocinando-la-solidaridad\\\/\"},\"wordCount\":307,\"image\":{\"@id\":\"https:\\\/\\\/alcala.salesianos.edu\\\/colegio\\\/blog\\\/2018\\\/12\\\/03\\\/cocinando-la-solidaridad\\\/#primaryimage\"},\"thumbnailUrl\":\"https:\\\/\\\/alcala.salesianos.edu\\\/wp-content\\\/uploads\\\/2018\\\/12\\\/Cocinandola-solidaridad-1-300x300.png\",\"articleSection\":[\"Colegio\",\"Escuela abierta\",\"FASA\",\"Infantil\",\"Pastoral\",\"Portada\",\"Primaria\",\"Secundaria\",\"Uncategorized\"],\"inLanguage\":\"es\"},{\"@type\":\"WebPage\",\"@id\":\"https:\\\/\\\/alcala.salesianos.edu\\\/colegio\\\/blog\\\/2018\\\/12\\\/03\\\/cocinando-la-solidaridad\\\/\",\"url\":\"https:\\\/\\\/alcala.salesianos.edu\\\/colegio\\\/blog\\\/2018\\\/12\\\/03\\\/cocinando-la-solidaridad\\\/\",\"name\":\"Cocinando la solidaridad - Colegio Salesiano Alcal\u00e1\",\"isPartOf\":{\"@id\":\"https:\\\/\\\/alcala.salesianos.edu\\\/colegio\\\/#website\"},\"primaryImageOfPage\":{\"@id\":\"https:\\\/\\\/alcala.salesianos.edu\\\/colegio\\\/blog\\\/2018\\\/12\\\/03\\\/cocinando-la-solidaridad\\\/#primaryimage\"},\"image\":{\"@id\":\"https:\\\/\\\/alcala.salesianos.edu\\\/colegio\\\/blog\\\/2018\\\/12\\\/03\\\/cocinando-la-solidaridad\\\/#primaryimage\"},\"thumbnailUrl\":\"https:\\\/\\\/alcala.salesianos.edu\\\/wp-content\\\/uploads\\\/2018\\\/12\\\/Cocinandola-solidaridad-1-300x300.png\",\"datePublished\":\"2018-12-03T10:05:14+00:00\",\"dateModified\":\"2025-08-27T07:59:24+00:00\",\"author\":{\"@id\":\"https:\\\/\\\/alcala.salesianos.edu\\\/colegio\\\/#\\\/schema\\\/person\\\/afcc24f776dc91fc2bf9afb0998fca77\"},\"breadcrumb\":{\"@id\":\"https:\\\/\\\/alcala.salesianos.edu\\\/colegio\\\/blog\\\/2018\\\/12\\\/03\\\/cocinando-la-solidaridad\\\/#breadcrumb\"},\"inLanguage\":\"es\",\"potentialAction\":[{\"@type\":\"ReadAction\",\"target\":[\"https:\\\/\\\/alcala.salesianos.edu\\\/colegio\\\/blog\\\/2018\\\/12\\\/03\\\/cocinando-la-solidaridad\\\/\"]}]},{\"@type\":\"ImageObject\",\"inLanguage\":\"es\",\"@id\":\"https:\\\/\\\/alcala.salesianos.edu\\\/colegio\\\/blog\\\/2018\\\/12\\\/03\\\/cocinando-la-solidaridad\\\/#primaryimage\",\"url\":\"https:\\\/\\\/alcala.salesianos.edu\\\/wp-content\\\/uploads\\\/2018\\\/12\\\/Cocinandola-solidaridad-1-300x300.png\",\"contentUrl\":\"https:\\\/\\\/alcala.salesianos.edu\\\/wp-content\\\/uploads\\\/2018\\\/12\\\/Cocinandola-solidaridad-1-300x300.png\"},{\"@type\":\"BreadcrumbList\",\"@id\":\"https:\\\/\\\/alcala.salesianos.edu\\\/colegio\\\/blog\\\/2018\\\/12\\\/03\\\/cocinando-la-solidaridad\\\/#breadcrumb\",\"itemListElement\":[{\"@type\":\"ListItem\",\"position\":1,\"name\":\"Portada\",\"item\":\"https:\\\/\\\/alcala.salesianos.edu\\\/colegio\\\/\"},{\"@type\":\"ListItem\",\"position\":2,\"name\":\"Cocinando la solidaridad\"}]},{\"@type\":\"WebSite\",\"@id\":\"https:\\\/\\\/alcala.salesianos.edu\\\/colegio\\\/#website\",\"url\":\"https:\\\/\\\/alcala.salesianos.edu\\\/colegio\\\/\",\"name\":\"Colegio Salesiano Alcal\u00e1\",\"description\":\"P\u00e1gina oficial de Salesianos Alcal\u00e1 de Guadaira\",\"potentialAction\":[{\"@type\":\"SearchAction\",\"target\":{\"@type\":\"EntryPoint\",\"urlTemplate\":\"https:\\\/\\\/alcala.salesianos.edu\\\/colegio\\\/?s={search_term_string}\"},\"query-input\":{\"@type\":\"PropertyValueSpecification\",\"valueRequired\":true,\"valueName\":\"search_term_string\"}}],\"inLanguage\":\"es\"},{\"@type\":\"Person\",\"@id\":\"https:\\\/\\\/alcala.salesianos.edu\\\/colegio\\\/#\\\/schema\\\/person\\\/afcc24f776dc91fc2bf9afb0998fca77\",\"name\":\"Administrador Web\",\"image\":{\"@type\":\"ImageObject\",\"inLanguage\":\"es\",\"@id\":\"https:\\\/\\\/secure.gravatar.com\\\/avatar\\\/bc157e994689bd6da9645c00aa3bc4d55b727915b6652642660db0aef086585f?s=96&d=mm&r=g\",\"url\":\"https:\\\/\\\/secure.gravatar.com\\\/avatar\\\/bc157e994689bd6da9645c00aa3bc4d55b727915b6652642660db0aef086585f?s=96&d=mm&r=g\",\"contentUrl\":\"https:\\\/\\\/secure.gravatar.com\\\/avatar\\\/bc157e994689bd6da9645c00aa3bc4d55b727915b6652642660db0aef086585f?s=96&d=mm&r=g\",\"caption\":\"Administrador Web\"}}]}<\/script>\n<!-- \/ Yoast SEO plugin. -->","yoast_head_json":{"title":"Cocinando la solidaridad - Colegio Salesiano Alcal\u00e1","robots":{"index":"index","follow":"follow","max-snippet":"max-snippet:-1","max-image-preview":"max-image-preview:large","max-video-preview":"max-video-preview:-1"},"canonical":"https:\/\/alcala.salesianos.edu\/colegio\/blog\/2018\/12\/03\/cocinando-la-solidaridad\/","og_locale":"es_ES","og_type":"article","og_title":"Cocinando la solidaridad - Colegio Salesiano Alcal\u00e1","og_description":"Desde el 4 de diciembre al 20 toda la comunidad educativa de la Casa de Alcal\u00e1 est\u00e1 invitada a participar en las actividades solidarias de nuestra Casa.","og_url":"https:\/\/alcala.salesianos.edu\/colegio\/blog\/2018\/12\/03\/cocinando-la-solidaridad\/","og_site_name":"Colegio Salesiano Alcal\u00e1","article_published_time":"2018-12-03T10:05:14+00:00","article_modified_time":"2025-08-27T07:59:24+00:00","author":"Administrador Web","twitter_card":"summary_large_image","twitter_misc":{"Escrito por":"Administrador Web","Tiempo de lectura":"2 minutos"},"schema":{"@context":"https:\/\/schema.org","@graph":[{"@type":"Article","@id":"https:\/\/alcala.salesianos.edu\/colegio\/blog\/2018\/12\/03\/cocinando-la-solidaridad\/#article","isPartOf":{"@id":"https:\/\/alcala.salesianos.edu\/colegio\/blog\/2018\/12\/03\/cocinando-la-solidaridad\/"},"author":{"name":"Administrador Web","@id":"https:\/\/alcala.salesianos.edu\/colegio\/#\/schema\/person\/afcc24f776dc91fc2bf9afb0998fca77"},"headline":"Cocinando la solidaridad","datePublished":"2018-12-03T10:05:14+00:00","dateModified":"2025-08-27T07:59:24+00:00","mainEntityOfPage":{"@id":"https:\/\/alcala.salesianos.edu\/colegio\/blog\/2018\/12\/03\/cocinando-la-solidaridad\/"},"wordCount":307,"image":{"@id":"https:\/\/alcala.salesianos.edu\/colegio\/blog\/2018\/12\/03\/cocinando-la-solidaridad\/#primaryimage"},"thumbnailUrl":"https:\/\/alcala.salesianos.edu\/wp-content\/uploads\/2018\/12\/Cocinandola-solidaridad-1-300x300.png","articleSection":["Colegio","Escuela abierta","FASA","Infantil","Pastoral","Portada","Primaria","Secundaria","Uncategorized"],"inLanguage":"es"},{"@type":"WebPage","@id":"https:\/\/alcala.salesianos.edu\/colegio\/blog\/2018\/12\/03\/cocinando-la-solidaridad\/","url":"https:\/\/alcala.salesianos.edu\/colegio\/blog\/2018\/12\/03\/cocinando-la-solidaridad\/","name":"Cocinando la solidaridad - Colegio Salesiano Alcal\u00e1","isPartOf":{"@id":"https:\/\/alcala.salesianos.edu\/colegio\/#website"},"primaryImageOfPage":{"@id":"https:\/\/alcala.salesianos.edu\/colegio\/blog\/2018\/12\/03\/cocinando-la-solidaridad\/#primaryimage"},"image":{"@id":"https:\/\/alcala.salesianos.edu\/colegio\/blog\/2018\/12\/03\/cocinando-la-solidaridad\/#primaryimage"},"thumbnailUrl":"https:\/\/alcala.salesianos.edu\/wp-content\/uploads\/2018\/12\/Cocinandola-solidaridad-1-300x300.png","datePublished":"2018-12-03T10:05:14+00:00","dateModified":"2025-08-27T07:59:24+00:00","author":{"@id":"https:\/\/alcala.salesianos.edu\/colegio\/#\/schema\/person\/afcc24f776dc91fc2bf9afb0998fca77"},"breadcrumb":{"@id":"https:\/\/alcala.salesianos.edu\/colegio\/blog\/2018\/12\/03\/cocinando-la-solidaridad\/#breadcrumb"},"inLanguage":"es","potentialAction":[{"@type":"ReadAction","target":["https:\/\/alcala.salesianos.edu\/colegio\/blog\/2018\/12\/03\/cocinando-la-solidaridad\/"]}]},{"@type":"ImageObject","inLanguage":"es","@id":"https:\/\/alcala.salesianos.edu\/colegio\/blog\/2018\/12\/03\/cocinando-la-solidaridad\/#primaryimage","url":"https:\/\/alcala.salesianos.edu\/wp-content\/uploads\/2018\/12\/Cocinandola-solidaridad-1-300x300.png","contentUrl":"https:\/\/alcala.salesianos.edu\/wp-content\/uploads\/2018\/12\/Cocinandola-solidaridad-1-300x300.png"},{"@type":"BreadcrumbList","@id":"https:\/\/alcala.salesianos.edu\/colegio\/blog\/2018\/12\/03\/cocinando-la-solidaridad\/#breadcrumb","itemListElement":[{"@type":"ListItem","position":1,"name":"Portada","item":"https:\/\/alcala.salesianos.edu\/colegio\/"},{"@type":"ListItem","position":2,"name":"Cocinando la solidaridad"}]},{"@type":"WebSite","@id":"https:\/\/alcala.salesianos.edu\/colegio\/#website","url":"https:\/\/alcala.salesianos.edu\/colegio\/","name":"Colegio Salesiano Alcal\u00e1","description":"P\u00e1gina oficial de Salesianos Alcal\u00e1 de Guadaira","potentialAction":[{"@type":"SearchAction","target":{"@type":"EntryPoint","urlTemplate":"https:\/\/alcala.salesianos.edu\/colegio\/?s={search_term_string}"},"query-input":{"@type":"PropertyValueSpecification","valueRequired":true,"valueName":"search_term_string"}}],"inLanguage":"es"},{"@type":"Person","@id":"https:\/\/alcala.salesianos.edu\/colegio\/#\/schema\/person\/afcc24f776dc91fc2bf9afb0998fca77","name":"Administrador Web","image":{"@type":"ImageObject","inLanguage":"es","@id":"https:\/\/secure.gravatar.com\/avatar\/bc157e994689bd6da9645c00aa3bc4d55b727915b6652642660db0aef086585f?s=96&d=mm&r=g","url":"https:\/\/secure.gravatar.com\/avatar\/bc157e994689bd6da9645c00aa3bc4d55b727915b6652642660db0aef086585f?s=96&d=mm&r=g","contentUrl":"https:\/\/secure.gravatar.com\/avatar\/bc157e994689bd6da9645c00aa3bc4d55b727915b6652642660db0aef086585f?s=96&d=mm&r=g","caption":"Administrador Web"}}]}},"_links":{"self":[{"href":"https:\/\/alcala.salesianos.edu\/colegio\/wp-json\/wp\/v2\/posts\/10681","targetHints":{"allow":["GET"]}}],"collection":[{"href":"https:\/\/alcala.salesianos.edu\/colegio\/wp-json\/wp\/v2\/posts"}],"about":[{"href":"https:\/\/alcala.salesianos.edu\/colegio\/wp-json\/wp\/v2\/types\/post"}],"author":[{"embeddable":true,"href":"https:\/\/alcala.salesianos.edu\/colegio\/wp-json\/wp\/v2\/users\/2"}],"replies":[{"embeddable":true,"href":"https:\/\/alcala.salesianos.edu\/colegio\/wp-json\/wp\/v2\/comments?post=10681"}],"version-history":[{"count":12,"href":"https:\/\/alcala.salesianos.edu\/colegio\/wp-json\/wp\/v2\/posts\/10681\/revisions"}],"predecessor-version":[{"id":16419,"href":"https:\/\/alcala.salesianos.edu\/colegio\/wp-json\/wp\/v2\/posts\/10681\/revisions\/16419"}],"wp:attachment":[{"href":"https:\/\/alcala.salesianos.edu\/colegio\/wp-json\/wp\/v2\/media?parent=10681"}],"wp:term":[{"taxonomy":"category","embeddable":true,"href":"https:\/\/alcala.salesianos.edu\/colegio\/wp-json\/wp\/v2\/categories?post=10681"},{"taxonomy":"post_tag","embeddable":true,"href":"https:\/\/alcala.salesianos.edu\/colegio\/wp-json\/wp\/v2\/tags?post=10681"}],"curies":[{"name":"wp","href":"https:\/\/api.w.org\/{rel}","templated":true}]}}