{"id":10659,"date":"2018-11-29T14:23:03","date_gmt":"2018-11-29T13:23:03","guid":{"rendered":"https:\/\/alcala.salesianos.edu\/colegio\/blog\/2018\/11\/29\/75o-aniversario-de-maria-auxiliadora\/"},"modified":"2025-08-27T08:59:25","modified_gmt":"2025-08-27T07:59:25","slug":"75o-aniversario-de-maria-auxiliadora","status":"publish","type":"post","link":"https:\/\/alcala.salesianos.edu\/colegio\/blog\/2018\/11\/29\/75o-aniversario-de-maria-auxiliadora\/","title":{"rendered":"75\u00ba Aniversario de Mar\u00eda Auxiliadora"},"content":{"rendered":"<div id=\"fb-root\"><\/div>\n<p>[et_pb_section bb_built=\u00bb1&#8243;][et_pb_row][et_pb_column type=\u00bb4_4&#8243;][et_pb_text _builder_version=\u00bb3.0.105&#8243; background_layout=\u00bblight\u00bb]<\/p>\n<p><img loading=\"lazy\" decoding=\"async\" class=\"size-medium wp-image-5781 alignleft\" src=\"https:\/\/alcala.salesianos.edu\/wp-content\/uploads\/2018\/11\/75an\u0303os-201x300.jpeg\" alt=\"\" width=\"201\" height=\"300\" \/>El pasado d\u00eda 24 de noviembre la Asociaci\u00f3n de Mar\u00eda Auxiliadora de Alcal\u00e1 present\u00f3 los actos conmemorativos del <strong>75\u00ba Aniversario<\/strong> de la imagen y bendici\u00f3n de nuestra Madre, coronada can\u00f3nicamente en 2014<\/p>\n<p>Comenzar\u00e1 este viernes con el <strong>solemne<\/strong>\u00a0<strong>besamanos<\/strong>, el cual estar\u00e1 abierto con el siguiente horario:<\/p>\n<p><strong>Viernes<\/strong> de 8.00 h. a 13.00 h. y por la tarde la Comunidad Salesiana de nuestra Casa celebrar\u00e1 el Retiro de Adviento desde las 18.30 h.<\/p>\n<p><strong>S\u00e1bado<\/strong> de 8.00 h a 13-.00 h y de 19.00 h. a 21.00 h.<\/p>\n<p><strong>Domingo<\/strong> de 8.00 h. a 13.00h.<\/p>\n<p>El domingo 2 de diciembre a las 12&#8217;00 horas, celebraremos una<strong> funci\u00f3n solemne.<\/strong>\u00a0La predicaci\u00f3n estar\u00e1 a cargo de D. Juan Manuel Melgar Gonz\u00e1lez, SDB.<\/p>\n<p>El pr\u00f3ximo 4 de diciembre a las 19.30 h D. Enrique Ruiz Portillo realizar\u00e1 una <strong>conferencia<\/strong> sobre \u00ab<strong>Arte e historia de la Imagen de Mar\u00eda Auxiliadora en Alcal\u00e1<\/strong>\u00bb en el Teatro de nuestra Casa.<\/p>\n<p>Todos estos actos finalizar\u00e1n el mi\u00e9rcoles 5 de diciembre por la tarde con el <strong>traslado\u00a0 a San Sebasti\u00e1n<\/strong>\u00a0 de la venerada imagen de Mar\u00eda Auxiliadora con el rezo del <strong>Santo Rosario<\/strong>. A las 19.00 h comenzar\u00e1 la <strong>Eucarist\u00eda Solemne<\/strong> cuya predicaci\u00f3n estar\u00e1 a cargo por D. Rafael Calder\u00f3n Garc\u00eda, Pbro. y p\u00e1rroco de San Sebasti\u00e1n y estar\u00e1 animada por la comunidad parroquial cuyos cantos estar\u00e1n a cargo del Coro del Dulce Nombre. Tras la finalizaci\u00f3n de la misma, a las 20.00 comenzar\u00e1 e<strong>l traslado de vuelta<\/strong> de Mar\u00eda Auxiliadora Coronada hacia su capilla.<\/p>\n<p>&nbsp;<\/p>\n<p>[\/et_pb_text][\/et_pb_column][\/et_pb_row][\/et_pb_section]<\/p>\n","protected":false},"excerpt":{"rendered":"<p><div class=\"et_pb_row et_pb_row_0 et_pb_row_empty\">\n\t\t\t\t\n\t\t\t\t\n\t\t\t\t\n\t\t\t\t\n\t\t\t\t\n\t\t\t<\/div> El pasado d\u00eda 24 de noviembre la Asociaci\u00f3n de Mar\u00eda Auxiliadora de Alcal\u00e1 present\u00f3 los actos conmemorativos del 75\u00ba Aniversario de la imagen y bendici\u00f3n de nuestra Madre, coronada can\u00f3nicamente en 2014 Comenzar\u00e1 este viernes con el solemne\u00a0besamanos, el cual estar\u00e1 abierto con el siguiente horario: Viernes de 8.00 h. a 13.00 h. y [&hellip;]<\/p>\n","protected":false},"author":2,"featured_media":0,"comment_status":"closed","ping_status":"open","sticky":false,"template":"","format":"standard","meta":{"_et_pb_use_builder":"on","_et_pb_old_content":"","_et_gb_content_width":"","footnotes":""},"categories":[12,19,13,17,14,15,18,16,1],"tags":[],"class_list":["post-10659","post","type-post","status-publish","format-standard","hentry","category-colegio","category-escuela-abierta","category-fasa","category-infantil","category-pastoral","category-portada","category-primaria","category-secundaria","category-uncategorized"],"yoast_head":"<!-- This site is optimized with the Yoast SEO plugin v28.4 - https:\/\/yoast.com\/product\/yoast-seo-wordpress\/ -->\n<title>75\u00ba Aniversario de Mar\u00eda Auxiliadora - Colegio Salesiano Alcal\u00e1<\/title>\n<meta name=\"robots\" content=\"index, follow, max-snippet:-1, max-image-preview:large, max-video-preview:-1\" \/>\n<link rel=\"canonical\" href=\"https:\/\/alcala.salesianos.edu\/colegio\/blog\/2018\/11\/29\/75o-aniversario-de-maria-auxiliadora\/\" \/>\n<meta property=\"og:locale\" content=\"es_ES\" \/>\n<meta property=\"og:type\" content=\"article\" \/>\n<meta property=\"og:title\" content=\"75\u00ba Aniversario de Mar\u00eda Auxiliadora - Colegio Salesiano Alcal\u00e1\" \/>\n<meta property=\"og:description\" content=\"El pasado d\u00eda 24 de noviembre la Asociaci\u00f3n de Mar\u00eda Auxiliadora de Alcal\u00e1 present\u00f3 los actos conmemorativos del 75\u00ba Aniversario de la imagen y bendici\u00f3n de nuestra Madre, coronada can\u00f3nicamente en 2014 Comenzar\u00e1 este viernes con el solemne\u00a0besamanos, el cual estar\u00e1 abierto con el siguiente horario: Viernes de 8.00 h. a 13.00 h. y [&hellip;]\" \/>\n<meta property=\"og:url\" content=\"https:\/\/alcala.salesianos.edu\/colegio\/blog\/2018\/11\/29\/75o-aniversario-de-maria-auxiliadora\/\" \/>\n<meta property=\"og:site_name\" content=\"Colegio Salesiano Alcal\u00e1\" \/>\n<meta property=\"article:published_time\" content=\"2018-11-29T13:23:03+00:00\" \/>\n<meta property=\"article:modified_time\" content=\"2025-08-27T07:59:25+00:00\" \/>\n<meta name=\"author\" content=\"Administrador Web\" \/>\n<meta name=\"twitter:card\" content=\"summary_large_image\" \/>\n<meta name=\"twitter:label1\" content=\"Escrito por\" \/>\n\t<meta name=\"twitter:data1\" content=\"Administrador Web\" \/>\n\t<meta name=\"twitter:label2\" content=\"Tiempo de lectura\" \/>\n\t<meta name=\"twitter:data2\" content=\"1 minuto\" \/>\n<script type=\"application\/ld+json\" class=\"yoast-schema-graph\">{\"@context\":\"https:\\\/\\\/schema.org\",\"@graph\":[{\"@type\":\"Article\",\"@id\":\"https:\\\/\\\/alcala.salesianos.edu\\\/colegio\\\/blog\\\/2018\\\/11\\\/29\\\/75o-aniversario-de-maria-auxiliadora\\\/#article\",\"isPartOf\":{\"@id\":\"https:\\\/\\\/alcala.salesianos.edu\\\/colegio\\\/blog\\\/2018\\\/11\\\/29\\\/75o-aniversario-de-maria-auxiliadora\\\/\"},\"author\":{\"name\":\"Administrador Web\",\"@id\":\"https:\\\/\\\/alcala.salesianos.edu\\\/colegio\\\/#\\\/schema\\\/person\\\/afcc24f776dc91fc2bf9afb0998fca77\"},\"headline\":\"75\u00ba Aniversario de Mar\u00eda Auxiliadora\",\"datePublished\":\"2018-11-29T13:23:03+00:00\",\"dateModified\":\"2025-08-27T07:59:25+00:00\",\"mainEntityOfPage\":{\"@id\":\"https:\\\/\\\/alcala.salesianos.edu\\\/colegio\\\/blog\\\/2018\\\/11\\\/29\\\/75o-aniversario-de-maria-auxiliadora\\\/\"},\"wordCount\":290,\"articleSection\":[\"Colegio\",\"Escuela abierta\",\"FASA\",\"Infantil\",\"Pastoral\",\"Portada\",\"Primaria\",\"Secundaria\",\"Uncategorized\"],\"inLanguage\":\"es\"},{\"@type\":\"WebPage\",\"@id\":\"https:\\\/\\\/alcala.salesianos.edu\\\/colegio\\\/blog\\\/2018\\\/11\\\/29\\\/75o-aniversario-de-maria-auxiliadora\\\/\",\"url\":\"https:\\\/\\\/alcala.salesianos.edu\\\/colegio\\\/blog\\\/2018\\\/11\\\/29\\\/75o-aniversario-de-maria-auxiliadora\\\/\",\"name\":\"75\u00ba Aniversario de Mar\u00eda Auxiliadora - Colegio Salesiano Alcal\u00e1\",\"isPartOf\":{\"@id\":\"https:\\\/\\\/alcala.salesianos.edu\\\/colegio\\\/#website\"},\"datePublished\":\"2018-11-29T13:23:03+00:00\",\"dateModified\":\"2025-08-27T07:59:25+00:00\",\"author\":{\"@id\":\"https:\\\/\\\/alcala.salesianos.edu\\\/colegio\\\/#\\\/schema\\\/person\\\/afcc24f776dc91fc2bf9afb0998fca77\"},\"breadcrumb\":{\"@id\":\"https:\\\/\\\/alcala.salesianos.edu\\\/colegio\\\/blog\\\/2018\\\/11\\\/29\\\/75o-aniversario-de-maria-auxiliadora\\\/#breadcrumb\"},\"inLanguage\":\"es\",\"potentialAction\":[{\"@type\":\"ReadAction\",\"target\":[\"https:\\\/\\\/alcala.salesianos.edu\\\/colegio\\\/blog\\\/2018\\\/11\\\/29\\\/75o-aniversario-de-maria-auxiliadora\\\/\"]}]},{\"@type\":\"BreadcrumbList\",\"@id\":\"https:\\\/\\\/alcala.salesianos.edu\\\/colegio\\\/blog\\\/2018\\\/11\\\/29\\\/75o-aniversario-de-maria-auxiliadora\\\/#breadcrumb\",\"itemListElement\":[{\"@type\":\"ListItem\",\"position\":1,\"name\":\"Portada\",\"item\":\"https:\\\/\\\/alcala.salesianos.edu\\\/colegio\\\/\"},{\"@type\":\"ListItem\",\"position\":2,\"name\":\"75\u00ba Aniversario de Mar\u00eda Auxiliadora\"}]},{\"@type\":\"WebSite\",\"@id\":\"https:\\\/\\\/alcala.salesianos.edu\\\/colegio\\\/#website\",\"url\":\"https:\\\/\\\/alcala.salesianos.edu\\\/colegio\\\/\",\"name\":\"Colegio Salesiano Alcal\u00e1\",\"description\":\"P\u00e1gina oficial de Salesianos Alcal\u00e1 de Guadaira\",\"potentialAction\":[{\"@type\":\"SearchAction\",\"target\":{\"@type\":\"EntryPoint\",\"urlTemplate\":\"https:\\\/\\\/alcala.salesianos.edu\\\/colegio\\\/?s={search_term_string}\"},\"query-input\":{\"@type\":\"PropertyValueSpecification\",\"valueRequired\":true,\"valueName\":\"search_term_string\"}}],\"inLanguage\":\"es\"},{\"@type\":\"Person\",\"@id\":\"https:\\\/\\\/alcala.salesianos.edu\\\/colegio\\\/#\\\/schema\\\/person\\\/afcc24f776dc91fc2bf9afb0998fca77\",\"name\":\"Administrador Web\",\"image\":{\"@type\":\"ImageObject\",\"inLanguage\":\"es\",\"@id\":\"https:\\\/\\\/secure.gravatar.com\\\/avatar\\\/bc157e994689bd6da9645c00aa3bc4d55b727915b6652642660db0aef086585f?s=96&d=mm&r=g\",\"url\":\"https:\\\/\\\/secure.gravatar.com\\\/avatar\\\/bc157e994689bd6da9645c00aa3bc4d55b727915b6652642660db0aef086585f?s=96&d=mm&r=g\",\"contentUrl\":\"https:\\\/\\\/secure.gravatar.com\\\/avatar\\\/bc157e994689bd6da9645c00aa3bc4d55b727915b6652642660db0aef086585f?s=96&d=mm&r=g\",\"caption\":\"Administrador Web\"}}]}<\/script>\n<!-- \/ Yoast SEO plugin. -->","yoast_head_json":{"title":"75\u00ba Aniversario de Mar\u00eda Auxiliadora - Colegio Salesiano Alcal\u00e1","robots":{"index":"index","follow":"follow","max-snippet":"max-snippet:-1","max-image-preview":"max-image-preview:large","max-video-preview":"max-video-preview:-1"},"canonical":"https:\/\/alcala.salesianos.edu\/colegio\/blog\/2018\/11\/29\/75o-aniversario-de-maria-auxiliadora\/","og_locale":"es_ES","og_type":"article","og_title":"75\u00ba Aniversario de Mar\u00eda Auxiliadora - Colegio Salesiano Alcal\u00e1","og_description":"El pasado d\u00eda 24 de noviembre la Asociaci\u00f3n de Mar\u00eda Auxiliadora de Alcal\u00e1 present\u00f3 los actos conmemorativos del 75\u00ba Aniversario de la imagen y bendici\u00f3n de nuestra Madre, coronada can\u00f3nicamente en 2014 Comenzar\u00e1 este viernes con el solemne\u00a0besamanos, el cual estar\u00e1 abierto con el siguiente horario: Viernes de 8.00 h. a 13.00 h. y [&hellip;]","og_url":"https:\/\/alcala.salesianos.edu\/colegio\/blog\/2018\/11\/29\/75o-aniversario-de-maria-auxiliadora\/","og_site_name":"Colegio Salesiano Alcal\u00e1","article_published_time":"2018-11-29T13:23:03+00:00","article_modified_time":"2025-08-27T07:59:25+00:00","author":"Administrador Web","twitter_card":"summary_large_image","twitter_misc":{"Escrito por":"Administrador Web","Tiempo de lectura":"1 minuto"},"schema":{"@context":"https:\/\/schema.org","@graph":[{"@type":"Article","@id":"https:\/\/alcala.salesianos.edu\/colegio\/blog\/2018\/11\/29\/75o-aniversario-de-maria-auxiliadora\/#article","isPartOf":{"@id":"https:\/\/alcala.salesianos.edu\/colegio\/blog\/2018\/11\/29\/75o-aniversario-de-maria-auxiliadora\/"},"author":{"name":"Administrador Web","@id":"https:\/\/alcala.salesianos.edu\/colegio\/#\/schema\/person\/afcc24f776dc91fc2bf9afb0998fca77"},"headline":"75\u00ba Aniversario de Mar\u00eda Auxiliadora","datePublished":"2018-11-29T13:23:03+00:00","dateModified":"2025-08-27T07:59:25+00:00","mainEntityOfPage":{"@id":"https:\/\/alcala.salesianos.edu\/colegio\/blog\/2018\/11\/29\/75o-aniversario-de-maria-auxiliadora\/"},"wordCount":290,"articleSection":["Colegio","Escuela abierta","FASA","Infantil","Pastoral","Portada","Primaria","Secundaria","Uncategorized"],"inLanguage":"es"},{"@type":"WebPage","@id":"https:\/\/alcala.salesianos.edu\/colegio\/blog\/2018\/11\/29\/75o-aniversario-de-maria-auxiliadora\/","url":"https:\/\/alcala.salesianos.edu\/colegio\/blog\/2018\/11\/29\/75o-aniversario-de-maria-auxiliadora\/","name":"75\u00ba Aniversario de Mar\u00eda Auxiliadora - Colegio Salesiano Alcal\u00e1","isPartOf":{"@id":"https:\/\/alcala.salesianos.edu\/colegio\/#website"},"datePublished":"2018-11-29T13:23:03+00:00","dateModified":"2025-08-27T07:59:25+00:00","author":{"@id":"https:\/\/alcala.salesianos.edu\/colegio\/#\/schema\/person\/afcc24f776dc91fc2bf9afb0998fca77"},"breadcrumb":{"@id":"https:\/\/alcala.salesianos.edu\/colegio\/blog\/2018\/11\/29\/75o-aniversario-de-maria-auxiliadora\/#breadcrumb"},"inLanguage":"es","potentialAction":[{"@type":"ReadAction","target":["https:\/\/alcala.salesianos.edu\/colegio\/blog\/2018\/11\/29\/75o-aniversario-de-maria-auxiliadora\/"]}]},{"@type":"BreadcrumbList","@id":"https:\/\/alcala.salesianos.edu\/colegio\/blog\/2018\/11\/29\/75o-aniversario-de-maria-auxiliadora\/#breadcrumb","itemListElement":[{"@type":"ListItem","position":1,"name":"Portada","item":"https:\/\/alcala.salesianos.edu\/colegio\/"},{"@type":"ListItem","position":2,"name":"75\u00ba Aniversario de Mar\u00eda Auxiliadora"}]},{"@type":"WebSite","@id":"https:\/\/alcala.salesianos.edu\/colegio\/#website","url":"https:\/\/alcala.salesianos.edu\/colegio\/","name":"Colegio Salesiano Alcal\u00e1","description":"P\u00e1gina oficial de Salesianos Alcal\u00e1 de Guadaira","potentialAction":[{"@type":"SearchAction","target":{"@type":"EntryPoint","urlTemplate":"https:\/\/alcala.salesianos.edu\/colegio\/?s={search_term_string}"},"query-input":{"@type":"PropertyValueSpecification","valueRequired":true,"valueName":"search_term_string"}}],"inLanguage":"es"},{"@type":"Person","@id":"https:\/\/alcala.salesianos.edu\/colegio\/#\/schema\/person\/afcc24f776dc91fc2bf9afb0998fca77","name":"Administrador Web","image":{"@type":"ImageObject","inLanguage":"es","@id":"https:\/\/secure.gravatar.com\/avatar\/bc157e994689bd6da9645c00aa3bc4d55b727915b6652642660db0aef086585f?s=96&d=mm&r=g","url":"https:\/\/secure.gravatar.com\/avatar\/bc157e994689bd6da9645c00aa3bc4d55b727915b6652642660db0aef086585f?s=96&d=mm&r=g","contentUrl":"https:\/\/secure.gravatar.com\/avatar\/bc157e994689bd6da9645c00aa3bc4d55b727915b6652642660db0aef086585f?s=96&d=mm&r=g","caption":"Administrador Web"}}]}},"_links":{"self":[{"href":"https:\/\/alcala.salesianos.edu\/colegio\/wp-json\/wp\/v2\/posts\/10659","targetHints":{"allow":["GET"]}}],"collection":[{"href":"https:\/\/alcala.salesianos.edu\/colegio\/wp-json\/wp\/v2\/posts"}],"about":[{"href":"https:\/\/alcala.salesianos.edu\/colegio\/wp-json\/wp\/v2\/types\/post"}],"author":[{"embeddable":true,"href":"https:\/\/alcala.salesianos.edu\/colegio\/wp-json\/wp\/v2\/users\/2"}],"replies":[{"embeddable":true,"href":"https:\/\/alcala.salesianos.edu\/colegio\/wp-json\/wp\/v2\/comments?post=10659"}],"version-history":[{"count":6,"href":"https:\/\/alcala.salesianos.edu\/colegio\/wp-json\/wp\/v2\/posts\/10659\/revisions"}],"predecessor-version":[{"id":16422,"href":"https:\/\/alcala.salesianos.edu\/colegio\/wp-json\/wp\/v2\/posts\/10659\/revisions\/16422"}],"wp:attachment":[{"href":"https:\/\/alcala.salesianos.edu\/colegio\/wp-json\/wp\/v2\/media?parent=10659"}],"wp:term":[{"taxonomy":"category","embeddable":true,"href":"https:\/\/alcala.salesianos.edu\/colegio\/wp-json\/wp\/v2\/categories?post=10659"},{"taxonomy":"post_tag","embeddable":true,"href":"https:\/\/alcala.salesianos.edu\/colegio\/wp-json\/wp\/v2\/tags?post=10659"}],"curies":[{"name":"wp","href":"https:\/\/api.w.org\/{rel}","templated":true}]}}