{"id":10631,"date":"2018-11-26T20:40:43","date_gmt":"2018-11-26T19:40:43","guid":{"rendered":"https:\/\/alcala.salesianos.edu\/colegio\/blog\/2018\/11\/26\/mi-colegio-2020-en-andalucia-tv\/"},"modified":"2025-08-27T08:59:25","modified_gmt":"2025-08-27T07:59:25","slug":"mi-colegio-2020-en-andalucia-tv","status":"publish","type":"post","link":"https:\/\/alcala.salesianos.edu\/colegio\/blog\/2018\/11\/26\/mi-colegio-2020-en-andalucia-tv\/","title":{"rendered":"Mi Colegio 2020 en Andaluc\u00eda TV"},"content":{"rendered":"<div id=\"fb-root\"><\/div>\n<p>[et_pb_section bb_built=\u00bb1&#8243;][et_pb_row][et_pb_column type=\u00bb4_4&#8243;][et_pb_text _builder_version=\u00bb3.0.105&#8243; background_layout=\u00bblight\u00bb]<\/p>\n<p><img loading=\"lazy\" decoding=\"async\" class=\"size-medium wp-image-5755 alignleft\" src=\"https:\/\/alcala.salesianos.edu\/wp-content\/uploads\/2018\/11\/canalsurmicole2020-300x300.png\" alt=\"\" width=\"300\" height=\"300\" \/>En la actualidad, las tecnolog\u00edas han ido evolucionando de forma exponencial, brindando al ser humano la capacidad de conseguir logros en materia de construcci\u00f3n, medicina, ciencia o navegaci\u00f3n espacial entre otros muchos. La programaci\u00f3n, as\u00ed como el uso y manejo de las tecnolog\u00edas, pasa a considerarse una habilidad b\u00e1sica del siglo XXI por la que apostamos como proyecto pionero y vanguardista en nuestro Centro.<\/p>\n<p>Nuestro proyecto <strong>\u201cMi Colegio 2020\u201d<\/strong> crece sobre el convencimiento de que debemos apostar por las mejores herramientas tecnol\u00f3gicas y humanas que realmente preparen a nuestros alumnos\/as para el mundo que les espera, lo cual supone\u00a0 integrar las TAC (Tecnolog\u00edas del Aprendizaje y Conocimiento), como una herramienta pedag\u00f3gica para el alumnado que, a su vez, favorezca la adquisici\u00f3n de nociones tecnol\u00f3gicas desde edades muy tempranas.<\/p>\n<p>Este proyecto, ofrece de manera transversal, una educaci\u00f3n de calidad. Educaci\u00f3n que a\u00fana nuevas tecnolog\u00edas y rob\u00f3tica, con idiomas, nuevas formas de ense\u00f1ar, mejora de la relaci\u00f3n del alumno con el entorno y apostando por la atenci\u00f3n individualizada.<\/p>\n<p>Tras el inter\u00e9s demostrado por algunos otros Colegios de la provincia de Sevilla, as\u00ed como por medios de comunicaci\u00f3n tales como el <a href=\"https:\/\/sevilla.abc.es\/provincia\/alcala-de-guadaira\/sevi-robots-nuevas-pizarras-201805291539_noticia.html#ns_campaign=rrss-inducido&amp;ns_mchannel=abcdesevilla-es&amp;ns_source=fb&amp;ns_linkname=noticia-foto&amp;ns_fee=0\">peri\u00f3dico ABC<\/a> y medios locales, fue Canal Sur la que se interes\u00f3 por el proyecto durante la semana pasada y acudi\u00f3 al Colegio para realizar una grabaci\u00f3n sobre el mismo. Esta grabaci\u00f3n se ha llevado a cabo para el programa semanal <a href=\"http:\/\/www.canalsur.es\/television\/programas\/enred\/detalle\/320.html\">#EnRed<\/a>, el cual se hace eco de las experiencias tecnol\u00f3gicas pioneras en nuestra Comunidad Aut\u00f3noma. \u00a0El programa se emitir\u00e1, previsiblemente ma\u00f1ana d\u00eda 27 a las 20&#8217;00 horas en Andaluc\u00eda TV.<\/p>\n<p>Esperamos que puedan disfrutar de \u00e9l y que, cada d\u00eda seamos m\u00e1s los que nos unamos a este proyecto que no es m\u00e1s que el deseo y ocupaci\u00f3n de nuestro equipo por ofrecer una sustancial mejora de la calidad educativa de sus hijos, principales protagonistas de nuestro Centro educativo.<\/p>\n<p>[\/et_pb_text][\/et_pb_column][\/et_pb_row][et_pb_row][et_pb_column type=\u00bb4_4&#8243;][et_pb_video _builder_version=\u00bb3.0.105&#8243; src=\u00bbhttps:\/\/www.youtube.com\/watch?v=MjJLrWGgLdo&amp;feature=youtu.be\u00bb image_src=\u00bb\/\/i.ytimg.com\/vi\/MjJLrWGgLdo\/hqdefault.jpg\u00bb \/][\/et_pb_column][\/et_pb_row][\/et_pb_section]<\/p>\n","protected":false},"excerpt":{"rendered":"<p><div class=\"et_pb_row et_pb_row_0 et_pb_row_empty\">\n\t\t\t\t\n\t\t\t\t\n\t\t\t\t\n\t\t\t\t\n\t\t\t\t\n\t\t\t<\/div> En la actualidad, las tecnolog\u00edas han ido evolucionando de forma exponencial, brindando al ser humano la capacidad de conseguir logros en materia de construcci\u00f3n, medicina, ciencia o navegaci\u00f3n espacial entre otros muchos. La programaci\u00f3n, as\u00ed como el uso y manejo de las tecnolog\u00edas, pasa a considerarse una habilidad b\u00e1sica del siglo XXI por la [&hellip;]<\/p>\n","protected":false},"author":2,"featured_media":0,"comment_status":"closed","ping_status":"open","sticky":false,"template":"","format":"standard","meta":{"_et_pb_use_builder":"on","_et_pb_old_content":"","_et_gb_content_width":"","footnotes":""},"categories":[12,19,13,17,14,15,18,16,1],"tags":[],"class_list":["post-10631","post","type-post","status-publish","format-standard","hentry","category-colegio","category-escuela-abierta","category-fasa","category-infantil","category-pastoral","category-portada","category-primaria","category-secundaria","category-uncategorized"],"yoast_head":"<!-- This site is optimized with the Yoast SEO plugin v28.4 - https:\/\/yoast.com\/product\/yoast-seo-wordpress\/ -->\n<title>Mi Colegio 2020 en Andaluc\u00eda TV - Colegio Salesiano Alcal\u00e1<\/title>\n<meta name=\"robots\" content=\"index, follow, max-snippet:-1, max-image-preview:large, max-video-preview:-1\" \/>\n<link rel=\"canonical\" href=\"https:\/\/alcala.salesianos.edu\/colegio\/blog\/2018\/11\/26\/mi-colegio-2020-en-andalucia-tv\/\" \/>\n<meta property=\"og:locale\" content=\"es_ES\" \/>\n<meta property=\"og:type\" content=\"article\" \/>\n<meta property=\"og:title\" content=\"Mi Colegio 2020 en Andaluc\u00eda TV - Colegio Salesiano Alcal\u00e1\" \/>\n<meta property=\"og:description\" content=\"En la actualidad, las tecnolog\u00edas han ido evolucionando de forma exponencial, brindando al ser humano la capacidad de conseguir logros en materia de construcci\u00f3n, medicina, ciencia o navegaci\u00f3n espacial entre otros muchos. La programaci\u00f3n, as\u00ed como el uso y manejo de las tecnolog\u00edas, pasa a considerarse una habilidad b\u00e1sica del siglo XXI por la [&hellip;]\" \/>\n<meta property=\"og:url\" content=\"https:\/\/alcala.salesianos.edu\/colegio\/blog\/2018\/11\/26\/mi-colegio-2020-en-andalucia-tv\/\" \/>\n<meta property=\"og:site_name\" content=\"Colegio Salesiano Alcal\u00e1\" \/>\n<meta property=\"article:published_time\" content=\"2018-11-26T19:40:43+00:00\" \/>\n<meta property=\"article:modified_time\" content=\"2025-08-27T07:59:25+00:00\" \/>\n<meta name=\"author\" content=\"Administrador Web\" \/>\n<meta name=\"twitter:card\" content=\"summary_large_image\" \/>\n<meta name=\"twitter:label1\" content=\"Escrito por\" \/>\n\t<meta name=\"twitter:data1\" content=\"Administrador Web\" \/>\n\t<meta name=\"twitter:label2\" content=\"Tiempo de lectura\" \/>\n\t<meta name=\"twitter:data2\" content=\"2 minutos\" \/>\n<script type=\"application\/ld+json\" class=\"yoast-schema-graph\">{\"@context\":\"https:\\\/\\\/schema.org\",\"@graph\":[{\"@type\":\"Article\",\"@id\":\"https:\\\/\\\/alcala.salesianos.edu\\\/colegio\\\/blog\\\/2018\\\/11\\\/26\\\/mi-colegio-2020-en-andalucia-tv\\\/#article\",\"isPartOf\":{\"@id\":\"https:\\\/\\\/alcala.salesianos.edu\\\/colegio\\\/blog\\\/2018\\\/11\\\/26\\\/mi-colegio-2020-en-andalucia-tv\\\/\"},\"author\":{\"name\":\"Administrador Web\",\"@id\":\"https:\\\/\\\/alcala.salesianos.edu\\\/colegio\\\/#\\\/schema\\\/person\\\/afcc24f776dc91fc2bf9afb0998fca77\"},\"headline\":\"Mi Colegio 2020 en Andaluc\u00eda TV\",\"datePublished\":\"2018-11-26T19:40:43+00:00\",\"dateModified\":\"2025-08-27T07:59:25+00:00\",\"mainEntityOfPage\":{\"@id\":\"https:\\\/\\\/alcala.salesianos.edu\\\/colegio\\\/blog\\\/2018\\\/11\\\/26\\\/mi-colegio-2020-en-andalucia-tv\\\/\"},\"wordCount\":416,\"image\":{\"@id\":\"https:\\\/\\\/alcala.salesianos.edu\\\/colegio\\\/blog\\\/2018\\\/11\\\/26\\\/mi-colegio-2020-en-andalucia-tv\\\/#primaryimage\"},\"thumbnailUrl\":\"https:\\\/\\\/alcala.salesianos.edu\\\/wp-content\\\/uploads\\\/2018\\\/11\\\/canalsurmicole2020-300x300.png\",\"articleSection\":[\"Colegio\",\"Escuela abierta\",\"FASA\",\"Infantil\",\"Pastoral\",\"Portada\",\"Primaria\",\"Secundaria\",\"Uncategorized\"],\"inLanguage\":\"es\"},{\"@type\":\"WebPage\",\"@id\":\"https:\\\/\\\/alcala.salesianos.edu\\\/colegio\\\/blog\\\/2018\\\/11\\\/26\\\/mi-colegio-2020-en-andalucia-tv\\\/\",\"url\":\"https:\\\/\\\/alcala.salesianos.edu\\\/colegio\\\/blog\\\/2018\\\/11\\\/26\\\/mi-colegio-2020-en-andalucia-tv\\\/\",\"name\":\"Mi Colegio 2020 en Andaluc\u00eda TV - Colegio Salesiano Alcal\u00e1\",\"isPartOf\":{\"@id\":\"https:\\\/\\\/alcala.salesianos.edu\\\/colegio\\\/#website\"},\"primaryImageOfPage\":{\"@id\":\"https:\\\/\\\/alcala.salesianos.edu\\\/colegio\\\/blog\\\/2018\\\/11\\\/26\\\/mi-colegio-2020-en-andalucia-tv\\\/#primaryimage\"},\"image\":{\"@id\":\"https:\\\/\\\/alcala.salesianos.edu\\\/colegio\\\/blog\\\/2018\\\/11\\\/26\\\/mi-colegio-2020-en-andalucia-tv\\\/#primaryimage\"},\"thumbnailUrl\":\"https:\\\/\\\/alcala.salesianos.edu\\\/wp-content\\\/uploads\\\/2018\\\/11\\\/canalsurmicole2020-300x300.png\",\"datePublished\":\"2018-11-26T19:40:43+00:00\",\"dateModified\":\"2025-08-27T07:59:25+00:00\",\"author\":{\"@id\":\"https:\\\/\\\/alcala.salesianos.edu\\\/colegio\\\/#\\\/schema\\\/person\\\/afcc24f776dc91fc2bf9afb0998fca77\"},\"breadcrumb\":{\"@id\":\"https:\\\/\\\/alcala.salesianos.edu\\\/colegio\\\/blog\\\/2018\\\/11\\\/26\\\/mi-colegio-2020-en-andalucia-tv\\\/#breadcrumb\"},\"inLanguage\":\"es\",\"potentialAction\":[{\"@type\":\"ReadAction\",\"target\":[\"https:\\\/\\\/alcala.salesianos.edu\\\/colegio\\\/blog\\\/2018\\\/11\\\/26\\\/mi-colegio-2020-en-andalucia-tv\\\/\"]}]},{\"@type\":\"ImageObject\",\"inLanguage\":\"es\",\"@id\":\"https:\\\/\\\/alcala.salesianos.edu\\\/colegio\\\/blog\\\/2018\\\/11\\\/26\\\/mi-colegio-2020-en-andalucia-tv\\\/#primaryimage\",\"url\":\"https:\\\/\\\/alcala.salesianos.edu\\\/wp-content\\\/uploads\\\/2018\\\/11\\\/canalsurmicole2020-300x300.png\",\"contentUrl\":\"https:\\\/\\\/alcala.salesianos.edu\\\/wp-content\\\/uploads\\\/2018\\\/11\\\/canalsurmicole2020-300x300.png\"},{\"@type\":\"BreadcrumbList\",\"@id\":\"https:\\\/\\\/alcala.salesianos.edu\\\/colegio\\\/blog\\\/2018\\\/11\\\/26\\\/mi-colegio-2020-en-andalucia-tv\\\/#breadcrumb\",\"itemListElement\":[{\"@type\":\"ListItem\",\"position\":1,\"name\":\"Portada\",\"item\":\"https:\\\/\\\/alcala.salesianos.edu\\\/colegio\\\/\"},{\"@type\":\"ListItem\",\"position\":2,\"name\":\"Mi Colegio 2020 en Andaluc\u00eda TV\"}]},{\"@type\":\"WebSite\",\"@id\":\"https:\\\/\\\/alcala.salesianos.edu\\\/colegio\\\/#website\",\"url\":\"https:\\\/\\\/alcala.salesianos.edu\\\/colegio\\\/\",\"name\":\"Colegio Salesiano Alcal\u00e1\",\"description\":\"P\u00e1gina oficial de Salesianos Alcal\u00e1 de Guadaira\",\"potentialAction\":[{\"@type\":\"SearchAction\",\"target\":{\"@type\":\"EntryPoint\",\"urlTemplate\":\"https:\\\/\\\/alcala.salesianos.edu\\\/colegio\\\/?s={search_term_string}\"},\"query-input\":{\"@type\":\"PropertyValueSpecification\",\"valueRequired\":true,\"valueName\":\"search_term_string\"}}],\"inLanguage\":\"es\"},{\"@type\":\"Person\",\"@id\":\"https:\\\/\\\/alcala.salesianos.edu\\\/colegio\\\/#\\\/schema\\\/person\\\/afcc24f776dc91fc2bf9afb0998fca77\",\"name\":\"Administrador Web\",\"image\":{\"@type\":\"ImageObject\",\"inLanguage\":\"es\",\"@id\":\"https:\\\/\\\/secure.gravatar.com\\\/avatar\\\/bc157e994689bd6da9645c00aa3bc4d55b727915b6652642660db0aef086585f?s=96&d=mm&r=g\",\"url\":\"https:\\\/\\\/secure.gravatar.com\\\/avatar\\\/bc157e994689bd6da9645c00aa3bc4d55b727915b6652642660db0aef086585f?s=96&d=mm&r=g\",\"contentUrl\":\"https:\\\/\\\/secure.gravatar.com\\\/avatar\\\/bc157e994689bd6da9645c00aa3bc4d55b727915b6652642660db0aef086585f?s=96&d=mm&r=g\",\"caption\":\"Administrador Web\"}}]}<\/script>\n<!-- \/ Yoast SEO plugin. -->","yoast_head_json":{"title":"Mi Colegio 2020 en Andaluc\u00eda TV - Colegio Salesiano Alcal\u00e1","robots":{"index":"index","follow":"follow","max-snippet":"max-snippet:-1","max-image-preview":"max-image-preview:large","max-video-preview":"max-video-preview:-1"},"canonical":"https:\/\/alcala.salesianos.edu\/colegio\/blog\/2018\/11\/26\/mi-colegio-2020-en-andalucia-tv\/","og_locale":"es_ES","og_type":"article","og_title":"Mi Colegio 2020 en Andaluc\u00eda TV - Colegio Salesiano Alcal\u00e1","og_description":"En la actualidad, las tecnolog\u00edas han ido evolucionando de forma exponencial, brindando al ser humano la capacidad de conseguir logros en materia de construcci\u00f3n, medicina, ciencia o navegaci\u00f3n espacial entre otros muchos. La programaci\u00f3n, as\u00ed como el uso y manejo de las tecnolog\u00edas, pasa a considerarse una habilidad b\u00e1sica del siglo XXI por la [&hellip;]","og_url":"https:\/\/alcala.salesianos.edu\/colegio\/blog\/2018\/11\/26\/mi-colegio-2020-en-andalucia-tv\/","og_site_name":"Colegio Salesiano Alcal\u00e1","article_published_time":"2018-11-26T19:40:43+00:00","article_modified_time":"2025-08-27T07:59:25+00:00","author":"Administrador Web","twitter_card":"summary_large_image","twitter_misc":{"Escrito por":"Administrador Web","Tiempo de lectura":"2 minutos"},"schema":{"@context":"https:\/\/schema.org","@graph":[{"@type":"Article","@id":"https:\/\/alcala.salesianos.edu\/colegio\/blog\/2018\/11\/26\/mi-colegio-2020-en-andalucia-tv\/#article","isPartOf":{"@id":"https:\/\/alcala.salesianos.edu\/colegio\/blog\/2018\/11\/26\/mi-colegio-2020-en-andalucia-tv\/"},"author":{"name":"Administrador Web","@id":"https:\/\/alcala.salesianos.edu\/colegio\/#\/schema\/person\/afcc24f776dc91fc2bf9afb0998fca77"},"headline":"Mi Colegio 2020 en Andaluc\u00eda TV","datePublished":"2018-11-26T19:40:43+00:00","dateModified":"2025-08-27T07:59:25+00:00","mainEntityOfPage":{"@id":"https:\/\/alcala.salesianos.edu\/colegio\/blog\/2018\/11\/26\/mi-colegio-2020-en-andalucia-tv\/"},"wordCount":416,"image":{"@id":"https:\/\/alcala.salesianos.edu\/colegio\/blog\/2018\/11\/26\/mi-colegio-2020-en-andalucia-tv\/#primaryimage"},"thumbnailUrl":"https:\/\/alcala.salesianos.edu\/wp-content\/uploads\/2018\/11\/canalsurmicole2020-300x300.png","articleSection":["Colegio","Escuela abierta","FASA","Infantil","Pastoral","Portada","Primaria","Secundaria","Uncategorized"],"inLanguage":"es"},{"@type":"WebPage","@id":"https:\/\/alcala.salesianos.edu\/colegio\/blog\/2018\/11\/26\/mi-colegio-2020-en-andalucia-tv\/","url":"https:\/\/alcala.salesianos.edu\/colegio\/blog\/2018\/11\/26\/mi-colegio-2020-en-andalucia-tv\/","name":"Mi Colegio 2020 en Andaluc\u00eda TV - Colegio Salesiano Alcal\u00e1","isPartOf":{"@id":"https:\/\/alcala.salesianos.edu\/colegio\/#website"},"primaryImageOfPage":{"@id":"https:\/\/alcala.salesianos.edu\/colegio\/blog\/2018\/11\/26\/mi-colegio-2020-en-andalucia-tv\/#primaryimage"},"image":{"@id":"https:\/\/alcala.salesianos.edu\/colegio\/blog\/2018\/11\/26\/mi-colegio-2020-en-andalucia-tv\/#primaryimage"},"thumbnailUrl":"https:\/\/alcala.salesianos.edu\/wp-content\/uploads\/2018\/11\/canalsurmicole2020-300x300.png","datePublished":"2018-11-26T19:40:43+00:00","dateModified":"2025-08-27T07:59:25+00:00","author":{"@id":"https:\/\/alcala.salesianos.edu\/colegio\/#\/schema\/person\/afcc24f776dc91fc2bf9afb0998fca77"},"breadcrumb":{"@id":"https:\/\/alcala.salesianos.edu\/colegio\/blog\/2018\/11\/26\/mi-colegio-2020-en-andalucia-tv\/#breadcrumb"},"inLanguage":"es","potentialAction":[{"@type":"ReadAction","target":["https:\/\/alcala.salesianos.edu\/colegio\/blog\/2018\/11\/26\/mi-colegio-2020-en-andalucia-tv\/"]}]},{"@type":"ImageObject","inLanguage":"es","@id":"https:\/\/alcala.salesianos.edu\/colegio\/blog\/2018\/11\/26\/mi-colegio-2020-en-andalucia-tv\/#primaryimage","url":"https:\/\/alcala.salesianos.edu\/wp-content\/uploads\/2018\/11\/canalsurmicole2020-300x300.png","contentUrl":"https:\/\/alcala.salesianos.edu\/wp-content\/uploads\/2018\/11\/canalsurmicole2020-300x300.png"},{"@type":"BreadcrumbList","@id":"https:\/\/alcala.salesianos.edu\/colegio\/blog\/2018\/11\/26\/mi-colegio-2020-en-andalucia-tv\/#breadcrumb","itemListElement":[{"@type":"ListItem","position":1,"name":"Portada","item":"https:\/\/alcala.salesianos.edu\/colegio\/"},{"@type":"ListItem","position":2,"name":"Mi Colegio 2020 en Andaluc\u00eda TV"}]},{"@type":"WebSite","@id":"https:\/\/alcala.salesianos.edu\/colegio\/#website","url":"https:\/\/alcala.salesianos.edu\/colegio\/","name":"Colegio Salesiano Alcal\u00e1","description":"P\u00e1gina oficial de Salesianos Alcal\u00e1 de Guadaira","potentialAction":[{"@type":"SearchAction","target":{"@type":"EntryPoint","urlTemplate":"https:\/\/alcala.salesianos.edu\/colegio\/?s={search_term_string}"},"query-input":{"@type":"PropertyValueSpecification","valueRequired":true,"valueName":"search_term_string"}}],"inLanguage":"es"},{"@type":"Person","@id":"https:\/\/alcala.salesianos.edu\/colegio\/#\/schema\/person\/afcc24f776dc91fc2bf9afb0998fca77","name":"Administrador Web","image":{"@type":"ImageObject","inLanguage":"es","@id":"https:\/\/secure.gravatar.com\/avatar\/bc157e994689bd6da9645c00aa3bc4d55b727915b6652642660db0aef086585f?s=96&d=mm&r=g","url":"https:\/\/secure.gravatar.com\/avatar\/bc157e994689bd6da9645c00aa3bc4d55b727915b6652642660db0aef086585f?s=96&d=mm&r=g","contentUrl":"https:\/\/secure.gravatar.com\/avatar\/bc157e994689bd6da9645c00aa3bc4d55b727915b6652642660db0aef086585f?s=96&d=mm&r=g","caption":"Administrador Web"}}]}},"_links":{"self":[{"href":"https:\/\/alcala.salesianos.edu\/colegio\/wp-json\/wp\/v2\/posts\/10631","targetHints":{"allow":["GET"]}}],"collection":[{"href":"https:\/\/alcala.salesianos.edu\/colegio\/wp-json\/wp\/v2\/posts"}],"about":[{"href":"https:\/\/alcala.salesianos.edu\/colegio\/wp-json\/wp\/v2\/types\/post"}],"author":[{"embeddable":true,"href":"https:\/\/alcala.salesianos.edu\/colegio\/wp-json\/wp\/v2\/users\/2"}],"replies":[{"embeddable":true,"href":"https:\/\/alcala.salesianos.edu\/colegio\/wp-json\/wp\/v2\/comments?post=10631"}],"version-history":[{"count":12,"href":"https:\/\/alcala.salesianos.edu\/colegio\/wp-json\/wp\/v2\/posts\/10631\/revisions"}],"predecessor-version":[{"id":16425,"href":"https:\/\/alcala.salesianos.edu\/colegio\/wp-json\/wp\/v2\/posts\/10631\/revisions\/16425"}],"wp:attachment":[{"href":"https:\/\/alcala.salesianos.edu\/colegio\/wp-json\/wp\/v2\/media?parent=10631"}],"wp:term":[{"taxonomy":"category","embeddable":true,"href":"https:\/\/alcala.salesianos.edu\/colegio\/wp-json\/wp\/v2\/categories?post=10631"},{"taxonomy":"post_tag","embeddable":true,"href":"https:\/\/alcala.salesianos.edu\/colegio\/wp-json\/wp\/v2\/tags?post=10631"}],"curies":[{"name":"wp","href":"https:\/\/api.w.org\/{rel}","templated":true}]}}