{"id":10576,"date":"2018-11-16T13:24:00","date_gmt":"2018-11-16T12:24:00","guid":{"rendered":"https:\/\/alcala.salesianos.edu\/colegio\/blog\/2018\/11\/16\/consuelo-gonzalez-pregonera-del-rocio-2019\/"},"modified":"2025-08-27T08:59:27","modified_gmt":"2025-08-27T07:59:27","slug":"consuelo-gonzalez-pregonera-del-rocio-2019","status":"publish","type":"post","link":"https:\/\/alcala.salesianos.edu\/colegio\/blog\/2018\/11\/16\/consuelo-gonzalez-pregonera-del-rocio-2019\/","title":{"rendered":"Consuelo Gonz\u00e1lez, pregonera del Roc\u00edo 2019"},"content":{"rendered":"<div id=\"fb-root\"><\/div>\n<p>[et_pb_section bb_built=\u00bb1&#8243;][et_pb_row][et_pb_column type=\u00bb4_4&#8243;][et_pb_text _builder_version=\u00bb3.0.105&#8243; background_layout=\u00bblight\u00bb]<\/p>\n<p><img loading=\"lazy\" decoding=\"async\" class=\"size-medium wp-image-10577 alignleft\" src=\"https:\/\/alcala.salesianos.edu\/colegio\/wp-content\/uploads\/sites\/2\/2025\/08\/consuelo-265x300.jpeg\" alt=\"\" width=\"265\" height=\"300\" \/>El pasado martes, la hermandad de Ntra. Sra. del Roc\u00edo de Alcal\u00e1 de Guada\u00edra, design\u00f3 a nuestra profesora D\u00f1a. Consuelo Gonz\u00e1lez Rodr\u00edguez pregonera del Roc\u00edo 2019.\u00a0 El nombramiento se har\u00e1 oficial durante la cena conmemorativa del XXXV aniversario, la cual tendr\u00e1 lugar,\u00a0tras la Eucarist\u00eda de Acci\u00f3n de Gracias de la misma Hermandad el pr\u00f3ximo 24 de noviembre.<\/p>\n<p>Consuelo ha sido, durante muchos a\u00f1os, parte de la Junta Directiva de la Asociaci\u00f3n de Mar\u00eda Auxiliadora de Alcal\u00e1, siendo presidenta durante la Coronaci\u00f3n Can\u00f3nica de Mar\u00eda Auxiliadora el pasado 3 de mayo de 2014.<\/p>\n<p>Deseamos que la Virgen del Roc\u00edo la acompa\u00f1e y la gu\u00ede por este precioso preg\u00f3n que estamos seguro va a realizar y que servir\u00e1 como preparaci\u00f3n a la peregrinaci\u00f3n de la Hermandad a Almonte para la celebraci\u00f3n de Pentecost\u00e9s el pr\u00f3ximo 9 de junio.<\/p>\n<p>[\/et_pb_text][\/et_pb_column][\/et_pb_row][\/et_pb_section]<\/p>\n","protected":false},"excerpt":{"rendered":"<p>Nuestra profesora de Educaci\u00f3n Secundaria y presidenta de A.D.M.A. en la Coronaci\u00f3n de M\u00aa Auxiliadora ser\u00e1 la persona encargada de pronunciar el preg\u00f3n del Roc\u00edo 2019 de Alcal\u00e1 de Guada\u00edra.<\/p>\n","protected":false},"author":2,"featured_media":10577,"comment_status":"closed","ping_status":"open","sticky":false,"template":"","format":"standard","meta":{"_et_pb_use_builder":"on","_et_pb_old_content":"","_et_gb_content_width":"","footnotes":""},"categories":[12,19,13,17,14,15,18,16,1],"tags":[],"class_list":["post-10576","post","type-post","status-publish","format-standard","has-post-thumbnail","hentry","category-colegio","category-escuela-abierta","category-fasa","category-infantil","category-pastoral","category-portada","category-primaria","category-secundaria","category-uncategorized"],"yoast_head":"<!-- This site is optimized with the Yoast SEO plugin v28.4 - https:\/\/yoast.com\/product\/yoast-seo-wordpress\/ -->\n<title>Consuelo Gonz\u00e1lez, pregonera del Roc\u00edo 2019 - Colegio Salesiano Alcal\u00e1<\/title>\n<meta name=\"robots\" content=\"index, follow, max-snippet:-1, max-image-preview:large, max-video-preview:-1\" \/>\n<link rel=\"canonical\" href=\"https:\/\/alcala.salesianos.edu\/colegio\/blog\/2018\/11\/16\/consuelo-gonzalez-pregonera-del-rocio-2019\/\" \/>\n<meta property=\"og:locale\" content=\"es_ES\" \/>\n<meta property=\"og:type\" content=\"article\" \/>\n<meta property=\"og:title\" content=\"Consuelo Gonz\u00e1lez, pregonera del Roc\u00edo 2019 - Colegio Salesiano Alcal\u00e1\" \/>\n<meta property=\"og:description\" content=\"Nuestra profesora de Educaci\u00f3n Secundaria y presidenta de A.D.M.A. en la Coronaci\u00f3n de M\u00aa Auxiliadora ser\u00e1 la persona encargada de pronunciar el preg\u00f3n del Roc\u00edo 2019 de Alcal\u00e1 de Guada\u00edra.\" \/>\n<meta property=\"og:url\" content=\"https:\/\/alcala.salesianos.edu\/colegio\/blog\/2018\/11\/16\/consuelo-gonzalez-pregonera-del-rocio-2019\/\" \/>\n<meta property=\"og:site_name\" content=\"Colegio Salesiano Alcal\u00e1\" \/>\n<meta property=\"article:published_time\" content=\"2018-11-16T12:24:00+00:00\" \/>\n<meta property=\"article:modified_time\" content=\"2025-08-27T07:59:27+00:00\" \/>\n<meta property=\"og:image\" content=\"https:\/\/alcala.salesianos.edu\/colegio\/wp-content\/uploads\/sites\/2\/2018\/11\/consuelo.jpeg\" \/>\n\t<meta property=\"og:image:width\" content=\"1\" \/>\n\t<meta property=\"og:image:height\" content=\"1\" \/>\n\t<meta property=\"og:image:type\" content=\"image\/jpeg\" \/>\n<meta name=\"author\" content=\"Administrador Web\" \/>\n<meta name=\"twitter:card\" content=\"summary_large_image\" \/>\n<meta name=\"twitter:label1\" content=\"Escrito por\" \/>\n\t<meta name=\"twitter:data1\" content=\"Administrador Web\" \/>\n\t<meta name=\"twitter:label2\" content=\"Tiempo de lectura\" \/>\n\t<meta name=\"twitter:data2\" content=\"1 minuto\" \/>\n<script type=\"application\/ld+json\" class=\"yoast-schema-graph\">{\"@context\":\"https:\\\/\\\/schema.org\",\"@graph\":[{\"@type\":\"Article\",\"@id\":\"https:\\\/\\\/alcala.salesianos.edu\\\/colegio\\\/blog\\\/2018\\\/11\\\/16\\\/consuelo-gonzalez-pregonera-del-rocio-2019\\\/#article\",\"isPartOf\":{\"@id\":\"https:\\\/\\\/alcala.salesianos.edu\\\/colegio\\\/blog\\\/2018\\\/11\\\/16\\\/consuelo-gonzalez-pregonera-del-rocio-2019\\\/\"},\"author\":{\"name\":\"Administrador Web\",\"@id\":\"https:\\\/\\\/alcala.salesianos.edu\\\/colegio\\\/#\\\/schema\\\/person\\\/afcc24f776dc91fc2bf9afb0998fca77\"},\"headline\":\"Consuelo Gonz\u00e1lez, pregonera del Roc\u00edo 2019\",\"datePublished\":\"2018-11-16T12:24:00+00:00\",\"dateModified\":\"2025-08-27T07:59:27+00:00\",\"mainEntityOfPage\":{\"@id\":\"https:\\\/\\\/alcala.salesianos.edu\\\/colegio\\\/blog\\\/2018\\\/11\\\/16\\\/consuelo-gonzalez-pregonera-del-rocio-2019\\\/\"},\"wordCount\":195,\"image\":{\"@id\":\"https:\\\/\\\/alcala.salesianos.edu\\\/colegio\\\/blog\\\/2018\\\/11\\\/16\\\/consuelo-gonzalez-pregonera-del-rocio-2019\\\/#primaryimage\"},\"thumbnailUrl\":\"https:\\\/\\\/alcala.salesianos.edu\\\/colegio\\\/wp-content\\\/uploads\\\/sites\\\/2\\\/2018\\\/11\\\/consuelo.jpeg\",\"articleSection\":[\"Colegio\",\"Escuela abierta\",\"FASA\",\"Infantil\",\"Pastoral\",\"Portada\",\"Primaria\",\"Secundaria\",\"Uncategorized\"],\"inLanguage\":\"es\"},{\"@type\":\"WebPage\",\"@id\":\"https:\\\/\\\/alcala.salesianos.edu\\\/colegio\\\/blog\\\/2018\\\/11\\\/16\\\/consuelo-gonzalez-pregonera-del-rocio-2019\\\/\",\"url\":\"https:\\\/\\\/alcala.salesianos.edu\\\/colegio\\\/blog\\\/2018\\\/11\\\/16\\\/consuelo-gonzalez-pregonera-del-rocio-2019\\\/\",\"name\":\"Consuelo Gonz\u00e1lez, pregonera del Roc\u00edo 2019 - Colegio Salesiano Alcal\u00e1\",\"isPartOf\":{\"@id\":\"https:\\\/\\\/alcala.salesianos.edu\\\/colegio\\\/#website\"},\"primaryImageOfPage\":{\"@id\":\"https:\\\/\\\/alcala.salesianos.edu\\\/colegio\\\/blog\\\/2018\\\/11\\\/16\\\/consuelo-gonzalez-pregonera-del-rocio-2019\\\/#primaryimage\"},\"image\":{\"@id\":\"https:\\\/\\\/alcala.salesianos.edu\\\/colegio\\\/blog\\\/2018\\\/11\\\/16\\\/consuelo-gonzalez-pregonera-del-rocio-2019\\\/#primaryimage\"},\"thumbnailUrl\":\"https:\\\/\\\/alcala.salesianos.edu\\\/colegio\\\/wp-content\\\/uploads\\\/sites\\\/2\\\/2018\\\/11\\\/consuelo.jpeg\",\"datePublished\":\"2018-11-16T12:24:00+00:00\",\"dateModified\":\"2025-08-27T07:59:27+00:00\",\"author\":{\"@id\":\"https:\\\/\\\/alcala.salesianos.edu\\\/colegio\\\/#\\\/schema\\\/person\\\/afcc24f776dc91fc2bf9afb0998fca77\"},\"breadcrumb\":{\"@id\":\"https:\\\/\\\/alcala.salesianos.edu\\\/colegio\\\/blog\\\/2018\\\/11\\\/16\\\/consuelo-gonzalez-pregonera-del-rocio-2019\\\/#breadcrumb\"},\"inLanguage\":\"es\",\"potentialAction\":[{\"@type\":\"ReadAction\",\"target\":[\"https:\\\/\\\/alcala.salesianos.edu\\\/colegio\\\/blog\\\/2018\\\/11\\\/16\\\/consuelo-gonzalez-pregonera-del-rocio-2019\\\/\"]}]},{\"@type\":\"ImageObject\",\"inLanguage\":\"es\",\"@id\":\"https:\\\/\\\/alcala.salesianos.edu\\\/colegio\\\/blog\\\/2018\\\/11\\\/16\\\/consuelo-gonzalez-pregonera-del-rocio-2019\\\/#primaryimage\",\"url\":\"https:\\\/\\\/alcala.salesianos.edu\\\/colegio\\\/wp-content\\\/uploads\\\/sites\\\/2\\\/2018\\\/11\\\/consuelo.jpeg\",\"contentUrl\":\"https:\\\/\\\/alcala.salesianos.edu\\\/colegio\\\/wp-content\\\/uploads\\\/sites\\\/2\\\/2018\\\/11\\\/consuelo.jpeg\"},{\"@type\":\"BreadcrumbList\",\"@id\":\"https:\\\/\\\/alcala.salesianos.edu\\\/colegio\\\/blog\\\/2018\\\/11\\\/16\\\/consuelo-gonzalez-pregonera-del-rocio-2019\\\/#breadcrumb\",\"itemListElement\":[{\"@type\":\"ListItem\",\"position\":1,\"name\":\"Portada\",\"item\":\"https:\\\/\\\/alcala.salesianos.edu\\\/colegio\\\/\"},{\"@type\":\"ListItem\",\"position\":2,\"name\":\"Consuelo Gonz\u00e1lez, pregonera del Roc\u00edo 2019\"}]},{\"@type\":\"WebSite\",\"@id\":\"https:\\\/\\\/alcala.salesianos.edu\\\/colegio\\\/#website\",\"url\":\"https:\\\/\\\/alcala.salesianos.edu\\\/colegio\\\/\",\"name\":\"Colegio Salesiano Alcal\u00e1\",\"description\":\"P\u00e1gina oficial de Salesianos Alcal\u00e1 de Guadaira\",\"potentialAction\":[{\"@type\":\"SearchAction\",\"target\":{\"@type\":\"EntryPoint\",\"urlTemplate\":\"https:\\\/\\\/alcala.salesianos.edu\\\/colegio\\\/?s={search_term_string}\"},\"query-input\":{\"@type\":\"PropertyValueSpecification\",\"valueRequired\":true,\"valueName\":\"search_term_string\"}}],\"inLanguage\":\"es\"},{\"@type\":\"Person\",\"@id\":\"https:\\\/\\\/alcala.salesianos.edu\\\/colegio\\\/#\\\/schema\\\/person\\\/afcc24f776dc91fc2bf9afb0998fca77\",\"name\":\"Administrador Web\",\"image\":{\"@type\":\"ImageObject\",\"inLanguage\":\"es\",\"@id\":\"https:\\\/\\\/secure.gravatar.com\\\/avatar\\\/bc157e994689bd6da9645c00aa3bc4d55b727915b6652642660db0aef086585f?s=96&d=mm&r=g\",\"url\":\"https:\\\/\\\/secure.gravatar.com\\\/avatar\\\/bc157e994689bd6da9645c00aa3bc4d55b727915b6652642660db0aef086585f?s=96&d=mm&r=g\",\"contentUrl\":\"https:\\\/\\\/secure.gravatar.com\\\/avatar\\\/bc157e994689bd6da9645c00aa3bc4d55b727915b6652642660db0aef086585f?s=96&d=mm&r=g\",\"caption\":\"Administrador Web\"}}]}<\/script>\n<!-- \/ Yoast SEO plugin. -->","yoast_head_json":{"title":"Consuelo Gonz\u00e1lez, pregonera del Roc\u00edo 2019 - Colegio Salesiano Alcal\u00e1","robots":{"index":"index","follow":"follow","max-snippet":"max-snippet:-1","max-image-preview":"max-image-preview:large","max-video-preview":"max-video-preview:-1"},"canonical":"https:\/\/alcala.salesianos.edu\/colegio\/blog\/2018\/11\/16\/consuelo-gonzalez-pregonera-del-rocio-2019\/","og_locale":"es_ES","og_type":"article","og_title":"Consuelo Gonz\u00e1lez, pregonera del Roc\u00edo 2019 - Colegio Salesiano Alcal\u00e1","og_description":"Nuestra profesora de Educaci\u00f3n Secundaria y presidenta de A.D.M.A. en la Coronaci\u00f3n de M\u00aa Auxiliadora ser\u00e1 la persona encargada de pronunciar el preg\u00f3n del Roc\u00edo 2019 de Alcal\u00e1 de Guada\u00edra.","og_url":"https:\/\/alcala.salesianos.edu\/colegio\/blog\/2018\/11\/16\/consuelo-gonzalez-pregonera-del-rocio-2019\/","og_site_name":"Colegio Salesiano Alcal\u00e1","article_published_time":"2018-11-16T12:24:00+00:00","article_modified_time":"2025-08-27T07:59:27+00:00","og_image":[{"url":"https:\/\/alcala.salesianos.edu\/colegio\/wp-content\/uploads\/sites\/2\/2018\/11\/consuelo.jpeg","width":1,"height":1,"type":"image\/jpeg"}],"author":"Administrador Web","twitter_card":"summary_large_image","twitter_misc":{"Escrito por":"Administrador Web","Tiempo de lectura":"1 minuto"},"schema":{"@context":"https:\/\/schema.org","@graph":[{"@type":"Article","@id":"https:\/\/alcala.salesianos.edu\/colegio\/blog\/2018\/11\/16\/consuelo-gonzalez-pregonera-del-rocio-2019\/#article","isPartOf":{"@id":"https:\/\/alcala.salesianos.edu\/colegio\/blog\/2018\/11\/16\/consuelo-gonzalez-pregonera-del-rocio-2019\/"},"author":{"name":"Administrador Web","@id":"https:\/\/alcala.salesianos.edu\/colegio\/#\/schema\/person\/afcc24f776dc91fc2bf9afb0998fca77"},"headline":"Consuelo Gonz\u00e1lez, pregonera del Roc\u00edo 2019","datePublished":"2018-11-16T12:24:00+00:00","dateModified":"2025-08-27T07:59:27+00:00","mainEntityOfPage":{"@id":"https:\/\/alcala.salesianos.edu\/colegio\/blog\/2018\/11\/16\/consuelo-gonzalez-pregonera-del-rocio-2019\/"},"wordCount":195,"image":{"@id":"https:\/\/alcala.salesianos.edu\/colegio\/blog\/2018\/11\/16\/consuelo-gonzalez-pregonera-del-rocio-2019\/#primaryimage"},"thumbnailUrl":"https:\/\/alcala.salesianos.edu\/colegio\/wp-content\/uploads\/sites\/2\/2018\/11\/consuelo.jpeg","articleSection":["Colegio","Escuela abierta","FASA","Infantil","Pastoral","Portada","Primaria","Secundaria","Uncategorized"],"inLanguage":"es"},{"@type":"WebPage","@id":"https:\/\/alcala.salesianos.edu\/colegio\/blog\/2018\/11\/16\/consuelo-gonzalez-pregonera-del-rocio-2019\/","url":"https:\/\/alcala.salesianos.edu\/colegio\/blog\/2018\/11\/16\/consuelo-gonzalez-pregonera-del-rocio-2019\/","name":"Consuelo Gonz\u00e1lez, pregonera del Roc\u00edo 2019 - Colegio Salesiano Alcal\u00e1","isPartOf":{"@id":"https:\/\/alcala.salesianos.edu\/colegio\/#website"},"primaryImageOfPage":{"@id":"https:\/\/alcala.salesianos.edu\/colegio\/blog\/2018\/11\/16\/consuelo-gonzalez-pregonera-del-rocio-2019\/#primaryimage"},"image":{"@id":"https:\/\/alcala.salesianos.edu\/colegio\/blog\/2018\/11\/16\/consuelo-gonzalez-pregonera-del-rocio-2019\/#primaryimage"},"thumbnailUrl":"https:\/\/alcala.salesianos.edu\/colegio\/wp-content\/uploads\/sites\/2\/2018\/11\/consuelo.jpeg","datePublished":"2018-11-16T12:24:00+00:00","dateModified":"2025-08-27T07:59:27+00:00","author":{"@id":"https:\/\/alcala.salesianos.edu\/colegio\/#\/schema\/person\/afcc24f776dc91fc2bf9afb0998fca77"},"breadcrumb":{"@id":"https:\/\/alcala.salesianos.edu\/colegio\/blog\/2018\/11\/16\/consuelo-gonzalez-pregonera-del-rocio-2019\/#breadcrumb"},"inLanguage":"es","potentialAction":[{"@type":"ReadAction","target":["https:\/\/alcala.salesianos.edu\/colegio\/blog\/2018\/11\/16\/consuelo-gonzalez-pregonera-del-rocio-2019\/"]}]},{"@type":"ImageObject","inLanguage":"es","@id":"https:\/\/alcala.salesianos.edu\/colegio\/blog\/2018\/11\/16\/consuelo-gonzalez-pregonera-del-rocio-2019\/#primaryimage","url":"https:\/\/alcala.salesianos.edu\/colegio\/wp-content\/uploads\/sites\/2\/2018\/11\/consuelo.jpeg","contentUrl":"https:\/\/alcala.salesianos.edu\/colegio\/wp-content\/uploads\/sites\/2\/2018\/11\/consuelo.jpeg"},{"@type":"BreadcrumbList","@id":"https:\/\/alcala.salesianos.edu\/colegio\/blog\/2018\/11\/16\/consuelo-gonzalez-pregonera-del-rocio-2019\/#breadcrumb","itemListElement":[{"@type":"ListItem","position":1,"name":"Portada","item":"https:\/\/alcala.salesianos.edu\/colegio\/"},{"@type":"ListItem","position":2,"name":"Consuelo Gonz\u00e1lez, pregonera del Roc\u00edo 2019"}]},{"@type":"WebSite","@id":"https:\/\/alcala.salesianos.edu\/colegio\/#website","url":"https:\/\/alcala.salesianos.edu\/colegio\/","name":"Colegio Salesiano Alcal\u00e1","description":"P\u00e1gina oficial de Salesianos Alcal\u00e1 de Guadaira","potentialAction":[{"@type":"SearchAction","target":{"@type":"EntryPoint","urlTemplate":"https:\/\/alcala.salesianos.edu\/colegio\/?s={search_term_string}"},"query-input":{"@type":"PropertyValueSpecification","valueRequired":true,"valueName":"search_term_string"}}],"inLanguage":"es"},{"@type":"Person","@id":"https:\/\/alcala.salesianos.edu\/colegio\/#\/schema\/person\/afcc24f776dc91fc2bf9afb0998fca77","name":"Administrador Web","image":{"@type":"ImageObject","inLanguage":"es","@id":"https:\/\/secure.gravatar.com\/avatar\/bc157e994689bd6da9645c00aa3bc4d55b727915b6652642660db0aef086585f?s=96&d=mm&r=g","url":"https:\/\/secure.gravatar.com\/avatar\/bc157e994689bd6da9645c00aa3bc4d55b727915b6652642660db0aef086585f?s=96&d=mm&r=g","contentUrl":"https:\/\/secure.gravatar.com\/avatar\/bc157e994689bd6da9645c00aa3bc4d55b727915b6652642660db0aef086585f?s=96&d=mm&r=g","caption":"Administrador Web"}}]}},"_links":{"self":[{"href":"https:\/\/alcala.salesianos.edu\/colegio\/wp-json\/wp\/v2\/posts\/10576","targetHints":{"allow":["GET"]}}],"collection":[{"href":"https:\/\/alcala.salesianos.edu\/colegio\/wp-json\/wp\/v2\/posts"}],"about":[{"href":"https:\/\/alcala.salesianos.edu\/colegio\/wp-json\/wp\/v2\/types\/post"}],"author":[{"embeddable":true,"href":"https:\/\/alcala.salesianos.edu\/colegio\/wp-json\/wp\/v2\/users\/2"}],"replies":[{"embeddable":true,"href":"https:\/\/alcala.salesianos.edu\/colegio\/wp-json\/wp\/v2\/comments?post=10576"}],"version-history":[{"count":15,"href":"https:\/\/alcala.salesianos.edu\/colegio\/wp-json\/wp\/v2\/posts\/10576\/revisions"}],"predecessor-version":[{"id":16510,"href":"https:\/\/alcala.salesianos.edu\/colegio\/wp-json\/wp\/v2\/posts\/10576\/revisions\/16510"}],"wp:featuredmedia":[{"embeddable":true,"href":"https:\/\/alcala.salesianos.edu\/colegio\/wp-json\/wp\/v2\/media\/10577"}],"wp:attachment":[{"href":"https:\/\/alcala.salesianos.edu\/colegio\/wp-json\/wp\/v2\/media?parent=10576"}],"wp:term":[{"taxonomy":"category","embeddable":true,"href":"https:\/\/alcala.salesianos.edu\/colegio\/wp-json\/wp\/v2\/categories?post=10576"},{"taxonomy":"post_tag","embeddable":true,"href":"https:\/\/alcala.salesianos.edu\/colegio\/wp-json\/wp\/v2\/tags?post=10576"}],"curies":[{"name":"wp","href":"https:\/\/api.w.org\/{rel}","templated":true}]}}