{"id":10539,"date":"2018-11-14T07:29:17","date_gmt":"2018-11-14T06:29:17","guid":{"rendered":"https:\/\/alcala.salesianos.edu\/colegio\/blog\/2018\/11\/14\/gran-convivencia-de-luz-y-a-d-s-en-nuestra-casa\/"},"modified":"2025-08-27T08:59:28","modified_gmt":"2025-08-27T07:59:28","slug":"gran-convivencia-de-luz-y-a-d-s-en-nuestra-casa","status":"publish","type":"post","link":"https:\/\/alcala.salesianos.edu\/colegio\/blog\/2018\/11\/14\/gran-convivencia-de-luz-y-a-d-s-en-nuestra-casa\/","title":{"rendered":"Gran convivencia de Luz y A.D.S. en nuestra Casa"},"content":{"rendered":"<div id=\"fb-root\"><\/div>\n<p>[et_pb_section bb_built=\u00bb1&#8243;][et_pb_row][et_pb_column type=\u00bb4_4&#8243;][et_pb_text _builder_version=\u00bb3.0.105&#8243; background_layout=\u00bblight\u00bb]<\/p>\n<p>&nbsp;<\/p>\n<p><img loading=\"lazy\" decoding=\"async\" class=\"size-medium wp-image-5664 alignleft\" src=\"https:\/\/alcala.salesianos.edu\/wp-content\/uploads\/2018\/11\/convialcala-001-212x300.jpg\" alt=\"\" width=\"212\" height=\"300\" \/>La jornada del pasado s\u00e1bado, los j\u00f3venes de Luz III-IV y A.D.S. i-II de la zona inspectorial Sevilla-Huelva se reunieron en nuestra Casa para vivir una jornada de convivencia en torno a la Pastoral Juvenil Salesiana centrados en el tema de \u00ab<a href=\"https:\/\/www.primerolosultimos.org\/\">Primero los \u00faltimos<\/a>\u00ab.<\/p>\n<p>A las diez de la ma\u00f1ana las Casas m\u00e1s madrugadoras comenzaron a llegar, tuvieron una peque\u00f1a acogida y se instalaron en sus clases. Justo despu\u00e9s comenzamos la jornada con la eucarist\u00eda presidida por el coordinador inspectorial del Itinerario de Educaci\u00f3n en la Fe: Don Jorge Juan Reyes Mac\u00edas sdb.<\/p>\n<p>Al finalizar la eucarist\u00eda los j\u00f3venes se reunieron en peque\u00f1os grupos de formaci\u00f3n en los que trataron diversos temas de actualidad inmersos en su itinerario de educaci\u00f3n en la fe, orientado en la campa\u00f1a vocacional que nuestra inspector\u00eda nos propone: \u00abPrimero los \u00faltimos\u00bb.<\/p>\n<p>El resto de la jornada los j\u00f3venes tuvieron tiempo para convivir, jugar a distintos deportes, bailar, disfrutar de las atracciones como la barredora humana o un futbol\u00edn humano&#8230; siendo un d\u00eda muy gratificante para nuestros j\u00f3venes.<\/p>\n<p>Fue un d\u00eda apasionante, en el que m\u00e1s de setecientos j\u00f3venes vivieron y disfrutaron de un estilo de vida salesiana, llena de ilusi\u00f3n y alegr\u00eda, aproxim\u00e1ndonos a la figura de Jes\u00fas de Nazaret.<\/p>\n<p>&nbsp;<\/p>\n<p>[\/et_pb_text][\/et_pb_column][\/et_pb_row][\/et_pb_section]<\/p>\n","protected":false},"excerpt":{"rendered":"<p>[et_pb_section bb_built=\u00bb1&#8243;][et_pb_row][et_pb_column type=\u00bb4_4&#8243;][et_pb_text _builder_version=\u00bb3.0.105&#8243; background_layout=\u00bblight\u00bb] &nbsp; La jornada del pasado s\u00e1bado, los j\u00f3venes de Luz III-IV y A.D.S. i-II de la zona inspectorial Sevilla-Huelva se reunieron en nuestra Casa para vivir una jornada de convivencia en torno a la Pastoral Juvenil Salesiana centrados en el tema de \u00abPrimero los \u00faltimos\u00ab. A las diez de la [&hellip;]<\/p>\n","protected":false},"author":2,"featured_media":0,"comment_status":"closed","ping_status":"open","sticky":false,"template":"","format":"standard","meta":{"_et_pb_use_builder":"","_et_pb_old_content":"","_et_gb_content_width":"","footnotes":""},"categories":[12,19,13,17,14,15,18,16,1],"tags":[],"class_list":["post-10539","post","type-post","status-publish","format-standard","hentry","category-colegio","category-escuela-abierta","category-fasa","category-infantil","category-pastoral","category-portada","category-primaria","category-secundaria","category-uncategorized"],"yoast_head":"<!-- This site is optimized with the Yoast SEO plugin v28.4 - https:\/\/yoast.com\/product\/yoast-seo-wordpress\/ -->\n<title>Gran convivencia de Luz y A.D.S. en nuestra Casa - Colegio Salesiano Alcal\u00e1<\/title>\n<meta name=\"robots\" content=\"index, follow, max-snippet:-1, max-image-preview:large, max-video-preview:-1\" \/>\n<link rel=\"canonical\" href=\"https:\/\/alcala.salesianos.edu\/colegio\/blog\/2018\/11\/14\/gran-convivencia-de-luz-y-a-d-s-en-nuestra-casa\/\" \/>\n<meta property=\"og:locale\" content=\"es_ES\" \/>\n<meta property=\"og:type\" content=\"article\" \/>\n<meta property=\"og:title\" content=\"Gran convivencia de Luz y A.D.S. en nuestra Casa - Colegio Salesiano Alcal\u00e1\" \/>\n<meta property=\"og:description\" content=\"[et_pb_section bb_built=\u00bb1&#8243;][et_pb_row][et_pb_column type=\u00bb4_4&#8243;][et_pb_text _builder_version=\u00bb3.0.105&#8243; background_layout=\u00bblight\u00bb] &nbsp; La jornada del pasado s\u00e1bado, los j\u00f3venes de Luz III-IV y A.D.S. i-II de la zona inspectorial Sevilla-Huelva se reunieron en nuestra Casa para vivir una jornada de convivencia en torno a la Pastoral Juvenil Salesiana centrados en el tema de \u00abPrimero los \u00faltimos\u00ab. A las diez de la [&hellip;]\" \/>\n<meta property=\"og:url\" content=\"https:\/\/alcala.salesianos.edu\/colegio\/blog\/2018\/11\/14\/gran-convivencia-de-luz-y-a-d-s-en-nuestra-casa\/\" \/>\n<meta property=\"og:site_name\" content=\"Colegio Salesiano Alcal\u00e1\" \/>\n<meta property=\"article:published_time\" content=\"2018-11-14T06:29:17+00:00\" \/>\n<meta property=\"article:modified_time\" content=\"2025-08-27T07:59:28+00:00\" \/>\n<meta name=\"author\" content=\"Administrador Web\" \/>\n<meta name=\"twitter:card\" content=\"summary_large_image\" \/>\n<meta name=\"twitter:label1\" content=\"Escrito por\" \/>\n\t<meta name=\"twitter:data1\" content=\"Administrador Web\" \/>\n\t<meta name=\"twitter:label2\" content=\"Tiempo de lectura\" \/>\n\t<meta name=\"twitter:data2\" content=\"1 minuto\" \/>\n<script type=\"application\/ld+json\" class=\"yoast-schema-graph\">{\"@context\":\"https:\\\/\\\/schema.org\",\"@graph\":[{\"@type\":\"Article\",\"@id\":\"https:\\\/\\\/alcala.salesianos.edu\\\/colegio\\\/blog\\\/2018\\\/11\\\/14\\\/gran-convivencia-de-luz-y-a-d-s-en-nuestra-casa\\\/#article\",\"isPartOf\":{\"@id\":\"https:\\\/\\\/alcala.salesianos.edu\\\/colegio\\\/blog\\\/2018\\\/11\\\/14\\\/gran-convivencia-de-luz-y-a-d-s-en-nuestra-casa\\\/\"},\"author\":{\"name\":\"Administrador Web\",\"@id\":\"https:\\\/\\\/alcala.salesianos.edu\\\/colegio\\\/#\\\/schema\\\/person\\\/afcc24f776dc91fc2bf9afb0998fca77\"},\"headline\":\"Gran convivencia de Luz y A.D.S. en nuestra Casa\",\"datePublished\":\"2018-11-14T06:29:17+00:00\",\"dateModified\":\"2025-08-27T07:59:28+00:00\",\"mainEntityOfPage\":{\"@id\":\"https:\\\/\\\/alcala.salesianos.edu\\\/colegio\\\/blog\\\/2018\\\/11\\\/14\\\/gran-convivencia-de-luz-y-a-d-s-en-nuestra-casa\\\/\"},\"wordCount\":279,\"image\":{\"@id\":\"https:\\\/\\\/alcala.salesianos.edu\\\/colegio\\\/blog\\\/2018\\\/11\\\/14\\\/gran-convivencia-de-luz-y-a-d-s-en-nuestra-casa\\\/#primaryimage\"},\"thumbnailUrl\":\"https:\\\/\\\/alcala.salesianos.edu\\\/wp-content\\\/uploads\\\/2018\\\/11\\\/convialcala-001-212x300.jpg\",\"articleSection\":[\"Colegio\",\"Escuela abierta\",\"FASA\",\"Infantil\",\"Pastoral\",\"Portada\",\"Primaria\",\"Secundaria\",\"Uncategorized\"],\"inLanguage\":\"es\"},{\"@type\":\"WebPage\",\"@id\":\"https:\\\/\\\/alcala.salesianos.edu\\\/colegio\\\/blog\\\/2018\\\/11\\\/14\\\/gran-convivencia-de-luz-y-a-d-s-en-nuestra-casa\\\/\",\"url\":\"https:\\\/\\\/alcala.salesianos.edu\\\/colegio\\\/blog\\\/2018\\\/11\\\/14\\\/gran-convivencia-de-luz-y-a-d-s-en-nuestra-casa\\\/\",\"name\":\"Gran convivencia de Luz y A.D.S. en nuestra Casa - Colegio Salesiano Alcal\u00e1\",\"isPartOf\":{\"@id\":\"https:\\\/\\\/alcala.salesianos.edu\\\/colegio\\\/#website\"},\"primaryImageOfPage\":{\"@id\":\"https:\\\/\\\/alcala.salesianos.edu\\\/colegio\\\/blog\\\/2018\\\/11\\\/14\\\/gran-convivencia-de-luz-y-a-d-s-en-nuestra-casa\\\/#primaryimage\"},\"image\":{\"@id\":\"https:\\\/\\\/alcala.salesianos.edu\\\/colegio\\\/blog\\\/2018\\\/11\\\/14\\\/gran-convivencia-de-luz-y-a-d-s-en-nuestra-casa\\\/#primaryimage\"},\"thumbnailUrl\":\"https:\\\/\\\/alcala.salesianos.edu\\\/wp-content\\\/uploads\\\/2018\\\/11\\\/convialcala-001-212x300.jpg\",\"datePublished\":\"2018-11-14T06:29:17+00:00\",\"dateModified\":\"2025-08-27T07:59:28+00:00\",\"author\":{\"@id\":\"https:\\\/\\\/alcala.salesianos.edu\\\/colegio\\\/#\\\/schema\\\/person\\\/afcc24f776dc91fc2bf9afb0998fca77\"},\"breadcrumb\":{\"@id\":\"https:\\\/\\\/alcala.salesianos.edu\\\/colegio\\\/blog\\\/2018\\\/11\\\/14\\\/gran-convivencia-de-luz-y-a-d-s-en-nuestra-casa\\\/#breadcrumb\"},\"inLanguage\":\"es\",\"potentialAction\":[{\"@type\":\"ReadAction\",\"target\":[\"https:\\\/\\\/alcala.salesianos.edu\\\/colegio\\\/blog\\\/2018\\\/11\\\/14\\\/gran-convivencia-de-luz-y-a-d-s-en-nuestra-casa\\\/\"]}]},{\"@type\":\"ImageObject\",\"inLanguage\":\"es\",\"@id\":\"https:\\\/\\\/alcala.salesianos.edu\\\/colegio\\\/blog\\\/2018\\\/11\\\/14\\\/gran-convivencia-de-luz-y-a-d-s-en-nuestra-casa\\\/#primaryimage\",\"url\":\"https:\\\/\\\/alcala.salesianos.edu\\\/wp-content\\\/uploads\\\/2018\\\/11\\\/convialcala-001-212x300.jpg\",\"contentUrl\":\"https:\\\/\\\/alcala.salesianos.edu\\\/wp-content\\\/uploads\\\/2018\\\/11\\\/convialcala-001-212x300.jpg\"},{\"@type\":\"BreadcrumbList\",\"@id\":\"https:\\\/\\\/alcala.salesianos.edu\\\/colegio\\\/blog\\\/2018\\\/11\\\/14\\\/gran-convivencia-de-luz-y-a-d-s-en-nuestra-casa\\\/#breadcrumb\",\"itemListElement\":[{\"@type\":\"ListItem\",\"position\":1,\"name\":\"Portada\",\"item\":\"https:\\\/\\\/alcala.salesianos.edu\\\/colegio\\\/\"},{\"@type\":\"ListItem\",\"position\":2,\"name\":\"Gran convivencia de Luz y A.D.S. en nuestra Casa\"}]},{\"@type\":\"WebSite\",\"@id\":\"https:\\\/\\\/alcala.salesianos.edu\\\/colegio\\\/#website\",\"url\":\"https:\\\/\\\/alcala.salesianos.edu\\\/colegio\\\/\",\"name\":\"Colegio Salesiano Alcal\u00e1\",\"description\":\"P\u00e1gina oficial de Salesianos Alcal\u00e1 de Guadaira\",\"potentialAction\":[{\"@type\":\"SearchAction\",\"target\":{\"@type\":\"EntryPoint\",\"urlTemplate\":\"https:\\\/\\\/alcala.salesianos.edu\\\/colegio\\\/?s={search_term_string}\"},\"query-input\":{\"@type\":\"PropertyValueSpecification\",\"valueRequired\":true,\"valueName\":\"search_term_string\"}}],\"inLanguage\":\"es\"},{\"@type\":\"Person\",\"@id\":\"https:\\\/\\\/alcala.salesianos.edu\\\/colegio\\\/#\\\/schema\\\/person\\\/afcc24f776dc91fc2bf9afb0998fca77\",\"name\":\"Administrador Web\",\"image\":{\"@type\":\"ImageObject\",\"inLanguage\":\"es\",\"@id\":\"https:\\\/\\\/secure.gravatar.com\\\/avatar\\\/bc157e994689bd6da9645c00aa3bc4d55b727915b6652642660db0aef086585f?s=96&d=mm&r=g\",\"url\":\"https:\\\/\\\/secure.gravatar.com\\\/avatar\\\/bc157e994689bd6da9645c00aa3bc4d55b727915b6652642660db0aef086585f?s=96&d=mm&r=g\",\"contentUrl\":\"https:\\\/\\\/secure.gravatar.com\\\/avatar\\\/bc157e994689bd6da9645c00aa3bc4d55b727915b6652642660db0aef086585f?s=96&d=mm&r=g\",\"caption\":\"Administrador Web\"}}]}<\/script>\n<!-- \/ Yoast SEO plugin. -->","yoast_head_json":{"title":"Gran convivencia de Luz y A.D.S. en nuestra Casa - Colegio Salesiano Alcal\u00e1","robots":{"index":"index","follow":"follow","max-snippet":"max-snippet:-1","max-image-preview":"max-image-preview:large","max-video-preview":"max-video-preview:-1"},"canonical":"https:\/\/alcala.salesianos.edu\/colegio\/blog\/2018\/11\/14\/gran-convivencia-de-luz-y-a-d-s-en-nuestra-casa\/","og_locale":"es_ES","og_type":"article","og_title":"Gran convivencia de Luz y A.D.S. en nuestra Casa - Colegio Salesiano Alcal\u00e1","og_description":"[et_pb_section bb_built=\u00bb1&#8243;][et_pb_row][et_pb_column type=\u00bb4_4&#8243;][et_pb_text _builder_version=\u00bb3.0.105&#8243; background_layout=\u00bblight\u00bb] &nbsp; La jornada del pasado s\u00e1bado, los j\u00f3venes de Luz III-IV y A.D.S. i-II de la zona inspectorial Sevilla-Huelva se reunieron en nuestra Casa para vivir una jornada de convivencia en torno a la Pastoral Juvenil Salesiana centrados en el tema de \u00abPrimero los \u00faltimos\u00ab. A las diez de la [&hellip;]","og_url":"https:\/\/alcala.salesianos.edu\/colegio\/blog\/2018\/11\/14\/gran-convivencia-de-luz-y-a-d-s-en-nuestra-casa\/","og_site_name":"Colegio Salesiano Alcal\u00e1","article_published_time":"2018-11-14T06:29:17+00:00","article_modified_time":"2025-08-27T07:59:28+00:00","author":"Administrador Web","twitter_card":"summary_large_image","twitter_misc":{"Escrito por":"Administrador Web","Tiempo de lectura":"1 minuto"},"schema":{"@context":"https:\/\/schema.org","@graph":[{"@type":"Article","@id":"https:\/\/alcala.salesianos.edu\/colegio\/blog\/2018\/11\/14\/gran-convivencia-de-luz-y-a-d-s-en-nuestra-casa\/#article","isPartOf":{"@id":"https:\/\/alcala.salesianos.edu\/colegio\/blog\/2018\/11\/14\/gran-convivencia-de-luz-y-a-d-s-en-nuestra-casa\/"},"author":{"name":"Administrador Web","@id":"https:\/\/alcala.salesianos.edu\/colegio\/#\/schema\/person\/afcc24f776dc91fc2bf9afb0998fca77"},"headline":"Gran convivencia de Luz y A.D.S. en nuestra Casa","datePublished":"2018-11-14T06:29:17+00:00","dateModified":"2025-08-27T07:59:28+00:00","mainEntityOfPage":{"@id":"https:\/\/alcala.salesianos.edu\/colegio\/blog\/2018\/11\/14\/gran-convivencia-de-luz-y-a-d-s-en-nuestra-casa\/"},"wordCount":279,"image":{"@id":"https:\/\/alcala.salesianos.edu\/colegio\/blog\/2018\/11\/14\/gran-convivencia-de-luz-y-a-d-s-en-nuestra-casa\/#primaryimage"},"thumbnailUrl":"https:\/\/alcala.salesianos.edu\/wp-content\/uploads\/2018\/11\/convialcala-001-212x300.jpg","articleSection":["Colegio","Escuela abierta","FASA","Infantil","Pastoral","Portada","Primaria","Secundaria","Uncategorized"],"inLanguage":"es"},{"@type":"WebPage","@id":"https:\/\/alcala.salesianos.edu\/colegio\/blog\/2018\/11\/14\/gran-convivencia-de-luz-y-a-d-s-en-nuestra-casa\/","url":"https:\/\/alcala.salesianos.edu\/colegio\/blog\/2018\/11\/14\/gran-convivencia-de-luz-y-a-d-s-en-nuestra-casa\/","name":"Gran convivencia de Luz y A.D.S. en nuestra Casa - Colegio Salesiano Alcal\u00e1","isPartOf":{"@id":"https:\/\/alcala.salesianos.edu\/colegio\/#website"},"primaryImageOfPage":{"@id":"https:\/\/alcala.salesianos.edu\/colegio\/blog\/2018\/11\/14\/gran-convivencia-de-luz-y-a-d-s-en-nuestra-casa\/#primaryimage"},"image":{"@id":"https:\/\/alcala.salesianos.edu\/colegio\/blog\/2018\/11\/14\/gran-convivencia-de-luz-y-a-d-s-en-nuestra-casa\/#primaryimage"},"thumbnailUrl":"https:\/\/alcala.salesianos.edu\/wp-content\/uploads\/2018\/11\/convialcala-001-212x300.jpg","datePublished":"2018-11-14T06:29:17+00:00","dateModified":"2025-08-27T07:59:28+00:00","author":{"@id":"https:\/\/alcala.salesianos.edu\/colegio\/#\/schema\/person\/afcc24f776dc91fc2bf9afb0998fca77"},"breadcrumb":{"@id":"https:\/\/alcala.salesianos.edu\/colegio\/blog\/2018\/11\/14\/gran-convivencia-de-luz-y-a-d-s-en-nuestra-casa\/#breadcrumb"},"inLanguage":"es","potentialAction":[{"@type":"ReadAction","target":["https:\/\/alcala.salesianos.edu\/colegio\/blog\/2018\/11\/14\/gran-convivencia-de-luz-y-a-d-s-en-nuestra-casa\/"]}]},{"@type":"ImageObject","inLanguage":"es","@id":"https:\/\/alcala.salesianos.edu\/colegio\/blog\/2018\/11\/14\/gran-convivencia-de-luz-y-a-d-s-en-nuestra-casa\/#primaryimage","url":"https:\/\/alcala.salesianos.edu\/wp-content\/uploads\/2018\/11\/convialcala-001-212x300.jpg","contentUrl":"https:\/\/alcala.salesianos.edu\/wp-content\/uploads\/2018\/11\/convialcala-001-212x300.jpg"},{"@type":"BreadcrumbList","@id":"https:\/\/alcala.salesianos.edu\/colegio\/blog\/2018\/11\/14\/gran-convivencia-de-luz-y-a-d-s-en-nuestra-casa\/#breadcrumb","itemListElement":[{"@type":"ListItem","position":1,"name":"Portada","item":"https:\/\/alcala.salesianos.edu\/colegio\/"},{"@type":"ListItem","position":2,"name":"Gran convivencia de Luz y A.D.S. en nuestra Casa"}]},{"@type":"WebSite","@id":"https:\/\/alcala.salesianos.edu\/colegio\/#website","url":"https:\/\/alcala.salesianos.edu\/colegio\/","name":"Colegio Salesiano Alcal\u00e1","description":"P\u00e1gina oficial de Salesianos Alcal\u00e1 de Guadaira","potentialAction":[{"@type":"SearchAction","target":{"@type":"EntryPoint","urlTemplate":"https:\/\/alcala.salesianos.edu\/colegio\/?s={search_term_string}"},"query-input":{"@type":"PropertyValueSpecification","valueRequired":true,"valueName":"search_term_string"}}],"inLanguage":"es"},{"@type":"Person","@id":"https:\/\/alcala.salesianos.edu\/colegio\/#\/schema\/person\/afcc24f776dc91fc2bf9afb0998fca77","name":"Administrador Web","image":{"@type":"ImageObject","inLanguage":"es","@id":"https:\/\/secure.gravatar.com\/avatar\/bc157e994689bd6da9645c00aa3bc4d55b727915b6652642660db0aef086585f?s=96&d=mm&r=g","url":"https:\/\/secure.gravatar.com\/avatar\/bc157e994689bd6da9645c00aa3bc4d55b727915b6652642660db0aef086585f?s=96&d=mm&r=g","contentUrl":"https:\/\/secure.gravatar.com\/avatar\/bc157e994689bd6da9645c00aa3bc4d55b727915b6652642660db0aef086585f?s=96&d=mm&r=g","caption":"Administrador Web"}}]}},"_links":{"self":[{"href":"https:\/\/alcala.salesianos.edu\/colegio\/wp-json\/wp\/v2\/posts\/10539","targetHints":{"allow":["GET"]}}],"collection":[{"href":"https:\/\/alcala.salesianos.edu\/colegio\/wp-json\/wp\/v2\/posts"}],"about":[{"href":"https:\/\/alcala.salesianos.edu\/colegio\/wp-json\/wp\/v2\/types\/post"}],"author":[{"embeddable":true,"href":"https:\/\/alcala.salesianos.edu\/colegio\/wp-json\/wp\/v2\/users\/2"}],"replies":[{"embeddable":true,"href":"https:\/\/alcala.salesianos.edu\/colegio\/wp-json\/wp\/v2\/comments?post=10539"}],"version-history":[{"count":4,"href":"https:\/\/alcala.salesianos.edu\/colegio\/wp-json\/wp\/v2\/posts\/10539\/revisions"}],"predecessor-version":[{"id":16433,"href":"https:\/\/alcala.salesianos.edu\/colegio\/wp-json\/wp\/v2\/posts\/10539\/revisions\/16433"}],"wp:attachment":[{"href":"https:\/\/alcala.salesianos.edu\/colegio\/wp-json\/wp\/v2\/media?parent=10539"}],"wp:term":[{"taxonomy":"category","embeddable":true,"href":"https:\/\/alcala.salesianos.edu\/colegio\/wp-json\/wp\/v2\/categories?post=10539"},{"taxonomy":"post_tag","embeddable":true,"href":"https:\/\/alcala.salesianos.edu\/colegio\/wp-json\/wp\/v2\/tags?post=10539"}],"curies":[{"name":"wp","href":"https:\/\/api.w.org\/{rel}","templated":true}]}}