{"id":10508,"date":"2018-11-12T08:58:22","date_gmt":"2018-11-12T07:58:22","guid":{"rendered":"https:\/\/alcala.salesianos.edu\/colegio\/blog\/2018\/11\/12\/convocatoria-de-elecciones-de-padres-y-madres-de-alumnos-al-consejo-escolar-del-centro-ntra-sra-del-aguila\/"},"modified":"2025-08-27T08:59:29","modified_gmt":"2025-08-27T07:59:29","slug":"convocatoria-de-elecciones-de-padres-y-madres-de-alumnos-al-consejo-escolar-del-centro-ntra-sra-del-aguila","status":"publish","type":"post","link":"https:\/\/alcala.salesianos.edu\/colegio\/blog\/2018\/11\/12\/convocatoria-de-elecciones-de-padres-y-madres-de-alumnos-al-consejo-escolar-del-centro-ntra-sra-del-aguila\/","title":{"rendered":"Convocatoria de elecciones al Consejo Escolar &#8211; Curso 2018.19"},"content":{"rendered":"<div id=\"fb-root\"><\/div>\n<p>[et_pb_section bb_built=\u00bb1&#8243;][et_pb_row][et_pb_column type=\u00bb4_4&#8243;][et_pb_text _builder_version=\u00bb3.0.105&#8243; background_layout=\u00bblight\u00bb]<\/p>\n<p><img loading=\"lazy\" decoding=\"async\" class=\" wp-image-5649 aligncenter\" src=\"https:\/\/alcala.salesianos.edu\/wp-content\/uploads\/2018\/11\/consejo-300x196.jpg\" alt=\"\" width=\"584\" height=\"382\" \/><\/p>\n<p>D. Fernando Carrasco Mart\u00edn, Director del Centro y Presidente de la Junta Electoral del mismo, en virtud a la normativa vigente,<br \/>\n<strong><em>DISPONE<\/em><\/strong>, en nombre de la Junta Electoral, la <strong><em>CONVOCATORIA<\/em><\/strong> de elecciones al\u00a0 <strong><em>CONSEJO ESCOLAR<\/em><\/strong> de este Centro, de acuerdo con las siguientes precisiones:<\/p>\n<p>1. El <strong><em>CENSO ELECTORAL<\/em><\/strong> de todos los padres y madres de alumnos\/as estar\u00e1 a disposici\u00f3n de todo aquel que lo desee en la secretar\u00eda del Centro, desde el d\u00eda de la fecha.<\/li>\n<p>2. Contra las decisiones de la Junta Electoral sobre aprobaci\u00f3n de los censos electorales, admisi\u00f3n y proclamaci\u00f3n de candidaturas y proclamaci\u00f3n de miembros electos, se podr\u00e1 interponer reclamaci\u00f3n ante la persona titular de la correspondiente Delegaci\u00f3n Provincial de la Consejer\u00eda competente en materia de educaci\u00f3n, cuya resoluci\u00f3n pondr\u00e1 fin a la v\u00eda administrativa.<\/li>\n<p>3. Las decisiones de las Mesas electorales se podr\u00e1 presentar reclamaci\u00f3n en el plazo de tres d\u00edas h\u00e1biles ante la Junta Electoral que deber\u00e1 responder en un plazo de cinco d\u00edas, poniendo fin a la v\u00eda administrativa.<\/p>\n<p>4. CANDIDATURAS<\/em><\/strong> han sido proclamadas y publicadas en los tablones de anuncios del Centro 17 de octubre candidaturas provisionales y 19 del mismo mes candidaturas definitivas.<\/li>\n<p>5. El <strong><em>SORTEO<\/em><\/strong> de los miembros de la Mesa Electoral fue realizado en dicho Centro, mediante acto p\u00fablico del 5 al 7 de noviembre de 2018.<\/li>\n<p>6. La <strong><em>MESA ELECTORAL<\/em><\/strong> ser\u00e1 constituida inmediatamente antes del inicio de las votaciones.<\/li>\n<p>7. Cada elector\/a deber\u00e1 acreditar su identidad, a la hora de votar, presentando su DNI o documento equivalente.<\/li>\n<p>8. Las <strong><em>VOTACIONES<\/em><\/strong> se realizar\u00e1n en el Centro el d\u00eda <strong>1<em>3 de noviembre<\/em><\/strong> desde las <strong><em>13,00 horas a las 20,00 horas.<\/em><\/strong><\/li>\n<p>9. Finalizadas las votaciones, se proceder\u00e1 al escrutinio de los votos, que ser\u00e1 p\u00fablico, y una vez realizado, se levantar\u00e1 acta que firmar\u00e1n todos los componentes de la Mesa, en la que se har\u00e1n constar los representantes elegidos por mayor n\u00famero de votos y todos los dem\u00e1s que hayan obtenido votos. Dicha acta ser\u00e1 enviada a la Junta Electoral, a efectos de proclamaci\u00f3n de los distintos candidatos elegidos.<\/li>\n<p>La Junta Electoral del Centro resolver\u00e1 cualquier duda, consulta o reclamaci\u00f3n que pudiera surgir.<\/li>\n<p>Alcal\u00e1 de Guada\u00edra a 8 de noviembre de 2018<\/p>\n<p>[\/et_pb_text][\/et_pb_column][\/et_pb_row][\/et_pb_section]<\/p>\n","protected":false},"excerpt":{"rendered":"<p><div class=\"et_pb_row et_pb_row_0 et_pb_row_empty\">\n\t\t\t\t\n\t\t\t\t\n\t\t\t\t\n\t\t\t\t\n\t\t\t\t\n\t\t\t<\/div> D. Fernando Carrasco Mart\u00edn, Director del Centro y Presidente de la Junta Electoral del mismo, en virtud a la normativa vigente, DISPONE, en nombre de la Junta Electoral, la CONVOCATORIA de elecciones al\u00a0 CONSEJO ESCOLAR de este Centro, de acuerdo con las siguientes precisiones: 1. El CENSO ELECTORAL de todos los padres y madres [&hellip;]<\/p>\n","protected":false},"author":2,"featured_media":0,"comment_status":"closed","ping_status":"open","sticky":false,"template":"","format":"standard","meta":{"_et_pb_use_builder":"on","_et_pb_old_content":"","_et_gb_content_width":"","footnotes":""},"categories":[12,19,13,17,14,15,18,16,1],"tags":[],"class_list":["post-10508","post","type-post","status-publish","format-standard","hentry","category-colegio","category-escuela-abierta","category-fasa","category-infantil","category-pastoral","category-portada","category-primaria","category-secundaria","category-uncategorized"],"yoast_head":"<!-- This site is optimized with the Yoast SEO plugin v28.4 - https:\/\/yoast.com\/product\/yoast-seo-wordpress\/ -->\n<title>Convocatoria de elecciones al Consejo Escolar &#8211; Curso 2018.19 - Colegio Salesiano Alcal\u00e1<\/title>\n<meta name=\"robots\" content=\"index, follow, max-snippet:-1, max-image-preview:large, max-video-preview:-1\" \/>\n<link rel=\"canonical\" href=\"https:\/\/alcala.salesianos.edu\/colegio\/blog\/2018\/11\/12\/convocatoria-de-elecciones-de-padres-y-madres-de-alumnos-al-consejo-escolar-del-centro-ntra-sra-del-aguila\/\" \/>\n<meta property=\"og:locale\" content=\"es_ES\" \/>\n<meta property=\"og:type\" content=\"article\" \/>\n<meta property=\"og:title\" content=\"Convocatoria de elecciones al Consejo Escolar &#8211; Curso 2018.19 - Colegio Salesiano Alcal\u00e1\" \/>\n<meta property=\"og:description\" content=\"D. Fernando Carrasco Mart\u00edn, Director del Centro y Presidente de la Junta Electoral del mismo, en virtud a la normativa vigente, DISPONE, en nombre de la Junta Electoral, la CONVOCATORIA de elecciones al\u00a0 CONSEJO ESCOLAR de este Centro, de acuerdo con las siguientes precisiones: 1. El CENSO ELECTORAL de todos los padres y madres [&hellip;]\" \/>\n<meta property=\"og:url\" content=\"https:\/\/alcala.salesianos.edu\/colegio\/blog\/2018\/11\/12\/convocatoria-de-elecciones-de-padres-y-madres-de-alumnos-al-consejo-escolar-del-centro-ntra-sra-del-aguila\/\" \/>\n<meta property=\"og:site_name\" content=\"Colegio Salesiano Alcal\u00e1\" \/>\n<meta property=\"article:published_time\" content=\"2018-11-12T07:58:22+00:00\" \/>\n<meta property=\"article:modified_time\" content=\"2025-08-27T07:59:29+00:00\" \/>\n<meta name=\"author\" content=\"Administrador Web\" \/>\n<meta name=\"twitter:card\" content=\"summary_large_image\" \/>\n<meta name=\"twitter:label1\" content=\"Escrito por\" \/>\n\t<meta name=\"twitter:data1\" content=\"Administrador Web\" \/>\n\t<meta name=\"twitter:label2\" content=\"Tiempo de lectura\" \/>\n\t<meta name=\"twitter:data2\" content=\"2 minutos\" \/>\n<script type=\"application\/ld+json\" class=\"yoast-schema-graph\">{\"@context\":\"https:\\\/\\\/schema.org\",\"@graph\":[{\"@type\":\"Article\",\"@id\":\"https:\\\/\\\/alcala.salesianos.edu\\\/colegio\\\/blog\\\/2018\\\/11\\\/12\\\/convocatoria-de-elecciones-de-padres-y-madres-de-alumnos-al-consejo-escolar-del-centro-ntra-sra-del-aguila\\\/#article\",\"isPartOf\":{\"@id\":\"https:\\\/\\\/alcala.salesianos.edu\\\/colegio\\\/blog\\\/2018\\\/11\\\/12\\\/convocatoria-de-elecciones-de-padres-y-madres-de-alumnos-al-consejo-escolar-del-centro-ntra-sra-del-aguila\\\/\"},\"author\":{\"name\":\"Administrador Web\",\"@id\":\"https:\\\/\\\/alcala.salesianos.edu\\\/colegio\\\/#\\\/schema\\\/person\\\/afcc24f776dc91fc2bf9afb0998fca77\"},\"headline\":\"Convocatoria de elecciones al Consejo Escolar &#8211; Curso 2018.19\",\"datePublished\":\"2018-11-12T07:58:22+00:00\",\"dateModified\":\"2025-08-27T07:59:29+00:00\",\"mainEntityOfPage\":{\"@id\":\"https:\\\/\\\/alcala.salesianos.edu\\\/colegio\\\/blog\\\/2018\\\/11\\\/12\\\/convocatoria-de-elecciones-de-padres-y-madres-de-alumnos-al-consejo-escolar-del-centro-ntra-sra-del-aguila\\\/\"},\"wordCount\":413,\"image\":{\"@id\":\"https:\\\/\\\/alcala.salesianos.edu\\\/colegio\\\/blog\\\/2018\\\/11\\\/12\\\/convocatoria-de-elecciones-de-padres-y-madres-de-alumnos-al-consejo-escolar-del-centro-ntra-sra-del-aguila\\\/#primaryimage\"},\"thumbnailUrl\":\"https:\\\/\\\/alcala.salesianos.edu\\\/wp-content\\\/uploads\\\/2018\\\/11\\\/consejo-300x196.jpg\",\"articleSection\":[\"Colegio\",\"Escuela abierta\",\"FASA\",\"Infantil\",\"Pastoral\",\"Portada\",\"Primaria\",\"Secundaria\",\"Uncategorized\"],\"inLanguage\":\"es\"},{\"@type\":\"WebPage\",\"@id\":\"https:\\\/\\\/alcala.salesianos.edu\\\/colegio\\\/blog\\\/2018\\\/11\\\/12\\\/convocatoria-de-elecciones-de-padres-y-madres-de-alumnos-al-consejo-escolar-del-centro-ntra-sra-del-aguila\\\/\",\"url\":\"https:\\\/\\\/alcala.salesianos.edu\\\/colegio\\\/blog\\\/2018\\\/11\\\/12\\\/convocatoria-de-elecciones-de-padres-y-madres-de-alumnos-al-consejo-escolar-del-centro-ntra-sra-del-aguila\\\/\",\"name\":\"Convocatoria de elecciones al Consejo Escolar &#8211; Curso 2018.19 - Colegio Salesiano Alcal\u00e1\",\"isPartOf\":{\"@id\":\"https:\\\/\\\/alcala.salesianos.edu\\\/colegio\\\/#website\"},\"primaryImageOfPage\":{\"@id\":\"https:\\\/\\\/alcala.salesianos.edu\\\/colegio\\\/blog\\\/2018\\\/11\\\/12\\\/convocatoria-de-elecciones-de-padres-y-madres-de-alumnos-al-consejo-escolar-del-centro-ntra-sra-del-aguila\\\/#primaryimage\"},\"image\":{\"@id\":\"https:\\\/\\\/alcala.salesianos.edu\\\/colegio\\\/blog\\\/2018\\\/11\\\/12\\\/convocatoria-de-elecciones-de-padres-y-madres-de-alumnos-al-consejo-escolar-del-centro-ntra-sra-del-aguila\\\/#primaryimage\"},\"thumbnailUrl\":\"https:\\\/\\\/alcala.salesianos.edu\\\/wp-content\\\/uploads\\\/2018\\\/11\\\/consejo-300x196.jpg\",\"datePublished\":\"2018-11-12T07:58:22+00:00\",\"dateModified\":\"2025-08-27T07:59:29+00:00\",\"author\":{\"@id\":\"https:\\\/\\\/alcala.salesianos.edu\\\/colegio\\\/#\\\/schema\\\/person\\\/afcc24f776dc91fc2bf9afb0998fca77\"},\"breadcrumb\":{\"@id\":\"https:\\\/\\\/alcala.salesianos.edu\\\/colegio\\\/blog\\\/2018\\\/11\\\/12\\\/convocatoria-de-elecciones-de-padres-y-madres-de-alumnos-al-consejo-escolar-del-centro-ntra-sra-del-aguila\\\/#breadcrumb\"},\"inLanguage\":\"es\",\"potentialAction\":[{\"@type\":\"ReadAction\",\"target\":[\"https:\\\/\\\/alcala.salesianos.edu\\\/colegio\\\/blog\\\/2018\\\/11\\\/12\\\/convocatoria-de-elecciones-de-padres-y-madres-de-alumnos-al-consejo-escolar-del-centro-ntra-sra-del-aguila\\\/\"]}]},{\"@type\":\"ImageObject\",\"inLanguage\":\"es\",\"@id\":\"https:\\\/\\\/alcala.salesianos.edu\\\/colegio\\\/blog\\\/2018\\\/11\\\/12\\\/convocatoria-de-elecciones-de-padres-y-madres-de-alumnos-al-consejo-escolar-del-centro-ntra-sra-del-aguila\\\/#primaryimage\",\"url\":\"https:\\\/\\\/alcala.salesianos.edu\\\/wp-content\\\/uploads\\\/2018\\\/11\\\/consejo-300x196.jpg\",\"contentUrl\":\"https:\\\/\\\/alcala.salesianos.edu\\\/wp-content\\\/uploads\\\/2018\\\/11\\\/consejo-300x196.jpg\"},{\"@type\":\"BreadcrumbList\",\"@id\":\"https:\\\/\\\/alcala.salesianos.edu\\\/colegio\\\/blog\\\/2018\\\/11\\\/12\\\/convocatoria-de-elecciones-de-padres-y-madres-de-alumnos-al-consejo-escolar-del-centro-ntra-sra-del-aguila\\\/#breadcrumb\",\"itemListElement\":[{\"@type\":\"ListItem\",\"position\":1,\"name\":\"Portada\",\"item\":\"https:\\\/\\\/alcala.salesianos.edu\\\/colegio\\\/\"},{\"@type\":\"ListItem\",\"position\":2,\"name\":\"Convocatoria de elecciones al Consejo Escolar &#8211; Curso 2018.19\"}]},{\"@type\":\"WebSite\",\"@id\":\"https:\\\/\\\/alcala.salesianos.edu\\\/colegio\\\/#website\",\"url\":\"https:\\\/\\\/alcala.salesianos.edu\\\/colegio\\\/\",\"name\":\"Colegio Salesiano Alcal\u00e1\",\"description\":\"P\u00e1gina oficial de Salesianos Alcal\u00e1 de Guadaira\",\"potentialAction\":[{\"@type\":\"SearchAction\",\"target\":{\"@type\":\"EntryPoint\",\"urlTemplate\":\"https:\\\/\\\/alcala.salesianos.edu\\\/colegio\\\/?s={search_term_string}\"},\"query-input\":{\"@type\":\"PropertyValueSpecification\",\"valueRequired\":true,\"valueName\":\"search_term_string\"}}],\"inLanguage\":\"es\"},{\"@type\":\"Person\",\"@id\":\"https:\\\/\\\/alcala.salesianos.edu\\\/colegio\\\/#\\\/schema\\\/person\\\/afcc24f776dc91fc2bf9afb0998fca77\",\"name\":\"Administrador Web\",\"image\":{\"@type\":\"ImageObject\",\"inLanguage\":\"es\",\"@id\":\"https:\\\/\\\/secure.gravatar.com\\\/avatar\\\/bc157e994689bd6da9645c00aa3bc4d55b727915b6652642660db0aef086585f?s=96&d=mm&r=g\",\"url\":\"https:\\\/\\\/secure.gravatar.com\\\/avatar\\\/bc157e994689bd6da9645c00aa3bc4d55b727915b6652642660db0aef086585f?s=96&d=mm&r=g\",\"contentUrl\":\"https:\\\/\\\/secure.gravatar.com\\\/avatar\\\/bc157e994689bd6da9645c00aa3bc4d55b727915b6652642660db0aef086585f?s=96&d=mm&r=g\",\"caption\":\"Administrador Web\"}}]}<\/script>\n<!-- \/ Yoast SEO plugin. -->","yoast_head_json":{"title":"Convocatoria de elecciones al Consejo Escolar &#8211; Curso 2018.19 - Colegio Salesiano Alcal\u00e1","robots":{"index":"index","follow":"follow","max-snippet":"max-snippet:-1","max-image-preview":"max-image-preview:large","max-video-preview":"max-video-preview:-1"},"canonical":"https:\/\/alcala.salesianos.edu\/colegio\/blog\/2018\/11\/12\/convocatoria-de-elecciones-de-padres-y-madres-de-alumnos-al-consejo-escolar-del-centro-ntra-sra-del-aguila\/","og_locale":"es_ES","og_type":"article","og_title":"Convocatoria de elecciones al Consejo Escolar &#8211; Curso 2018.19 - Colegio Salesiano Alcal\u00e1","og_description":"D. Fernando Carrasco Mart\u00edn, Director del Centro y Presidente de la Junta Electoral del mismo, en virtud a la normativa vigente, DISPONE, en nombre de la Junta Electoral, la CONVOCATORIA de elecciones al\u00a0 CONSEJO ESCOLAR de este Centro, de acuerdo con las siguientes precisiones: 1. El CENSO ELECTORAL de todos los padres y madres [&hellip;]","og_url":"https:\/\/alcala.salesianos.edu\/colegio\/blog\/2018\/11\/12\/convocatoria-de-elecciones-de-padres-y-madres-de-alumnos-al-consejo-escolar-del-centro-ntra-sra-del-aguila\/","og_site_name":"Colegio Salesiano Alcal\u00e1","article_published_time":"2018-11-12T07:58:22+00:00","article_modified_time":"2025-08-27T07:59:29+00:00","author":"Administrador Web","twitter_card":"summary_large_image","twitter_misc":{"Escrito por":"Administrador Web","Tiempo de lectura":"2 minutos"},"schema":{"@context":"https:\/\/schema.org","@graph":[{"@type":"Article","@id":"https:\/\/alcala.salesianos.edu\/colegio\/blog\/2018\/11\/12\/convocatoria-de-elecciones-de-padres-y-madres-de-alumnos-al-consejo-escolar-del-centro-ntra-sra-del-aguila\/#article","isPartOf":{"@id":"https:\/\/alcala.salesianos.edu\/colegio\/blog\/2018\/11\/12\/convocatoria-de-elecciones-de-padres-y-madres-de-alumnos-al-consejo-escolar-del-centro-ntra-sra-del-aguila\/"},"author":{"name":"Administrador Web","@id":"https:\/\/alcala.salesianos.edu\/colegio\/#\/schema\/person\/afcc24f776dc91fc2bf9afb0998fca77"},"headline":"Convocatoria de elecciones al Consejo Escolar &#8211; Curso 2018.19","datePublished":"2018-11-12T07:58:22+00:00","dateModified":"2025-08-27T07:59:29+00:00","mainEntityOfPage":{"@id":"https:\/\/alcala.salesianos.edu\/colegio\/blog\/2018\/11\/12\/convocatoria-de-elecciones-de-padres-y-madres-de-alumnos-al-consejo-escolar-del-centro-ntra-sra-del-aguila\/"},"wordCount":413,"image":{"@id":"https:\/\/alcala.salesianos.edu\/colegio\/blog\/2018\/11\/12\/convocatoria-de-elecciones-de-padres-y-madres-de-alumnos-al-consejo-escolar-del-centro-ntra-sra-del-aguila\/#primaryimage"},"thumbnailUrl":"https:\/\/alcala.salesianos.edu\/wp-content\/uploads\/2018\/11\/consejo-300x196.jpg","articleSection":["Colegio","Escuela abierta","FASA","Infantil","Pastoral","Portada","Primaria","Secundaria","Uncategorized"],"inLanguage":"es"},{"@type":"WebPage","@id":"https:\/\/alcala.salesianos.edu\/colegio\/blog\/2018\/11\/12\/convocatoria-de-elecciones-de-padres-y-madres-de-alumnos-al-consejo-escolar-del-centro-ntra-sra-del-aguila\/","url":"https:\/\/alcala.salesianos.edu\/colegio\/blog\/2018\/11\/12\/convocatoria-de-elecciones-de-padres-y-madres-de-alumnos-al-consejo-escolar-del-centro-ntra-sra-del-aguila\/","name":"Convocatoria de elecciones al Consejo Escolar &#8211; Curso 2018.19 - Colegio Salesiano Alcal\u00e1","isPartOf":{"@id":"https:\/\/alcala.salesianos.edu\/colegio\/#website"},"primaryImageOfPage":{"@id":"https:\/\/alcala.salesianos.edu\/colegio\/blog\/2018\/11\/12\/convocatoria-de-elecciones-de-padres-y-madres-de-alumnos-al-consejo-escolar-del-centro-ntra-sra-del-aguila\/#primaryimage"},"image":{"@id":"https:\/\/alcala.salesianos.edu\/colegio\/blog\/2018\/11\/12\/convocatoria-de-elecciones-de-padres-y-madres-de-alumnos-al-consejo-escolar-del-centro-ntra-sra-del-aguila\/#primaryimage"},"thumbnailUrl":"https:\/\/alcala.salesianos.edu\/wp-content\/uploads\/2018\/11\/consejo-300x196.jpg","datePublished":"2018-11-12T07:58:22+00:00","dateModified":"2025-08-27T07:59:29+00:00","author":{"@id":"https:\/\/alcala.salesianos.edu\/colegio\/#\/schema\/person\/afcc24f776dc91fc2bf9afb0998fca77"},"breadcrumb":{"@id":"https:\/\/alcala.salesianos.edu\/colegio\/blog\/2018\/11\/12\/convocatoria-de-elecciones-de-padres-y-madres-de-alumnos-al-consejo-escolar-del-centro-ntra-sra-del-aguila\/#breadcrumb"},"inLanguage":"es","potentialAction":[{"@type":"ReadAction","target":["https:\/\/alcala.salesianos.edu\/colegio\/blog\/2018\/11\/12\/convocatoria-de-elecciones-de-padres-y-madres-de-alumnos-al-consejo-escolar-del-centro-ntra-sra-del-aguila\/"]}]},{"@type":"ImageObject","inLanguage":"es","@id":"https:\/\/alcala.salesianos.edu\/colegio\/blog\/2018\/11\/12\/convocatoria-de-elecciones-de-padres-y-madres-de-alumnos-al-consejo-escolar-del-centro-ntra-sra-del-aguila\/#primaryimage","url":"https:\/\/alcala.salesianos.edu\/wp-content\/uploads\/2018\/11\/consejo-300x196.jpg","contentUrl":"https:\/\/alcala.salesianos.edu\/wp-content\/uploads\/2018\/11\/consejo-300x196.jpg"},{"@type":"BreadcrumbList","@id":"https:\/\/alcala.salesianos.edu\/colegio\/blog\/2018\/11\/12\/convocatoria-de-elecciones-de-padres-y-madres-de-alumnos-al-consejo-escolar-del-centro-ntra-sra-del-aguila\/#breadcrumb","itemListElement":[{"@type":"ListItem","position":1,"name":"Portada","item":"https:\/\/alcala.salesianos.edu\/colegio\/"},{"@type":"ListItem","position":2,"name":"Convocatoria de elecciones al Consejo Escolar &#8211; Curso 2018.19"}]},{"@type":"WebSite","@id":"https:\/\/alcala.salesianos.edu\/colegio\/#website","url":"https:\/\/alcala.salesianos.edu\/colegio\/","name":"Colegio Salesiano Alcal\u00e1","description":"P\u00e1gina oficial de Salesianos Alcal\u00e1 de Guadaira","potentialAction":[{"@type":"SearchAction","target":{"@type":"EntryPoint","urlTemplate":"https:\/\/alcala.salesianos.edu\/colegio\/?s={search_term_string}"},"query-input":{"@type":"PropertyValueSpecification","valueRequired":true,"valueName":"search_term_string"}}],"inLanguage":"es"},{"@type":"Person","@id":"https:\/\/alcala.salesianos.edu\/colegio\/#\/schema\/person\/afcc24f776dc91fc2bf9afb0998fca77","name":"Administrador Web","image":{"@type":"ImageObject","inLanguage":"es","@id":"https:\/\/secure.gravatar.com\/avatar\/bc157e994689bd6da9645c00aa3bc4d55b727915b6652642660db0aef086585f?s=96&d=mm&r=g","url":"https:\/\/secure.gravatar.com\/avatar\/bc157e994689bd6da9645c00aa3bc4d55b727915b6652642660db0aef086585f?s=96&d=mm&r=g","contentUrl":"https:\/\/secure.gravatar.com\/avatar\/bc157e994689bd6da9645c00aa3bc4d55b727915b6652642660db0aef086585f?s=96&d=mm&r=g","caption":"Administrador Web"}}]}},"_links":{"self":[{"href":"https:\/\/alcala.salesianos.edu\/colegio\/wp-json\/wp\/v2\/posts\/10508","targetHints":{"allow":["GET"]}}],"collection":[{"href":"https:\/\/alcala.salesianos.edu\/colegio\/wp-json\/wp\/v2\/posts"}],"about":[{"href":"https:\/\/alcala.salesianos.edu\/colegio\/wp-json\/wp\/v2\/types\/post"}],"author":[{"embeddable":true,"href":"https:\/\/alcala.salesianos.edu\/colegio\/wp-json\/wp\/v2\/users\/2"}],"replies":[{"embeddable":true,"href":"https:\/\/alcala.salesianos.edu\/colegio\/wp-json\/wp\/v2\/comments?post=10508"}],"version-history":[{"count":8,"href":"https:\/\/alcala.salesianos.edu\/colegio\/wp-json\/wp\/v2\/posts\/10508\/revisions"}],"predecessor-version":[{"id":16436,"href":"https:\/\/alcala.salesianos.edu\/colegio\/wp-json\/wp\/v2\/posts\/10508\/revisions\/16436"}],"wp:attachment":[{"href":"https:\/\/alcala.salesianos.edu\/colegio\/wp-json\/wp\/v2\/media?parent=10508"}],"wp:term":[{"taxonomy":"category","embeddable":true,"href":"https:\/\/alcala.salesianos.edu\/colegio\/wp-json\/wp\/v2\/categories?post=10508"},{"taxonomy":"post_tag","embeddable":true,"href":"https:\/\/alcala.salesianos.edu\/colegio\/wp-json\/wp\/v2\/tags?post=10508"}],"curies":[{"name":"wp","href":"https:\/\/api.w.org\/{rel}","templated":true}]}}