{"id":10492,"date":"2018-11-08T07:21:42","date_gmt":"2018-11-08T06:21:42","guid":{"rendered":"https:\/\/alcala.salesianos.edu\/colegio\/blog\/2018\/11\/08\/reyesmagosalcala-2\/"},"modified":"2025-08-27T08:59:29","modified_gmt":"2025-08-27T07:59:29","slug":"reyesmagosalcala","status":"publish","type":"post","link":"https:\/\/alcala.salesianos.edu\/colegio\/blog\/2018\/11\/08\/reyesmagosalcala\/","title":{"rendered":"Felicitamos a nuestros Antiguos Alumnos, por su protagonismo en la Cabalgata de Alcal\u00e1 2019"},"content":{"rendered":"<div id=\"fb-root\"><\/div>\n<p>[et_pb_section bb_built=\u00bb1&#8243;][et_pb_row][et_pb_column type=\u00bb4_4&#8243;][et_pb_image _builder_version=\u00bb3.0.105&#8243; src=\u00bbhttps:\/\/alcala.salesianos.edu\/wp-content\/uploads\/2018\/11\/cabalgata.png\u00bb show_in_lightbox=\u00bboff\u00bb url_new_window=\u00bboff\u00bb use_overlay=\u00bboff\u00bb always_center_on_mobile=\u00bbon\u00bb force_fullwidth=\u00bboff\u00bb show_bottom_space=\u00bbon\u00bb \/][et_pb_text _builder_version=\u00bb3.0.105&#8243; background_layout=\u00bblight\u00bb]<\/p>\n<p>El pasado\u00a0 d\u00eda 6 del presente, la Junta Directiva de la Asociaci\u00f3n de Amigos de los Reyes Magos de Alcal\u00e1 proclam\u00f3 a las personas que encarnar\u00e1n las figuras de los monarcas de Oriente, a la Estrella de Ilusi\u00f3n, al Gran Visir y al Mantenedor Real para el pr\u00f3ximo 5 de enero de 2019.<\/p>\n<p>Este a\u00f1o, la Estrella de la Ilusi\u00f3n ser\u00e1 Inmaculada S\u00e1nchez del Trigo, antigua alumna de nuestro centro, estudiante del Grado Superior en Imagen para el Diagn\u00f3stico y Medicina Nuclear. Ha colaborado como animadora en el centro juvenil del colegio y es hermana de la Hermandad del Rosario.<\/p>\n<p>El Rey Melchor ser\u00e1 encarnado por \u00c1ngel Guti\u00e9rrez Oliveros. Abogado, antiguo alumno salesiano y actualmente presidente del AMPA. Es miembro de la Archicofrad\u00eda de Mar\u00eda Auxiliadora. Cuenta adem\u00e1s con una amplia trayectoria como orador y pregonero y varios premios literarios.<\/p>\n<p>Jos\u00e9 Manuel Iglesias Moreno ser\u00e1 quien represente al Rey Gaspar. Fundador del Coro de la Hermandad del Dulce Nombre. Actualmente colabora con la Hermandad de la Divina Misericordia en la formaci\u00f3n de la Coral Infantil de la Sant\u00edsima Trinidad. Tambi\u00e9n es antiguo alumno de nuestro centro educativo.<\/p>\n<p>Baltasar ser\u00e1 Manuel L\u00f3pez Soto, antiguo alumno de nuestro centro y doctor en Biolog\u00eda por la Universidad de Sevilla. Trabaja en el Instituto Nacional de Toxicolog\u00eda y Ciencias Forenses del Ministerio de Justicia y es profesor de Gen\u00e9tica en la Universidad Pablo de Olavide.<\/p>\n<p>Juan Diego L\u00f3pez Ruiz, antiguo alumno salesiano tambi\u00e9n, encarnar\u00e1 la figura del Gran Visir, le deseamos que viva esta magn\u00edfica experiencia con felicidad y alegr\u00eda, caracter\u00edsticas propias de \u00e9l en su d\u00eda a d\u00eda como alumno de nuestro centro educativo.<\/p>\n<p>Nuestro profesor D. Enrique Ruiz Portillo ser\u00e1 la persona que representar\u00e1 al Mantenedor\u00a0 Real. Su trabajo en la junta directiva de la Asociaci\u00f3n de Amigos de los Reyes Magos,\u00a0 su gran experiencia vivida como Gran Visir\u00a0 y su vinculaci\u00f3n con gran cantidad de asociaciones y hermandades de nuestra localidad lo hacen\u00a0 persona inmejorable para narrar todo lo vivido en ese d\u00eda m\u00e1gico que es el cinco de enero.<\/p>\n<p>Todos ellos, junto al creador del cuento anual, Juan Rodr\u00edguez Apolo, son antiguos alumnos de nuestro Centro, y estamos seguros que, con la alegr\u00eda de Don Bosco, llevar\u00e1n su carisma salesiano por todas las calles de Alcal\u00e1 el pr\u00f3ximo d\u00eda 5.<\/p>\n<p>Les deseamos a todos ellos que vivan estos d\u00edas m\u00e1gicos con gran Ilusi\u00f3n en el que los verdaderos protagonistas son el mayor patrimonio que tenemos en nuestra localidad,\u00a0los ni\u00f1os y ni\u00f1as.<\/p>\n<p>[\/et_pb_text][\/et_pb_column][\/et_pb_row][\/et_pb_section]<\/p>\n","protected":false},"excerpt":{"rendered":"<p>Felicitamos a los representantes de los Reyes Magos, Estrella, Gran Visir y Mantenedor Real.<\/p>\n","protected":false},"author":2,"featured_media":0,"comment_status":"closed","ping_status":"open","sticky":false,"template":"","format":"standard","meta":{"_et_pb_use_builder":"on","_et_pb_old_content":"","_et_gb_content_width":"","footnotes":""},"categories":[12,19,13,17,14,15,18,16,1],"tags":[],"class_list":["post-10492","post","type-post","status-publish","format-standard","hentry","category-colegio","category-escuela-abierta","category-fasa","category-infantil","category-pastoral","category-portada","category-primaria","category-secundaria","category-uncategorized"],"yoast_head":"<!-- This site is optimized with the Yoast SEO plugin v28.4 - https:\/\/yoast.com\/product\/yoast-seo-wordpress\/ -->\n<title>Felicitamos a nuestros Antiguos Alumnos, por su protagonismo en la Cabalgata de Alcal\u00e1 2019 - Colegio Salesiano Alcal\u00e1<\/title>\n<meta name=\"robots\" content=\"index, follow, max-snippet:-1, max-image-preview:large, max-video-preview:-1\" \/>\n<link rel=\"canonical\" href=\"https:\/\/alcala.salesianos.edu\/colegio\/blog\/2018\/11\/08\/reyesmagosalcala\/\" \/>\n<meta property=\"og:locale\" content=\"es_ES\" \/>\n<meta property=\"og:type\" content=\"article\" \/>\n<meta property=\"og:title\" content=\"Felicitamos a nuestros Antiguos Alumnos, por su protagonismo en la Cabalgata de Alcal\u00e1 2019 - Colegio Salesiano Alcal\u00e1\" \/>\n<meta property=\"og:description\" content=\"Felicitamos a los representantes de los Reyes Magos, Estrella, Gran Visir y Mantenedor Real.\" \/>\n<meta property=\"og:url\" content=\"https:\/\/alcala.salesianos.edu\/colegio\/blog\/2018\/11\/08\/reyesmagosalcala\/\" \/>\n<meta property=\"og:site_name\" content=\"Colegio Salesiano Alcal\u00e1\" \/>\n<meta property=\"article:published_time\" content=\"2018-11-08T06:21:42+00:00\" \/>\n<meta property=\"article:modified_time\" content=\"2025-08-27T07:59:29+00:00\" \/>\n<meta name=\"author\" content=\"Administrador Web\" \/>\n<meta name=\"twitter:card\" content=\"summary_large_image\" \/>\n<meta name=\"twitter:label1\" content=\"Escrito por\" \/>\n\t<meta name=\"twitter:data1\" content=\"Administrador Web\" \/>\n\t<meta name=\"twitter:label2\" content=\"Tiempo de lectura\" \/>\n\t<meta name=\"twitter:data2\" content=\"3 minutos\" \/>\n<script type=\"application\/ld+json\" class=\"yoast-schema-graph\">{\"@context\":\"https:\\\/\\\/schema.org\",\"@graph\":[{\"@type\":\"Article\",\"@id\":\"https:\\\/\\\/alcala.salesianos.edu\\\/colegio\\\/blog\\\/2018\\\/11\\\/08\\\/reyesmagosalcala\\\/#article\",\"isPartOf\":{\"@id\":\"https:\\\/\\\/alcala.salesianos.edu\\\/colegio\\\/blog\\\/2018\\\/11\\\/08\\\/reyesmagosalcala\\\/\"},\"author\":{\"name\":\"Administrador Web\",\"@id\":\"https:\\\/\\\/alcala.salesianos.edu\\\/colegio\\\/#\\\/schema\\\/person\\\/afcc24f776dc91fc2bf9afb0998fca77\"},\"headline\":\"Felicitamos a nuestros Antiguos Alumnos, por su protagonismo en la Cabalgata de Alcal\u00e1 2019\",\"datePublished\":\"2018-11-08T06:21:42+00:00\",\"dateModified\":\"2025-08-27T07:59:29+00:00\",\"mainEntityOfPage\":{\"@id\":\"https:\\\/\\\/alcala.salesianos.edu\\\/colegio\\\/blog\\\/2018\\\/11\\\/08\\\/reyesmagosalcala\\\/\"},\"wordCount\":531,\"articleSection\":[\"Colegio\",\"Escuela abierta\",\"FASA\",\"Infantil\",\"Pastoral\",\"Portada\",\"Primaria\",\"Secundaria\",\"Uncategorized\"],\"inLanguage\":\"es\"},{\"@type\":\"WebPage\",\"@id\":\"https:\\\/\\\/alcala.salesianos.edu\\\/colegio\\\/blog\\\/2018\\\/11\\\/08\\\/reyesmagosalcala\\\/\",\"url\":\"https:\\\/\\\/alcala.salesianos.edu\\\/colegio\\\/blog\\\/2018\\\/11\\\/08\\\/reyesmagosalcala\\\/\",\"name\":\"Felicitamos a nuestros Antiguos Alumnos, por su protagonismo en la Cabalgata de Alcal\u00e1 2019 - Colegio Salesiano Alcal\u00e1\",\"isPartOf\":{\"@id\":\"https:\\\/\\\/alcala.salesianos.edu\\\/colegio\\\/#website\"},\"datePublished\":\"2018-11-08T06:21:42+00:00\",\"dateModified\":\"2025-08-27T07:59:29+00:00\",\"author\":{\"@id\":\"https:\\\/\\\/alcala.salesianos.edu\\\/colegio\\\/#\\\/schema\\\/person\\\/afcc24f776dc91fc2bf9afb0998fca77\"},\"breadcrumb\":{\"@id\":\"https:\\\/\\\/alcala.salesianos.edu\\\/colegio\\\/blog\\\/2018\\\/11\\\/08\\\/reyesmagosalcala\\\/#breadcrumb\"},\"inLanguage\":\"es\",\"potentialAction\":[{\"@type\":\"ReadAction\",\"target\":[\"https:\\\/\\\/alcala.salesianos.edu\\\/colegio\\\/blog\\\/2018\\\/11\\\/08\\\/reyesmagosalcala\\\/\"]}]},{\"@type\":\"BreadcrumbList\",\"@id\":\"https:\\\/\\\/alcala.salesianos.edu\\\/colegio\\\/blog\\\/2018\\\/11\\\/08\\\/reyesmagosalcala\\\/#breadcrumb\",\"itemListElement\":[{\"@type\":\"ListItem\",\"position\":1,\"name\":\"Portada\",\"item\":\"https:\\\/\\\/alcala.salesianos.edu\\\/colegio\\\/\"},{\"@type\":\"ListItem\",\"position\":2,\"name\":\"Felicitamos a nuestros Antiguos Alumnos, por su protagonismo en la Cabalgata de Alcal\u00e1 2019\"}]},{\"@type\":\"WebSite\",\"@id\":\"https:\\\/\\\/alcala.salesianos.edu\\\/colegio\\\/#website\",\"url\":\"https:\\\/\\\/alcala.salesianos.edu\\\/colegio\\\/\",\"name\":\"Colegio Salesiano Alcal\u00e1\",\"description\":\"P\u00e1gina oficial de Salesianos Alcal\u00e1 de Guadaira\",\"potentialAction\":[{\"@type\":\"SearchAction\",\"target\":{\"@type\":\"EntryPoint\",\"urlTemplate\":\"https:\\\/\\\/alcala.salesianos.edu\\\/colegio\\\/?s={search_term_string}\"},\"query-input\":{\"@type\":\"PropertyValueSpecification\",\"valueRequired\":true,\"valueName\":\"search_term_string\"}}],\"inLanguage\":\"es\"},{\"@type\":\"Person\",\"@id\":\"https:\\\/\\\/alcala.salesianos.edu\\\/colegio\\\/#\\\/schema\\\/person\\\/afcc24f776dc91fc2bf9afb0998fca77\",\"name\":\"Administrador Web\",\"image\":{\"@type\":\"ImageObject\",\"inLanguage\":\"es\",\"@id\":\"https:\\\/\\\/secure.gravatar.com\\\/avatar\\\/bc157e994689bd6da9645c00aa3bc4d55b727915b6652642660db0aef086585f?s=96&d=mm&r=g\",\"url\":\"https:\\\/\\\/secure.gravatar.com\\\/avatar\\\/bc157e994689bd6da9645c00aa3bc4d55b727915b6652642660db0aef086585f?s=96&d=mm&r=g\",\"contentUrl\":\"https:\\\/\\\/secure.gravatar.com\\\/avatar\\\/bc157e994689bd6da9645c00aa3bc4d55b727915b6652642660db0aef086585f?s=96&d=mm&r=g\",\"caption\":\"Administrador Web\"}}]}<\/script>\n<!-- \/ Yoast SEO plugin. -->","yoast_head_json":{"title":"Felicitamos a nuestros Antiguos Alumnos, por su protagonismo en la Cabalgata de Alcal\u00e1 2019 - Colegio Salesiano Alcal\u00e1","robots":{"index":"index","follow":"follow","max-snippet":"max-snippet:-1","max-image-preview":"max-image-preview:large","max-video-preview":"max-video-preview:-1"},"canonical":"https:\/\/alcala.salesianos.edu\/colegio\/blog\/2018\/11\/08\/reyesmagosalcala\/","og_locale":"es_ES","og_type":"article","og_title":"Felicitamos a nuestros Antiguos Alumnos, por su protagonismo en la Cabalgata de Alcal\u00e1 2019 - Colegio Salesiano Alcal\u00e1","og_description":"Felicitamos a los representantes de los Reyes Magos, Estrella, Gran Visir y Mantenedor Real.","og_url":"https:\/\/alcala.salesianos.edu\/colegio\/blog\/2018\/11\/08\/reyesmagosalcala\/","og_site_name":"Colegio Salesiano Alcal\u00e1","article_published_time":"2018-11-08T06:21:42+00:00","article_modified_time":"2025-08-27T07:59:29+00:00","author":"Administrador Web","twitter_card":"summary_large_image","twitter_misc":{"Escrito por":"Administrador Web","Tiempo de lectura":"3 minutos"},"schema":{"@context":"https:\/\/schema.org","@graph":[{"@type":"Article","@id":"https:\/\/alcala.salesianos.edu\/colegio\/blog\/2018\/11\/08\/reyesmagosalcala\/#article","isPartOf":{"@id":"https:\/\/alcala.salesianos.edu\/colegio\/blog\/2018\/11\/08\/reyesmagosalcala\/"},"author":{"name":"Administrador Web","@id":"https:\/\/alcala.salesianos.edu\/colegio\/#\/schema\/person\/afcc24f776dc91fc2bf9afb0998fca77"},"headline":"Felicitamos a nuestros Antiguos Alumnos, por su protagonismo en la Cabalgata de Alcal\u00e1 2019","datePublished":"2018-11-08T06:21:42+00:00","dateModified":"2025-08-27T07:59:29+00:00","mainEntityOfPage":{"@id":"https:\/\/alcala.salesianos.edu\/colegio\/blog\/2018\/11\/08\/reyesmagosalcala\/"},"wordCount":531,"articleSection":["Colegio","Escuela abierta","FASA","Infantil","Pastoral","Portada","Primaria","Secundaria","Uncategorized"],"inLanguage":"es"},{"@type":"WebPage","@id":"https:\/\/alcala.salesianos.edu\/colegio\/blog\/2018\/11\/08\/reyesmagosalcala\/","url":"https:\/\/alcala.salesianos.edu\/colegio\/blog\/2018\/11\/08\/reyesmagosalcala\/","name":"Felicitamos a nuestros Antiguos Alumnos, por su protagonismo en la Cabalgata de Alcal\u00e1 2019 - Colegio Salesiano Alcal\u00e1","isPartOf":{"@id":"https:\/\/alcala.salesianos.edu\/colegio\/#website"},"datePublished":"2018-11-08T06:21:42+00:00","dateModified":"2025-08-27T07:59:29+00:00","author":{"@id":"https:\/\/alcala.salesianos.edu\/colegio\/#\/schema\/person\/afcc24f776dc91fc2bf9afb0998fca77"},"breadcrumb":{"@id":"https:\/\/alcala.salesianos.edu\/colegio\/blog\/2018\/11\/08\/reyesmagosalcala\/#breadcrumb"},"inLanguage":"es","potentialAction":[{"@type":"ReadAction","target":["https:\/\/alcala.salesianos.edu\/colegio\/blog\/2018\/11\/08\/reyesmagosalcala\/"]}]},{"@type":"BreadcrumbList","@id":"https:\/\/alcala.salesianos.edu\/colegio\/blog\/2018\/11\/08\/reyesmagosalcala\/#breadcrumb","itemListElement":[{"@type":"ListItem","position":1,"name":"Portada","item":"https:\/\/alcala.salesianos.edu\/colegio\/"},{"@type":"ListItem","position":2,"name":"Felicitamos a nuestros Antiguos Alumnos, por su protagonismo en la Cabalgata de Alcal\u00e1 2019"}]},{"@type":"WebSite","@id":"https:\/\/alcala.salesianos.edu\/colegio\/#website","url":"https:\/\/alcala.salesianos.edu\/colegio\/","name":"Colegio Salesiano Alcal\u00e1","description":"P\u00e1gina oficial de Salesianos Alcal\u00e1 de Guadaira","potentialAction":[{"@type":"SearchAction","target":{"@type":"EntryPoint","urlTemplate":"https:\/\/alcala.salesianos.edu\/colegio\/?s={search_term_string}"},"query-input":{"@type":"PropertyValueSpecification","valueRequired":true,"valueName":"search_term_string"}}],"inLanguage":"es"},{"@type":"Person","@id":"https:\/\/alcala.salesianos.edu\/colegio\/#\/schema\/person\/afcc24f776dc91fc2bf9afb0998fca77","name":"Administrador Web","image":{"@type":"ImageObject","inLanguage":"es","@id":"https:\/\/secure.gravatar.com\/avatar\/bc157e994689bd6da9645c00aa3bc4d55b727915b6652642660db0aef086585f?s=96&d=mm&r=g","url":"https:\/\/secure.gravatar.com\/avatar\/bc157e994689bd6da9645c00aa3bc4d55b727915b6652642660db0aef086585f?s=96&d=mm&r=g","contentUrl":"https:\/\/secure.gravatar.com\/avatar\/bc157e994689bd6da9645c00aa3bc4d55b727915b6652642660db0aef086585f?s=96&d=mm&r=g","caption":"Administrador Web"}}]}},"_links":{"self":[{"href":"https:\/\/alcala.salesianos.edu\/colegio\/wp-json\/wp\/v2\/posts\/10492","targetHints":{"allow":["GET"]}}],"collection":[{"href":"https:\/\/alcala.salesianos.edu\/colegio\/wp-json\/wp\/v2\/posts"}],"about":[{"href":"https:\/\/alcala.salesianos.edu\/colegio\/wp-json\/wp\/v2\/types\/post"}],"author":[{"embeddable":true,"href":"https:\/\/alcala.salesianos.edu\/colegio\/wp-json\/wp\/v2\/users\/2"}],"replies":[{"embeddable":true,"href":"https:\/\/alcala.salesianos.edu\/colegio\/wp-json\/wp\/v2\/comments?post=10492"}],"version-history":[{"count":4,"href":"https:\/\/alcala.salesianos.edu\/colegio\/wp-json\/wp\/v2\/posts\/10492\/revisions"}],"predecessor-version":[{"id":10502,"href":"https:\/\/alcala.salesianos.edu\/colegio\/wp-json\/wp\/v2\/posts\/10492\/revisions\/10502"}],"wp:attachment":[{"href":"https:\/\/alcala.salesianos.edu\/colegio\/wp-json\/wp\/v2\/media?parent=10492"}],"wp:term":[{"taxonomy":"category","embeddable":true,"href":"https:\/\/alcala.salesianos.edu\/colegio\/wp-json\/wp\/v2\/categories?post=10492"},{"taxonomy":"post_tag","embeddable":true,"href":"https:\/\/alcala.salesianos.edu\/colegio\/wp-json\/wp\/v2\/tags?post=10492"}],"curies":[{"name":"wp","href":"https:\/\/api.w.org\/{rel}","templated":true}]}}