{"id":10448,"date":"2018-10-31T17:23:14","date_gmt":"2018-10-31T16:23:14","guid":{"rendered":"https:\/\/alcala.salesianos.edu\/colegio\/blog\/2018\/10\/31\/fin-de-la-visita-canonica-de-d-angel-asurmendi\/"},"modified":"2025-08-27T08:59:30","modified_gmt":"2025-08-27T07:59:30","slug":"fin-de-la-visita-canonica-de-d-angel-asurmendi","status":"publish","type":"post","link":"https:\/\/alcala.salesianos.edu\/colegio\/blog\/2018\/10\/31\/fin-de-la-visita-canonica-de-d-angel-asurmendi\/","title":{"rendered":"Fin de la visita Can\u00f3nica de D. \u00c1ngel Asurmendi."},"content":{"rendered":"<div id=\"fb-root\"><\/div>\n<p>[et_pb_section bb_built=\u00bb1&#8243;][et_pb_row][et_pb_column type=\u00bb4_4&#8243;][et_pb_text _builder_version=\u00bb3.0.105&#8243; background_layout=\u00bblight\u00bb]<\/p>\n<p><img loading=\"lazy\" decoding=\"async\" class=\"alignleft size-medium wp-image-5620\" src=\"https:\/\/alcala.salesianos.edu\/wp-content\/uploads\/2018\/10\/asurmendi-225x300.jpeg\" alt=\"\" width=\"225\" height=\"300\" \/>Finaliza hoy la visita de nuestro Sr. Inspector D. \u00c1ngel Asurmendi, que tras compartir estos tres d\u00edas con la comunidad educativa ha decidido despedirse invitando al claustro de maestros y profesores a un arroz. Durante estos d\u00edas hemos sentido su cercan\u00eda, cari\u00f1o y muestras de \u00e1nimo y apoyo en nuestra labor docente.<\/p>\n<p>Durante el d\u00eda de ayer, nuestro inspector pudo desayunar y compartir un momento con los hermanos de nuestra Casa y, posteriormente asisti\u00f3 a la Eucarist\u00eda en la iglesia del Carmen. Hizo un recorrido por nuestras capellan\u00edas de la calle Mina y parroquia de San Sebasti\u00e1n y para terminar el d\u00eda, tuvo una reuni\u00f3n con las juntas de Familia Salesiana y Hermandad.<\/p>\n<p>Hoy le despedimos con mucho cari\u00f1o tras haber compartido el momento de buenos d\u00edas con los alumnos de Primaria. Tambi\u00e9n ha tenido distintos encuentros con los jefes de estudio de nuestro centro, el personal de administraci\u00f3n y servicios y con D. \u00c1ngel Guti\u00e9rrez, presidente del AMPA.<\/p>\n<p>Finalizamos esta agradable visita con un almuerzo en clave salesiana.<\/p>\n<p><img loading=\"lazy\" decoding=\"async\" class=\"wp-image-5600 aligncenter\" src=\"https:\/\/alcala.salesianos.edu\/wp-content\/uploads\/2018\/10\/Visita-cartel-300x298.png\" alt=\"\" width=\"468\" height=\"465\" \/><\/p>\n<p>[\/et_pb_text][\/et_pb_column][\/et_pb_row][\/et_pb_section]<\/p>\n","protected":false},"excerpt":{"rendered":"<p>Agradecemos a nuestro Inspector su visita durante estos tres d\u00edas en los que nos hemos sentido acompa\u00f1ados y reconfortados para este curso pastoral.<\/p>\n","protected":false},"author":2,"featured_media":0,"comment_status":"closed","ping_status":"open","sticky":false,"template":"","format":"standard","meta":{"_et_pb_use_builder":"on","_et_pb_old_content":"","_et_gb_content_width":"","footnotes":""},"categories":[12,19,13,17,14,15,18,16,1],"tags":[],"class_list":["post-10448","post","type-post","status-publish","format-standard","hentry","category-colegio","category-escuela-abierta","category-fasa","category-infantil","category-pastoral","category-portada","category-primaria","category-secundaria","category-uncategorized"],"yoast_head":"<!-- This site is optimized with the Yoast SEO plugin v28.4 - https:\/\/yoast.com\/product\/yoast-seo-wordpress\/ -->\n<title>Fin de la visita Can\u00f3nica de D. \u00c1ngel Asurmendi. - Colegio Salesiano Alcal\u00e1<\/title>\n<meta name=\"robots\" content=\"index, follow, max-snippet:-1, max-image-preview:large, max-video-preview:-1\" \/>\n<link rel=\"canonical\" href=\"https:\/\/alcala.salesianos.edu\/colegio\/blog\/2018\/10\/31\/fin-de-la-visita-canonica-de-d-angel-asurmendi\/\" \/>\n<meta property=\"og:locale\" content=\"es_ES\" \/>\n<meta property=\"og:type\" content=\"article\" \/>\n<meta property=\"og:title\" content=\"Fin de la visita Can\u00f3nica de D. \u00c1ngel Asurmendi. - Colegio Salesiano Alcal\u00e1\" \/>\n<meta property=\"og:description\" content=\"Agradecemos a nuestro Inspector su visita durante estos tres d\u00edas en los que nos hemos sentido acompa\u00f1ados y reconfortados para este curso pastoral.\" \/>\n<meta property=\"og:url\" content=\"https:\/\/alcala.salesianos.edu\/colegio\/blog\/2018\/10\/31\/fin-de-la-visita-canonica-de-d-angel-asurmendi\/\" \/>\n<meta property=\"og:site_name\" content=\"Colegio Salesiano Alcal\u00e1\" \/>\n<meta property=\"article:published_time\" content=\"2018-10-31T16:23:14+00:00\" \/>\n<meta property=\"article:modified_time\" content=\"2025-08-27T07:59:30+00:00\" \/>\n<meta name=\"author\" content=\"Administrador Web\" \/>\n<meta name=\"twitter:card\" content=\"summary_large_image\" \/>\n<meta name=\"twitter:label1\" content=\"Escrito por\" \/>\n\t<meta name=\"twitter:data1\" content=\"Administrador Web\" \/>\n\t<meta name=\"twitter:label2\" content=\"Tiempo de lectura\" \/>\n\t<meta name=\"twitter:data2\" content=\"1 minuto\" \/>\n<script type=\"application\/ld+json\" class=\"yoast-schema-graph\">{\"@context\":\"https:\\\/\\\/schema.org\",\"@graph\":[{\"@type\":\"Article\",\"@id\":\"https:\\\/\\\/alcala.salesianos.edu\\\/colegio\\\/blog\\\/2018\\\/10\\\/31\\\/fin-de-la-visita-canonica-de-d-angel-asurmendi\\\/#article\",\"isPartOf\":{\"@id\":\"https:\\\/\\\/alcala.salesianos.edu\\\/colegio\\\/blog\\\/2018\\\/10\\\/31\\\/fin-de-la-visita-canonica-de-d-angel-asurmendi\\\/\"},\"author\":{\"name\":\"Administrador Web\",\"@id\":\"https:\\\/\\\/alcala.salesianos.edu\\\/colegio\\\/#\\\/schema\\\/person\\\/afcc24f776dc91fc2bf9afb0998fca77\"},\"headline\":\"Fin de la visita Can\u00f3nica de D. \u00c1ngel Asurmendi.\",\"datePublished\":\"2018-10-31T16:23:14+00:00\",\"dateModified\":\"2025-08-27T07:59:30+00:00\",\"mainEntityOfPage\":{\"@id\":\"https:\\\/\\\/alcala.salesianos.edu\\\/colegio\\\/blog\\\/2018\\\/10\\\/31\\\/fin-de-la-visita-canonica-de-d-angel-asurmendi\\\/\"},\"wordCount\":226,\"image\":{\"@id\":\"https:\\\/\\\/alcala.salesianos.edu\\\/colegio\\\/blog\\\/2018\\\/10\\\/31\\\/fin-de-la-visita-canonica-de-d-angel-asurmendi\\\/#primaryimage\"},\"thumbnailUrl\":\"https:\\\/\\\/alcala.salesianos.edu\\\/wp-content\\\/uploads\\\/2018\\\/10\\\/asurmendi-225x300.jpeg\",\"articleSection\":[\"Colegio\",\"Escuela abierta\",\"FASA\",\"Infantil\",\"Pastoral\",\"Portada\",\"Primaria\",\"Secundaria\",\"Uncategorized\"],\"inLanguage\":\"es\"},{\"@type\":\"WebPage\",\"@id\":\"https:\\\/\\\/alcala.salesianos.edu\\\/colegio\\\/blog\\\/2018\\\/10\\\/31\\\/fin-de-la-visita-canonica-de-d-angel-asurmendi\\\/\",\"url\":\"https:\\\/\\\/alcala.salesianos.edu\\\/colegio\\\/blog\\\/2018\\\/10\\\/31\\\/fin-de-la-visita-canonica-de-d-angel-asurmendi\\\/\",\"name\":\"Fin de la visita Can\u00f3nica de D. \u00c1ngel Asurmendi. - Colegio Salesiano Alcal\u00e1\",\"isPartOf\":{\"@id\":\"https:\\\/\\\/alcala.salesianos.edu\\\/colegio\\\/#website\"},\"primaryImageOfPage\":{\"@id\":\"https:\\\/\\\/alcala.salesianos.edu\\\/colegio\\\/blog\\\/2018\\\/10\\\/31\\\/fin-de-la-visita-canonica-de-d-angel-asurmendi\\\/#primaryimage\"},\"image\":{\"@id\":\"https:\\\/\\\/alcala.salesianos.edu\\\/colegio\\\/blog\\\/2018\\\/10\\\/31\\\/fin-de-la-visita-canonica-de-d-angel-asurmendi\\\/#primaryimage\"},\"thumbnailUrl\":\"https:\\\/\\\/alcala.salesianos.edu\\\/wp-content\\\/uploads\\\/2018\\\/10\\\/asurmendi-225x300.jpeg\",\"datePublished\":\"2018-10-31T16:23:14+00:00\",\"dateModified\":\"2025-08-27T07:59:30+00:00\",\"author\":{\"@id\":\"https:\\\/\\\/alcala.salesianos.edu\\\/colegio\\\/#\\\/schema\\\/person\\\/afcc24f776dc91fc2bf9afb0998fca77\"},\"breadcrumb\":{\"@id\":\"https:\\\/\\\/alcala.salesianos.edu\\\/colegio\\\/blog\\\/2018\\\/10\\\/31\\\/fin-de-la-visita-canonica-de-d-angel-asurmendi\\\/#breadcrumb\"},\"inLanguage\":\"es\",\"potentialAction\":[{\"@type\":\"ReadAction\",\"target\":[\"https:\\\/\\\/alcala.salesianos.edu\\\/colegio\\\/blog\\\/2018\\\/10\\\/31\\\/fin-de-la-visita-canonica-de-d-angel-asurmendi\\\/\"]}]},{\"@type\":\"ImageObject\",\"inLanguage\":\"es\",\"@id\":\"https:\\\/\\\/alcala.salesianos.edu\\\/colegio\\\/blog\\\/2018\\\/10\\\/31\\\/fin-de-la-visita-canonica-de-d-angel-asurmendi\\\/#primaryimage\",\"url\":\"https:\\\/\\\/alcala.salesianos.edu\\\/wp-content\\\/uploads\\\/2018\\\/10\\\/asurmendi-225x300.jpeg\",\"contentUrl\":\"https:\\\/\\\/alcala.salesianos.edu\\\/wp-content\\\/uploads\\\/2018\\\/10\\\/asurmendi-225x300.jpeg\"},{\"@type\":\"BreadcrumbList\",\"@id\":\"https:\\\/\\\/alcala.salesianos.edu\\\/colegio\\\/blog\\\/2018\\\/10\\\/31\\\/fin-de-la-visita-canonica-de-d-angel-asurmendi\\\/#breadcrumb\",\"itemListElement\":[{\"@type\":\"ListItem\",\"position\":1,\"name\":\"Portada\",\"item\":\"https:\\\/\\\/alcala.salesianos.edu\\\/colegio\\\/\"},{\"@type\":\"ListItem\",\"position\":2,\"name\":\"Fin de la visita Can\u00f3nica de D. \u00c1ngel Asurmendi.\"}]},{\"@type\":\"WebSite\",\"@id\":\"https:\\\/\\\/alcala.salesianos.edu\\\/colegio\\\/#website\",\"url\":\"https:\\\/\\\/alcala.salesianos.edu\\\/colegio\\\/\",\"name\":\"Colegio Salesiano Alcal\u00e1\",\"description\":\"P\u00e1gina oficial de Salesianos Alcal\u00e1 de Guadaira\",\"potentialAction\":[{\"@type\":\"SearchAction\",\"target\":{\"@type\":\"EntryPoint\",\"urlTemplate\":\"https:\\\/\\\/alcala.salesianos.edu\\\/colegio\\\/?s={search_term_string}\"},\"query-input\":{\"@type\":\"PropertyValueSpecification\",\"valueRequired\":true,\"valueName\":\"search_term_string\"}}],\"inLanguage\":\"es\"},{\"@type\":\"Person\",\"@id\":\"https:\\\/\\\/alcala.salesianos.edu\\\/colegio\\\/#\\\/schema\\\/person\\\/afcc24f776dc91fc2bf9afb0998fca77\",\"name\":\"Administrador Web\",\"image\":{\"@type\":\"ImageObject\",\"inLanguage\":\"es\",\"@id\":\"https:\\\/\\\/secure.gravatar.com\\\/avatar\\\/bc157e994689bd6da9645c00aa3bc4d55b727915b6652642660db0aef086585f?s=96&d=mm&r=g\",\"url\":\"https:\\\/\\\/secure.gravatar.com\\\/avatar\\\/bc157e994689bd6da9645c00aa3bc4d55b727915b6652642660db0aef086585f?s=96&d=mm&r=g\",\"contentUrl\":\"https:\\\/\\\/secure.gravatar.com\\\/avatar\\\/bc157e994689bd6da9645c00aa3bc4d55b727915b6652642660db0aef086585f?s=96&d=mm&r=g\",\"caption\":\"Administrador Web\"}}]}<\/script>\n<!-- \/ Yoast SEO plugin. -->","yoast_head_json":{"title":"Fin de la visita Can\u00f3nica de D. \u00c1ngel Asurmendi. - Colegio Salesiano Alcal\u00e1","robots":{"index":"index","follow":"follow","max-snippet":"max-snippet:-1","max-image-preview":"max-image-preview:large","max-video-preview":"max-video-preview:-1"},"canonical":"https:\/\/alcala.salesianos.edu\/colegio\/blog\/2018\/10\/31\/fin-de-la-visita-canonica-de-d-angel-asurmendi\/","og_locale":"es_ES","og_type":"article","og_title":"Fin de la visita Can\u00f3nica de D. \u00c1ngel Asurmendi. - Colegio Salesiano Alcal\u00e1","og_description":"Agradecemos a nuestro Inspector su visita durante estos tres d\u00edas en los que nos hemos sentido acompa\u00f1ados y reconfortados para este curso pastoral.","og_url":"https:\/\/alcala.salesianos.edu\/colegio\/blog\/2018\/10\/31\/fin-de-la-visita-canonica-de-d-angel-asurmendi\/","og_site_name":"Colegio Salesiano Alcal\u00e1","article_published_time":"2018-10-31T16:23:14+00:00","article_modified_time":"2025-08-27T07:59:30+00:00","author":"Administrador Web","twitter_card":"summary_large_image","twitter_misc":{"Escrito por":"Administrador Web","Tiempo de lectura":"1 minuto"},"schema":{"@context":"https:\/\/schema.org","@graph":[{"@type":"Article","@id":"https:\/\/alcala.salesianos.edu\/colegio\/blog\/2018\/10\/31\/fin-de-la-visita-canonica-de-d-angel-asurmendi\/#article","isPartOf":{"@id":"https:\/\/alcala.salesianos.edu\/colegio\/blog\/2018\/10\/31\/fin-de-la-visita-canonica-de-d-angel-asurmendi\/"},"author":{"name":"Administrador Web","@id":"https:\/\/alcala.salesianos.edu\/colegio\/#\/schema\/person\/afcc24f776dc91fc2bf9afb0998fca77"},"headline":"Fin de la visita Can\u00f3nica de D. \u00c1ngel Asurmendi.","datePublished":"2018-10-31T16:23:14+00:00","dateModified":"2025-08-27T07:59:30+00:00","mainEntityOfPage":{"@id":"https:\/\/alcala.salesianos.edu\/colegio\/blog\/2018\/10\/31\/fin-de-la-visita-canonica-de-d-angel-asurmendi\/"},"wordCount":226,"image":{"@id":"https:\/\/alcala.salesianos.edu\/colegio\/blog\/2018\/10\/31\/fin-de-la-visita-canonica-de-d-angel-asurmendi\/#primaryimage"},"thumbnailUrl":"https:\/\/alcala.salesianos.edu\/wp-content\/uploads\/2018\/10\/asurmendi-225x300.jpeg","articleSection":["Colegio","Escuela abierta","FASA","Infantil","Pastoral","Portada","Primaria","Secundaria","Uncategorized"],"inLanguage":"es"},{"@type":"WebPage","@id":"https:\/\/alcala.salesianos.edu\/colegio\/blog\/2018\/10\/31\/fin-de-la-visita-canonica-de-d-angel-asurmendi\/","url":"https:\/\/alcala.salesianos.edu\/colegio\/blog\/2018\/10\/31\/fin-de-la-visita-canonica-de-d-angel-asurmendi\/","name":"Fin de la visita Can\u00f3nica de D. \u00c1ngel Asurmendi. - Colegio Salesiano Alcal\u00e1","isPartOf":{"@id":"https:\/\/alcala.salesianos.edu\/colegio\/#website"},"primaryImageOfPage":{"@id":"https:\/\/alcala.salesianos.edu\/colegio\/blog\/2018\/10\/31\/fin-de-la-visita-canonica-de-d-angel-asurmendi\/#primaryimage"},"image":{"@id":"https:\/\/alcala.salesianos.edu\/colegio\/blog\/2018\/10\/31\/fin-de-la-visita-canonica-de-d-angel-asurmendi\/#primaryimage"},"thumbnailUrl":"https:\/\/alcala.salesianos.edu\/wp-content\/uploads\/2018\/10\/asurmendi-225x300.jpeg","datePublished":"2018-10-31T16:23:14+00:00","dateModified":"2025-08-27T07:59:30+00:00","author":{"@id":"https:\/\/alcala.salesianos.edu\/colegio\/#\/schema\/person\/afcc24f776dc91fc2bf9afb0998fca77"},"breadcrumb":{"@id":"https:\/\/alcala.salesianos.edu\/colegio\/blog\/2018\/10\/31\/fin-de-la-visita-canonica-de-d-angel-asurmendi\/#breadcrumb"},"inLanguage":"es","potentialAction":[{"@type":"ReadAction","target":["https:\/\/alcala.salesianos.edu\/colegio\/blog\/2018\/10\/31\/fin-de-la-visita-canonica-de-d-angel-asurmendi\/"]}]},{"@type":"ImageObject","inLanguage":"es","@id":"https:\/\/alcala.salesianos.edu\/colegio\/blog\/2018\/10\/31\/fin-de-la-visita-canonica-de-d-angel-asurmendi\/#primaryimage","url":"https:\/\/alcala.salesianos.edu\/wp-content\/uploads\/2018\/10\/asurmendi-225x300.jpeg","contentUrl":"https:\/\/alcala.salesianos.edu\/wp-content\/uploads\/2018\/10\/asurmendi-225x300.jpeg"},{"@type":"BreadcrumbList","@id":"https:\/\/alcala.salesianos.edu\/colegio\/blog\/2018\/10\/31\/fin-de-la-visita-canonica-de-d-angel-asurmendi\/#breadcrumb","itemListElement":[{"@type":"ListItem","position":1,"name":"Portada","item":"https:\/\/alcala.salesianos.edu\/colegio\/"},{"@type":"ListItem","position":2,"name":"Fin de la visita Can\u00f3nica de D. \u00c1ngel Asurmendi."}]},{"@type":"WebSite","@id":"https:\/\/alcala.salesianos.edu\/colegio\/#website","url":"https:\/\/alcala.salesianos.edu\/colegio\/","name":"Colegio Salesiano Alcal\u00e1","description":"P\u00e1gina oficial de Salesianos Alcal\u00e1 de Guadaira","potentialAction":[{"@type":"SearchAction","target":{"@type":"EntryPoint","urlTemplate":"https:\/\/alcala.salesianos.edu\/colegio\/?s={search_term_string}"},"query-input":{"@type":"PropertyValueSpecification","valueRequired":true,"valueName":"search_term_string"}}],"inLanguage":"es"},{"@type":"Person","@id":"https:\/\/alcala.salesianos.edu\/colegio\/#\/schema\/person\/afcc24f776dc91fc2bf9afb0998fca77","name":"Administrador Web","image":{"@type":"ImageObject","inLanguage":"es","@id":"https:\/\/secure.gravatar.com\/avatar\/bc157e994689bd6da9645c00aa3bc4d55b727915b6652642660db0aef086585f?s=96&d=mm&r=g","url":"https:\/\/secure.gravatar.com\/avatar\/bc157e994689bd6da9645c00aa3bc4d55b727915b6652642660db0aef086585f?s=96&d=mm&r=g","contentUrl":"https:\/\/secure.gravatar.com\/avatar\/bc157e994689bd6da9645c00aa3bc4d55b727915b6652642660db0aef086585f?s=96&d=mm&r=g","caption":"Administrador Web"}}]}},"_links":{"self":[{"href":"https:\/\/alcala.salesianos.edu\/colegio\/wp-json\/wp\/v2\/posts\/10448","targetHints":{"allow":["GET"]}}],"collection":[{"href":"https:\/\/alcala.salesianos.edu\/colegio\/wp-json\/wp\/v2\/posts"}],"about":[{"href":"https:\/\/alcala.salesianos.edu\/colegio\/wp-json\/wp\/v2\/types\/post"}],"author":[{"embeddable":true,"href":"https:\/\/alcala.salesianos.edu\/colegio\/wp-json\/wp\/v2\/users\/2"}],"replies":[{"embeddable":true,"href":"https:\/\/alcala.salesianos.edu\/colegio\/wp-json\/wp\/v2\/comments?post=10448"}],"version-history":[{"count":9,"href":"https:\/\/alcala.salesianos.edu\/colegio\/wp-json\/wp\/v2\/posts\/10448\/revisions"}],"predecessor-version":[{"id":16440,"href":"https:\/\/alcala.salesianos.edu\/colegio\/wp-json\/wp\/v2\/posts\/10448\/revisions\/16440"}],"wp:attachment":[{"href":"https:\/\/alcala.salesianos.edu\/colegio\/wp-json\/wp\/v2\/media?parent=10448"}],"wp:term":[{"taxonomy":"category","embeddable":true,"href":"https:\/\/alcala.salesianos.edu\/colegio\/wp-json\/wp\/v2\/categories?post=10448"},{"taxonomy":"post_tag","embeddable":true,"href":"https:\/\/alcala.salesianos.edu\/colegio\/wp-json\/wp\/v2\/tags?post=10448"}],"curies":[{"name":"wp","href":"https:\/\/api.w.org\/{rel}","templated":true}]}}