{"id":10441,"date":"2018-10-31T17:13:16","date_gmt":"2018-10-31T16:13:16","guid":{"rendered":"https:\/\/alcala.salesianos.edu\/colegio\/blog\/2018\/10\/31\/el-colegio-salesiano-de-alcala-abre-un-club-de-debate-y-oratoria\/"},"modified":"2025-08-27T08:59:30","modified_gmt":"2025-08-27T07:59:30","slug":"el-colegio-salesiano-de-alcala-abre-un-club-de-debate-y-oratoria","status":"publish","type":"post","link":"https:\/\/alcala.salesianos.edu\/colegio\/blog\/2018\/10\/31\/el-colegio-salesiano-de-alcala-abre-un-club-de-debate-y-oratoria\/","title":{"rendered":"El Colegio Salesiano de Alcal\u00e1 abre un club de debate y oratoria."},"content":{"rendered":"<div id=\"fb-root\"><\/div>\n<p>[et_pb_section bb_built=\u00bb1&#8243;][et_pb_row][et_pb_column type=\u00bb4_4&#8243;][et_pb_text _builder_version=\u00bb3.0.105&#8243; background_layout=\u00bblight\u00bb]<\/p>\n<p><img loading=\"lazy\" decoding=\"async\" class=\"wp-image-5609 size-medium alignleft\" src=\"https:\/\/alcala.salesianos.edu\/wp-content\/uploads\/2018\/10\/club-300x197.png\" alt=\"\" width=\"300\" height=\"197\" \/><\/p>\n<p>Ante la apuesta continua que nuestro Centro realiza por la mejora formativa de los j\u00f3venes de nuestra localidad, el Colegio Salesiano Nuestra Sra. del \u00c1guila abre un club de debate referente en la ciudad.<\/p>\n<p>Dicho club, cuenta con la profesionalidad e impartici\u00f3n de Mart\u00edn del Trigo, antiguo alumno del Centro, poseedor de una amplia experiencia en Clubs de Debate y Oratoria y que, recientemente ha sido galardonado con el quinto premio Nacional en la VIII Olimpiada Espa\u00f1ola de Econom\u00eda.<\/p>\n<p>Mart\u00edn es una persona experimentada en el sector y presentar\u00e1 un car\u00e1cter emprendedor y de servicio a la comunidad, ya que consideramos que los j\u00f3venes deben tener la oportunidad de poder expresarse de manera asertiva y con sentido cr\u00edtico, buscando la mejora de su entorno m\u00e1s cercano, presentando soluciones a los problemas sociales y reales del medio que les rodea<\/p>\n<p>&nbsp;<\/p>\n<p>Dicho club cuenta con el apoyo de FICA (Federaci\u00f3n de Industriales y Comerciantes de Alcal\u00e1 de Guada\u00edra), y Humanos Coaching y sus objetivos transversales son fomentar valores, como la libertad de expresi\u00f3n y la empat\u00eda en su conjunto. Adem\u00e1s, pretende despertar la capacidad de an\u00e1lisis de la realidad\u00a0 y fomentar practicas de debate y oratoria como la creatividad, creaci\u00f3n de argumentos, memorizaci\u00f3n y razonamiento l\u00f3gico.<\/p>\n<p>Esta experiencia pionera en la ciudad, se enmarca dentro de nuestro proyecto #MiColegio2020, propuesta educativa orientada a los j\u00f3venes del Siglo XXI, que pretende poner en valor y fomentar las competencias y habilidades que nuestros alumnos tendr\u00e1n que desarrollar a lo largo de sus vidas.<\/p>\n<p>&nbsp;<\/p>\n<p>[\/et_pb_text][\/et_pb_column][\/et_pb_row][\/et_pb_section]<\/p>\n","protected":false},"excerpt":{"rendered":"<p>Esta experiencia pionera en la ciudad, se enmarca dentro de nuestro proyecto #MiColegio2020, propuesta educativa orientada a los j\u00f3venes del Siglo XXI, que pretende poner en valor y fomentar las competencias y habilidades que nuestros alumnos tendr\u00e1n que desarrollar a lo largo de sus vidas.<\/p>\n","protected":false},"author":2,"featured_media":0,"comment_status":"closed","ping_status":"open","sticky":false,"template":"","format":"standard","meta":{"_et_pb_use_builder":"on","_et_pb_old_content":"","_et_gb_content_width":"","footnotes":""},"categories":[12,19,13,17,14,15,18,16,1],"tags":[],"class_list":["post-10441","post","type-post","status-publish","format-standard","hentry","category-colegio","category-escuela-abierta","category-fasa","category-infantil","category-pastoral","category-portada","category-primaria","category-secundaria","category-uncategorized"],"yoast_head":"<!-- This site is optimized with the Yoast SEO plugin v28.4 - https:\/\/yoast.com\/product\/yoast-seo-wordpress\/ -->\n<title>El Colegio Salesiano de Alcal\u00e1 abre un club de debate y oratoria. - Colegio Salesiano Alcal\u00e1<\/title>\n<meta name=\"robots\" content=\"index, follow, max-snippet:-1, max-image-preview:large, max-video-preview:-1\" \/>\n<link rel=\"canonical\" href=\"https:\/\/alcala.salesianos.edu\/colegio\/blog\/2018\/10\/31\/el-colegio-salesiano-de-alcala-abre-un-club-de-debate-y-oratoria\/\" \/>\n<meta property=\"og:locale\" content=\"es_ES\" \/>\n<meta property=\"og:type\" content=\"article\" \/>\n<meta property=\"og:title\" content=\"El Colegio Salesiano de Alcal\u00e1 abre un club de debate y oratoria. - Colegio Salesiano Alcal\u00e1\" \/>\n<meta property=\"og:description\" content=\"Esta experiencia pionera en la ciudad, se enmarca dentro de nuestro proyecto #MiColegio2020, propuesta educativa orientada a los j\u00f3venes del Siglo XXI, que pretende poner en valor y fomentar las competencias y habilidades que nuestros alumnos tendr\u00e1n que desarrollar a lo largo de sus vidas.\" \/>\n<meta property=\"og:url\" content=\"https:\/\/alcala.salesianos.edu\/colegio\/blog\/2018\/10\/31\/el-colegio-salesiano-de-alcala-abre-un-club-de-debate-y-oratoria\/\" \/>\n<meta property=\"og:site_name\" content=\"Colegio Salesiano Alcal\u00e1\" \/>\n<meta property=\"article:published_time\" content=\"2018-10-31T16:13:16+00:00\" \/>\n<meta property=\"article:modified_time\" content=\"2025-08-27T07:59:30+00:00\" \/>\n<meta name=\"author\" content=\"Administrador Web\" \/>\n<meta name=\"twitter:card\" content=\"summary_large_image\" \/>\n<meta name=\"twitter:label1\" content=\"Escrito por\" \/>\n\t<meta name=\"twitter:data1\" content=\"Administrador Web\" \/>\n\t<meta name=\"twitter:label2\" content=\"Tiempo de lectura\" \/>\n\t<meta name=\"twitter:data2\" content=\"2 minutos\" \/>\n<script type=\"application\/ld+json\" class=\"yoast-schema-graph\">{\"@context\":\"https:\\\/\\\/schema.org\",\"@graph\":[{\"@type\":\"Article\",\"@id\":\"https:\\\/\\\/alcala.salesianos.edu\\\/colegio\\\/blog\\\/2018\\\/10\\\/31\\\/el-colegio-salesiano-de-alcala-abre-un-club-de-debate-y-oratoria\\\/#article\",\"isPartOf\":{\"@id\":\"https:\\\/\\\/alcala.salesianos.edu\\\/colegio\\\/blog\\\/2018\\\/10\\\/31\\\/el-colegio-salesiano-de-alcala-abre-un-club-de-debate-y-oratoria\\\/\"},\"author\":{\"name\":\"Administrador Web\",\"@id\":\"https:\\\/\\\/alcala.salesianos.edu\\\/colegio\\\/#\\\/schema\\\/person\\\/afcc24f776dc91fc2bf9afb0998fca77\"},\"headline\":\"El Colegio Salesiano de Alcal\u00e1 abre un club de debate y oratoria.\",\"datePublished\":\"2018-10-31T16:13:16+00:00\",\"dateModified\":\"2025-08-27T07:59:30+00:00\",\"mainEntityOfPage\":{\"@id\":\"https:\\\/\\\/alcala.salesianos.edu\\\/colegio\\\/blog\\\/2018\\\/10\\\/31\\\/el-colegio-salesiano-de-alcala-abre-un-club-de-debate-y-oratoria\\\/\"},\"wordCount\":316,\"image\":{\"@id\":\"https:\\\/\\\/alcala.salesianos.edu\\\/colegio\\\/blog\\\/2018\\\/10\\\/31\\\/el-colegio-salesiano-de-alcala-abre-un-club-de-debate-y-oratoria\\\/#primaryimage\"},\"thumbnailUrl\":\"https:\\\/\\\/alcala.salesianos.edu\\\/wp-content\\\/uploads\\\/2018\\\/10\\\/club-300x197.png\",\"articleSection\":[\"Colegio\",\"Escuela abierta\",\"FASA\",\"Infantil\",\"Pastoral\",\"Portada\",\"Primaria\",\"Secundaria\",\"Uncategorized\"],\"inLanguage\":\"es\"},{\"@type\":\"WebPage\",\"@id\":\"https:\\\/\\\/alcala.salesianos.edu\\\/colegio\\\/blog\\\/2018\\\/10\\\/31\\\/el-colegio-salesiano-de-alcala-abre-un-club-de-debate-y-oratoria\\\/\",\"url\":\"https:\\\/\\\/alcala.salesianos.edu\\\/colegio\\\/blog\\\/2018\\\/10\\\/31\\\/el-colegio-salesiano-de-alcala-abre-un-club-de-debate-y-oratoria\\\/\",\"name\":\"El Colegio Salesiano de Alcal\u00e1 abre un club de debate y oratoria. - Colegio Salesiano Alcal\u00e1\",\"isPartOf\":{\"@id\":\"https:\\\/\\\/alcala.salesianos.edu\\\/colegio\\\/#website\"},\"primaryImageOfPage\":{\"@id\":\"https:\\\/\\\/alcala.salesianos.edu\\\/colegio\\\/blog\\\/2018\\\/10\\\/31\\\/el-colegio-salesiano-de-alcala-abre-un-club-de-debate-y-oratoria\\\/#primaryimage\"},\"image\":{\"@id\":\"https:\\\/\\\/alcala.salesianos.edu\\\/colegio\\\/blog\\\/2018\\\/10\\\/31\\\/el-colegio-salesiano-de-alcala-abre-un-club-de-debate-y-oratoria\\\/#primaryimage\"},\"thumbnailUrl\":\"https:\\\/\\\/alcala.salesianos.edu\\\/wp-content\\\/uploads\\\/2018\\\/10\\\/club-300x197.png\",\"datePublished\":\"2018-10-31T16:13:16+00:00\",\"dateModified\":\"2025-08-27T07:59:30+00:00\",\"author\":{\"@id\":\"https:\\\/\\\/alcala.salesianos.edu\\\/colegio\\\/#\\\/schema\\\/person\\\/afcc24f776dc91fc2bf9afb0998fca77\"},\"breadcrumb\":{\"@id\":\"https:\\\/\\\/alcala.salesianos.edu\\\/colegio\\\/blog\\\/2018\\\/10\\\/31\\\/el-colegio-salesiano-de-alcala-abre-un-club-de-debate-y-oratoria\\\/#breadcrumb\"},\"inLanguage\":\"es\",\"potentialAction\":[{\"@type\":\"ReadAction\",\"target\":[\"https:\\\/\\\/alcala.salesianos.edu\\\/colegio\\\/blog\\\/2018\\\/10\\\/31\\\/el-colegio-salesiano-de-alcala-abre-un-club-de-debate-y-oratoria\\\/\"]}]},{\"@type\":\"ImageObject\",\"inLanguage\":\"es\",\"@id\":\"https:\\\/\\\/alcala.salesianos.edu\\\/colegio\\\/blog\\\/2018\\\/10\\\/31\\\/el-colegio-salesiano-de-alcala-abre-un-club-de-debate-y-oratoria\\\/#primaryimage\",\"url\":\"https:\\\/\\\/alcala.salesianos.edu\\\/wp-content\\\/uploads\\\/2018\\\/10\\\/club-300x197.png\",\"contentUrl\":\"https:\\\/\\\/alcala.salesianos.edu\\\/wp-content\\\/uploads\\\/2018\\\/10\\\/club-300x197.png\"},{\"@type\":\"BreadcrumbList\",\"@id\":\"https:\\\/\\\/alcala.salesianos.edu\\\/colegio\\\/blog\\\/2018\\\/10\\\/31\\\/el-colegio-salesiano-de-alcala-abre-un-club-de-debate-y-oratoria\\\/#breadcrumb\",\"itemListElement\":[{\"@type\":\"ListItem\",\"position\":1,\"name\":\"Portada\",\"item\":\"https:\\\/\\\/alcala.salesianos.edu\\\/colegio\\\/\"},{\"@type\":\"ListItem\",\"position\":2,\"name\":\"El Colegio Salesiano de Alcal\u00e1 abre un club de debate y oratoria.\"}]},{\"@type\":\"WebSite\",\"@id\":\"https:\\\/\\\/alcala.salesianos.edu\\\/colegio\\\/#website\",\"url\":\"https:\\\/\\\/alcala.salesianos.edu\\\/colegio\\\/\",\"name\":\"Colegio Salesiano Alcal\u00e1\",\"description\":\"P\u00e1gina oficial de Salesianos Alcal\u00e1 de Guadaira\",\"potentialAction\":[{\"@type\":\"SearchAction\",\"target\":{\"@type\":\"EntryPoint\",\"urlTemplate\":\"https:\\\/\\\/alcala.salesianos.edu\\\/colegio\\\/?s={search_term_string}\"},\"query-input\":{\"@type\":\"PropertyValueSpecification\",\"valueRequired\":true,\"valueName\":\"search_term_string\"}}],\"inLanguage\":\"es\"},{\"@type\":\"Person\",\"@id\":\"https:\\\/\\\/alcala.salesianos.edu\\\/colegio\\\/#\\\/schema\\\/person\\\/afcc24f776dc91fc2bf9afb0998fca77\",\"name\":\"Administrador Web\",\"image\":{\"@type\":\"ImageObject\",\"inLanguage\":\"es\",\"@id\":\"https:\\\/\\\/secure.gravatar.com\\\/avatar\\\/bc157e994689bd6da9645c00aa3bc4d55b727915b6652642660db0aef086585f?s=96&d=mm&r=g\",\"url\":\"https:\\\/\\\/secure.gravatar.com\\\/avatar\\\/bc157e994689bd6da9645c00aa3bc4d55b727915b6652642660db0aef086585f?s=96&d=mm&r=g\",\"contentUrl\":\"https:\\\/\\\/secure.gravatar.com\\\/avatar\\\/bc157e994689bd6da9645c00aa3bc4d55b727915b6652642660db0aef086585f?s=96&d=mm&r=g\",\"caption\":\"Administrador Web\"}}]}<\/script>\n<!-- \/ Yoast SEO plugin. -->","yoast_head_json":{"title":"El Colegio Salesiano de Alcal\u00e1 abre un club de debate y oratoria. - Colegio Salesiano Alcal\u00e1","robots":{"index":"index","follow":"follow","max-snippet":"max-snippet:-1","max-image-preview":"max-image-preview:large","max-video-preview":"max-video-preview:-1"},"canonical":"https:\/\/alcala.salesianos.edu\/colegio\/blog\/2018\/10\/31\/el-colegio-salesiano-de-alcala-abre-un-club-de-debate-y-oratoria\/","og_locale":"es_ES","og_type":"article","og_title":"El Colegio Salesiano de Alcal\u00e1 abre un club de debate y oratoria. - Colegio Salesiano Alcal\u00e1","og_description":"Esta experiencia pionera en la ciudad, se enmarca dentro de nuestro proyecto #MiColegio2020, propuesta educativa orientada a los j\u00f3venes del Siglo XXI, que pretende poner en valor y fomentar las competencias y habilidades que nuestros alumnos tendr\u00e1n que desarrollar a lo largo de sus vidas.","og_url":"https:\/\/alcala.salesianos.edu\/colegio\/blog\/2018\/10\/31\/el-colegio-salesiano-de-alcala-abre-un-club-de-debate-y-oratoria\/","og_site_name":"Colegio Salesiano Alcal\u00e1","article_published_time":"2018-10-31T16:13:16+00:00","article_modified_time":"2025-08-27T07:59:30+00:00","author":"Administrador Web","twitter_card":"summary_large_image","twitter_misc":{"Escrito por":"Administrador Web","Tiempo de lectura":"2 minutos"},"schema":{"@context":"https:\/\/schema.org","@graph":[{"@type":"Article","@id":"https:\/\/alcala.salesianos.edu\/colegio\/blog\/2018\/10\/31\/el-colegio-salesiano-de-alcala-abre-un-club-de-debate-y-oratoria\/#article","isPartOf":{"@id":"https:\/\/alcala.salesianos.edu\/colegio\/blog\/2018\/10\/31\/el-colegio-salesiano-de-alcala-abre-un-club-de-debate-y-oratoria\/"},"author":{"name":"Administrador Web","@id":"https:\/\/alcala.salesianos.edu\/colegio\/#\/schema\/person\/afcc24f776dc91fc2bf9afb0998fca77"},"headline":"El Colegio Salesiano de Alcal\u00e1 abre un club de debate y oratoria.","datePublished":"2018-10-31T16:13:16+00:00","dateModified":"2025-08-27T07:59:30+00:00","mainEntityOfPage":{"@id":"https:\/\/alcala.salesianos.edu\/colegio\/blog\/2018\/10\/31\/el-colegio-salesiano-de-alcala-abre-un-club-de-debate-y-oratoria\/"},"wordCount":316,"image":{"@id":"https:\/\/alcala.salesianos.edu\/colegio\/blog\/2018\/10\/31\/el-colegio-salesiano-de-alcala-abre-un-club-de-debate-y-oratoria\/#primaryimage"},"thumbnailUrl":"https:\/\/alcala.salesianos.edu\/wp-content\/uploads\/2018\/10\/club-300x197.png","articleSection":["Colegio","Escuela abierta","FASA","Infantil","Pastoral","Portada","Primaria","Secundaria","Uncategorized"],"inLanguage":"es"},{"@type":"WebPage","@id":"https:\/\/alcala.salesianos.edu\/colegio\/blog\/2018\/10\/31\/el-colegio-salesiano-de-alcala-abre-un-club-de-debate-y-oratoria\/","url":"https:\/\/alcala.salesianos.edu\/colegio\/blog\/2018\/10\/31\/el-colegio-salesiano-de-alcala-abre-un-club-de-debate-y-oratoria\/","name":"El Colegio Salesiano de Alcal\u00e1 abre un club de debate y oratoria. - Colegio Salesiano Alcal\u00e1","isPartOf":{"@id":"https:\/\/alcala.salesianos.edu\/colegio\/#website"},"primaryImageOfPage":{"@id":"https:\/\/alcala.salesianos.edu\/colegio\/blog\/2018\/10\/31\/el-colegio-salesiano-de-alcala-abre-un-club-de-debate-y-oratoria\/#primaryimage"},"image":{"@id":"https:\/\/alcala.salesianos.edu\/colegio\/blog\/2018\/10\/31\/el-colegio-salesiano-de-alcala-abre-un-club-de-debate-y-oratoria\/#primaryimage"},"thumbnailUrl":"https:\/\/alcala.salesianos.edu\/wp-content\/uploads\/2018\/10\/club-300x197.png","datePublished":"2018-10-31T16:13:16+00:00","dateModified":"2025-08-27T07:59:30+00:00","author":{"@id":"https:\/\/alcala.salesianos.edu\/colegio\/#\/schema\/person\/afcc24f776dc91fc2bf9afb0998fca77"},"breadcrumb":{"@id":"https:\/\/alcala.salesianos.edu\/colegio\/blog\/2018\/10\/31\/el-colegio-salesiano-de-alcala-abre-un-club-de-debate-y-oratoria\/#breadcrumb"},"inLanguage":"es","potentialAction":[{"@type":"ReadAction","target":["https:\/\/alcala.salesianos.edu\/colegio\/blog\/2018\/10\/31\/el-colegio-salesiano-de-alcala-abre-un-club-de-debate-y-oratoria\/"]}]},{"@type":"ImageObject","inLanguage":"es","@id":"https:\/\/alcala.salesianos.edu\/colegio\/blog\/2018\/10\/31\/el-colegio-salesiano-de-alcala-abre-un-club-de-debate-y-oratoria\/#primaryimage","url":"https:\/\/alcala.salesianos.edu\/wp-content\/uploads\/2018\/10\/club-300x197.png","contentUrl":"https:\/\/alcala.salesianos.edu\/wp-content\/uploads\/2018\/10\/club-300x197.png"},{"@type":"BreadcrumbList","@id":"https:\/\/alcala.salesianos.edu\/colegio\/blog\/2018\/10\/31\/el-colegio-salesiano-de-alcala-abre-un-club-de-debate-y-oratoria\/#breadcrumb","itemListElement":[{"@type":"ListItem","position":1,"name":"Portada","item":"https:\/\/alcala.salesianos.edu\/colegio\/"},{"@type":"ListItem","position":2,"name":"El Colegio Salesiano de Alcal\u00e1 abre un club de debate y oratoria."}]},{"@type":"WebSite","@id":"https:\/\/alcala.salesianos.edu\/colegio\/#website","url":"https:\/\/alcala.salesianos.edu\/colegio\/","name":"Colegio Salesiano Alcal\u00e1","description":"P\u00e1gina oficial de Salesianos Alcal\u00e1 de Guadaira","potentialAction":[{"@type":"SearchAction","target":{"@type":"EntryPoint","urlTemplate":"https:\/\/alcala.salesianos.edu\/colegio\/?s={search_term_string}"},"query-input":{"@type":"PropertyValueSpecification","valueRequired":true,"valueName":"search_term_string"}}],"inLanguage":"es"},{"@type":"Person","@id":"https:\/\/alcala.salesianos.edu\/colegio\/#\/schema\/person\/afcc24f776dc91fc2bf9afb0998fca77","name":"Administrador Web","image":{"@type":"ImageObject","inLanguage":"es","@id":"https:\/\/secure.gravatar.com\/avatar\/bc157e994689bd6da9645c00aa3bc4d55b727915b6652642660db0aef086585f?s=96&d=mm&r=g","url":"https:\/\/secure.gravatar.com\/avatar\/bc157e994689bd6da9645c00aa3bc4d55b727915b6652642660db0aef086585f?s=96&d=mm&r=g","contentUrl":"https:\/\/secure.gravatar.com\/avatar\/bc157e994689bd6da9645c00aa3bc4d55b727915b6652642660db0aef086585f?s=96&d=mm&r=g","caption":"Administrador Web"}}]}},"_links":{"self":[{"href":"https:\/\/alcala.salesianos.edu\/colegio\/wp-json\/wp\/v2\/posts\/10441","targetHints":{"allow":["GET"]}}],"collection":[{"href":"https:\/\/alcala.salesianos.edu\/colegio\/wp-json\/wp\/v2\/posts"}],"about":[{"href":"https:\/\/alcala.salesianos.edu\/colegio\/wp-json\/wp\/v2\/types\/post"}],"author":[{"embeddable":true,"href":"https:\/\/alcala.salesianos.edu\/colegio\/wp-json\/wp\/v2\/users\/2"}],"replies":[{"embeddable":true,"href":"https:\/\/alcala.salesianos.edu\/colegio\/wp-json\/wp\/v2\/comments?post=10441"}],"version-history":[{"count":6,"href":"https:\/\/alcala.salesianos.edu\/colegio\/wp-json\/wp\/v2\/posts\/10441\/revisions"}],"predecessor-version":[{"id":16441,"href":"https:\/\/alcala.salesianos.edu\/colegio\/wp-json\/wp\/v2\/posts\/10441\/revisions\/16441"}],"wp:attachment":[{"href":"https:\/\/alcala.salesianos.edu\/colegio\/wp-json\/wp\/v2\/media?parent=10441"}],"wp:term":[{"taxonomy":"category","embeddable":true,"href":"https:\/\/alcala.salesianos.edu\/colegio\/wp-json\/wp\/v2\/categories?post=10441"},{"taxonomy":"post_tag","embeddable":true,"href":"https:\/\/alcala.salesianos.edu\/colegio\/wp-json\/wp\/v2\/tags?post=10441"}],"curies":[{"name":"wp","href":"https:\/\/api.w.org\/{rel}","templated":true}]}}