{"id":10432,"date":"2018-10-31T17:08:41","date_gmt":"2018-10-31T16:08:41","guid":{"rendered":"https:\/\/alcala.salesianos.edu\/colegio\/blog\/2018\/10\/31\/el-milagro-de-las-castanas-de-don-bosco\/"},"modified":"2025-08-27T08:59:31","modified_gmt":"2025-08-27T07:59:31","slug":"el-milagro-de-las-castanas-de-don-bosco","status":"publish","type":"post","link":"https:\/\/alcala.salesianos.edu\/colegio\/blog\/2018\/10\/31\/el-milagro-de-las-castanas-de-don-bosco\/","title":{"rendered":"El Milagro de las Casta\u00f1as de Don Bosco"},"content":{"rendered":"<div id=\"fb-root\"><\/div>\n<p>[et_pb_section bb_built=\u00bb1&#8243;][et_pb_row][et_pb_column type=\u00bb4_4&#8243;][et_pb_text _builder_version=\u00bb3.0.105&#8243; background_layout=\u00bblight\u00bb]<\/p>\n<p><img loading=\"lazy\" decoding=\"async\" class=\"alignleft size-medium wp-image-5611\" src=\"https:\/\/alcala.salesianos.edu\/wp-content\/uploads\/2018\/10\/cartel-castan\u0303as-294x300.png\" alt=\"\" width=\"294\" height=\"300\" \/>Como cada a\u00f1o en la Casa Salesiana de Alcal\u00e1 de Guada\u00edra se conmemora este momento tan se\u00f1alado en la vida de Don Bosco durante el mes de octubre. Gracias a la asociaci\u00f3n de madres y padres de nuestro centro, toda la comunidad educativa disfruta de este d\u00eda degustando unas riqu\u00edsimas casta\u00f1as asadas durante el recreo.<\/p>\n<p>&nbsp;<\/p>\n<p>El objetivo de esta iniciativa es recrear el milagro de las casta\u00f1as de Don Bosco, el cual tuvo lugar en el a\u00f1o 1849. Ese d\u00eda Don Bosco realiz\u00f3 una visita al cementerio acompa\u00f1ado de todos los muchachos del Oratorio de Valdocco (Tur\u00edn) y a compartir un momento de oraci\u00f3n. Les hab\u00eda prometido, para la vuelta, unas casta\u00f1as cocidas y hab\u00eda hecho comprar tres grandes sacos de los que se encargar\u00eda cocer su madre (Margarita Occhiena). Pero \u00e9sta no hab\u00eda entendido bien sus deseos y no coci\u00f3 las suficientes casta\u00f1as para todos. Sin embargo, Don Bosco no par\u00f3 de repartir cazos a todos los j\u00f3venes. Centenares de ojos miraban aquel cesto que nunca parec\u00eda tener fin. Fue el momento en el que, por primera vez, con las manos llenas de casta\u00f1as, gritaron los muchachos: \u00ab\u00a1Don Bosco es un santo!\u00bb.<\/p>\n<p>&nbsp;<\/p>\n<p>Desde entonces cada salesiano, cada salesiana, en las familias, los oratorios y centros juveniles se recuerda el milagro: como signo de lo que Don Bosco es capaz de hacer por sus j\u00f3venes, como recordatorio de lo que cada uno podemos hacer por nuestros chicos y chicas.<\/p>\n<p><img loading=\"lazy\" decoding=\"async\" class=\" wp-image-5619 aligncenter\" src=\"https:\/\/alcala.salesianos.edu\/wp-content\/uploads\/2018\/10\/castan\u0303as-300x201.jpeg\" alt=\"\" width=\"413\" height=\"277\" \/><\/p>\n<p>[\/et_pb_text][\/et_pb_column][\/et_pb_row][\/et_pb_section]<\/p>\n","protected":false},"excerpt":{"rendered":"<p><div class=\"et_pb_row et_pb_row_0 et_pb_row_empty\">\n\t\t\t\t\n\t\t\t\t\n\t\t\t\t\n\t\t\t\t\n\t\t\t\t\n\t\t\t<\/div> Como cada a\u00f1o en la Casa Salesiana de Alcal\u00e1 de Guada\u00edra se conmemora este momento tan se\u00f1alado en la vida de Don Bosco durante el mes de octubre. Gracias a la asociaci\u00f3n de madres y padres de nuestro centro, toda la comunidad educativa disfruta de este d\u00eda degustando unas riqu\u00edsimas casta\u00f1as asadas durante el [&hellip;]<\/p>\n","protected":false},"author":2,"featured_media":0,"comment_status":"closed","ping_status":"open","sticky":false,"template":"","format":"standard","meta":{"_et_pb_use_builder":"on","_et_pb_old_content":"","_et_gb_content_width":"","footnotes":""},"categories":[12,19,13,17,14,15,18,16,1],"tags":[],"class_list":["post-10432","post","type-post","status-publish","format-standard","hentry","category-colegio","category-escuela-abierta","category-fasa","category-infantil","category-pastoral","category-portada","category-primaria","category-secundaria","category-uncategorized"],"yoast_head":"<!-- This site is optimized with the Yoast SEO plugin v28.4 - https:\/\/yoast.com\/product\/yoast-seo-wordpress\/ -->\n<title>El Milagro de las Casta\u00f1as de Don Bosco - Colegio Salesiano Alcal\u00e1<\/title>\n<meta name=\"robots\" content=\"index, follow, max-snippet:-1, max-image-preview:large, max-video-preview:-1\" \/>\n<link rel=\"canonical\" href=\"https:\/\/alcala.salesianos.edu\/colegio\/blog\/2018\/10\/31\/el-milagro-de-las-castanas-de-don-bosco\/\" \/>\n<meta property=\"og:locale\" content=\"es_ES\" \/>\n<meta property=\"og:type\" content=\"article\" \/>\n<meta property=\"og:title\" content=\"El Milagro de las Casta\u00f1as de Don Bosco - Colegio Salesiano Alcal\u00e1\" \/>\n<meta property=\"og:description\" content=\"Como cada a\u00f1o en la Casa Salesiana de Alcal\u00e1 de Guada\u00edra se conmemora este momento tan se\u00f1alado en la vida de Don Bosco durante el mes de octubre. Gracias a la asociaci\u00f3n de madres y padres de nuestro centro, toda la comunidad educativa disfruta de este d\u00eda degustando unas riqu\u00edsimas casta\u00f1as asadas durante el [&hellip;]\" \/>\n<meta property=\"og:url\" content=\"https:\/\/alcala.salesianos.edu\/colegio\/blog\/2018\/10\/31\/el-milagro-de-las-castanas-de-don-bosco\/\" \/>\n<meta property=\"og:site_name\" content=\"Colegio Salesiano Alcal\u00e1\" \/>\n<meta property=\"article:published_time\" content=\"2018-10-31T16:08:41+00:00\" \/>\n<meta property=\"article:modified_time\" content=\"2025-08-27T07:59:31+00:00\" \/>\n<meta name=\"author\" content=\"Administrador Web\" \/>\n<meta name=\"twitter:card\" content=\"summary_large_image\" \/>\n<meta name=\"twitter:label1\" content=\"Escrito por\" \/>\n\t<meta name=\"twitter:data1\" content=\"Administrador Web\" \/>\n\t<meta name=\"twitter:label2\" content=\"Tiempo de lectura\" \/>\n\t<meta name=\"twitter:data2\" content=\"1 minuto\" \/>\n<script type=\"application\/ld+json\" class=\"yoast-schema-graph\">{\"@context\":\"https:\\\/\\\/schema.org\",\"@graph\":[{\"@type\":\"Article\",\"@id\":\"https:\\\/\\\/alcala.salesianos.edu\\\/colegio\\\/blog\\\/2018\\\/10\\\/31\\\/el-milagro-de-las-castanas-de-don-bosco\\\/#article\",\"isPartOf\":{\"@id\":\"https:\\\/\\\/alcala.salesianos.edu\\\/colegio\\\/blog\\\/2018\\\/10\\\/31\\\/el-milagro-de-las-castanas-de-don-bosco\\\/\"},\"author\":{\"name\":\"Administrador Web\",\"@id\":\"https:\\\/\\\/alcala.salesianos.edu\\\/colegio\\\/#\\\/schema\\\/person\\\/afcc24f776dc91fc2bf9afb0998fca77\"},\"headline\":\"El Milagro de las Casta\u00f1as de Don Bosco\",\"datePublished\":\"2018-10-31T16:08:41+00:00\",\"dateModified\":\"2025-08-27T07:59:31+00:00\",\"mainEntityOfPage\":{\"@id\":\"https:\\\/\\\/alcala.salesianos.edu\\\/colegio\\\/blog\\\/2018\\\/10\\\/31\\\/el-milagro-de-las-castanas-de-don-bosco\\\/\"},\"wordCount\":304,\"articleSection\":[\"Colegio\",\"Escuela abierta\",\"FASA\",\"Infantil\",\"Pastoral\",\"Portada\",\"Primaria\",\"Secundaria\",\"Uncategorized\"],\"inLanguage\":\"es\"},{\"@type\":\"WebPage\",\"@id\":\"https:\\\/\\\/alcala.salesianos.edu\\\/colegio\\\/blog\\\/2018\\\/10\\\/31\\\/el-milagro-de-las-castanas-de-don-bosco\\\/\",\"url\":\"https:\\\/\\\/alcala.salesianos.edu\\\/colegio\\\/blog\\\/2018\\\/10\\\/31\\\/el-milagro-de-las-castanas-de-don-bosco\\\/\",\"name\":\"El Milagro de las Casta\u00f1as de Don Bosco - Colegio Salesiano Alcal\u00e1\",\"isPartOf\":{\"@id\":\"https:\\\/\\\/alcala.salesianos.edu\\\/colegio\\\/#website\"},\"datePublished\":\"2018-10-31T16:08:41+00:00\",\"dateModified\":\"2025-08-27T07:59:31+00:00\",\"author\":{\"@id\":\"https:\\\/\\\/alcala.salesianos.edu\\\/colegio\\\/#\\\/schema\\\/person\\\/afcc24f776dc91fc2bf9afb0998fca77\"},\"breadcrumb\":{\"@id\":\"https:\\\/\\\/alcala.salesianos.edu\\\/colegio\\\/blog\\\/2018\\\/10\\\/31\\\/el-milagro-de-las-castanas-de-don-bosco\\\/#breadcrumb\"},\"inLanguage\":\"es\",\"potentialAction\":[{\"@type\":\"ReadAction\",\"target\":[\"https:\\\/\\\/alcala.salesianos.edu\\\/colegio\\\/blog\\\/2018\\\/10\\\/31\\\/el-milagro-de-las-castanas-de-don-bosco\\\/\"]}]},{\"@type\":\"BreadcrumbList\",\"@id\":\"https:\\\/\\\/alcala.salesianos.edu\\\/colegio\\\/blog\\\/2018\\\/10\\\/31\\\/el-milagro-de-las-castanas-de-don-bosco\\\/#breadcrumb\",\"itemListElement\":[{\"@type\":\"ListItem\",\"position\":1,\"name\":\"Portada\",\"item\":\"https:\\\/\\\/alcala.salesianos.edu\\\/colegio\\\/\"},{\"@type\":\"ListItem\",\"position\":2,\"name\":\"El Milagro de las Casta\u00f1as de Don Bosco\"}]},{\"@type\":\"WebSite\",\"@id\":\"https:\\\/\\\/alcala.salesianos.edu\\\/colegio\\\/#website\",\"url\":\"https:\\\/\\\/alcala.salesianos.edu\\\/colegio\\\/\",\"name\":\"Colegio Salesiano Alcal\u00e1\",\"description\":\"P\u00e1gina oficial de Salesianos Alcal\u00e1 de Guadaira\",\"potentialAction\":[{\"@type\":\"SearchAction\",\"target\":{\"@type\":\"EntryPoint\",\"urlTemplate\":\"https:\\\/\\\/alcala.salesianos.edu\\\/colegio\\\/?s={search_term_string}\"},\"query-input\":{\"@type\":\"PropertyValueSpecification\",\"valueRequired\":true,\"valueName\":\"search_term_string\"}}],\"inLanguage\":\"es\"},{\"@type\":\"Person\",\"@id\":\"https:\\\/\\\/alcala.salesianos.edu\\\/colegio\\\/#\\\/schema\\\/person\\\/afcc24f776dc91fc2bf9afb0998fca77\",\"name\":\"Administrador Web\",\"image\":{\"@type\":\"ImageObject\",\"inLanguage\":\"es\",\"@id\":\"https:\\\/\\\/secure.gravatar.com\\\/avatar\\\/bc157e994689bd6da9645c00aa3bc4d55b727915b6652642660db0aef086585f?s=96&d=mm&r=g\",\"url\":\"https:\\\/\\\/secure.gravatar.com\\\/avatar\\\/bc157e994689bd6da9645c00aa3bc4d55b727915b6652642660db0aef086585f?s=96&d=mm&r=g\",\"contentUrl\":\"https:\\\/\\\/secure.gravatar.com\\\/avatar\\\/bc157e994689bd6da9645c00aa3bc4d55b727915b6652642660db0aef086585f?s=96&d=mm&r=g\",\"caption\":\"Administrador Web\"}}]}<\/script>\n<!-- \/ Yoast SEO plugin. -->","yoast_head_json":{"title":"El Milagro de las Casta\u00f1as de Don Bosco - Colegio Salesiano Alcal\u00e1","robots":{"index":"index","follow":"follow","max-snippet":"max-snippet:-1","max-image-preview":"max-image-preview:large","max-video-preview":"max-video-preview:-1"},"canonical":"https:\/\/alcala.salesianos.edu\/colegio\/blog\/2018\/10\/31\/el-milagro-de-las-castanas-de-don-bosco\/","og_locale":"es_ES","og_type":"article","og_title":"El Milagro de las Casta\u00f1as de Don Bosco - Colegio Salesiano Alcal\u00e1","og_description":"Como cada a\u00f1o en la Casa Salesiana de Alcal\u00e1 de Guada\u00edra se conmemora este momento tan se\u00f1alado en la vida de Don Bosco durante el mes de octubre. Gracias a la asociaci\u00f3n de madres y padres de nuestro centro, toda la comunidad educativa disfruta de este d\u00eda degustando unas riqu\u00edsimas casta\u00f1as asadas durante el [&hellip;]","og_url":"https:\/\/alcala.salesianos.edu\/colegio\/blog\/2018\/10\/31\/el-milagro-de-las-castanas-de-don-bosco\/","og_site_name":"Colegio Salesiano Alcal\u00e1","article_published_time":"2018-10-31T16:08:41+00:00","article_modified_time":"2025-08-27T07:59:31+00:00","author":"Administrador Web","twitter_card":"summary_large_image","twitter_misc":{"Escrito por":"Administrador Web","Tiempo de lectura":"1 minuto"},"schema":{"@context":"https:\/\/schema.org","@graph":[{"@type":"Article","@id":"https:\/\/alcala.salesianos.edu\/colegio\/blog\/2018\/10\/31\/el-milagro-de-las-castanas-de-don-bosco\/#article","isPartOf":{"@id":"https:\/\/alcala.salesianos.edu\/colegio\/blog\/2018\/10\/31\/el-milagro-de-las-castanas-de-don-bosco\/"},"author":{"name":"Administrador Web","@id":"https:\/\/alcala.salesianos.edu\/colegio\/#\/schema\/person\/afcc24f776dc91fc2bf9afb0998fca77"},"headline":"El Milagro de las Casta\u00f1as de Don Bosco","datePublished":"2018-10-31T16:08:41+00:00","dateModified":"2025-08-27T07:59:31+00:00","mainEntityOfPage":{"@id":"https:\/\/alcala.salesianos.edu\/colegio\/blog\/2018\/10\/31\/el-milagro-de-las-castanas-de-don-bosco\/"},"wordCount":304,"articleSection":["Colegio","Escuela abierta","FASA","Infantil","Pastoral","Portada","Primaria","Secundaria","Uncategorized"],"inLanguage":"es"},{"@type":"WebPage","@id":"https:\/\/alcala.salesianos.edu\/colegio\/blog\/2018\/10\/31\/el-milagro-de-las-castanas-de-don-bosco\/","url":"https:\/\/alcala.salesianos.edu\/colegio\/blog\/2018\/10\/31\/el-milagro-de-las-castanas-de-don-bosco\/","name":"El Milagro de las Casta\u00f1as de Don Bosco - Colegio Salesiano Alcal\u00e1","isPartOf":{"@id":"https:\/\/alcala.salesianos.edu\/colegio\/#website"},"datePublished":"2018-10-31T16:08:41+00:00","dateModified":"2025-08-27T07:59:31+00:00","author":{"@id":"https:\/\/alcala.salesianos.edu\/colegio\/#\/schema\/person\/afcc24f776dc91fc2bf9afb0998fca77"},"breadcrumb":{"@id":"https:\/\/alcala.salesianos.edu\/colegio\/blog\/2018\/10\/31\/el-milagro-de-las-castanas-de-don-bosco\/#breadcrumb"},"inLanguage":"es","potentialAction":[{"@type":"ReadAction","target":["https:\/\/alcala.salesianos.edu\/colegio\/blog\/2018\/10\/31\/el-milagro-de-las-castanas-de-don-bosco\/"]}]},{"@type":"BreadcrumbList","@id":"https:\/\/alcala.salesianos.edu\/colegio\/blog\/2018\/10\/31\/el-milagro-de-las-castanas-de-don-bosco\/#breadcrumb","itemListElement":[{"@type":"ListItem","position":1,"name":"Portada","item":"https:\/\/alcala.salesianos.edu\/colegio\/"},{"@type":"ListItem","position":2,"name":"El Milagro de las Casta\u00f1as de Don Bosco"}]},{"@type":"WebSite","@id":"https:\/\/alcala.salesianos.edu\/colegio\/#website","url":"https:\/\/alcala.salesianos.edu\/colegio\/","name":"Colegio Salesiano Alcal\u00e1","description":"P\u00e1gina oficial de Salesianos Alcal\u00e1 de Guadaira","potentialAction":[{"@type":"SearchAction","target":{"@type":"EntryPoint","urlTemplate":"https:\/\/alcala.salesianos.edu\/colegio\/?s={search_term_string}"},"query-input":{"@type":"PropertyValueSpecification","valueRequired":true,"valueName":"search_term_string"}}],"inLanguage":"es"},{"@type":"Person","@id":"https:\/\/alcala.salesianos.edu\/colegio\/#\/schema\/person\/afcc24f776dc91fc2bf9afb0998fca77","name":"Administrador Web","image":{"@type":"ImageObject","inLanguage":"es","@id":"https:\/\/secure.gravatar.com\/avatar\/bc157e994689bd6da9645c00aa3bc4d55b727915b6652642660db0aef086585f?s=96&d=mm&r=g","url":"https:\/\/secure.gravatar.com\/avatar\/bc157e994689bd6da9645c00aa3bc4d55b727915b6652642660db0aef086585f?s=96&d=mm&r=g","contentUrl":"https:\/\/secure.gravatar.com\/avatar\/bc157e994689bd6da9645c00aa3bc4d55b727915b6652642660db0aef086585f?s=96&d=mm&r=g","caption":"Administrador Web"}}]}},"_links":{"self":[{"href":"https:\/\/alcala.salesianos.edu\/colegio\/wp-json\/wp\/v2\/posts\/10432","targetHints":{"allow":["GET"]}}],"collection":[{"href":"https:\/\/alcala.salesianos.edu\/colegio\/wp-json\/wp\/v2\/posts"}],"about":[{"href":"https:\/\/alcala.salesianos.edu\/colegio\/wp-json\/wp\/v2\/types\/post"}],"author":[{"embeddable":true,"href":"https:\/\/alcala.salesianos.edu\/colegio\/wp-json\/wp\/v2\/users\/2"}],"replies":[{"embeddable":true,"href":"https:\/\/alcala.salesianos.edu\/colegio\/wp-json\/wp\/v2\/comments?post=10432"}],"version-history":[{"count":7,"href":"https:\/\/alcala.salesianos.edu\/colegio\/wp-json\/wp\/v2\/posts\/10432\/revisions"}],"predecessor-version":[{"id":16442,"href":"https:\/\/alcala.salesianos.edu\/colegio\/wp-json\/wp\/v2\/posts\/10432\/revisions\/16442"}],"wp:attachment":[{"href":"https:\/\/alcala.salesianos.edu\/colegio\/wp-json\/wp\/v2\/media?parent=10432"}],"wp:term":[{"taxonomy":"category","embeddable":true,"href":"https:\/\/alcala.salesianos.edu\/colegio\/wp-json\/wp\/v2\/categories?post=10432"},{"taxonomy":"post_tag","embeddable":true,"href":"https:\/\/alcala.salesianos.edu\/colegio\/wp-json\/wp\/v2\/tags?post=10432"}],"curies":[{"name":"wp","href":"https:\/\/api.w.org\/{rel}","templated":true}]}}