{"id":10352,"date":"2018-10-04T11:03:33","date_gmt":"2018-10-04T10:03:33","guid":{"rendered":"https:\/\/alcala.salesianos.edu\/colegio\/blog\/2018\/10\/04\/acto-academico-de-apertura-de-curso\/"},"modified":"2025-08-27T08:59:33","modified_gmt":"2025-08-27T07:59:33","slug":"acto-academico-de-apertura-de-curso","status":"publish","type":"post","link":"https:\/\/alcala.salesianos.edu\/colegio\/blog\/2018\/10\/04\/acto-academico-de-apertura-de-curso\/","title":{"rendered":"Acto acad\u00e9mico de apertura de curso"},"content":{"rendered":"<div id=\"fb-root\"><\/div>\n<p>[et_pb_section bb_built=\u00bb1&#8243;][et_pb_row][et_pb_column type=\u00bb4_4&#8243;][et_pb_text _builder_version=\u00bb3.0.105&#8243; background_layout=\u00bblight\u00bb]<\/p>\n<p>En el d\u00eda de ayer Ram\u00f3n V\u00e1zquez fue invitado por la Asociaci\u00f3n de Antiguos Alumnos de nuestra Casa a realizar el Acto Acad\u00e9mico de Apertura de este curso. Ram\u00f3n pudo contar su dilatada experiencia en el mundo del f\u00fatbol profesional, pero tambi\u00e9n nos hablo de su experiencia como alumno y como \u00abvecino\u00bb de nuestra Casa.<\/p>\n<p>Alberto Mallado, periodista de nuestra ciudad, colabor\u00f3 en la presentaci\u00f3n simulando una entrevista radiof\u00f3nica durante el acto. Gracias a esto conocimos toda la trayectoria futbol\u00edstica de nuestro protagonista, desde los campos de nuestro colegio a los estadios m\u00e1s importantes de nuestro pa\u00eds, incluso participando en la selecci\u00f3n espa\u00f1ola.<\/p>\n<p>Para finalizar el acto, los alumnos con mejores espedientes en el curso 2017\/2018 recibieron los premios por su gran labor realizada durante el curso pasado. \u00a1Felicidades!<\/p>\n<p>Agradecemos a los distintos medios que se interesaron en el acto. Facilitamos los enlaces:<\/p>\n<p><a href=\"http:\/\/www.guadairainformacion.com\/cultura\/7024\/leccion-de-futbol-y-vida-de-ramon-vazquez-para-los-alumnos-del-colegio-salesiano#.W7ULXrlrcUg.facebook\">Guada\u00edra informaci\u00f3n<\/a><\/p>\n<p><a href=\"http:\/\/guadairaaldia.blogspot.com\/2018\/10\/inauguracion-curso-escolar-colegio.html\">Guada\u00edra al d\u00eda<\/a><\/p>\n<p>&nbsp;<\/p>\n<p>[\/et_pb_text][et_pb_gallery _builder_version=\u00bb3.0.105&#8243; show_title_and_caption=\u00bboff\u00bb show_pagination=\u00bbon\u00bb gallery_ids=\u00bb5542,5540,5543,5541&#8243; fullwidth=\u00bboff\u00bb orientation=\u00bblandscape\u00bb zoom_icon_color=\u00bb#dc001b\u00bb hover_overlay_color=\u00bbrgba(255,255,255,0.9)\u00bb background_layout=\u00bblight\u00bb pagination_font_size_tablet=\u00bb51&#8243; pagination_line_height_tablet=\u00bb2&#8243; \/][et_pb_text _builder_version=\u00bb3.0.105&#8243; background_layout=\u00bblight\u00bb]<\/p>\n<p>Fotos: Alejandro Calder\u00f3n<\/p>\n<p>[\/et_pb_text][\/et_pb_column][\/et_pb_row][\/et_pb_section]<\/p>\n","protected":false},"excerpt":{"rendered":"<p>VI Edici\u00f3n del Acto Acad\u00e9mico realizada por D. Ram\u00f3n V\u00e1zquez y organizada por la Asociaci\u00f3n de Antiguos Alumnos de nuestra Casa.<\/p>\n","protected":false},"author":2,"featured_media":0,"comment_status":"closed","ping_status":"open","sticky":false,"template":"","format":"standard","meta":{"_et_pb_use_builder":"on","_et_pb_old_content":"","_et_gb_content_width":"","footnotes":""},"categories":[12,19,13,17,14,15,18,16,1],"tags":[],"class_list":["post-10352","post","type-post","status-publish","format-standard","hentry","category-colegio","category-escuela-abierta","category-fasa","category-infantil","category-pastoral","category-portada","category-primaria","category-secundaria","category-uncategorized"],"yoast_head":"<!-- This site is optimized with the Yoast SEO plugin v28.4 - https:\/\/yoast.com\/product\/yoast-seo-wordpress\/ -->\n<title>Acto acad\u00e9mico de apertura de curso - Colegio Salesiano Alcal\u00e1<\/title>\n<meta name=\"robots\" content=\"index, follow, max-snippet:-1, max-image-preview:large, max-video-preview:-1\" \/>\n<link rel=\"canonical\" href=\"https:\/\/alcala.salesianos.edu\/colegio\/blog\/2018\/10\/04\/acto-academico-de-apertura-de-curso\/\" \/>\n<meta property=\"og:locale\" content=\"es_ES\" \/>\n<meta property=\"og:type\" content=\"article\" \/>\n<meta property=\"og:title\" content=\"Acto acad\u00e9mico de apertura de curso - Colegio Salesiano Alcal\u00e1\" \/>\n<meta property=\"og:description\" content=\"VI Edici\u00f3n del Acto Acad\u00e9mico realizada por D. Ram\u00f3n V\u00e1zquez y organizada por la Asociaci\u00f3n de Antiguos Alumnos de nuestra Casa.\" \/>\n<meta property=\"og:url\" content=\"https:\/\/alcala.salesianos.edu\/colegio\/blog\/2018\/10\/04\/acto-academico-de-apertura-de-curso\/\" \/>\n<meta property=\"og:site_name\" content=\"Colegio Salesiano Alcal\u00e1\" \/>\n<meta property=\"article:published_time\" content=\"2018-10-04T10:03:33+00:00\" \/>\n<meta property=\"article:modified_time\" content=\"2025-08-27T07:59:33+00:00\" \/>\n<meta name=\"author\" content=\"Administrador Web\" \/>\n<meta name=\"twitter:card\" content=\"summary_large_image\" \/>\n<meta name=\"twitter:label1\" content=\"Escrito por\" \/>\n\t<meta name=\"twitter:data1\" content=\"Administrador Web\" \/>\n\t<meta name=\"twitter:label2\" content=\"Tiempo de lectura\" \/>\n\t<meta name=\"twitter:data2\" content=\"1 minuto\" \/>\n<script type=\"application\/ld+json\" class=\"yoast-schema-graph\">{\"@context\":\"https:\\\/\\\/schema.org\",\"@graph\":[{\"@type\":\"Article\",\"@id\":\"https:\\\/\\\/alcala.salesianos.edu\\\/colegio\\\/blog\\\/2018\\\/10\\\/04\\\/acto-academico-de-apertura-de-curso\\\/#article\",\"isPartOf\":{\"@id\":\"https:\\\/\\\/alcala.salesianos.edu\\\/colegio\\\/blog\\\/2018\\\/10\\\/04\\\/acto-academico-de-apertura-de-curso\\\/\"},\"author\":{\"name\":\"Administrador Web\",\"@id\":\"https:\\\/\\\/alcala.salesianos.edu\\\/colegio\\\/#\\\/schema\\\/person\\\/afcc24f776dc91fc2bf9afb0998fca77\"},\"headline\":\"Acto acad\u00e9mico de apertura de curso\",\"datePublished\":\"2018-10-04T10:03:33+00:00\",\"dateModified\":\"2025-08-27T07:59:33+00:00\",\"mainEntityOfPage\":{\"@id\":\"https:\\\/\\\/alcala.salesianos.edu\\\/colegio\\\/blog\\\/2018\\\/10\\\/04\\\/acto-academico-de-apertura-de-curso\\\/\"},\"wordCount\":260,\"articleSection\":[\"Colegio\",\"Escuela abierta\",\"FASA\",\"Infantil\",\"Pastoral\",\"Portada\",\"Primaria\",\"Secundaria\",\"Uncategorized\"],\"inLanguage\":\"es\"},{\"@type\":\"WebPage\",\"@id\":\"https:\\\/\\\/alcala.salesianos.edu\\\/colegio\\\/blog\\\/2018\\\/10\\\/04\\\/acto-academico-de-apertura-de-curso\\\/\",\"url\":\"https:\\\/\\\/alcala.salesianos.edu\\\/colegio\\\/blog\\\/2018\\\/10\\\/04\\\/acto-academico-de-apertura-de-curso\\\/\",\"name\":\"Acto acad\u00e9mico de apertura de curso - Colegio Salesiano Alcal\u00e1\",\"isPartOf\":{\"@id\":\"https:\\\/\\\/alcala.salesianos.edu\\\/colegio\\\/#website\"},\"datePublished\":\"2018-10-04T10:03:33+00:00\",\"dateModified\":\"2025-08-27T07:59:33+00:00\",\"author\":{\"@id\":\"https:\\\/\\\/alcala.salesianos.edu\\\/colegio\\\/#\\\/schema\\\/person\\\/afcc24f776dc91fc2bf9afb0998fca77\"},\"breadcrumb\":{\"@id\":\"https:\\\/\\\/alcala.salesianos.edu\\\/colegio\\\/blog\\\/2018\\\/10\\\/04\\\/acto-academico-de-apertura-de-curso\\\/#breadcrumb\"},\"inLanguage\":\"es\",\"potentialAction\":[{\"@type\":\"ReadAction\",\"target\":[\"https:\\\/\\\/alcala.salesianos.edu\\\/colegio\\\/blog\\\/2018\\\/10\\\/04\\\/acto-academico-de-apertura-de-curso\\\/\"]}]},{\"@type\":\"BreadcrumbList\",\"@id\":\"https:\\\/\\\/alcala.salesianos.edu\\\/colegio\\\/blog\\\/2018\\\/10\\\/04\\\/acto-academico-de-apertura-de-curso\\\/#breadcrumb\",\"itemListElement\":[{\"@type\":\"ListItem\",\"position\":1,\"name\":\"Portada\",\"item\":\"https:\\\/\\\/alcala.salesianos.edu\\\/colegio\\\/\"},{\"@type\":\"ListItem\",\"position\":2,\"name\":\"Acto acad\u00e9mico de apertura de curso\"}]},{\"@type\":\"WebSite\",\"@id\":\"https:\\\/\\\/alcala.salesianos.edu\\\/colegio\\\/#website\",\"url\":\"https:\\\/\\\/alcala.salesianos.edu\\\/colegio\\\/\",\"name\":\"Colegio Salesiano Alcal\u00e1\",\"description\":\"P\u00e1gina oficial de Salesianos Alcal\u00e1 de Guadaira\",\"potentialAction\":[{\"@type\":\"SearchAction\",\"target\":{\"@type\":\"EntryPoint\",\"urlTemplate\":\"https:\\\/\\\/alcala.salesianos.edu\\\/colegio\\\/?s={search_term_string}\"},\"query-input\":{\"@type\":\"PropertyValueSpecification\",\"valueRequired\":true,\"valueName\":\"search_term_string\"}}],\"inLanguage\":\"es\"},{\"@type\":\"Person\",\"@id\":\"https:\\\/\\\/alcala.salesianos.edu\\\/colegio\\\/#\\\/schema\\\/person\\\/afcc24f776dc91fc2bf9afb0998fca77\",\"name\":\"Administrador Web\",\"image\":{\"@type\":\"ImageObject\",\"inLanguage\":\"es\",\"@id\":\"https:\\\/\\\/secure.gravatar.com\\\/avatar\\\/bc157e994689bd6da9645c00aa3bc4d55b727915b6652642660db0aef086585f?s=96&d=mm&r=g\",\"url\":\"https:\\\/\\\/secure.gravatar.com\\\/avatar\\\/bc157e994689bd6da9645c00aa3bc4d55b727915b6652642660db0aef086585f?s=96&d=mm&r=g\",\"contentUrl\":\"https:\\\/\\\/secure.gravatar.com\\\/avatar\\\/bc157e994689bd6da9645c00aa3bc4d55b727915b6652642660db0aef086585f?s=96&d=mm&r=g\",\"caption\":\"Administrador Web\"}}]}<\/script>\n<!-- \/ Yoast SEO plugin. -->","yoast_head_json":{"title":"Acto acad\u00e9mico de apertura de curso - Colegio Salesiano Alcal\u00e1","robots":{"index":"index","follow":"follow","max-snippet":"max-snippet:-1","max-image-preview":"max-image-preview:large","max-video-preview":"max-video-preview:-1"},"canonical":"https:\/\/alcala.salesianos.edu\/colegio\/blog\/2018\/10\/04\/acto-academico-de-apertura-de-curso\/","og_locale":"es_ES","og_type":"article","og_title":"Acto acad\u00e9mico de apertura de curso - Colegio Salesiano Alcal\u00e1","og_description":"VI Edici\u00f3n del Acto Acad\u00e9mico realizada por D. Ram\u00f3n V\u00e1zquez y organizada por la Asociaci\u00f3n de Antiguos Alumnos de nuestra Casa.","og_url":"https:\/\/alcala.salesianos.edu\/colegio\/blog\/2018\/10\/04\/acto-academico-de-apertura-de-curso\/","og_site_name":"Colegio Salesiano Alcal\u00e1","article_published_time":"2018-10-04T10:03:33+00:00","article_modified_time":"2025-08-27T07:59:33+00:00","author":"Administrador Web","twitter_card":"summary_large_image","twitter_misc":{"Escrito por":"Administrador Web","Tiempo de lectura":"1 minuto"},"schema":{"@context":"https:\/\/schema.org","@graph":[{"@type":"Article","@id":"https:\/\/alcala.salesianos.edu\/colegio\/blog\/2018\/10\/04\/acto-academico-de-apertura-de-curso\/#article","isPartOf":{"@id":"https:\/\/alcala.salesianos.edu\/colegio\/blog\/2018\/10\/04\/acto-academico-de-apertura-de-curso\/"},"author":{"name":"Administrador Web","@id":"https:\/\/alcala.salesianos.edu\/colegio\/#\/schema\/person\/afcc24f776dc91fc2bf9afb0998fca77"},"headline":"Acto acad\u00e9mico de apertura de curso","datePublished":"2018-10-04T10:03:33+00:00","dateModified":"2025-08-27T07:59:33+00:00","mainEntityOfPage":{"@id":"https:\/\/alcala.salesianos.edu\/colegio\/blog\/2018\/10\/04\/acto-academico-de-apertura-de-curso\/"},"wordCount":260,"articleSection":["Colegio","Escuela abierta","FASA","Infantil","Pastoral","Portada","Primaria","Secundaria","Uncategorized"],"inLanguage":"es"},{"@type":"WebPage","@id":"https:\/\/alcala.salesianos.edu\/colegio\/blog\/2018\/10\/04\/acto-academico-de-apertura-de-curso\/","url":"https:\/\/alcala.salesianos.edu\/colegio\/blog\/2018\/10\/04\/acto-academico-de-apertura-de-curso\/","name":"Acto acad\u00e9mico de apertura de curso - Colegio Salesiano Alcal\u00e1","isPartOf":{"@id":"https:\/\/alcala.salesianos.edu\/colegio\/#website"},"datePublished":"2018-10-04T10:03:33+00:00","dateModified":"2025-08-27T07:59:33+00:00","author":{"@id":"https:\/\/alcala.salesianos.edu\/colegio\/#\/schema\/person\/afcc24f776dc91fc2bf9afb0998fca77"},"breadcrumb":{"@id":"https:\/\/alcala.salesianos.edu\/colegio\/blog\/2018\/10\/04\/acto-academico-de-apertura-de-curso\/#breadcrumb"},"inLanguage":"es","potentialAction":[{"@type":"ReadAction","target":["https:\/\/alcala.salesianos.edu\/colegio\/blog\/2018\/10\/04\/acto-academico-de-apertura-de-curso\/"]}]},{"@type":"BreadcrumbList","@id":"https:\/\/alcala.salesianos.edu\/colegio\/blog\/2018\/10\/04\/acto-academico-de-apertura-de-curso\/#breadcrumb","itemListElement":[{"@type":"ListItem","position":1,"name":"Portada","item":"https:\/\/alcala.salesianos.edu\/colegio\/"},{"@type":"ListItem","position":2,"name":"Acto acad\u00e9mico de apertura de curso"}]},{"@type":"WebSite","@id":"https:\/\/alcala.salesianos.edu\/colegio\/#website","url":"https:\/\/alcala.salesianos.edu\/colegio\/","name":"Colegio Salesiano Alcal\u00e1","description":"P\u00e1gina oficial de Salesianos Alcal\u00e1 de Guadaira","potentialAction":[{"@type":"SearchAction","target":{"@type":"EntryPoint","urlTemplate":"https:\/\/alcala.salesianos.edu\/colegio\/?s={search_term_string}"},"query-input":{"@type":"PropertyValueSpecification","valueRequired":true,"valueName":"search_term_string"}}],"inLanguage":"es"},{"@type":"Person","@id":"https:\/\/alcala.salesianos.edu\/colegio\/#\/schema\/person\/afcc24f776dc91fc2bf9afb0998fca77","name":"Administrador Web","image":{"@type":"ImageObject","inLanguage":"es","@id":"https:\/\/secure.gravatar.com\/avatar\/bc157e994689bd6da9645c00aa3bc4d55b727915b6652642660db0aef086585f?s=96&d=mm&r=g","url":"https:\/\/secure.gravatar.com\/avatar\/bc157e994689bd6da9645c00aa3bc4d55b727915b6652642660db0aef086585f?s=96&d=mm&r=g","contentUrl":"https:\/\/secure.gravatar.com\/avatar\/bc157e994689bd6da9645c00aa3bc4d55b727915b6652642660db0aef086585f?s=96&d=mm&r=g","caption":"Administrador Web"}}]}},"_links":{"self":[{"href":"https:\/\/alcala.salesianos.edu\/colegio\/wp-json\/wp\/v2\/posts\/10352","targetHints":{"allow":["GET"]}}],"collection":[{"href":"https:\/\/alcala.salesianos.edu\/colegio\/wp-json\/wp\/v2\/posts"}],"about":[{"href":"https:\/\/alcala.salesianos.edu\/colegio\/wp-json\/wp\/v2\/types\/post"}],"author":[{"embeddable":true,"href":"https:\/\/alcala.salesianos.edu\/colegio\/wp-json\/wp\/v2\/users\/2"}],"replies":[{"embeddable":true,"href":"https:\/\/alcala.salesianos.edu\/colegio\/wp-json\/wp\/v2\/comments?post=10352"}],"version-history":[{"count":2,"href":"https:\/\/alcala.salesianos.edu\/colegio\/wp-json\/wp\/v2\/posts\/10352\/revisions"}],"predecessor-version":[{"id":10356,"href":"https:\/\/alcala.salesianos.edu\/colegio\/wp-json\/wp\/v2\/posts\/10352\/revisions\/10356"}],"wp:attachment":[{"href":"https:\/\/alcala.salesianos.edu\/colegio\/wp-json\/wp\/v2\/media?parent=10352"}],"wp:term":[{"taxonomy":"category","embeddable":true,"href":"https:\/\/alcala.salesianos.edu\/colegio\/wp-json\/wp\/v2\/categories?post=10352"},{"taxonomy":"post_tag","embeddable":true,"href":"https:\/\/alcala.salesianos.edu\/colegio\/wp-json\/wp\/v2\/tags?post=10352"}],"curies":[{"name":"wp","href":"https:\/\/api.w.org\/{rel}","templated":true}]}}