{"id":10341,"date":"2018-10-01T09:45:38","date_gmt":"2018-10-01T08:45:38","guid":{"rendered":"https:\/\/alcala.salesianos.edu\/colegio\/blog\/2018\/10\/01\/comienza-escuela-abierta-2018-2019\/"},"modified":"2025-08-27T08:59:33","modified_gmt":"2025-08-27T07:59:33","slug":"comienza-escuela-abierta-2018-2019","status":"publish","type":"post","link":"https:\/\/alcala.salesianos.edu\/colegio\/blog\/2018\/10\/01\/comienza-escuela-abierta-2018-2019\/","title":{"rendered":"\u00a1Comienza Escuela Abierta 2018-2019!"},"content":{"rendered":"<div id=\"fb-root\"><\/div>\n<p>[et_pb_section bb_built=\u00bb1&#8243;][et_pb_row][et_pb_column type=\u00bb4_4&#8243;][et_pb_text _builder_version=\u00bb3.0.105&#8243; background_layout=\u00bblight\u00bb]<\/p>\n<p>Estimadas familias:<\/p>\n<p>Un curso m\u00e1s, nos disponemos a coordinar nuestras actividades de tarde a trav\u00e9s de nuestra conocida Escuel@bierta, colegio de tarde abierto a todos los ni\u00f1os, j\u00f3venes y adultos de nuestra ciudad. Aunque el periodo de inscripci\u00f3n ha terminado, a\u00fan estamos a tiempo de poder apuntarnos a las actividades que m\u00e1s nos apetezcan dentro de la gran variedad que presenta Escuel@bierta.<\/p>\n<p>Este curso hemos ofrecido a nuestra localidad novedades importantes para los m\u00e1s peque\u00f1os y mayores, desde actividades deportivas como <strong>Rugby<\/strong> a actividades de desarrollo de la destreza oral y pensamiento cr\u00edtico como es el <strong>Aula de Debate y Oratoria<\/strong>. Adem\u00e1s esta primera semana todas las personas que est\u00e1n inscritas pueden traer a un amigo para que pueda disfrutar de las actividades.<\/p>\n<p>Este a\u00f1o adem\u00e1s de las novedades continuamos con las mismas actividades del curso pasado:<\/p>\n<ul>\n<li><strong>Ingl\u00e9s Andrew\u00b4s Trinity o Cambridge<\/strong><\/li>\n<li><strong>Alem\u00e1n Hort<\/strong><\/li>\n<li><strong>Franc\u00e9s Andrew\u00b4s English School<\/strong><\/li>\n<li><strong>Chino\u00a0Andrew\u00b4s English School<\/strong><\/li>\n<li><strong>WIPI Football<\/strong><\/li>\n<li><strong>Qalat Basketball<\/strong><\/li>\n<li><strong>Patinaje<\/strong><\/li>\n<li><strong>Academia de Tenis Sport<\/strong><\/li>\n<li><strong>Rob\u00f3tica<\/strong><\/li>\n<li><strong>Apoyo y refuerzo escolar<\/strong><\/li>\n<li><strong>Sevillanas<\/strong><\/li>\n<\/ul>\n<p>Ante cualquier duda o sugerencia que pueda surgir durante el curso escolar, Escuel@bierta siempre est\u00e1 disponible a trav\u00e9s del\u00a0 siguiente email: escuelaabierta.alcala@salesianos.edu o en la Secretar\u00eda del Centro.<\/p>\n<p>\u00a1Gracias y feliz Curso 2018-2019!<\/p>\n<p>&nbsp;<\/p>\n<p>[\/et_pb_text][et_pb_image _builder_version=\u00bb3.0.105&#8243; src=\u00bbhttps:\/\/alcala.salesianos.edu\/wp-content\/uploads\/2018\/09\/Ea.png\u00bb show_in_lightbox=\u00bboff\u00bb url_new_window=\u00bboff\u00bb use_overlay=\u00bboff\u00bb always_center_on_mobile=\u00bbon\u00bb force_fullwidth=\u00bboff\u00bb show_bottom_space=\u00bbon\u00bb \/][et_pb_text _builder_version=\u00bb3.0.105&#8243; background_layout=\u00bblight\u00bb]<\/p>\n<h3>Galer\u00eda de la pasada jornada de Puertas Abiertas de Escuel@bierta<\/h3>\n<p>&nbsp;<\/p>\n<p>[\/et_pb_text][et_pb_gallery _builder_version=\u00bb3.0.105&#8243; gallery_orderby=\u00bbrand\u00bb show_title_and_caption=\u00bboff\u00bb show_pagination=\u00bbon\u00bb gallery_ids=\u00bb5531,5532,5533,5534&#8243; fullwidth=\u00bboff\u00bb orientation=\u00bblandscape\u00bb zoom_icon_color=\u00bb#dc001b\u00bb hover_overlay_color=\u00bbrgba(255,255,255,0.9)\u00bb background_layout=\u00bblight\u00bb pagination_font_size_tablet=\u00bb51&#8243; pagination_line_height_tablet=\u00bb2&#8243; \/][\/et_pb_column][\/et_pb_row][\/et_pb_section]<\/p>\n","protected":false},"excerpt":{"rendered":"<p>Un curso m\u00e1s, nos disponemos a coordinar nuestras actividades de tarde a trav\u00e9s de nuestra conocida Escuel@bierta, colegio de tarde abierto a todos los ni\u00f1os, j\u00f3venes y adultos de nuestra ciudad. Aunque el periodo de inscripci\u00f3n ha terminado, a\u00fan estamos a tiempo de poder apuntarnos a las actividades que m\u00e1s nos apetezcan dentro de la gran variedad que presenta Escuel@bierta.<\/p>\n","protected":false},"author":2,"featured_media":0,"comment_status":"closed","ping_status":"open","sticky":false,"template":"","format":"standard","meta":{"_et_pb_use_builder":"on","_et_pb_old_content":"","_et_gb_content_width":"","footnotes":""},"categories":[12,19,13,17,14,15,18,16,1],"tags":[],"class_list":["post-10341","post","type-post","status-publish","format-standard","hentry","category-colegio","category-escuela-abierta","category-fasa","category-infantil","category-pastoral","category-portada","category-primaria","category-secundaria","category-uncategorized"],"yoast_head":"<!-- This site is optimized with the Yoast SEO plugin v28.4 - https:\/\/yoast.com\/product\/yoast-seo-wordpress\/ -->\n<title>\u00a1Comienza Escuela Abierta 2018-2019! - Colegio Salesiano Alcal\u00e1<\/title>\n<meta name=\"robots\" content=\"index, follow, max-snippet:-1, max-image-preview:large, max-video-preview:-1\" \/>\n<link rel=\"canonical\" href=\"https:\/\/alcala.salesianos.edu\/colegio\/blog\/2018\/10\/01\/comienza-escuela-abierta-2018-2019\/\" \/>\n<meta property=\"og:locale\" content=\"es_ES\" \/>\n<meta property=\"og:type\" content=\"article\" \/>\n<meta property=\"og:title\" content=\"\u00a1Comienza Escuela Abierta 2018-2019! - Colegio Salesiano Alcal\u00e1\" \/>\n<meta property=\"og:description\" content=\"Un curso m\u00e1s, nos disponemos a coordinar nuestras actividades de tarde a trav\u00e9s de nuestra conocida Escuel@bierta, colegio de tarde abierto a todos los ni\u00f1os, j\u00f3venes y adultos de nuestra ciudad. Aunque el periodo de inscripci\u00f3n ha terminado, a\u00fan estamos a tiempo de poder apuntarnos a las actividades que m\u00e1s nos apetezcan dentro de la gran variedad que presenta Escuel@bierta.\" \/>\n<meta property=\"og:url\" content=\"https:\/\/alcala.salesianos.edu\/colegio\/blog\/2018\/10\/01\/comienza-escuela-abierta-2018-2019\/\" \/>\n<meta property=\"og:site_name\" content=\"Colegio Salesiano Alcal\u00e1\" \/>\n<meta property=\"article:published_time\" content=\"2018-10-01T08:45:38+00:00\" \/>\n<meta property=\"article:modified_time\" content=\"2025-08-27T07:59:33+00:00\" \/>\n<meta name=\"author\" content=\"Administrador Web\" \/>\n<meta name=\"twitter:card\" content=\"summary_large_image\" \/>\n<meta name=\"twitter:label1\" content=\"Escrito por\" \/>\n\t<meta name=\"twitter:data1\" content=\"Administrador Web\" \/>\n\t<meta name=\"twitter:label2\" content=\"Tiempo de lectura\" \/>\n\t<meta name=\"twitter:data2\" content=\"2 minutos\" \/>\n<script type=\"application\/ld+json\" class=\"yoast-schema-graph\">{\"@context\":\"https:\\\/\\\/schema.org\",\"@graph\":[{\"@type\":\"Article\",\"@id\":\"https:\\\/\\\/alcala.salesianos.edu\\\/colegio\\\/blog\\\/2018\\\/10\\\/01\\\/comienza-escuela-abierta-2018-2019\\\/#article\",\"isPartOf\":{\"@id\":\"https:\\\/\\\/alcala.salesianos.edu\\\/colegio\\\/blog\\\/2018\\\/10\\\/01\\\/comienza-escuela-abierta-2018-2019\\\/\"},\"author\":{\"name\":\"Administrador Web\",\"@id\":\"https:\\\/\\\/alcala.salesianos.edu\\\/colegio\\\/#\\\/schema\\\/person\\\/afcc24f776dc91fc2bf9afb0998fca77\"},\"headline\":\"\u00a1Comienza Escuela Abierta 2018-2019!\",\"datePublished\":\"2018-10-01T08:45:38+00:00\",\"dateModified\":\"2025-08-27T07:59:33+00:00\",\"mainEntityOfPage\":{\"@id\":\"https:\\\/\\\/alcala.salesianos.edu\\\/colegio\\\/blog\\\/2018\\\/10\\\/01\\\/comienza-escuela-abierta-2018-2019\\\/\"},\"wordCount\":369,\"articleSection\":[\"Colegio\",\"Escuela abierta\",\"FASA\",\"Infantil\",\"Pastoral\",\"Portada\",\"Primaria\",\"Secundaria\",\"Uncategorized\"],\"inLanguage\":\"es\"},{\"@type\":\"WebPage\",\"@id\":\"https:\\\/\\\/alcala.salesianos.edu\\\/colegio\\\/blog\\\/2018\\\/10\\\/01\\\/comienza-escuela-abierta-2018-2019\\\/\",\"url\":\"https:\\\/\\\/alcala.salesianos.edu\\\/colegio\\\/blog\\\/2018\\\/10\\\/01\\\/comienza-escuela-abierta-2018-2019\\\/\",\"name\":\"\u00a1Comienza Escuela Abierta 2018-2019! - Colegio Salesiano Alcal\u00e1\",\"isPartOf\":{\"@id\":\"https:\\\/\\\/alcala.salesianos.edu\\\/colegio\\\/#website\"},\"datePublished\":\"2018-10-01T08:45:38+00:00\",\"dateModified\":\"2025-08-27T07:59:33+00:00\",\"author\":{\"@id\":\"https:\\\/\\\/alcala.salesianos.edu\\\/colegio\\\/#\\\/schema\\\/person\\\/afcc24f776dc91fc2bf9afb0998fca77\"},\"breadcrumb\":{\"@id\":\"https:\\\/\\\/alcala.salesianos.edu\\\/colegio\\\/blog\\\/2018\\\/10\\\/01\\\/comienza-escuela-abierta-2018-2019\\\/#breadcrumb\"},\"inLanguage\":\"es\",\"potentialAction\":[{\"@type\":\"ReadAction\",\"target\":[\"https:\\\/\\\/alcala.salesianos.edu\\\/colegio\\\/blog\\\/2018\\\/10\\\/01\\\/comienza-escuela-abierta-2018-2019\\\/\"]}]},{\"@type\":\"BreadcrumbList\",\"@id\":\"https:\\\/\\\/alcala.salesianos.edu\\\/colegio\\\/blog\\\/2018\\\/10\\\/01\\\/comienza-escuela-abierta-2018-2019\\\/#breadcrumb\",\"itemListElement\":[{\"@type\":\"ListItem\",\"position\":1,\"name\":\"Portada\",\"item\":\"https:\\\/\\\/alcala.salesianos.edu\\\/colegio\\\/\"},{\"@type\":\"ListItem\",\"position\":2,\"name\":\"\u00a1Comienza Escuela Abierta 2018-2019!\"}]},{\"@type\":\"WebSite\",\"@id\":\"https:\\\/\\\/alcala.salesianos.edu\\\/colegio\\\/#website\",\"url\":\"https:\\\/\\\/alcala.salesianos.edu\\\/colegio\\\/\",\"name\":\"Colegio Salesiano Alcal\u00e1\",\"description\":\"P\u00e1gina oficial de Salesianos Alcal\u00e1 de Guadaira\",\"potentialAction\":[{\"@type\":\"SearchAction\",\"target\":{\"@type\":\"EntryPoint\",\"urlTemplate\":\"https:\\\/\\\/alcala.salesianos.edu\\\/colegio\\\/?s={search_term_string}\"},\"query-input\":{\"@type\":\"PropertyValueSpecification\",\"valueRequired\":true,\"valueName\":\"search_term_string\"}}],\"inLanguage\":\"es\"},{\"@type\":\"Person\",\"@id\":\"https:\\\/\\\/alcala.salesianos.edu\\\/colegio\\\/#\\\/schema\\\/person\\\/afcc24f776dc91fc2bf9afb0998fca77\",\"name\":\"Administrador Web\",\"image\":{\"@type\":\"ImageObject\",\"inLanguage\":\"es\",\"@id\":\"https:\\\/\\\/secure.gravatar.com\\\/avatar\\\/bc157e994689bd6da9645c00aa3bc4d55b727915b6652642660db0aef086585f?s=96&d=mm&r=g\",\"url\":\"https:\\\/\\\/secure.gravatar.com\\\/avatar\\\/bc157e994689bd6da9645c00aa3bc4d55b727915b6652642660db0aef086585f?s=96&d=mm&r=g\",\"contentUrl\":\"https:\\\/\\\/secure.gravatar.com\\\/avatar\\\/bc157e994689bd6da9645c00aa3bc4d55b727915b6652642660db0aef086585f?s=96&d=mm&r=g\",\"caption\":\"Administrador Web\"}}]}<\/script>\n<!-- \/ Yoast SEO plugin. -->","yoast_head_json":{"title":"\u00a1Comienza Escuela Abierta 2018-2019! - Colegio Salesiano Alcal\u00e1","robots":{"index":"index","follow":"follow","max-snippet":"max-snippet:-1","max-image-preview":"max-image-preview:large","max-video-preview":"max-video-preview:-1"},"canonical":"https:\/\/alcala.salesianos.edu\/colegio\/blog\/2018\/10\/01\/comienza-escuela-abierta-2018-2019\/","og_locale":"es_ES","og_type":"article","og_title":"\u00a1Comienza Escuela Abierta 2018-2019! - Colegio Salesiano Alcal\u00e1","og_description":"Un curso m\u00e1s, nos disponemos a coordinar nuestras actividades de tarde a trav\u00e9s de nuestra conocida Escuel@bierta, colegio de tarde abierto a todos los ni\u00f1os, j\u00f3venes y adultos de nuestra ciudad. Aunque el periodo de inscripci\u00f3n ha terminado, a\u00fan estamos a tiempo de poder apuntarnos a las actividades que m\u00e1s nos apetezcan dentro de la gran variedad que presenta Escuel@bierta.","og_url":"https:\/\/alcala.salesianos.edu\/colegio\/blog\/2018\/10\/01\/comienza-escuela-abierta-2018-2019\/","og_site_name":"Colegio Salesiano Alcal\u00e1","article_published_time":"2018-10-01T08:45:38+00:00","article_modified_time":"2025-08-27T07:59:33+00:00","author":"Administrador Web","twitter_card":"summary_large_image","twitter_misc":{"Escrito por":"Administrador Web","Tiempo de lectura":"2 minutos"},"schema":{"@context":"https:\/\/schema.org","@graph":[{"@type":"Article","@id":"https:\/\/alcala.salesianos.edu\/colegio\/blog\/2018\/10\/01\/comienza-escuela-abierta-2018-2019\/#article","isPartOf":{"@id":"https:\/\/alcala.salesianos.edu\/colegio\/blog\/2018\/10\/01\/comienza-escuela-abierta-2018-2019\/"},"author":{"name":"Administrador Web","@id":"https:\/\/alcala.salesianos.edu\/colegio\/#\/schema\/person\/afcc24f776dc91fc2bf9afb0998fca77"},"headline":"\u00a1Comienza Escuela Abierta 2018-2019!","datePublished":"2018-10-01T08:45:38+00:00","dateModified":"2025-08-27T07:59:33+00:00","mainEntityOfPage":{"@id":"https:\/\/alcala.salesianos.edu\/colegio\/blog\/2018\/10\/01\/comienza-escuela-abierta-2018-2019\/"},"wordCount":369,"articleSection":["Colegio","Escuela abierta","FASA","Infantil","Pastoral","Portada","Primaria","Secundaria","Uncategorized"],"inLanguage":"es"},{"@type":"WebPage","@id":"https:\/\/alcala.salesianos.edu\/colegio\/blog\/2018\/10\/01\/comienza-escuela-abierta-2018-2019\/","url":"https:\/\/alcala.salesianos.edu\/colegio\/blog\/2018\/10\/01\/comienza-escuela-abierta-2018-2019\/","name":"\u00a1Comienza Escuela Abierta 2018-2019! - Colegio Salesiano Alcal\u00e1","isPartOf":{"@id":"https:\/\/alcala.salesianos.edu\/colegio\/#website"},"datePublished":"2018-10-01T08:45:38+00:00","dateModified":"2025-08-27T07:59:33+00:00","author":{"@id":"https:\/\/alcala.salesianos.edu\/colegio\/#\/schema\/person\/afcc24f776dc91fc2bf9afb0998fca77"},"breadcrumb":{"@id":"https:\/\/alcala.salesianos.edu\/colegio\/blog\/2018\/10\/01\/comienza-escuela-abierta-2018-2019\/#breadcrumb"},"inLanguage":"es","potentialAction":[{"@type":"ReadAction","target":["https:\/\/alcala.salesianos.edu\/colegio\/blog\/2018\/10\/01\/comienza-escuela-abierta-2018-2019\/"]}]},{"@type":"BreadcrumbList","@id":"https:\/\/alcala.salesianos.edu\/colegio\/blog\/2018\/10\/01\/comienza-escuela-abierta-2018-2019\/#breadcrumb","itemListElement":[{"@type":"ListItem","position":1,"name":"Portada","item":"https:\/\/alcala.salesianos.edu\/colegio\/"},{"@type":"ListItem","position":2,"name":"\u00a1Comienza Escuela Abierta 2018-2019!"}]},{"@type":"WebSite","@id":"https:\/\/alcala.salesianos.edu\/colegio\/#website","url":"https:\/\/alcala.salesianos.edu\/colegio\/","name":"Colegio Salesiano Alcal\u00e1","description":"P\u00e1gina oficial de Salesianos Alcal\u00e1 de Guadaira","potentialAction":[{"@type":"SearchAction","target":{"@type":"EntryPoint","urlTemplate":"https:\/\/alcala.salesianos.edu\/colegio\/?s={search_term_string}"},"query-input":{"@type":"PropertyValueSpecification","valueRequired":true,"valueName":"search_term_string"}}],"inLanguage":"es"},{"@type":"Person","@id":"https:\/\/alcala.salesianos.edu\/colegio\/#\/schema\/person\/afcc24f776dc91fc2bf9afb0998fca77","name":"Administrador Web","image":{"@type":"ImageObject","inLanguage":"es","@id":"https:\/\/secure.gravatar.com\/avatar\/bc157e994689bd6da9645c00aa3bc4d55b727915b6652642660db0aef086585f?s=96&d=mm&r=g","url":"https:\/\/secure.gravatar.com\/avatar\/bc157e994689bd6da9645c00aa3bc4d55b727915b6652642660db0aef086585f?s=96&d=mm&r=g","contentUrl":"https:\/\/secure.gravatar.com\/avatar\/bc157e994689bd6da9645c00aa3bc4d55b727915b6652642660db0aef086585f?s=96&d=mm&r=g","caption":"Administrador Web"}}]}},"_links":{"self":[{"href":"https:\/\/alcala.salesianos.edu\/colegio\/wp-json\/wp\/v2\/posts\/10341","targetHints":{"allow":["GET"]}}],"collection":[{"href":"https:\/\/alcala.salesianos.edu\/colegio\/wp-json\/wp\/v2\/posts"}],"about":[{"href":"https:\/\/alcala.salesianos.edu\/colegio\/wp-json\/wp\/v2\/types\/post"}],"author":[{"embeddable":true,"href":"https:\/\/alcala.salesianos.edu\/colegio\/wp-json\/wp\/v2\/users\/2"}],"replies":[{"embeddable":true,"href":"https:\/\/alcala.salesianos.edu\/colegio\/wp-json\/wp\/v2\/comments?post=10341"}],"version-history":[{"count":1,"href":"https:\/\/alcala.salesianos.edu\/colegio\/wp-json\/wp\/v2\/posts\/10341\/revisions"}],"predecessor-version":[{"id":10344,"href":"https:\/\/alcala.salesianos.edu\/colegio\/wp-json\/wp\/v2\/posts\/10341\/revisions\/10344"}],"wp:attachment":[{"href":"https:\/\/alcala.salesianos.edu\/colegio\/wp-json\/wp\/v2\/media?parent=10341"}],"wp:term":[{"taxonomy":"category","embeddable":true,"href":"https:\/\/alcala.salesianos.edu\/colegio\/wp-json\/wp\/v2\/categories?post=10341"},{"taxonomy":"post_tag","embeddable":true,"href":"https:\/\/alcala.salesianos.edu\/colegio\/wp-json\/wp\/v2\/tags?post=10341"}],"curies":[{"name":"wp","href":"https:\/\/api.w.org\/{rel}","templated":true}]}}