{"id":10317,"date":"2018-09-26T11:18:08","date_gmt":"2018-09-26T10:18:08","guid":{"rendered":"https:\/\/alcala.salesianos.edu\/colegio\/blog\/2018\/09\/26\/toma-de-posesion-de-d-juan-manuel-melgar-gonzalez-como-director-titular-de-la-obra-salesiana-de-alcala\/"},"modified":"2025-08-27T08:59:34","modified_gmt":"2025-08-27T07:59:34","slug":"toma-de-posesion-de-d-juan-manuel-melgar-gonzalez-como-director-titular-de-la-obra-salesiana-de-alcala","status":"publish","type":"post","link":"https:\/\/alcala.salesianos.edu\/colegio\/blog\/2018\/09\/26\/toma-de-posesion-de-d-juan-manuel-melgar-gonzalez-como-director-titular-de-la-obra-salesiana-de-alcala\/","title":{"rendered":"Toma de posesi\u00f3n de D. Juan Manuel Melgar Gonz\u00e1lez como director titular de la Obra Salesiana de Alcal\u00e1"},"content":{"rendered":"<div id=\"fb-root\"><\/div>\n<p>[et_pb_section bb_built=\u00bb1&#8243;][et_pb_row][et_pb_column type=\u00bb4_4&#8243;][et_pb_text _builder_version=\u00bb3.0.105&#8243; background_layout=\u00bblight\u00bb]<\/p>\n<p><img loading=\"lazy\" decoding=\"async\" class=\"alignleft size-medium wp-image-5503\" src=\"https:\/\/alcala.salesianos.edu\/wp-content\/uploads\/2018\/09\/IMG_2708-300x200.jpg\" alt=\"\" width=\"300\" height=\"200\" \/><\/p>\n<p>El pasado d\u00eda 24 durante la eucarist\u00eda en conmemoraci\u00f3n a Mar\u00eda Auxiliadora, se produjo la toma de posesi\u00f3n de la direcci\u00f3n titular por Don Juan Manuel Melgar Gonz\u00e1lez sdb. Estaba destinado el curso pasado en la Casa de Utrera aunque su misi\u00f3n pastoral era atender a la Casa de Mor\u00f3n.<\/p>\n<p>La eucarist\u00eda fue presidida por el inspector de la Inspector\u00eda Mar\u00eda Auxiliadora don \u00c1ngel Arzurmendi Mart\u00ednez sdb. y concelebrada por el vicario inspectorial don Fernando Miranda sdb, el secretario inspectorial don Rosendo Alabau sdb, don Juan Fco Rubio Garc\u00eda sdb,\u00a0 don Juan Jos\u00e9 Guti\u00e9rrez Galeote director de la Casa de Utrera y la comunidad salesiana de nuestra Casa.<\/p>\n<p>Agradecemos a Don Juan Francisco Rubio Garc\u00eda sdb. anterior director titular de nuestra Obra su gran labor realizada en estos dos a\u00f1os que ha estado en nuestra Casa. Han sido dos a\u00f1os rebosantes de salesianidad y entrega por los m\u00e1s j\u00f3venes.<\/p>\n<p>&nbsp;<\/p>\n<p>[\/et_pb_text][et_pb_gallery _builder_version=\u00bb3.0.105&#8243; posts_number=\u00bb6&#8243; show_title_and_caption=\u00bboff\u00bb show_pagination=\u00bbon\u00bb gallery_ids=\u00bb5502,5504,5505,5506,5510,5513&#8243; fullwidth=\u00bboff\u00bb orientation=\u00bblandscape\u00bb zoom_icon_color=\u00bb#dc001b\u00bb hover_overlay_color=\u00bbrgba(255,255,255,0.9)\u00bb background_layout=\u00bblight\u00bb pagination_font_size_tablet=\u00bb51&#8243; pagination_line_height_tablet=\u00bb2&#8243; \/][\/et_pb_column][\/et_pb_row][\/et_pb_section]<\/p>\n","protected":false},"excerpt":{"rendered":"<p><div class=\"et_pb_row et_pb_row_0 et_pb_row_empty\">\n\t\t\t\t\n\t\t\t\t\n\t\t\t\t\n\t\t\t\t\n\t\t\t\t\n\t\t\t<\/div> El pasado d\u00eda 24 durante la eucarist\u00eda en conmemoraci\u00f3n a Mar\u00eda Auxiliadora, se produjo la toma de posesi\u00f3n de la direcci\u00f3n titular por Don Juan Manuel Melgar Gonz\u00e1lez sdb. Estaba destinado el curso pasado en la Casa de Utrera aunque su misi\u00f3n pastoral era atender a la Casa de Mor\u00f3n. La eucarist\u00eda fue presidida [&hellip;]<\/p>\n","protected":false},"author":2,"featured_media":0,"comment_status":"closed","ping_status":"open","sticky":false,"template":"","format":"standard","meta":{"_et_pb_use_builder":"on","_et_pb_old_content":"<p>[et_pb_section bb_built=\"1\"][et_pb_row][et_pb_column type=\"4_4\"][et_pb_text _builder_version=\"3.0.105\" \/][\/et_pb_column][\/et_pb_row][\/et_pb_section]<\/p>","_et_gb_content_width":"","footnotes":""},"categories":[12,19,13,17,14,18,16,1],"tags":[],"class_list":["post-10317","post","type-post","status-publish","format-standard","hentry","category-colegio","category-escuela-abierta","category-fasa","category-infantil","category-pastoral","category-primaria","category-secundaria","category-uncategorized"],"yoast_head":"<!-- This site is optimized with the Yoast SEO plugin v28.4 - https:\/\/yoast.com\/product\/yoast-seo-wordpress\/ -->\n<title>Toma de posesi\u00f3n de D. Juan Manuel Melgar Gonz\u00e1lez como director titular de la Obra Salesiana de Alcal\u00e1 - Colegio Salesiano Alcal\u00e1<\/title>\n<meta name=\"robots\" content=\"index, follow, max-snippet:-1, max-image-preview:large, max-video-preview:-1\" \/>\n<link rel=\"canonical\" href=\"https:\/\/alcala.salesianos.edu\/colegio\/blog\/2018\/09\/26\/toma-de-posesion-de-d-juan-manuel-melgar-gonzalez-como-director-titular-de-la-obra-salesiana-de-alcala\/\" \/>\n<meta property=\"og:locale\" content=\"es_ES\" \/>\n<meta property=\"og:type\" content=\"article\" \/>\n<meta property=\"og:title\" content=\"Toma de posesi\u00f3n de D. Juan Manuel Melgar Gonz\u00e1lez como director titular de la Obra Salesiana de Alcal\u00e1 - Colegio Salesiano Alcal\u00e1\" \/>\n<meta property=\"og:description\" content=\"El pasado d\u00eda 24 durante la eucarist\u00eda en conmemoraci\u00f3n a Mar\u00eda Auxiliadora, se produjo la toma de posesi\u00f3n de la direcci\u00f3n titular por Don Juan Manuel Melgar Gonz\u00e1lez sdb. Estaba destinado el curso pasado en la Casa de Utrera aunque su misi\u00f3n pastoral era atender a la Casa de Mor\u00f3n. La eucarist\u00eda fue presidida [&hellip;]\" \/>\n<meta property=\"og:url\" content=\"https:\/\/alcala.salesianos.edu\/colegio\/blog\/2018\/09\/26\/toma-de-posesion-de-d-juan-manuel-melgar-gonzalez-como-director-titular-de-la-obra-salesiana-de-alcala\/\" \/>\n<meta property=\"og:site_name\" content=\"Colegio Salesiano Alcal\u00e1\" \/>\n<meta property=\"article:published_time\" content=\"2018-09-26T10:18:08+00:00\" \/>\n<meta property=\"article:modified_time\" content=\"2025-08-27T07:59:34+00:00\" \/>\n<meta name=\"author\" content=\"Administrador Web\" \/>\n<meta name=\"twitter:card\" content=\"summary_large_image\" \/>\n<meta name=\"twitter:label1\" content=\"Escrito por\" \/>\n\t<meta name=\"twitter:data1\" content=\"Administrador Web\" \/>\n\t<meta name=\"twitter:label2\" content=\"Tiempo de lectura\" \/>\n\t<meta name=\"twitter:data2\" content=\"1 minuto\" \/>\n<script type=\"application\/ld+json\" class=\"yoast-schema-graph\">{\"@context\":\"https:\\\/\\\/schema.org\",\"@graph\":[{\"@type\":\"Article\",\"@id\":\"https:\\\/\\\/alcala.salesianos.edu\\\/colegio\\\/blog\\\/2018\\\/09\\\/26\\\/toma-de-posesion-de-d-juan-manuel-melgar-gonzalez-como-director-titular-de-la-obra-salesiana-de-alcala\\\/#article\",\"isPartOf\":{\"@id\":\"https:\\\/\\\/alcala.salesianos.edu\\\/colegio\\\/blog\\\/2018\\\/09\\\/26\\\/toma-de-posesion-de-d-juan-manuel-melgar-gonzalez-como-director-titular-de-la-obra-salesiana-de-alcala\\\/\"},\"author\":{\"name\":\"Administrador Web\",\"@id\":\"https:\\\/\\\/alcala.salesianos.edu\\\/colegio\\\/#\\\/schema\\\/person\\\/afcc24f776dc91fc2bf9afb0998fca77\"},\"headline\":\"Toma de posesi\u00f3n de D. Juan Manuel Melgar Gonz\u00e1lez como director titular de la Obra Salesiana de Alcal\u00e1\",\"datePublished\":\"2018-09-26T10:18:08+00:00\",\"dateModified\":\"2025-08-27T07:59:34+00:00\",\"mainEntityOfPage\":{\"@id\":\"https:\\\/\\\/alcala.salesianos.edu\\\/colegio\\\/blog\\\/2018\\\/09\\\/26\\\/toma-de-posesion-de-d-juan-manuel-melgar-gonzalez-como-director-titular-de-la-obra-salesiana-de-alcala\\\/\"},\"wordCount\":262,\"image\":{\"@id\":\"https:\\\/\\\/alcala.salesianos.edu\\\/colegio\\\/blog\\\/2018\\\/09\\\/26\\\/toma-de-posesion-de-d-juan-manuel-melgar-gonzalez-como-director-titular-de-la-obra-salesiana-de-alcala\\\/#primaryimage\"},\"thumbnailUrl\":\"https:\\\/\\\/alcala.salesianos.edu\\\/wp-content\\\/uploads\\\/2018\\\/09\\\/IMG_2708-300x200.jpg\",\"articleSection\":[\"Colegio\",\"Escuela abierta\",\"FASA\",\"Infantil\",\"Pastoral\",\"Primaria\",\"Secundaria\",\"Uncategorized\"],\"inLanguage\":\"es\"},{\"@type\":\"WebPage\",\"@id\":\"https:\\\/\\\/alcala.salesianos.edu\\\/colegio\\\/blog\\\/2018\\\/09\\\/26\\\/toma-de-posesion-de-d-juan-manuel-melgar-gonzalez-como-director-titular-de-la-obra-salesiana-de-alcala\\\/\",\"url\":\"https:\\\/\\\/alcala.salesianos.edu\\\/colegio\\\/blog\\\/2018\\\/09\\\/26\\\/toma-de-posesion-de-d-juan-manuel-melgar-gonzalez-como-director-titular-de-la-obra-salesiana-de-alcala\\\/\",\"name\":\"Toma de posesi\u00f3n de D. Juan Manuel Melgar Gonz\u00e1lez como director titular de la Obra Salesiana de Alcal\u00e1 - Colegio Salesiano Alcal\u00e1\",\"isPartOf\":{\"@id\":\"https:\\\/\\\/alcala.salesianos.edu\\\/colegio\\\/#website\"},\"primaryImageOfPage\":{\"@id\":\"https:\\\/\\\/alcala.salesianos.edu\\\/colegio\\\/blog\\\/2018\\\/09\\\/26\\\/toma-de-posesion-de-d-juan-manuel-melgar-gonzalez-como-director-titular-de-la-obra-salesiana-de-alcala\\\/#primaryimage\"},\"image\":{\"@id\":\"https:\\\/\\\/alcala.salesianos.edu\\\/colegio\\\/blog\\\/2018\\\/09\\\/26\\\/toma-de-posesion-de-d-juan-manuel-melgar-gonzalez-como-director-titular-de-la-obra-salesiana-de-alcala\\\/#primaryimage\"},\"thumbnailUrl\":\"https:\\\/\\\/alcala.salesianos.edu\\\/wp-content\\\/uploads\\\/2018\\\/09\\\/IMG_2708-300x200.jpg\",\"datePublished\":\"2018-09-26T10:18:08+00:00\",\"dateModified\":\"2025-08-27T07:59:34+00:00\",\"author\":{\"@id\":\"https:\\\/\\\/alcala.salesianos.edu\\\/colegio\\\/#\\\/schema\\\/person\\\/afcc24f776dc91fc2bf9afb0998fca77\"},\"breadcrumb\":{\"@id\":\"https:\\\/\\\/alcala.salesianos.edu\\\/colegio\\\/blog\\\/2018\\\/09\\\/26\\\/toma-de-posesion-de-d-juan-manuel-melgar-gonzalez-como-director-titular-de-la-obra-salesiana-de-alcala\\\/#breadcrumb\"},\"inLanguage\":\"es\",\"potentialAction\":[{\"@type\":\"ReadAction\",\"target\":[\"https:\\\/\\\/alcala.salesianos.edu\\\/colegio\\\/blog\\\/2018\\\/09\\\/26\\\/toma-de-posesion-de-d-juan-manuel-melgar-gonzalez-como-director-titular-de-la-obra-salesiana-de-alcala\\\/\"]}]},{\"@type\":\"ImageObject\",\"inLanguage\":\"es\",\"@id\":\"https:\\\/\\\/alcala.salesianos.edu\\\/colegio\\\/blog\\\/2018\\\/09\\\/26\\\/toma-de-posesion-de-d-juan-manuel-melgar-gonzalez-como-director-titular-de-la-obra-salesiana-de-alcala\\\/#primaryimage\",\"url\":\"https:\\\/\\\/alcala.salesianos.edu\\\/wp-content\\\/uploads\\\/2018\\\/09\\\/IMG_2708-300x200.jpg\",\"contentUrl\":\"https:\\\/\\\/alcala.salesianos.edu\\\/wp-content\\\/uploads\\\/2018\\\/09\\\/IMG_2708-300x200.jpg\"},{\"@type\":\"BreadcrumbList\",\"@id\":\"https:\\\/\\\/alcala.salesianos.edu\\\/colegio\\\/blog\\\/2018\\\/09\\\/26\\\/toma-de-posesion-de-d-juan-manuel-melgar-gonzalez-como-director-titular-de-la-obra-salesiana-de-alcala\\\/#breadcrumb\",\"itemListElement\":[{\"@type\":\"ListItem\",\"position\":1,\"name\":\"Portada\",\"item\":\"https:\\\/\\\/alcala.salesianos.edu\\\/colegio\\\/\"},{\"@type\":\"ListItem\",\"position\":2,\"name\":\"Toma de posesi\u00f3n de D. Juan Manuel Melgar Gonz\u00e1lez como director titular de la Obra Salesiana de Alcal\u00e1\"}]},{\"@type\":\"WebSite\",\"@id\":\"https:\\\/\\\/alcala.salesianos.edu\\\/colegio\\\/#website\",\"url\":\"https:\\\/\\\/alcala.salesianos.edu\\\/colegio\\\/\",\"name\":\"Colegio Salesiano Alcal\u00e1\",\"description\":\"P\u00e1gina oficial de Salesianos Alcal\u00e1 de Guadaira\",\"potentialAction\":[{\"@type\":\"SearchAction\",\"target\":{\"@type\":\"EntryPoint\",\"urlTemplate\":\"https:\\\/\\\/alcala.salesianos.edu\\\/colegio\\\/?s={search_term_string}\"},\"query-input\":{\"@type\":\"PropertyValueSpecification\",\"valueRequired\":true,\"valueName\":\"search_term_string\"}}],\"inLanguage\":\"es\"},{\"@type\":\"Person\",\"@id\":\"https:\\\/\\\/alcala.salesianos.edu\\\/colegio\\\/#\\\/schema\\\/person\\\/afcc24f776dc91fc2bf9afb0998fca77\",\"name\":\"Administrador Web\",\"image\":{\"@type\":\"ImageObject\",\"inLanguage\":\"es\",\"@id\":\"https:\\\/\\\/secure.gravatar.com\\\/avatar\\\/bc157e994689bd6da9645c00aa3bc4d55b727915b6652642660db0aef086585f?s=96&d=mm&r=g\",\"url\":\"https:\\\/\\\/secure.gravatar.com\\\/avatar\\\/bc157e994689bd6da9645c00aa3bc4d55b727915b6652642660db0aef086585f?s=96&d=mm&r=g\",\"contentUrl\":\"https:\\\/\\\/secure.gravatar.com\\\/avatar\\\/bc157e994689bd6da9645c00aa3bc4d55b727915b6652642660db0aef086585f?s=96&d=mm&r=g\",\"caption\":\"Administrador Web\"}}]}<\/script>\n<!-- \/ Yoast SEO plugin. -->","yoast_head_json":{"title":"Toma de posesi\u00f3n de D. Juan Manuel Melgar Gonz\u00e1lez como director titular de la Obra Salesiana de Alcal\u00e1 - Colegio Salesiano Alcal\u00e1","robots":{"index":"index","follow":"follow","max-snippet":"max-snippet:-1","max-image-preview":"max-image-preview:large","max-video-preview":"max-video-preview:-1"},"canonical":"https:\/\/alcala.salesianos.edu\/colegio\/blog\/2018\/09\/26\/toma-de-posesion-de-d-juan-manuel-melgar-gonzalez-como-director-titular-de-la-obra-salesiana-de-alcala\/","og_locale":"es_ES","og_type":"article","og_title":"Toma de posesi\u00f3n de D. Juan Manuel Melgar Gonz\u00e1lez como director titular de la Obra Salesiana de Alcal\u00e1 - Colegio Salesiano Alcal\u00e1","og_description":"El pasado d\u00eda 24 durante la eucarist\u00eda en conmemoraci\u00f3n a Mar\u00eda Auxiliadora, se produjo la toma de posesi\u00f3n de la direcci\u00f3n titular por Don Juan Manuel Melgar Gonz\u00e1lez sdb. Estaba destinado el curso pasado en la Casa de Utrera aunque su misi\u00f3n pastoral era atender a la Casa de Mor\u00f3n. La eucarist\u00eda fue presidida [&hellip;]","og_url":"https:\/\/alcala.salesianos.edu\/colegio\/blog\/2018\/09\/26\/toma-de-posesion-de-d-juan-manuel-melgar-gonzalez-como-director-titular-de-la-obra-salesiana-de-alcala\/","og_site_name":"Colegio Salesiano Alcal\u00e1","article_published_time":"2018-09-26T10:18:08+00:00","article_modified_time":"2025-08-27T07:59:34+00:00","author":"Administrador Web","twitter_card":"summary_large_image","twitter_misc":{"Escrito por":"Administrador Web","Tiempo de lectura":"1 minuto"},"schema":{"@context":"https:\/\/schema.org","@graph":[{"@type":"Article","@id":"https:\/\/alcala.salesianos.edu\/colegio\/blog\/2018\/09\/26\/toma-de-posesion-de-d-juan-manuel-melgar-gonzalez-como-director-titular-de-la-obra-salesiana-de-alcala\/#article","isPartOf":{"@id":"https:\/\/alcala.salesianos.edu\/colegio\/blog\/2018\/09\/26\/toma-de-posesion-de-d-juan-manuel-melgar-gonzalez-como-director-titular-de-la-obra-salesiana-de-alcala\/"},"author":{"name":"Administrador Web","@id":"https:\/\/alcala.salesianos.edu\/colegio\/#\/schema\/person\/afcc24f776dc91fc2bf9afb0998fca77"},"headline":"Toma de posesi\u00f3n de D. Juan Manuel Melgar Gonz\u00e1lez como director titular de la Obra Salesiana de Alcal\u00e1","datePublished":"2018-09-26T10:18:08+00:00","dateModified":"2025-08-27T07:59:34+00:00","mainEntityOfPage":{"@id":"https:\/\/alcala.salesianos.edu\/colegio\/blog\/2018\/09\/26\/toma-de-posesion-de-d-juan-manuel-melgar-gonzalez-como-director-titular-de-la-obra-salesiana-de-alcala\/"},"wordCount":262,"image":{"@id":"https:\/\/alcala.salesianos.edu\/colegio\/blog\/2018\/09\/26\/toma-de-posesion-de-d-juan-manuel-melgar-gonzalez-como-director-titular-de-la-obra-salesiana-de-alcala\/#primaryimage"},"thumbnailUrl":"https:\/\/alcala.salesianos.edu\/wp-content\/uploads\/2018\/09\/IMG_2708-300x200.jpg","articleSection":["Colegio","Escuela abierta","FASA","Infantil","Pastoral","Primaria","Secundaria","Uncategorized"],"inLanguage":"es"},{"@type":"WebPage","@id":"https:\/\/alcala.salesianos.edu\/colegio\/blog\/2018\/09\/26\/toma-de-posesion-de-d-juan-manuel-melgar-gonzalez-como-director-titular-de-la-obra-salesiana-de-alcala\/","url":"https:\/\/alcala.salesianos.edu\/colegio\/blog\/2018\/09\/26\/toma-de-posesion-de-d-juan-manuel-melgar-gonzalez-como-director-titular-de-la-obra-salesiana-de-alcala\/","name":"Toma de posesi\u00f3n de D. Juan Manuel Melgar Gonz\u00e1lez como director titular de la Obra Salesiana de Alcal\u00e1 - Colegio Salesiano Alcal\u00e1","isPartOf":{"@id":"https:\/\/alcala.salesianos.edu\/colegio\/#website"},"primaryImageOfPage":{"@id":"https:\/\/alcala.salesianos.edu\/colegio\/blog\/2018\/09\/26\/toma-de-posesion-de-d-juan-manuel-melgar-gonzalez-como-director-titular-de-la-obra-salesiana-de-alcala\/#primaryimage"},"image":{"@id":"https:\/\/alcala.salesianos.edu\/colegio\/blog\/2018\/09\/26\/toma-de-posesion-de-d-juan-manuel-melgar-gonzalez-como-director-titular-de-la-obra-salesiana-de-alcala\/#primaryimage"},"thumbnailUrl":"https:\/\/alcala.salesianos.edu\/wp-content\/uploads\/2018\/09\/IMG_2708-300x200.jpg","datePublished":"2018-09-26T10:18:08+00:00","dateModified":"2025-08-27T07:59:34+00:00","author":{"@id":"https:\/\/alcala.salesianos.edu\/colegio\/#\/schema\/person\/afcc24f776dc91fc2bf9afb0998fca77"},"breadcrumb":{"@id":"https:\/\/alcala.salesianos.edu\/colegio\/blog\/2018\/09\/26\/toma-de-posesion-de-d-juan-manuel-melgar-gonzalez-como-director-titular-de-la-obra-salesiana-de-alcala\/#breadcrumb"},"inLanguage":"es","potentialAction":[{"@type":"ReadAction","target":["https:\/\/alcala.salesianos.edu\/colegio\/blog\/2018\/09\/26\/toma-de-posesion-de-d-juan-manuel-melgar-gonzalez-como-director-titular-de-la-obra-salesiana-de-alcala\/"]}]},{"@type":"ImageObject","inLanguage":"es","@id":"https:\/\/alcala.salesianos.edu\/colegio\/blog\/2018\/09\/26\/toma-de-posesion-de-d-juan-manuel-melgar-gonzalez-como-director-titular-de-la-obra-salesiana-de-alcala\/#primaryimage","url":"https:\/\/alcala.salesianos.edu\/wp-content\/uploads\/2018\/09\/IMG_2708-300x200.jpg","contentUrl":"https:\/\/alcala.salesianos.edu\/wp-content\/uploads\/2018\/09\/IMG_2708-300x200.jpg"},{"@type":"BreadcrumbList","@id":"https:\/\/alcala.salesianos.edu\/colegio\/blog\/2018\/09\/26\/toma-de-posesion-de-d-juan-manuel-melgar-gonzalez-como-director-titular-de-la-obra-salesiana-de-alcala\/#breadcrumb","itemListElement":[{"@type":"ListItem","position":1,"name":"Portada","item":"https:\/\/alcala.salesianos.edu\/colegio\/"},{"@type":"ListItem","position":2,"name":"Toma de posesi\u00f3n de D. Juan Manuel Melgar Gonz\u00e1lez como director titular de la Obra Salesiana de Alcal\u00e1"}]},{"@type":"WebSite","@id":"https:\/\/alcala.salesianos.edu\/colegio\/#website","url":"https:\/\/alcala.salesianos.edu\/colegio\/","name":"Colegio Salesiano Alcal\u00e1","description":"P\u00e1gina oficial de Salesianos Alcal\u00e1 de Guadaira","potentialAction":[{"@type":"SearchAction","target":{"@type":"EntryPoint","urlTemplate":"https:\/\/alcala.salesianos.edu\/colegio\/?s={search_term_string}"},"query-input":{"@type":"PropertyValueSpecification","valueRequired":true,"valueName":"search_term_string"}}],"inLanguage":"es"},{"@type":"Person","@id":"https:\/\/alcala.salesianos.edu\/colegio\/#\/schema\/person\/afcc24f776dc91fc2bf9afb0998fca77","name":"Administrador Web","image":{"@type":"ImageObject","inLanguage":"es","@id":"https:\/\/secure.gravatar.com\/avatar\/bc157e994689bd6da9645c00aa3bc4d55b727915b6652642660db0aef086585f?s=96&d=mm&r=g","url":"https:\/\/secure.gravatar.com\/avatar\/bc157e994689bd6da9645c00aa3bc4d55b727915b6652642660db0aef086585f?s=96&d=mm&r=g","contentUrl":"https:\/\/secure.gravatar.com\/avatar\/bc157e994689bd6da9645c00aa3bc4d55b727915b6652642660db0aef086585f?s=96&d=mm&r=g","caption":"Administrador Web"}}]}},"_links":{"self":[{"href":"https:\/\/alcala.salesianos.edu\/colegio\/wp-json\/wp\/v2\/posts\/10317","targetHints":{"allow":["GET"]}}],"collection":[{"href":"https:\/\/alcala.salesianos.edu\/colegio\/wp-json\/wp\/v2\/posts"}],"about":[{"href":"https:\/\/alcala.salesianos.edu\/colegio\/wp-json\/wp\/v2\/types\/post"}],"author":[{"embeddable":true,"href":"https:\/\/alcala.salesianos.edu\/colegio\/wp-json\/wp\/v2\/users\/2"}],"replies":[{"embeddable":true,"href":"https:\/\/alcala.salesianos.edu\/colegio\/wp-json\/wp\/v2\/comments?post=10317"}],"version-history":[{"count":4,"href":"https:\/\/alcala.salesianos.edu\/colegio\/wp-json\/wp\/v2\/posts\/10317\/revisions"}],"predecessor-version":[{"id":16456,"href":"https:\/\/alcala.salesianos.edu\/colegio\/wp-json\/wp\/v2\/posts\/10317\/revisions\/16456"}],"wp:attachment":[{"href":"https:\/\/alcala.salesianos.edu\/colegio\/wp-json\/wp\/v2\/media?parent=10317"}],"wp:term":[{"taxonomy":"category","embeddable":true,"href":"https:\/\/alcala.salesianos.edu\/colegio\/wp-json\/wp\/v2\/categories?post=10317"},{"taxonomy":"post_tag","embeddable":true,"href":"https:\/\/alcala.salesianos.edu\/colegio\/wp-json\/wp\/v2\/tags?post=10317"}],"curies":[{"name":"wp","href":"https:\/\/api.w.org\/{rel}","templated":true}]}}