{"id":10297,"date":"2018-09-13T19:42:20","date_gmt":"2018-09-13T18:42:20","guid":{"rendered":"https:\/\/alcala.salesianos.edu\/colegio\/blog\/2018\/09\/13\/el-colegio-salesiano-abre-su-centro-en-horario-de-tarde-para-ofrecer-formacion-de-calidad-a-todos-los-jovenes-de-la-ciudad\/"},"modified":"2025-08-27T08:59:35","modified_gmt":"2025-08-27T07:59:35","slug":"el-colegio-salesiano-abre-su-centro-en-horario-de-tarde-para-ofrecer-formacion-de-calidad-a-todos-los-jovenes-de-la-ciudad","status":"publish","type":"post","link":"https:\/\/alcala.salesianos.edu\/colegio\/blog\/2018\/09\/13\/el-colegio-salesiano-abre-su-centro-en-horario-de-tarde-para-ofrecer-formacion-de-calidad-a-todos-los-jovenes-de-la-ciudad\/","title":{"rendered":"El Colegio Salesiano abre su centro en horario de tarde para ofrecer formaci\u00f3n de calidad a todos los j\u00f3venes de la ciudad."},"content":{"rendered":"<div id=\"fb-root\"><\/div>\n<p>[et_pb_section bb_built=\u00bb1&#8243; _builder_version=\u00bb3.0.47&#8243;][et_pb_row _builder_version=\u00bb3.0.47&#8243; background_size=\u00bbinitial\u00bb background_position=\u00bbtop_left\u00bb background_repeat=\u00bbrepeat\u00bb][et_pb_column type=\u00bb4_4&#8243;][et_pb_text _builder_version=\u00bb3.0.105&#8243; background_layout=\u00bblight\u00bb]<\/p>\n<p><img loading=\"lazy\" decoding=\"async\" class=\"size-medium wp-image-5479 alignleft\" src=\"https:\/\/alcala.salesianos.edu\/wp-content\/uploads\/2018\/09\/Ea-300x154.png\" alt=\"\" width=\"300\" height=\"154\" \/><\/p>\n<p>El centro Salesiano colabora con todos los ni\u00f1os y j\u00f3venes de la ciudad de Alcal\u00e1 y sus alrededores abriendo sus puertas a un nuevo Colegio de tarde, lugar donde todos tienen cabida y que ha sido denominado como <strong>Escuel@abierta.<\/strong><\/p>\n<p>&nbsp;<\/p>\n<p>Con esto, su proyecto educativo referente #MiColegio2020 se desarrolla m\u00e1s all\u00e1 de su horario de ma\u00f1ana.<\/p>\n<p>&nbsp;<\/p>\n<p>Escuel@bierta ha llegado a acuerdos con distintas instituciones sociales, educativas y deportivas reconocidas, con el fin de facilitar el acceso, a toda persona que lo desee, a un gran n\u00famero de actividades formativas y de calidad.<\/p>\n<p>&nbsp;<\/p>\n<p>Con esto, han conseguido realizar una competitiva\u00a0 y genuina oferta en distintos \u00e1mbitos de conocimiento:<\/p>\n<p><strong>Idiomas:<\/strong><\/p>\n<ul>\n<li>Ingl\u00e9s \u2013 Andrew\u2019s English School<\/li>\n<li>Franc\u00e9s \u2013 Andrew\u2019s English School<\/li>\n<li>Chino \u2013 Escuela Tiant\u00e1n<\/li>\n<li>Alem\u00e1n \u2013 Academia HORT<\/li>\n<\/ul>\n<p>Como elemento diferenciador, su profesorado experto y nativo prepara para los ex\u00e1menes de certificaci\u00f3n Cambridge, DELF, HSK y Goethe. Al ser centro Venue que acoge ex\u00e1menes de Cambridge, los de ingl\u00e9s se realizar\u00e1n en sus aulas.<\/p>\n<p><strong>Deportivas: <\/strong><\/p>\n<ul>\n<li>WPI Salesianos Football Academy \u2013 En ingl\u00e9s<\/li>\n<li>Qalat Basketball School \u2013 En ingl\u00e9s<\/li>\n<li>Tenis ITT \u2013 Club de Tenis Oromana<\/li>\n<li>Patinaje Rodados<\/li>\n<li>Rugby Rodados<\/li>\n<\/ul>\n<p>Destacar que dichas actividades deportivas establecen las pautas necesarias para que los alumnos puedan desarrollar y mejorar d\u00eda tras d\u00eda en sus habilidades motrices. Adem\u00e1s, las escuelas son biling\u00fces de f\u00fatbol y baloncesto.<\/p>\n<p>&nbsp;<\/p>\n<p>&nbsp;<\/p>\n<p><strong>Ciencias: <\/strong><\/p>\n<p>&nbsp;<\/p>\n<ul>\n<li>Techkmakers \u2013 Rob\u00f3tica<\/li>\n<\/ul>\n<p>Divertidos talleres de creaci\u00f3n de videojuegos, rob\u00f3tica y LEGO, as\u00ed como Minecraft, arduino y desarrollo web tienen lugar en dicha actividad, la cual busca fomentar el gusto por la ciencia y la tecnolog\u00eda en los alumnos.<\/p>\n<p>&nbsp;<\/p>\n<p>&nbsp;<\/p>\n<p><strong>\u00a0<\/strong><strong>Aula de debate y oratoria. NOVEDAD<\/strong><\/p>\n<p><strong>\u00a0<\/strong><\/p>\n<h1>Como gran novedad este curso, Los Salesianos y los empresarios de Alcal\u00e1 de Guada\u00edra se unen para crear un club de debate en el colegio<\/h1>\n<p><strong>\u00a0<\/strong><\/p>\n<p>Iniciativa desarrollada por FICA y puesta en marcha por Humanos Coaching. A trav\u00e9s de la misma, ofrecer\u00e1n a los alumnos de 3\u00ba, 4\u00ba de Ed. Secundaria y 1\u00ba de Bachillerato de todos los institutos, la o<strong>portunidad de poder expresarse con sentido cr\u00edtico y mejorar el razonamiento l\u00f3gico <\/strong><\/p>\n<p>&nbsp;<\/p>\n<p>Desde el colegio explican que entre los objetivos transversales de estainiciativa figuran<strong>\u00a0fomentar la libertad de expresi\u00f3<\/strong>n, la empat\u00eda y la asertividad; as\u00ed como despertar la capacidad de an\u00e1lisis de la realidad o proponer alternativas de mejora como servicio a la comunidad.<img loading=\"lazy\" decoding=\"async\" class=\"size-medium wp-image-5478 alignright\" src=\"https:\/\/alcala.salesianos.edu\/wp-content\/uploads\/2018\/09\/Eaa-300x173.jpg\" alt=\"\" width=\"300\" height=\"173\" \/><\/p>\n<p>&nbsp;<\/p>\n<p>Por \u00faltimo, y como cada a\u00f1o, aquellos adultos que necesiten mejorar su nivel de ingl\u00e9s, tambi\u00e9n pueden hacerlo en el centro Salesiano.<\/p>\n<p>&nbsp;<\/p>\n<p>Grupos de iniciaci\u00f3n, A2, B1, B2 y C1 se impartir\u00e1n en sus aulas, realizando un acompa\u00f1amiento y seguimiento diario, a todos los niveles. Adem\u00e1s, realizar\u00e1n pruebas de nivel durante el presente mes de septiembre.<\/p>\n<p>&nbsp;<\/p>\n<p>Son muchos los ni\u00f1os, j\u00f3venes y adultos que han pasado ya por Escuel@bierta y han disfrutado del magn\u00edfico ambiente familiar, deportivo y de aprendizaje que se crea tarde a tarde en el colegio.<\/p>\n<p>&nbsp;<\/p>\n<p>[\/et_pb_text][\/et_pb_column][\/et_pb_row][\/et_pb_section]<\/p>\n","protected":false},"excerpt":{"rendered":"<p>El centro Salesiano colabora con todos los ni\u00f1os y j\u00f3venes de la ciudad de Alcal\u00e1 y sus alrededores abriendo sus puertas a un nuevo Colegio de tarde, lugar donde todos tienen cabida y que ha sido denominado como Escuel@abierta. &nbsp; Con esto, su proyecto educativo referente #MiColegio2020 se desarrolla m\u00e1s all\u00e1 de su horario de [&hellip;]<\/p>\n","protected":false},"author":2,"featured_media":0,"comment_status":"closed","ping_status":"open","sticky":false,"template":"","format":"standard","meta":{"_et_pb_use_builder":"on","_et_pb_old_content":"","_et_gb_content_width":"","footnotes":""},"categories":[12,19,13,17,14,15,18,16,1],"tags":[],"class_list":["post-10297","post","type-post","status-publish","format-standard","hentry","category-colegio","category-escuela-abierta","category-fasa","category-infantil","category-pastoral","category-portada","category-primaria","category-secundaria","category-uncategorized"],"yoast_head":"<!-- This site is optimized with the Yoast SEO plugin v28.4 - https:\/\/yoast.com\/product\/yoast-seo-wordpress\/ -->\n<title>El Colegio Salesiano abre su centro en horario de tarde para ofrecer formaci\u00f3n de calidad a todos los j\u00f3venes de la ciudad. - Colegio Salesiano Alcal\u00e1<\/title>\n<meta name=\"robots\" content=\"index, follow, max-snippet:-1, max-image-preview:large, max-video-preview:-1\" \/>\n<link rel=\"canonical\" href=\"https:\/\/alcala.salesianos.edu\/colegio\/blog\/2018\/09\/13\/el-colegio-salesiano-abre-su-centro-en-horario-de-tarde-para-ofrecer-formacion-de-calidad-a-todos-los-jovenes-de-la-ciudad\/\" \/>\n<meta property=\"og:locale\" content=\"es_ES\" \/>\n<meta property=\"og:type\" content=\"article\" \/>\n<meta property=\"og:title\" content=\"El Colegio Salesiano abre su centro en horario de tarde para ofrecer formaci\u00f3n de calidad a todos los j\u00f3venes de la ciudad. - Colegio Salesiano Alcal\u00e1\" \/>\n<meta property=\"og:description\" content=\"El centro Salesiano colabora con todos los ni\u00f1os y j\u00f3venes de la ciudad de Alcal\u00e1 y sus alrededores abriendo sus puertas a un nuevo Colegio de tarde, lugar donde todos tienen cabida y que ha sido denominado como Escuel@abierta. &nbsp; Con esto, su proyecto educativo referente #MiColegio2020 se desarrolla m\u00e1s all\u00e1 de su horario de [&hellip;]\" \/>\n<meta property=\"og:url\" content=\"https:\/\/alcala.salesianos.edu\/colegio\/blog\/2018\/09\/13\/el-colegio-salesiano-abre-su-centro-en-horario-de-tarde-para-ofrecer-formacion-de-calidad-a-todos-los-jovenes-de-la-ciudad\/\" \/>\n<meta property=\"og:site_name\" content=\"Colegio Salesiano Alcal\u00e1\" \/>\n<meta property=\"article:published_time\" content=\"2018-09-13T18:42:20+00:00\" \/>\n<meta property=\"article:modified_time\" content=\"2025-08-27T07:59:35+00:00\" \/>\n<meta name=\"author\" content=\"Administrador Web\" \/>\n<meta name=\"twitter:card\" content=\"summary_large_image\" \/>\n<meta name=\"twitter:label1\" content=\"Escrito por\" \/>\n\t<meta name=\"twitter:data1\" content=\"Administrador Web\" \/>\n\t<meta name=\"twitter:label2\" content=\"Tiempo de lectura\" \/>\n\t<meta name=\"twitter:data2\" content=\"3 minutos\" \/>\n<script type=\"application\/ld+json\" class=\"yoast-schema-graph\">{\"@context\":\"https:\\\/\\\/schema.org\",\"@graph\":[{\"@type\":\"Article\",\"@id\":\"https:\\\/\\\/alcala.salesianos.edu\\\/colegio\\\/blog\\\/2018\\\/09\\\/13\\\/el-colegio-salesiano-abre-su-centro-en-horario-de-tarde-para-ofrecer-formacion-de-calidad-a-todos-los-jovenes-de-la-ciudad\\\/#article\",\"isPartOf\":{\"@id\":\"https:\\\/\\\/alcala.salesianos.edu\\\/colegio\\\/blog\\\/2018\\\/09\\\/13\\\/el-colegio-salesiano-abre-su-centro-en-horario-de-tarde-para-ofrecer-formacion-de-calidad-a-todos-los-jovenes-de-la-ciudad\\\/\"},\"author\":{\"name\":\"Administrador Web\",\"@id\":\"https:\\\/\\\/alcala.salesianos.edu\\\/colegio\\\/#\\\/schema\\\/person\\\/afcc24f776dc91fc2bf9afb0998fca77\"},\"headline\":\"El Colegio Salesiano abre su centro en horario de tarde para ofrecer formaci\u00f3n de calidad a todos los j\u00f3venes de la ciudad.\",\"datePublished\":\"2018-09-13T18:42:20+00:00\",\"dateModified\":\"2025-08-27T07:59:35+00:00\",\"mainEntityOfPage\":{\"@id\":\"https:\\\/\\\/alcala.salesianos.edu\\\/colegio\\\/blog\\\/2018\\\/09\\\/13\\\/el-colegio-salesiano-abre-su-centro-en-horario-de-tarde-para-ofrecer-formacion-de-calidad-a-todos-los-jovenes-de-la-ciudad\\\/\"},\"wordCount\":589,\"image\":{\"@id\":\"https:\\\/\\\/alcala.salesianos.edu\\\/colegio\\\/blog\\\/2018\\\/09\\\/13\\\/el-colegio-salesiano-abre-su-centro-en-horario-de-tarde-para-ofrecer-formacion-de-calidad-a-todos-los-jovenes-de-la-ciudad\\\/#primaryimage\"},\"thumbnailUrl\":\"https:\\\/\\\/alcala.salesianos.edu\\\/wp-content\\\/uploads\\\/2018\\\/09\\\/Ea-300x154.png\",\"articleSection\":[\"Colegio\",\"Escuela abierta\",\"FASA\",\"Infantil\",\"Pastoral\",\"Portada\",\"Primaria\",\"Secundaria\",\"Uncategorized\"],\"inLanguage\":\"es\"},{\"@type\":\"WebPage\",\"@id\":\"https:\\\/\\\/alcala.salesianos.edu\\\/colegio\\\/blog\\\/2018\\\/09\\\/13\\\/el-colegio-salesiano-abre-su-centro-en-horario-de-tarde-para-ofrecer-formacion-de-calidad-a-todos-los-jovenes-de-la-ciudad\\\/\",\"url\":\"https:\\\/\\\/alcala.salesianos.edu\\\/colegio\\\/blog\\\/2018\\\/09\\\/13\\\/el-colegio-salesiano-abre-su-centro-en-horario-de-tarde-para-ofrecer-formacion-de-calidad-a-todos-los-jovenes-de-la-ciudad\\\/\",\"name\":\"El Colegio Salesiano abre su centro en horario de tarde para ofrecer formaci\u00f3n de calidad a todos los j\u00f3venes de la ciudad. - Colegio Salesiano Alcal\u00e1\",\"isPartOf\":{\"@id\":\"https:\\\/\\\/alcala.salesianos.edu\\\/colegio\\\/#website\"},\"primaryImageOfPage\":{\"@id\":\"https:\\\/\\\/alcala.salesianos.edu\\\/colegio\\\/blog\\\/2018\\\/09\\\/13\\\/el-colegio-salesiano-abre-su-centro-en-horario-de-tarde-para-ofrecer-formacion-de-calidad-a-todos-los-jovenes-de-la-ciudad\\\/#primaryimage\"},\"image\":{\"@id\":\"https:\\\/\\\/alcala.salesianos.edu\\\/colegio\\\/blog\\\/2018\\\/09\\\/13\\\/el-colegio-salesiano-abre-su-centro-en-horario-de-tarde-para-ofrecer-formacion-de-calidad-a-todos-los-jovenes-de-la-ciudad\\\/#primaryimage\"},\"thumbnailUrl\":\"https:\\\/\\\/alcala.salesianos.edu\\\/wp-content\\\/uploads\\\/2018\\\/09\\\/Ea-300x154.png\",\"datePublished\":\"2018-09-13T18:42:20+00:00\",\"dateModified\":\"2025-08-27T07:59:35+00:00\",\"author\":{\"@id\":\"https:\\\/\\\/alcala.salesianos.edu\\\/colegio\\\/#\\\/schema\\\/person\\\/afcc24f776dc91fc2bf9afb0998fca77\"},\"breadcrumb\":{\"@id\":\"https:\\\/\\\/alcala.salesianos.edu\\\/colegio\\\/blog\\\/2018\\\/09\\\/13\\\/el-colegio-salesiano-abre-su-centro-en-horario-de-tarde-para-ofrecer-formacion-de-calidad-a-todos-los-jovenes-de-la-ciudad\\\/#breadcrumb\"},\"inLanguage\":\"es\",\"potentialAction\":[{\"@type\":\"ReadAction\",\"target\":[\"https:\\\/\\\/alcala.salesianos.edu\\\/colegio\\\/blog\\\/2018\\\/09\\\/13\\\/el-colegio-salesiano-abre-su-centro-en-horario-de-tarde-para-ofrecer-formacion-de-calidad-a-todos-los-jovenes-de-la-ciudad\\\/\"]}]},{\"@type\":\"ImageObject\",\"inLanguage\":\"es\",\"@id\":\"https:\\\/\\\/alcala.salesianos.edu\\\/colegio\\\/blog\\\/2018\\\/09\\\/13\\\/el-colegio-salesiano-abre-su-centro-en-horario-de-tarde-para-ofrecer-formacion-de-calidad-a-todos-los-jovenes-de-la-ciudad\\\/#primaryimage\",\"url\":\"https:\\\/\\\/alcala.salesianos.edu\\\/wp-content\\\/uploads\\\/2018\\\/09\\\/Ea-300x154.png\",\"contentUrl\":\"https:\\\/\\\/alcala.salesianos.edu\\\/wp-content\\\/uploads\\\/2018\\\/09\\\/Ea-300x154.png\"},{\"@type\":\"BreadcrumbList\",\"@id\":\"https:\\\/\\\/alcala.salesianos.edu\\\/colegio\\\/blog\\\/2018\\\/09\\\/13\\\/el-colegio-salesiano-abre-su-centro-en-horario-de-tarde-para-ofrecer-formacion-de-calidad-a-todos-los-jovenes-de-la-ciudad\\\/#breadcrumb\",\"itemListElement\":[{\"@type\":\"ListItem\",\"position\":1,\"name\":\"Portada\",\"item\":\"https:\\\/\\\/alcala.salesianos.edu\\\/colegio\\\/\"},{\"@type\":\"ListItem\",\"position\":2,\"name\":\"El Colegio Salesiano abre su centro en horario de tarde para ofrecer formaci\u00f3n de calidad a todos los j\u00f3venes de la ciudad.\"}]},{\"@type\":\"WebSite\",\"@id\":\"https:\\\/\\\/alcala.salesianos.edu\\\/colegio\\\/#website\",\"url\":\"https:\\\/\\\/alcala.salesianos.edu\\\/colegio\\\/\",\"name\":\"Colegio Salesiano Alcal\u00e1\",\"description\":\"P\u00e1gina oficial de Salesianos Alcal\u00e1 de Guadaira\",\"potentialAction\":[{\"@type\":\"SearchAction\",\"target\":{\"@type\":\"EntryPoint\",\"urlTemplate\":\"https:\\\/\\\/alcala.salesianos.edu\\\/colegio\\\/?s={search_term_string}\"},\"query-input\":{\"@type\":\"PropertyValueSpecification\",\"valueRequired\":true,\"valueName\":\"search_term_string\"}}],\"inLanguage\":\"es\"},{\"@type\":\"Person\",\"@id\":\"https:\\\/\\\/alcala.salesianos.edu\\\/colegio\\\/#\\\/schema\\\/person\\\/afcc24f776dc91fc2bf9afb0998fca77\",\"name\":\"Administrador Web\",\"image\":{\"@type\":\"ImageObject\",\"inLanguage\":\"es\",\"@id\":\"https:\\\/\\\/secure.gravatar.com\\\/avatar\\\/bc157e994689bd6da9645c00aa3bc4d55b727915b6652642660db0aef086585f?s=96&d=mm&r=g\",\"url\":\"https:\\\/\\\/secure.gravatar.com\\\/avatar\\\/bc157e994689bd6da9645c00aa3bc4d55b727915b6652642660db0aef086585f?s=96&d=mm&r=g\",\"contentUrl\":\"https:\\\/\\\/secure.gravatar.com\\\/avatar\\\/bc157e994689bd6da9645c00aa3bc4d55b727915b6652642660db0aef086585f?s=96&d=mm&r=g\",\"caption\":\"Administrador Web\"}}]}<\/script>\n<!-- \/ Yoast SEO plugin. -->","yoast_head_json":{"title":"El Colegio Salesiano abre su centro en horario de tarde para ofrecer formaci\u00f3n de calidad a todos los j\u00f3venes de la ciudad. - Colegio Salesiano Alcal\u00e1","robots":{"index":"index","follow":"follow","max-snippet":"max-snippet:-1","max-image-preview":"max-image-preview:large","max-video-preview":"max-video-preview:-1"},"canonical":"https:\/\/alcala.salesianos.edu\/colegio\/blog\/2018\/09\/13\/el-colegio-salesiano-abre-su-centro-en-horario-de-tarde-para-ofrecer-formacion-de-calidad-a-todos-los-jovenes-de-la-ciudad\/","og_locale":"es_ES","og_type":"article","og_title":"El Colegio Salesiano abre su centro en horario de tarde para ofrecer formaci\u00f3n de calidad a todos los j\u00f3venes de la ciudad. - Colegio Salesiano Alcal\u00e1","og_description":"El centro Salesiano colabora con todos los ni\u00f1os y j\u00f3venes de la ciudad de Alcal\u00e1 y sus alrededores abriendo sus puertas a un nuevo Colegio de tarde, lugar donde todos tienen cabida y que ha sido denominado como Escuel@abierta. &nbsp; Con esto, su proyecto educativo referente #MiColegio2020 se desarrolla m\u00e1s all\u00e1 de su horario de [&hellip;]","og_url":"https:\/\/alcala.salesianos.edu\/colegio\/blog\/2018\/09\/13\/el-colegio-salesiano-abre-su-centro-en-horario-de-tarde-para-ofrecer-formacion-de-calidad-a-todos-los-jovenes-de-la-ciudad\/","og_site_name":"Colegio Salesiano Alcal\u00e1","article_published_time":"2018-09-13T18:42:20+00:00","article_modified_time":"2025-08-27T07:59:35+00:00","author":"Administrador Web","twitter_card":"summary_large_image","twitter_misc":{"Escrito por":"Administrador Web","Tiempo de lectura":"3 minutos"},"schema":{"@context":"https:\/\/schema.org","@graph":[{"@type":"Article","@id":"https:\/\/alcala.salesianos.edu\/colegio\/blog\/2018\/09\/13\/el-colegio-salesiano-abre-su-centro-en-horario-de-tarde-para-ofrecer-formacion-de-calidad-a-todos-los-jovenes-de-la-ciudad\/#article","isPartOf":{"@id":"https:\/\/alcala.salesianos.edu\/colegio\/blog\/2018\/09\/13\/el-colegio-salesiano-abre-su-centro-en-horario-de-tarde-para-ofrecer-formacion-de-calidad-a-todos-los-jovenes-de-la-ciudad\/"},"author":{"name":"Administrador Web","@id":"https:\/\/alcala.salesianos.edu\/colegio\/#\/schema\/person\/afcc24f776dc91fc2bf9afb0998fca77"},"headline":"El Colegio Salesiano abre su centro en horario de tarde para ofrecer formaci\u00f3n de calidad a todos los j\u00f3venes de la ciudad.","datePublished":"2018-09-13T18:42:20+00:00","dateModified":"2025-08-27T07:59:35+00:00","mainEntityOfPage":{"@id":"https:\/\/alcala.salesianos.edu\/colegio\/blog\/2018\/09\/13\/el-colegio-salesiano-abre-su-centro-en-horario-de-tarde-para-ofrecer-formacion-de-calidad-a-todos-los-jovenes-de-la-ciudad\/"},"wordCount":589,"image":{"@id":"https:\/\/alcala.salesianos.edu\/colegio\/blog\/2018\/09\/13\/el-colegio-salesiano-abre-su-centro-en-horario-de-tarde-para-ofrecer-formacion-de-calidad-a-todos-los-jovenes-de-la-ciudad\/#primaryimage"},"thumbnailUrl":"https:\/\/alcala.salesianos.edu\/wp-content\/uploads\/2018\/09\/Ea-300x154.png","articleSection":["Colegio","Escuela abierta","FASA","Infantil","Pastoral","Portada","Primaria","Secundaria","Uncategorized"],"inLanguage":"es"},{"@type":"WebPage","@id":"https:\/\/alcala.salesianos.edu\/colegio\/blog\/2018\/09\/13\/el-colegio-salesiano-abre-su-centro-en-horario-de-tarde-para-ofrecer-formacion-de-calidad-a-todos-los-jovenes-de-la-ciudad\/","url":"https:\/\/alcala.salesianos.edu\/colegio\/blog\/2018\/09\/13\/el-colegio-salesiano-abre-su-centro-en-horario-de-tarde-para-ofrecer-formacion-de-calidad-a-todos-los-jovenes-de-la-ciudad\/","name":"El Colegio Salesiano abre su centro en horario de tarde para ofrecer formaci\u00f3n de calidad a todos los j\u00f3venes de la ciudad. - Colegio Salesiano Alcal\u00e1","isPartOf":{"@id":"https:\/\/alcala.salesianos.edu\/colegio\/#website"},"primaryImageOfPage":{"@id":"https:\/\/alcala.salesianos.edu\/colegio\/blog\/2018\/09\/13\/el-colegio-salesiano-abre-su-centro-en-horario-de-tarde-para-ofrecer-formacion-de-calidad-a-todos-los-jovenes-de-la-ciudad\/#primaryimage"},"image":{"@id":"https:\/\/alcala.salesianos.edu\/colegio\/blog\/2018\/09\/13\/el-colegio-salesiano-abre-su-centro-en-horario-de-tarde-para-ofrecer-formacion-de-calidad-a-todos-los-jovenes-de-la-ciudad\/#primaryimage"},"thumbnailUrl":"https:\/\/alcala.salesianos.edu\/wp-content\/uploads\/2018\/09\/Ea-300x154.png","datePublished":"2018-09-13T18:42:20+00:00","dateModified":"2025-08-27T07:59:35+00:00","author":{"@id":"https:\/\/alcala.salesianos.edu\/colegio\/#\/schema\/person\/afcc24f776dc91fc2bf9afb0998fca77"},"breadcrumb":{"@id":"https:\/\/alcala.salesianos.edu\/colegio\/blog\/2018\/09\/13\/el-colegio-salesiano-abre-su-centro-en-horario-de-tarde-para-ofrecer-formacion-de-calidad-a-todos-los-jovenes-de-la-ciudad\/#breadcrumb"},"inLanguage":"es","potentialAction":[{"@type":"ReadAction","target":["https:\/\/alcala.salesianos.edu\/colegio\/blog\/2018\/09\/13\/el-colegio-salesiano-abre-su-centro-en-horario-de-tarde-para-ofrecer-formacion-de-calidad-a-todos-los-jovenes-de-la-ciudad\/"]}]},{"@type":"ImageObject","inLanguage":"es","@id":"https:\/\/alcala.salesianos.edu\/colegio\/blog\/2018\/09\/13\/el-colegio-salesiano-abre-su-centro-en-horario-de-tarde-para-ofrecer-formacion-de-calidad-a-todos-los-jovenes-de-la-ciudad\/#primaryimage","url":"https:\/\/alcala.salesianos.edu\/wp-content\/uploads\/2018\/09\/Ea-300x154.png","contentUrl":"https:\/\/alcala.salesianos.edu\/wp-content\/uploads\/2018\/09\/Ea-300x154.png"},{"@type":"BreadcrumbList","@id":"https:\/\/alcala.salesianos.edu\/colegio\/blog\/2018\/09\/13\/el-colegio-salesiano-abre-su-centro-en-horario-de-tarde-para-ofrecer-formacion-de-calidad-a-todos-los-jovenes-de-la-ciudad\/#breadcrumb","itemListElement":[{"@type":"ListItem","position":1,"name":"Portada","item":"https:\/\/alcala.salesianos.edu\/colegio\/"},{"@type":"ListItem","position":2,"name":"El Colegio Salesiano abre su centro en horario de tarde para ofrecer formaci\u00f3n de calidad a todos los j\u00f3venes de la ciudad."}]},{"@type":"WebSite","@id":"https:\/\/alcala.salesianos.edu\/colegio\/#website","url":"https:\/\/alcala.salesianos.edu\/colegio\/","name":"Colegio Salesiano Alcal\u00e1","description":"P\u00e1gina oficial de Salesianos Alcal\u00e1 de Guadaira","potentialAction":[{"@type":"SearchAction","target":{"@type":"EntryPoint","urlTemplate":"https:\/\/alcala.salesianos.edu\/colegio\/?s={search_term_string}"},"query-input":{"@type":"PropertyValueSpecification","valueRequired":true,"valueName":"search_term_string"}}],"inLanguage":"es"},{"@type":"Person","@id":"https:\/\/alcala.salesianos.edu\/colegio\/#\/schema\/person\/afcc24f776dc91fc2bf9afb0998fca77","name":"Administrador Web","image":{"@type":"ImageObject","inLanguage":"es","@id":"https:\/\/secure.gravatar.com\/avatar\/bc157e994689bd6da9645c00aa3bc4d55b727915b6652642660db0aef086585f?s=96&d=mm&r=g","url":"https:\/\/secure.gravatar.com\/avatar\/bc157e994689bd6da9645c00aa3bc4d55b727915b6652642660db0aef086585f?s=96&d=mm&r=g","contentUrl":"https:\/\/secure.gravatar.com\/avatar\/bc157e994689bd6da9645c00aa3bc4d55b727915b6652642660db0aef086585f?s=96&d=mm&r=g","caption":"Administrador Web"}}]}},"_links":{"self":[{"href":"https:\/\/alcala.salesianos.edu\/colegio\/wp-json\/wp\/v2\/posts\/10297","targetHints":{"allow":["GET"]}}],"collection":[{"href":"https:\/\/alcala.salesianos.edu\/colegio\/wp-json\/wp\/v2\/posts"}],"about":[{"href":"https:\/\/alcala.salesianos.edu\/colegio\/wp-json\/wp\/v2\/types\/post"}],"author":[{"embeddable":true,"href":"https:\/\/alcala.salesianos.edu\/colegio\/wp-json\/wp\/v2\/users\/2"}],"replies":[{"embeddable":true,"href":"https:\/\/alcala.salesianos.edu\/colegio\/wp-json\/wp\/v2\/comments?post=10297"}],"version-history":[{"count":9,"href":"https:\/\/alcala.salesianos.edu\/colegio\/wp-json\/wp\/v2\/posts\/10297\/revisions"}],"predecessor-version":[{"id":16458,"href":"https:\/\/alcala.salesianos.edu\/colegio\/wp-json\/wp\/v2\/posts\/10297\/revisions\/16458"}],"wp:attachment":[{"href":"https:\/\/alcala.salesianos.edu\/colegio\/wp-json\/wp\/v2\/media?parent=10297"}],"wp:term":[{"taxonomy":"category","embeddable":true,"href":"https:\/\/alcala.salesianos.edu\/colegio\/wp-json\/wp\/v2\/categories?post=10297"},{"taxonomy":"post_tag","embeddable":true,"href":"https:\/\/alcala.salesianos.edu\/colegio\/wp-json\/wp\/v2\/tags?post=10297"}],"curies":[{"name":"wp","href":"https:\/\/api.w.org\/{rel}","templated":true}]}}