{"id":10292,"date":"2018-09-06T17:17:45","date_gmt":"2018-09-06T16:17:45","guid":{"rendered":"https:\/\/alcala.salesianos.edu\/colegio\/blog\/2018\/09\/06\/becas-y-ayudas-para-alumnos-con-necesidad-especifica-de-apoyo-educativo-curso-2018-2019\/"},"modified":"2025-08-27T09:01:35","modified_gmt":"2025-08-27T08:01:35","slug":"becas-y-ayudas-para-alumnos-con-necesidad-especifica-de-apoyo-educativo-curso-2018-2019","status":"publish","type":"post","link":"https:\/\/alcala.salesianos.edu\/colegio\/blog\/2018\/09\/06\/becas-y-ayudas-para-alumnos-con-necesidad-especifica-de-apoyo-educativo-curso-2018-2019\/","title":{"rendered":"Becas y ayudas para alumnos con necesidad espec\u00edfica de apoyo educativo. Curso 2018-2019"},"content":{"rendered":"<div id=\"fb-root\"><\/div>\n<p>[et_pb_section bb_built=\u00bb1&#8243;][et_pb_row][et_pb_column type=\u00bb4_4&#8243;][et_pb_text _builder_version=\u00bb3.0.105&#8243; background_layout=\u00bblight\u00bb]<\/p>\n<p class=\"p2\"><b>DESTINARIOS <\/b><\/p>\n<p class=\"p3\">Alumnos escolarizados en centros educativos espa\u00f1oles que acrediten la necesidad espec\u00edfica de recibir apoyo educativo y re\u00fanan los requisitos establecidos:<\/p>\n<ul>\n<li class=\"p3\">\u00a0Alumnado con necesidad espec\u00edfica de apoyo educativo derivada de discapacidad o trastorno grave de conducta.<\/li>\n<li class=\"p3\">Alumnos\/as con necesidad espec\u00edfica de apoyo educativo asociada a altas capacidades.<\/li>\n<\/ul>\n<p class=\"p2\"><b>REQUISITOS <\/b><\/p>\n<p class=\"p3\">1. Acreditar la necesidad espec\u00edfica de apoyo educativo, de acuerdo con lo requerido en las bases de la convocatoria para distintas situaciones y tipos de ayudas a conceder.<\/p>\n<p class=\"p3\">2. Econ\u00f3micos.<\/p>\n<p class=\"p2\"><b>DOCUMENTACI\u00d3N <\/b><\/p>\n<p class=\"p3\">1. Para el caso de presentar necesidad espec\u00edfica de apoyo educativo derivada de discapacidad o trastorno grave de conducta, se requerir\u00e1 acreditarlo por alguna de las siguientes v\u00edas:<\/p>\n<ul>\n<li class=\"p3\">Certificado de un equipo de valoraci\u00f3n y orientaci\u00f3n de un centro base del Instituto de Mayores y de Servicios Sociales u \u00f3rgano correspondiente de la comunidad aut\u00f3noma.<\/li>\n<li class=\"p3\">Certificado de un equipo de orientaci\u00f3n educativa y psicopeg\u00f3gica o del departamento de orientaci\u00f3n dependientes de la administraci\u00f3n educativa correspondiente.<\/li>\n<li class=\"p3\">Certificado de discapacidad.<\/li>\n<\/ul>\n<p class=\"p3\">Si el solicitante requiere ayuda para reeducaci\u00f3n pedag\u00f3gica o del lenguaje, se requerir\u00e1, adem\u00e1s de la anterior, la siguiente documentaci\u00f3n:<\/p>\n<ul>\n<li class=\"p3\">Certificaci\u00f3n expedida por el inspector de la zona en la que se acredite la necesidad de recibir estos tratamientos por la inexistencia o insuficiencia de la atenci\u00f3n pedag\u00f3gica proporcionada por el centro en el que est\u00e1 escolarizado el alumno solicitante y la inviabilidad de matriculaci\u00f3n del alumno solicitante en un centro que disponga del servicio de reeducaci\u00f3n requerido.<\/li>\n<li class=\"p3\">Informe espec\u00edfico del equipo de orientaci\u00f3n educativa y psicopedag\u00f3gica o del departamento de orientaci\u00f3n en el que se detalle la asistencia educativa y las horas semanales que se consideren necesarias para su correcci\u00f3n, as\u00ed como, en su caso, las prestadas por el centro, la duraci\u00f3n previsible de la misma y las condiciones que garanticen su prestaci\u00f3n.<\/li>\n<li>\n<p class=\"p1\">Memoria expedida por el centro o reeducador que preste el servicio en la que conste informaci\u00f3n detallada de las caracter\u00edsticas del mismo, incluyendo n\u00famero de horas semanales y especialista que lo presta as\u00ed como del coste mensual.<\/p>\n<\/li>\n<li>\n<p class=\"p1\">Declaraci\u00f3n responsable de la persona que imparta la reeducaci\u00f3n pedag\u00f3gica o del lenguaje de que re\u00fane los requisitos de formaci\u00f3n establecidos en la convocatoria.<\/p>\n<p class=\"p1\">Si la unidad familiar superara los l\u00edmites econ\u00f3micos establecidos en la convocatoria para las ayudas directas, pero tuviera la condici\u00f3n de familia numerosa, la unidad de becas que tramite su solicitud podr\u00e1 proponer de oficio la concesi\u00f3n de subsidio; en ese caso, se requerir\u00e1 presentar la documentaci\u00f3n que demuestre dicha condici\u00f3n de familia numerosa a 31 de diciembre de 2017.<\/p>\n<p class=\"p1\">2. Para el caso de presentar necesidad espec\u00edfica de apoyo educativo asociado a altas capacidades intelectuales:<\/p>\n<\/li>\n<li>\n<p class=\"p1\">Certificado de un equipo de orientaci\u00f3n educativa y psicopedag\u00f3gica o del departamento de orientaci\u00f3n dependiente de la administraci\u00f3n educativa correspondiente.<\/p>\n<\/li>\n<li>\n<p class=\"p1\">Memoria expedida por el centro o el reeducador que preste el servicio en la que conste las caracter\u00edsticas de dicho servicio, as\u00ed como las horas semanales, el especialista que lo presta y el coste.<\/p>\n<\/li>\n<\/ul>\n<p class=\"p1\"><b>\u00a0 \u00a0 PLAZO DE PRESENTACI\u00d3N <\/b><\/p>\n<p class=\"p2\">\u00a0 Desde el 15 de agosto de 2018 hasta el 27 de septiembre de 2018<\/p>\n<p class=\"p1\"><b>\u00a0 \u00a0 C\u00d3MO Y D\u00d3NDE SE PRESENTAN <\/b><\/p>\n<p class=\"p2\">Solicitantes con certificado reconocido de firma electr\u00f3nica: se presentar\u00e1 a trav\u00e9s del registro telem\u00e1tico de este Ministerio, adjuntando un escaneado de los certificados correspondientes.<\/p>\n<p class=\"p2\">Solicitantes sin certificado reconocido de firma electr\u00f3nica: imprimir\u00e1n el modelo de solicitud y lo presentar\u00e1n, una vez firmado por todos los miembros de la unidad familiar que deban hacerlo, en el centro educativo en el que se vayan a realizar los estudios durante el curso 2018-2019. La solicitud no se podr\u00e1 tramitar si no se present\u00f3 en el centro de estudios dentro del plazo de presentaci\u00f3n de solicitudes. Dicho centro de estudios proporcionar\u00e1 un comprobante sellado al solicitante, que le servir\u00e1 de justificante de haber presentado la solicitud.<\/p>\n<p class=\"p3\">Las becas se rellenan en esta direcci\u00f3n:<\/p>\n<p class=\"p3\"><a href=\"https:\/\/sede.educacion.gob.es\/sede\/login\/inicio.jjsp?idConvocatoria=1095\">https:\/\/sede.educacion.gob.es\/sede\/login\/inicio.jjsp?idConvocatoria=1095<\/a><\/p>\n<p class=\"p3\">Informaci\u00f3n de la beca (datos generales y econ\u00f3micos):<\/p>\n<p class=\"p3\"><a href=\"http:\/\/www.pap.hacienda.gob.es\/bdnstrans\/GE\/es\/convocatoria\/411721\">http:\/\/www.pap.hacienda.gob.es\/bdnstrans\/GE\/es\/convocatoria\/411721<\/a><\/p>\n<p>&nbsp;<\/p>\n<p>[\/et_pb_text][et_pb_image _builder_version=\u00bb3.0.105&#8243; src=\u00bbhttps:\/\/alcala.salesianos.edu\/wp-content\/uploads\/2018\/09\/becas-1.jpg\u00bb show_in_lightbox=\u00bboff\u00bb url_new_window=\u00bboff\u00bb use_overlay=\u00bboff\u00bb always_center_on_mobile=\u00bbon\u00bb force_fullwidth=\u00bboff\u00bb show_bottom_space=\u00bbon\u00bb \/][\/et_pb_column][\/et_pb_row][\/et_pb_section]<\/p>\n","protected":false},"excerpt":{"rendered":"<p><div class=\"et_pb_row et_pb_row_0 et_pb_row_empty\">\n\t\t\t\t\n\t\t\t\t\n\t\t\t\t\n\t\t\t\t\n\t\t\t\t\n\t\t\t<\/div> DESTINARIOS Alumnos escolarizados en centros educativos espa\u00f1oles que acrediten la necesidad espec\u00edfica de recibir apoyo educativo y re\u00fanan los requisitos establecidos: \u00a0Alumnado con necesidad espec\u00edfica de apoyo educativo derivada de discapacidad o trastorno grave de conducta. Alumnos\/as con necesidad espec\u00edfica de apoyo educativo asociada a altas capacidades. REQUISITOS 1. Acreditar la necesidad espec\u00edfica de [&hellip;]<\/p>\n","protected":false},"author":2,"featured_media":0,"comment_status":"closed","ping_status":"open","sticky":false,"template":"","format":"standard","meta":{"_et_pb_use_builder":"on","_et_pb_old_content":"","_et_gb_content_width":"","footnotes":""},"categories":[12,19,13,17,14,15,18,16,1],"tags":[],"class_list":["post-10292","post","type-post","status-publish","format-standard","hentry","category-colegio","category-escuela-abierta","category-fasa","category-infantil","category-pastoral","category-portada","category-primaria","category-secundaria","category-uncategorized"],"yoast_head":"<!-- This site is optimized with the Yoast SEO plugin v28.4 - https:\/\/yoast.com\/product\/yoast-seo-wordpress\/ -->\n<title>Becas y ayudas para alumnos con necesidad espec\u00edfica de apoyo educativo. Curso 2018-2019 - Colegio Salesiano Alcal\u00e1<\/title>\n<meta name=\"robots\" content=\"index, follow, max-snippet:-1, max-image-preview:large, max-video-preview:-1\" \/>\n<link rel=\"canonical\" href=\"https:\/\/alcala.salesianos.edu\/colegio\/blog\/2018\/09\/06\/becas-y-ayudas-para-alumnos-con-necesidad-especifica-de-apoyo-educativo-curso-2018-2019\/\" \/>\n<meta property=\"og:locale\" content=\"es_ES\" \/>\n<meta property=\"og:type\" content=\"article\" \/>\n<meta property=\"og:title\" content=\"Becas y ayudas para alumnos con necesidad espec\u00edfica de apoyo educativo. Curso 2018-2019 - Colegio Salesiano Alcal\u00e1\" \/>\n<meta property=\"og:description\" content=\"DESTINARIOS Alumnos escolarizados en centros educativos espa\u00f1oles que acrediten la necesidad espec\u00edfica de recibir apoyo educativo y re\u00fanan los requisitos establecidos: \u00a0Alumnado con necesidad espec\u00edfica de apoyo educativo derivada de discapacidad o trastorno grave de conducta. Alumnos\/as con necesidad espec\u00edfica de apoyo educativo asociada a altas capacidades. REQUISITOS 1. Acreditar la necesidad espec\u00edfica de [&hellip;]\" \/>\n<meta property=\"og:url\" content=\"https:\/\/alcala.salesianos.edu\/colegio\/blog\/2018\/09\/06\/becas-y-ayudas-para-alumnos-con-necesidad-especifica-de-apoyo-educativo-curso-2018-2019\/\" \/>\n<meta property=\"og:site_name\" content=\"Colegio Salesiano Alcal\u00e1\" \/>\n<meta property=\"article:published_time\" content=\"2018-09-06T16:17:45+00:00\" \/>\n<meta property=\"article:modified_time\" content=\"2025-08-27T08:01:35+00:00\" \/>\n<meta name=\"author\" content=\"Administrador Web\" \/>\n<meta name=\"twitter:card\" content=\"summary_large_image\" \/>\n<meta name=\"twitter:label1\" content=\"Escrito por\" \/>\n\t<meta name=\"twitter:data1\" content=\"Administrador Web\" \/>\n\t<meta name=\"twitter:label2\" content=\"Tiempo de lectura\" \/>\n\t<meta name=\"twitter:data2\" content=\"4 minutos\" \/>\n<script type=\"application\/ld+json\" class=\"yoast-schema-graph\">{\"@context\":\"https:\\\/\\\/schema.org\",\"@graph\":[{\"@type\":\"Article\",\"@id\":\"https:\\\/\\\/alcala.salesianos.edu\\\/colegio\\\/blog\\\/2018\\\/09\\\/06\\\/becas-y-ayudas-para-alumnos-con-necesidad-especifica-de-apoyo-educativo-curso-2018-2019\\\/#article\",\"isPartOf\":{\"@id\":\"https:\\\/\\\/alcala.salesianos.edu\\\/colegio\\\/blog\\\/2018\\\/09\\\/06\\\/becas-y-ayudas-para-alumnos-con-necesidad-especifica-de-apoyo-educativo-curso-2018-2019\\\/\"},\"author\":{\"name\":\"Administrador Web\",\"@id\":\"https:\\\/\\\/alcala.salesianos.edu\\\/colegio\\\/#\\\/schema\\\/person\\\/afcc24f776dc91fc2bf9afb0998fca77\"},\"headline\":\"Becas y ayudas para alumnos con necesidad espec\u00edfica de apoyo educativo. Curso 2018-2019\",\"datePublished\":\"2018-09-06T16:17:45+00:00\",\"dateModified\":\"2025-08-27T08:01:35+00:00\",\"mainEntityOfPage\":{\"@id\":\"https:\\\/\\\/alcala.salesianos.edu\\\/colegio\\\/blog\\\/2018\\\/09\\\/06\\\/becas-y-ayudas-para-alumnos-con-necesidad-especifica-de-apoyo-educativo-curso-2018-2019\\\/\"},\"wordCount\":792,\"articleSection\":[\"Colegio\",\"Escuela abierta\",\"FASA\",\"Infantil\",\"Pastoral\",\"Portada\",\"Primaria\",\"Secundaria\",\"Uncategorized\"],\"inLanguage\":\"es\"},{\"@type\":\"WebPage\",\"@id\":\"https:\\\/\\\/alcala.salesianos.edu\\\/colegio\\\/blog\\\/2018\\\/09\\\/06\\\/becas-y-ayudas-para-alumnos-con-necesidad-especifica-de-apoyo-educativo-curso-2018-2019\\\/\",\"url\":\"https:\\\/\\\/alcala.salesianos.edu\\\/colegio\\\/blog\\\/2018\\\/09\\\/06\\\/becas-y-ayudas-para-alumnos-con-necesidad-especifica-de-apoyo-educativo-curso-2018-2019\\\/\",\"name\":\"Becas y ayudas para alumnos con necesidad espec\u00edfica de apoyo educativo. Curso 2018-2019 - Colegio Salesiano Alcal\u00e1\",\"isPartOf\":{\"@id\":\"https:\\\/\\\/alcala.salesianos.edu\\\/colegio\\\/#website\"},\"datePublished\":\"2018-09-06T16:17:45+00:00\",\"dateModified\":\"2025-08-27T08:01:35+00:00\",\"author\":{\"@id\":\"https:\\\/\\\/alcala.salesianos.edu\\\/colegio\\\/#\\\/schema\\\/person\\\/afcc24f776dc91fc2bf9afb0998fca77\"},\"breadcrumb\":{\"@id\":\"https:\\\/\\\/alcala.salesianos.edu\\\/colegio\\\/blog\\\/2018\\\/09\\\/06\\\/becas-y-ayudas-para-alumnos-con-necesidad-especifica-de-apoyo-educativo-curso-2018-2019\\\/#breadcrumb\"},\"inLanguage\":\"es\",\"potentialAction\":[{\"@type\":\"ReadAction\",\"target\":[\"https:\\\/\\\/alcala.salesianos.edu\\\/colegio\\\/blog\\\/2018\\\/09\\\/06\\\/becas-y-ayudas-para-alumnos-con-necesidad-especifica-de-apoyo-educativo-curso-2018-2019\\\/\"]}]},{\"@type\":\"BreadcrumbList\",\"@id\":\"https:\\\/\\\/alcala.salesianos.edu\\\/colegio\\\/blog\\\/2018\\\/09\\\/06\\\/becas-y-ayudas-para-alumnos-con-necesidad-especifica-de-apoyo-educativo-curso-2018-2019\\\/#breadcrumb\",\"itemListElement\":[{\"@type\":\"ListItem\",\"position\":1,\"name\":\"Portada\",\"item\":\"https:\\\/\\\/alcala.salesianos.edu\\\/colegio\\\/\"},{\"@type\":\"ListItem\",\"position\":2,\"name\":\"Becas y ayudas para alumnos con necesidad espec\u00edfica de apoyo educativo. Curso 2018-2019\"}]},{\"@type\":\"WebSite\",\"@id\":\"https:\\\/\\\/alcala.salesianos.edu\\\/colegio\\\/#website\",\"url\":\"https:\\\/\\\/alcala.salesianos.edu\\\/colegio\\\/\",\"name\":\"Colegio Salesiano Alcal\u00e1\",\"description\":\"P\u00e1gina oficial de Salesianos Alcal\u00e1 de Guadaira\",\"potentialAction\":[{\"@type\":\"SearchAction\",\"target\":{\"@type\":\"EntryPoint\",\"urlTemplate\":\"https:\\\/\\\/alcala.salesianos.edu\\\/colegio\\\/?s={search_term_string}\"},\"query-input\":{\"@type\":\"PropertyValueSpecification\",\"valueRequired\":true,\"valueName\":\"search_term_string\"}}],\"inLanguage\":\"es\"},{\"@type\":\"Person\",\"@id\":\"https:\\\/\\\/alcala.salesianos.edu\\\/colegio\\\/#\\\/schema\\\/person\\\/afcc24f776dc91fc2bf9afb0998fca77\",\"name\":\"Administrador Web\",\"image\":{\"@type\":\"ImageObject\",\"inLanguage\":\"es\",\"@id\":\"https:\\\/\\\/secure.gravatar.com\\\/avatar\\\/bc157e994689bd6da9645c00aa3bc4d55b727915b6652642660db0aef086585f?s=96&d=mm&r=g\",\"url\":\"https:\\\/\\\/secure.gravatar.com\\\/avatar\\\/bc157e994689bd6da9645c00aa3bc4d55b727915b6652642660db0aef086585f?s=96&d=mm&r=g\",\"contentUrl\":\"https:\\\/\\\/secure.gravatar.com\\\/avatar\\\/bc157e994689bd6da9645c00aa3bc4d55b727915b6652642660db0aef086585f?s=96&d=mm&r=g\",\"caption\":\"Administrador Web\"}}]}<\/script>\n<!-- \/ Yoast SEO plugin. -->","yoast_head_json":{"title":"Becas y ayudas para alumnos con necesidad espec\u00edfica de apoyo educativo. Curso 2018-2019 - Colegio Salesiano Alcal\u00e1","robots":{"index":"index","follow":"follow","max-snippet":"max-snippet:-1","max-image-preview":"max-image-preview:large","max-video-preview":"max-video-preview:-1"},"canonical":"https:\/\/alcala.salesianos.edu\/colegio\/blog\/2018\/09\/06\/becas-y-ayudas-para-alumnos-con-necesidad-especifica-de-apoyo-educativo-curso-2018-2019\/","og_locale":"es_ES","og_type":"article","og_title":"Becas y ayudas para alumnos con necesidad espec\u00edfica de apoyo educativo. Curso 2018-2019 - Colegio Salesiano Alcal\u00e1","og_description":"DESTINARIOS Alumnos escolarizados en centros educativos espa\u00f1oles que acrediten la necesidad espec\u00edfica de recibir apoyo educativo y re\u00fanan los requisitos establecidos: \u00a0Alumnado con necesidad espec\u00edfica de apoyo educativo derivada de discapacidad o trastorno grave de conducta. Alumnos\/as con necesidad espec\u00edfica de apoyo educativo asociada a altas capacidades. REQUISITOS 1. Acreditar la necesidad espec\u00edfica de [&hellip;]","og_url":"https:\/\/alcala.salesianos.edu\/colegio\/blog\/2018\/09\/06\/becas-y-ayudas-para-alumnos-con-necesidad-especifica-de-apoyo-educativo-curso-2018-2019\/","og_site_name":"Colegio Salesiano Alcal\u00e1","article_published_time":"2018-09-06T16:17:45+00:00","article_modified_time":"2025-08-27T08:01:35+00:00","author":"Administrador Web","twitter_card":"summary_large_image","twitter_misc":{"Escrito por":"Administrador Web","Tiempo de lectura":"4 minutos"},"schema":{"@context":"https:\/\/schema.org","@graph":[{"@type":"Article","@id":"https:\/\/alcala.salesianos.edu\/colegio\/blog\/2018\/09\/06\/becas-y-ayudas-para-alumnos-con-necesidad-especifica-de-apoyo-educativo-curso-2018-2019\/#article","isPartOf":{"@id":"https:\/\/alcala.salesianos.edu\/colegio\/blog\/2018\/09\/06\/becas-y-ayudas-para-alumnos-con-necesidad-especifica-de-apoyo-educativo-curso-2018-2019\/"},"author":{"name":"Administrador Web","@id":"https:\/\/alcala.salesianos.edu\/colegio\/#\/schema\/person\/afcc24f776dc91fc2bf9afb0998fca77"},"headline":"Becas y ayudas para alumnos con necesidad espec\u00edfica de apoyo educativo. Curso 2018-2019","datePublished":"2018-09-06T16:17:45+00:00","dateModified":"2025-08-27T08:01:35+00:00","mainEntityOfPage":{"@id":"https:\/\/alcala.salesianos.edu\/colegio\/blog\/2018\/09\/06\/becas-y-ayudas-para-alumnos-con-necesidad-especifica-de-apoyo-educativo-curso-2018-2019\/"},"wordCount":792,"articleSection":["Colegio","Escuela abierta","FASA","Infantil","Pastoral","Portada","Primaria","Secundaria","Uncategorized"],"inLanguage":"es"},{"@type":"WebPage","@id":"https:\/\/alcala.salesianos.edu\/colegio\/blog\/2018\/09\/06\/becas-y-ayudas-para-alumnos-con-necesidad-especifica-de-apoyo-educativo-curso-2018-2019\/","url":"https:\/\/alcala.salesianos.edu\/colegio\/blog\/2018\/09\/06\/becas-y-ayudas-para-alumnos-con-necesidad-especifica-de-apoyo-educativo-curso-2018-2019\/","name":"Becas y ayudas para alumnos con necesidad espec\u00edfica de apoyo educativo. Curso 2018-2019 - Colegio Salesiano Alcal\u00e1","isPartOf":{"@id":"https:\/\/alcala.salesianos.edu\/colegio\/#website"},"datePublished":"2018-09-06T16:17:45+00:00","dateModified":"2025-08-27T08:01:35+00:00","author":{"@id":"https:\/\/alcala.salesianos.edu\/colegio\/#\/schema\/person\/afcc24f776dc91fc2bf9afb0998fca77"},"breadcrumb":{"@id":"https:\/\/alcala.salesianos.edu\/colegio\/blog\/2018\/09\/06\/becas-y-ayudas-para-alumnos-con-necesidad-especifica-de-apoyo-educativo-curso-2018-2019\/#breadcrumb"},"inLanguage":"es","potentialAction":[{"@type":"ReadAction","target":["https:\/\/alcala.salesianos.edu\/colegio\/blog\/2018\/09\/06\/becas-y-ayudas-para-alumnos-con-necesidad-especifica-de-apoyo-educativo-curso-2018-2019\/"]}]},{"@type":"BreadcrumbList","@id":"https:\/\/alcala.salesianos.edu\/colegio\/blog\/2018\/09\/06\/becas-y-ayudas-para-alumnos-con-necesidad-especifica-de-apoyo-educativo-curso-2018-2019\/#breadcrumb","itemListElement":[{"@type":"ListItem","position":1,"name":"Portada","item":"https:\/\/alcala.salesianos.edu\/colegio\/"},{"@type":"ListItem","position":2,"name":"Becas y ayudas para alumnos con necesidad espec\u00edfica de apoyo educativo. Curso 2018-2019"}]},{"@type":"WebSite","@id":"https:\/\/alcala.salesianos.edu\/colegio\/#website","url":"https:\/\/alcala.salesianos.edu\/colegio\/","name":"Colegio Salesiano Alcal\u00e1","description":"P\u00e1gina oficial de Salesianos Alcal\u00e1 de Guadaira","potentialAction":[{"@type":"SearchAction","target":{"@type":"EntryPoint","urlTemplate":"https:\/\/alcala.salesianos.edu\/colegio\/?s={search_term_string}"},"query-input":{"@type":"PropertyValueSpecification","valueRequired":true,"valueName":"search_term_string"}}],"inLanguage":"es"},{"@type":"Person","@id":"https:\/\/alcala.salesianos.edu\/colegio\/#\/schema\/person\/afcc24f776dc91fc2bf9afb0998fca77","name":"Administrador Web","image":{"@type":"ImageObject","inLanguage":"es","@id":"https:\/\/secure.gravatar.com\/avatar\/bc157e994689bd6da9645c00aa3bc4d55b727915b6652642660db0aef086585f?s=96&d=mm&r=g","url":"https:\/\/secure.gravatar.com\/avatar\/bc157e994689bd6da9645c00aa3bc4d55b727915b6652642660db0aef086585f?s=96&d=mm&r=g","contentUrl":"https:\/\/secure.gravatar.com\/avatar\/bc157e994689bd6da9645c00aa3bc4d55b727915b6652642660db0aef086585f?s=96&d=mm&r=g","caption":"Administrador Web"}}]}},"_links":{"self":[{"href":"https:\/\/alcala.salesianos.edu\/colegio\/wp-json\/wp\/v2\/posts\/10292","targetHints":{"allow":["GET"]}}],"collection":[{"href":"https:\/\/alcala.salesianos.edu\/colegio\/wp-json\/wp\/v2\/posts"}],"about":[{"href":"https:\/\/alcala.salesianos.edu\/colegio\/wp-json\/wp\/v2\/types\/post"}],"author":[{"embeddable":true,"href":"https:\/\/alcala.salesianos.edu\/colegio\/wp-json\/wp\/v2\/users\/2"}],"replies":[{"embeddable":true,"href":"https:\/\/alcala.salesianos.edu\/colegio\/wp-json\/wp\/v2\/comments?post=10292"}],"version-history":[{"count":2,"href":"https:\/\/alcala.salesianos.edu\/colegio\/wp-json\/wp\/v2\/posts\/10292\/revisions"}],"predecessor-version":[{"id":10296,"href":"https:\/\/alcala.salesianos.edu\/colegio\/wp-json\/wp\/v2\/posts\/10292\/revisions\/10296"}],"wp:attachment":[{"href":"https:\/\/alcala.salesianos.edu\/colegio\/wp-json\/wp\/v2\/media?parent=10292"}],"wp:term":[{"taxonomy":"category","embeddable":true,"href":"https:\/\/alcala.salesianos.edu\/colegio\/wp-json\/wp\/v2\/categories?post=10292"},{"taxonomy":"post_tag","embeddable":true,"href":"https:\/\/alcala.salesianos.edu\/colegio\/wp-json\/wp\/v2\/tags?post=10292"}],"curies":[{"name":"wp","href":"https:\/\/api.w.org\/{rel}","templated":true}]}}