{"id":10152,"date":"2018-08-22T15:22:07","date_gmt":"2018-08-22T14:22:07","guid":{"rendered":"https:\/\/alcala.salesianos.edu\/colegio\/blog\/2018\/08\/22\/formacion-internacional-del-claustro-durante-el-verano\/"},"modified":"2025-08-27T09:01:35","modified_gmt":"2025-08-27T08:01:35","slug":"formacion-internacional-del-claustro-durante-el-verano","status":"publish","type":"post","link":"https:\/\/alcala.salesianos.edu\/colegio\/blog\/2018\/08\/22\/formacion-internacional-del-claustro-durante-el-verano\/","title":{"rendered":"Formaci\u00f3n internacional del claustro durante el verano"},"content":{"rendered":"<div id=\"fb-root\"><\/div>\n<p>[et_pb_section bb_built=\u00bb1&#8243;][et_pb_row][et_pb_column type=\u00bb4_4&#8243;][et_pb_text _builder_version=\u00bb3.0.105&#8243; background_layout=\u00bblight\u00bb]<\/p>\n<p><img loading=\"lazy\" decoding=\"async\" class=\"size-medium wp-image-5444 alignleft\" src=\"https:\/\/alcala.salesianos.edu\/wp-content\/uploads\/2018\/08\/IMG_20180821_092753-300x168.jpg\" alt=\"\" width=\"300\" height=\"168\" \/>Durante los meses de verano, nuestros profesores contin\u00faan form\u00e1ndose e investigando por y para nuestros j\u00f3venes.<\/p>\n<p>Gracias al programa Ka1 de Erasmus+, docentes de nuestro centro han viajado a Francia, Inglaterra y Finlandia para poder conocer conocen estrategias de aprendizaje vanguardistas y as\u00ed, continuar dando calidad a nuestro proyecto \u201cMi Colegio 2020\u201d.<\/p>\n<p>&nbsp;<\/p>\n<p>Con el fin de conocer las herramientas de trabajo m\u00e1s eficaces e incorporarlas a su labor diaria, compa\u00f1eros como David, Ana y Cristina estuvieron form\u00e1ndose sobre Metodolog\u00eda Creativa en Londres. Tambi\u00e9n realiz\u00f3 un curso de actualizaci\u00f3n a comienzos de verano Mar\u00eda Guti\u00e9rrez en la ciudad de Lyon.<\/p>\n<p><img loading=\"lazy\" decoding=\"async\" class=\"size-medium wp-image-5443 alignright\" src=\"https:\/\/alcala.salesianos.edu\/wp-content\/uploads\/2018\/08\/20180821_100313-300x169.jpg\" alt=\"\" width=\"300\" height=\"169\" \/><\/p>\n<p>En la actualidad nuestros compa\u00f1eros V\u00edctor y Alberto est\u00e1n form\u00e1ndose en el centro Upper Secondary School de Pyh\u00e4joki, Finlandia. Para poder seguirlos, nuestros profesores est\u00e1n realizando un blogg sobre su experiencia llamado \u201c<a href=\"http:\/\/salesianosxelmundo.blogspot.com\/\">Salesianosxelmundo<\/a>\u201d (click en el enlace para entrar).<\/p>\n<p>&nbsp;<\/p>\n<p>Adem\u00e1s de la formaci\u00f3n a trav\u00e9s del programa Ka1 de Erasmus+, muchos de nuestros docentes participaron en las formaciones propuestas por la Escuela de Verano 2018 de la Inspector\u00eda Salesiana de Mar\u00eda Auxiliadora.<\/p>\n<p>[\/et_pb_text][\/et_pb_column][\/et_pb_row][et_pb_row][et_pb_column type=\u00bb4_4&#8243;][et_pb_image _builder_version=\u00bb3.0.105&#8243; src=\u00bbhttps:\/\/alcala.salesianos.edu\/wp-content\/uploads\/2018\/08\/EU-flag-Erasmus.jpg\u00bb show_in_lightbox=\u00bboff\u00bb url_new_window=\u00bboff\u00bb use_overlay=\u00bboff\u00bb always_center_on_mobile=\u00bbon\u00bb force_fullwidth=\u00bboff\u00bb show_bottom_space=\u00bbon\u00bb \/][\/et_pb_column][\/et_pb_row][et_pb_row][et_pb_column type=\u00bb1_4&#8243;][et_pb_image _builder_version=\u00bb3.0.105&#8243; src=\u00bbhttps:\/\/alcala.salesianos.edu\/wp-content\/uploads\/2018\/08\/IMG_20180704_135437.jpg\u00bb show_in_lightbox=\u00bboff\u00bb url_new_window=\u00bboff\u00bb use_overlay=\u00bboff\u00bb always_center_on_mobile=\u00bbon\u00bb force_fullwidth=\u00bboff\u00bb show_bottom_space=\u00bbon\u00bb \/][\/et_pb_column][et_pb_column type=\u00bb1_4&#8243;][et_pb_image _builder_version=\u00bb3.0.105&#8243; src=\u00bbhttps:\/\/alcala.salesianos.edu\/wp-content\/uploads\/2018\/08\/IMG_20180703_102834.jpg\u00bb show_in_lightbox=\u00bboff\u00bb url_new_window=\u00bboff\u00bb use_overlay=\u00bboff\u00bb always_center_on_mobile=\u00bbon\u00bb force_fullwidth=\u00bboff\u00bb show_bottom_space=\u00bbon\u00bb \/][\/et_pb_column][et_pb_column type=\u00bb1_4&#8243;][et_pb_image _builder_version=\u00bb3.0.105&#8243; src=\u00bbhttps:\/\/alcala.salesianos.edu\/wp-content\/uploads\/2018\/08\/IMG_20180703_093452.jpg\u00bb show_in_lightbox=\u00bboff\u00bb url_new_window=\u00bboff\u00bb use_overlay=\u00bboff\u00bb always_center_on_mobile=\u00bbon\u00bb force_fullwidth=\u00bboff\u00bb show_bottom_space=\u00bbon\u00bb \/][\/et_pb_column][et_pb_column type=\u00bb1_4&#8243;][et_pb_image _builder_version=\u00bb3.0.105&#8243; src=\u00bbhttps:\/\/alcala.salesianos.edu\/wp-content\/uploads\/2018\/08\/IMG-20180821-WA0027.jpg\u00bb show_in_lightbox=\u00bboff\u00bb url_new_window=\u00bboff\u00bb use_overlay=\u00bboff\u00bb always_center_on_mobile=\u00bbon\u00bb force_fullwidth=\u00bboff\u00bb show_bottom_space=\u00bbon\u00bb \/][\/et_pb_column][\/et_pb_row][\/et_pb_section]<\/p>\n","protected":false},"excerpt":{"rendered":"<p>Docentes de nuestro centro, viajan se forman para poder conocer estrategias de aprendizaje vanguardistas para continuar potenciando as\u00ed nuestro proyecto \u201cMi Colegio 2020\u201d.<\/p>\n","protected":false},"author":2,"featured_media":0,"comment_status":"closed","ping_status":"open","sticky":false,"template":"","format":"standard","meta":{"_et_pb_use_builder":"on","_et_pb_old_content":"","_et_gb_content_width":"","footnotes":""},"categories":[12,19,13,17,14,15,18,16,1],"tags":[],"class_list":["post-10152","post","type-post","status-publish","format-standard","hentry","category-colegio","category-escuela-abierta","category-fasa","category-infantil","category-pastoral","category-portada","category-primaria","category-secundaria","category-uncategorized"],"yoast_head":"<!-- This site is optimized with the Yoast SEO plugin v28.4 - https:\/\/yoast.com\/product\/yoast-seo-wordpress\/ -->\n<title>Formaci\u00f3n internacional del claustro durante el verano - Colegio Salesiano Alcal\u00e1<\/title>\n<meta name=\"robots\" content=\"index, follow, max-snippet:-1, max-image-preview:large, max-video-preview:-1\" \/>\n<link rel=\"canonical\" href=\"https:\/\/alcala.salesianos.edu\/colegio\/blog\/2018\/08\/22\/formacion-internacional-del-claustro-durante-el-verano\/\" \/>\n<meta property=\"og:locale\" content=\"es_ES\" \/>\n<meta property=\"og:type\" content=\"article\" \/>\n<meta property=\"og:title\" content=\"Formaci\u00f3n internacional del claustro durante el verano - Colegio Salesiano Alcal\u00e1\" \/>\n<meta property=\"og:description\" content=\"Docentes de nuestro centro, viajan se forman para poder conocer estrategias de aprendizaje vanguardistas para continuar potenciando as\u00ed nuestro proyecto \u201cMi Colegio 2020\u201d.\" \/>\n<meta property=\"og:url\" content=\"https:\/\/alcala.salesianos.edu\/colegio\/blog\/2018\/08\/22\/formacion-internacional-del-claustro-durante-el-verano\/\" \/>\n<meta property=\"og:site_name\" content=\"Colegio Salesiano Alcal\u00e1\" \/>\n<meta property=\"article:published_time\" content=\"2018-08-22T14:22:07+00:00\" \/>\n<meta property=\"article:modified_time\" content=\"2025-08-27T08:01:35+00:00\" \/>\n<meta name=\"author\" content=\"Administrador Web\" \/>\n<meta name=\"twitter:card\" content=\"summary_large_image\" \/>\n<meta name=\"twitter:label1\" content=\"Escrito por\" \/>\n\t<meta name=\"twitter:data1\" content=\"Administrador Web\" \/>\n\t<meta name=\"twitter:label2\" content=\"Tiempo de lectura\" \/>\n\t<meta name=\"twitter:data2\" content=\"2 minutos\" \/>\n<script type=\"application\/ld+json\" class=\"yoast-schema-graph\">{\"@context\":\"https:\\\/\\\/schema.org\",\"@graph\":[{\"@type\":\"Article\",\"@id\":\"https:\\\/\\\/alcala.salesianos.edu\\\/colegio\\\/blog\\\/2018\\\/08\\\/22\\\/formacion-internacional-del-claustro-durante-el-verano\\\/#article\",\"isPartOf\":{\"@id\":\"https:\\\/\\\/alcala.salesianos.edu\\\/colegio\\\/blog\\\/2018\\\/08\\\/22\\\/formacion-internacional-del-claustro-durante-el-verano\\\/\"},\"author\":{\"name\":\"Administrador Web\",\"@id\":\"https:\\\/\\\/alcala.salesianos.edu\\\/colegio\\\/#\\\/schema\\\/person\\\/afcc24f776dc91fc2bf9afb0998fca77\"},\"headline\":\"Formaci\u00f3n internacional del claustro durante el verano\",\"datePublished\":\"2018-08-22T14:22:07+00:00\",\"dateModified\":\"2025-08-27T08:01:35+00:00\",\"mainEntityOfPage\":{\"@id\":\"https:\\\/\\\/alcala.salesianos.edu\\\/colegio\\\/blog\\\/2018\\\/08\\\/22\\\/formacion-internacional-del-claustro-durante-el-verano\\\/\"},\"wordCount\":466,\"image\":{\"@id\":\"https:\\\/\\\/alcala.salesianos.edu\\\/colegio\\\/blog\\\/2018\\\/08\\\/22\\\/formacion-internacional-del-claustro-durante-el-verano\\\/#primaryimage\"},\"thumbnailUrl\":\"https:\\\/\\\/alcala.salesianos.edu\\\/wp-content\\\/uploads\\\/2018\\\/08\\\/IMG_20180821_092753-300x168.jpg\",\"articleSection\":[\"Colegio\",\"Escuela abierta\",\"FASA\",\"Infantil\",\"Pastoral\",\"Portada\",\"Primaria\",\"Secundaria\",\"Uncategorized\"],\"inLanguage\":\"es\"},{\"@type\":\"WebPage\",\"@id\":\"https:\\\/\\\/alcala.salesianos.edu\\\/colegio\\\/blog\\\/2018\\\/08\\\/22\\\/formacion-internacional-del-claustro-durante-el-verano\\\/\",\"url\":\"https:\\\/\\\/alcala.salesianos.edu\\\/colegio\\\/blog\\\/2018\\\/08\\\/22\\\/formacion-internacional-del-claustro-durante-el-verano\\\/\",\"name\":\"Formaci\u00f3n internacional del claustro durante el verano - Colegio Salesiano Alcal\u00e1\",\"isPartOf\":{\"@id\":\"https:\\\/\\\/alcala.salesianos.edu\\\/colegio\\\/#website\"},\"primaryImageOfPage\":{\"@id\":\"https:\\\/\\\/alcala.salesianos.edu\\\/colegio\\\/blog\\\/2018\\\/08\\\/22\\\/formacion-internacional-del-claustro-durante-el-verano\\\/#primaryimage\"},\"image\":{\"@id\":\"https:\\\/\\\/alcala.salesianos.edu\\\/colegio\\\/blog\\\/2018\\\/08\\\/22\\\/formacion-internacional-del-claustro-durante-el-verano\\\/#primaryimage\"},\"thumbnailUrl\":\"https:\\\/\\\/alcala.salesianos.edu\\\/wp-content\\\/uploads\\\/2018\\\/08\\\/IMG_20180821_092753-300x168.jpg\",\"datePublished\":\"2018-08-22T14:22:07+00:00\",\"dateModified\":\"2025-08-27T08:01:35+00:00\",\"author\":{\"@id\":\"https:\\\/\\\/alcala.salesianos.edu\\\/colegio\\\/#\\\/schema\\\/person\\\/afcc24f776dc91fc2bf9afb0998fca77\"},\"breadcrumb\":{\"@id\":\"https:\\\/\\\/alcala.salesianos.edu\\\/colegio\\\/blog\\\/2018\\\/08\\\/22\\\/formacion-internacional-del-claustro-durante-el-verano\\\/#breadcrumb\"},\"inLanguage\":\"es\",\"potentialAction\":[{\"@type\":\"ReadAction\",\"target\":[\"https:\\\/\\\/alcala.salesianos.edu\\\/colegio\\\/blog\\\/2018\\\/08\\\/22\\\/formacion-internacional-del-claustro-durante-el-verano\\\/\"]}]},{\"@type\":\"ImageObject\",\"inLanguage\":\"es\",\"@id\":\"https:\\\/\\\/alcala.salesianos.edu\\\/colegio\\\/blog\\\/2018\\\/08\\\/22\\\/formacion-internacional-del-claustro-durante-el-verano\\\/#primaryimage\",\"url\":\"https:\\\/\\\/alcala.salesianos.edu\\\/wp-content\\\/uploads\\\/2018\\\/08\\\/IMG_20180821_092753-300x168.jpg\",\"contentUrl\":\"https:\\\/\\\/alcala.salesianos.edu\\\/wp-content\\\/uploads\\\/2018\\\/08\\\/IMG_20180821_092753-300x168.jpg\"},{\"@type\":\"BreadcrumbList\",\"@id\":\"https:\\\/\\\/alcala.salesianos.edu\\\/colegio\\\/blog\\\/2018\\\/08\\\/22\\\/formacion-internacional-del-claustro-durante-el-verano\\\/#breadcrumb\",\"itemListElement\":[{\"@type\":\"ListItem\",\"position\":1,\"name\":\"Portada\",\"item\":\"https:\\\/\\\/alcala.salesianos.edu\\\/colegio\\\/\"},{\"@type\":\"ListItem\",\"position\":2,\"name\":\"Formaci\u00f3n internacional del claustro durante el verano\"}]},{\"@type\":\"WebSite\",\"@id\":\"https:\\\/\\\/alcala.salesianos.edu\\\/colegio\\\/#website\",\"url\":\"https:\\\/\\\/alcala.salesianos.edu\\\/colegio\\\/\",\"name\":\"Colegio Salesiano Alcal\u00e1\",\"description\":\"P\u00e1gina oficial de Salesianos Alcal\u00e1 de Guadaira\",\"potentialAction\":[{\"@type\":\"SearchAction\",\"target\":{\"@type\":\"EntryPoint\",\"urlTemplate\":\"https:\\\/\\\/alcala.salesianos.edu\\\/colegio\\\/?s={search_term_string}\"},\"query-input\":{\"@type\":\"PropertyValueSpecification\",\"valueRequired\":true,\"valueName\":\"search_term_string\"}}],\"inLanguage\":\"es\"},{\"@type\":\"Person\",\"@id\":\"https:\\\/\\\/alcala.salesianos.edu\\\/colegio\\\/#\\\/schema\\\/person\\\/afcc24f776dc91fc2bf9afb0998fca77\",\"name\":\"Administrador Web\",\"image\":{\"@type\":\"ImageObject\",\"inLanguage\":\"es\",\"@id\":\"https:\\\/\\\/secure.gravatar.com\\\/avatar\\\/bc157e994689bd6da9645c00aa3bc4d55b727915b6652642660db0aef086585f?s=96&d=mm&r=g\",\"url\":\"https:\\\/\\\/secure.gravatar.com\\\/avatar\\\/bc157e994689bd6da9645c00aa3bc4d55b727915b6652642660db0aef086585f?s=96&d=mm&r=g\",\"contentUrl\":\"https:\\\/\\\/secure.gravatar.com\\\/avatar\\\/bc157e994689bd6da9645c00aa3bc4d55b727915b6652642660db0aef086585f?s=96&d=mm&r=g\",\"caption\":\"Administrador Web\"}}]}<\/script>\n<!-- \/ Yoast SEO plugin. -->","yoast_head_json":{"title":"Formaci\u00f3n internacional del claustro durante el verano - Colegio Salesiano Alcal\u00e1","robots":{"index":"index","follow":"follow","max-snippet":"max-snippet:-1","max-image-preview":"max-image-preview:large","max-video-preview":"max-video-preview:-1"},"canonical":"https:\/\/alcala.salesianos.edu\/colegio\/blog\/2018\/08\/22\/formacion-internacional-del-claustro-durante-el-verano\/","og_locale":"es_ES","og_type":"article","og_title":"Formaci\u00f3n internacional del claustro durante el verano - Colegio Salesiano Alcal\u00e1","og_description":"Docentes de nuestro centro, viajan se forman para poder conocer estrategias de aprendizaje vanguardistas para continuar potenciando as\u00ed nuestro proyecto \u201cMi Colegio 2020\u201d.","og_url":"https:\/\/alcala.salesianos.edu\/colegio\/blog\/2018\/08\/22\/formacion-internacional-del-claustro-durante-el-verano\/","og_site_name":"Colegio Salesiano Alcal\u00e1","article_published_time":"2018-08-22T14:22:07+00:00","article_modified_time":"2025-08-27T08:01:35+00:00","author":"Administrador Web","twitter_card":"summary_large_image","twitter_misc":{"Escrito por":"Administrador Web","Tiempo de lectura":"2 minutos"},"schema":{"@context":"https:\/\/schema.org","@graph":[{"@type":"Article","@id":"https:\/\/alcala.salesianos.edu\/colegio\/blog\/2018\/08\/22\/formacion-internacional-del-claustro-durante-el-verano\/#article","isPartOf":{"@id":"https:\/\/alcala.salesianos.edu\/colegio\/blog\/2018\/08\/22\/formacion-internacional-del-claustro-durante-el-verano\/"},"author":{"name":"Administrador Web","@id":"https:\/\/alcala.salesianos.edu\/colegio\/#\/schema\/person\/afcc24f776dc91fc2bf9afb0998fca77"},"headline":"Formaci\u00f3n internacional del claustro durante el verano","datePublished":"2018-08-22T14:22:07+00:00","dateModified":"2025-08-27T08:01:35+00:00","mainEntityOfPage":{"@id":"https:\/\/alcala.salesianos.edu\/colegio\/blog\/2018\/08\/22\/formacion-internacional-del-claustro-durante-el-verano\/"},"wordCount":466,"image":{"@id":"https:\/\/alcala.salesianos.edu\/colegio\/blog\/2018\/08\/22\/formacion-internacional-del-claustro-durante-el-verano\/#primaryimage"},"thumbnailUrl":"https:\/\/alcala.salesianos.edu\/wp-content\/uploads\/2018\/08\/IMG_20180821_092753-300x168.jpg","articleSection":["Colegio","Escuela abierta","FASA","Infantil","Pastoral","Portada","Primaria","Secundaria","Uncategorized"],"inLanguage":"es"},{"@type":"WebPage","@id":"https:\/\/alcala.salesianos.edu\/colegio\/blog\/2018\/08\/22\/formacion-internacional-del-claustro-durante-el-verano\/","url":"https:\/\/alcala.salesianos.edu\/colegio\/blog\/2018\/08\/22\/formacion-internacional-del-claustro-durante-el-verano\/","name":"Formaci\u00f3n internacional del claustro durante el verano - Colegio Salesiano Alcal\u00e1","isPartOf":{"@id":"https:\/\/alcala.salesianos.edu\/colegio\/#website"},"primaryImageOfPage":{"@id":"https:\/\/alcala.salesianos.edu\/colegio\/blog\/2018\/08\/22\/formacion-internacional-del-claustro-durante-el-verano\/#primaryimage"},"image":{"@id":"https:\/\/alcala.salesianos.edu\/colegio\/blog\/2018\/08\/22\/formacion-internacional-del-claustro-durante-el-verano\/#primaryimage"},"thumbnailUrl":"https:\/\/alcala.salesianos.edu\/wp-content\/uploads\/2018\/08\/IMG_20180821_092753-300x168.jpg","datePublished":"2018-08-22T14:22:07+00:00","dateModified":"2025-08-27T08:01:35+00:00","author":{"@id":"https:\/\/alcala.salesianos.edu\/colegio\/#\/schema\/person\/afcc24f776dc91fc2bf9afb0998fca77"},"breadcrumb":{"@id":"https:\/\/alcala.salesianos.edu\/colegio\/blog\/2018\/08\/22\/formacion-internacional-del-claustro-durante-el-verano\/#breadcrumb"},"inLanguage":"es","potentialAction":[{"@type":"ReadAction","target":["https:\/\/alcala.salesianos.edu\/colegio\/blog\/2018\/08\/22\/formacion-internacional-del-claustro-durante-el-verano\/"]}]},{"@type":"ImageObject","inLanguage":"es","@id":"https:\/\/alcala.salesianos.edu\/colegio\/blog\/2018\/08\/22\/formacion-internacional-del-claustro-durante-el-verano\/#primaryimage","url":"https:\/\/alcala.salesianos.edu\/wp-content\/uploads\/2018\/08\/IMG_20180821_092753-300x168.jpg","contentUrl":"https:\/\/alcala.salesianos.edu\/wp-content\/uploads\/2018\/08\/IMG_20180821_092753-300x168.jpg"},{"@type":"BreadcrumbList","@id":"https:\/\/alcala.salesianos.edu\/colegio\/blog\/2018\/08\/22\/formacion-internacional-del-claustro-durante-el-verano\/#breadcrumb","itemListElement":[{"@type":"ListItem","position":1,"name":"Portada","item":"https:\/\/alcala.salesianos.edu\/colegio\/"},{"@type":"ListItem","position":2,"name":"Formaci\u00f3n internacional del claustro durante el verano"}]},{"@type":"WebSite","@id":"https:\/\/alcala.salesianos.edu\/colegio\/#website","url":"https:\/\/alcala.salesianos.edu\/colegio\/","name":"Colegio Salesiano Alcal\u00e1","description":"P\u00e1gina oficial de Salesianos Alcal\u00e1 de Guadaira","potentialAction":[{"@type":"SearchAction","target":{"@type":"EntryPoint","urlTemplate":"https:\/\/alcala.salesianos.edu\/colegio\/?s={search_term_string}"},"query-input":{"@type":"PropertyValueSpecification","valueRequired":true,"valueName":"search_term_string"}}],"inLanguage":"es"},{"@type":"Person","@id":"https:\/\/alcala.salesianos.edu\/colegio\/#\/schema\/person\/afcc24f776dc91fc2bf9afb0998fca77","name":"Administrador Web","image":{"@type":"ImageObject","inLanguage":"es","@id":"https:\/\/secure.gravatar.com\/avatar\/bc157e994689bd6da9645c00aa3bc4d55b727915b6652642660db0aef086585f?s=96&d=mm&r=g","url":"https:\/\/secure.gravatar.com\/avatar\/bc157e994689bd6da9645c00aa3bc4d55b727915b6652642660db0aef086585f?s=96&d=mm&r=g","contentUrl":"https:\/\/secure.gravatar.com\/avatar\/bc157e994689bd6da9645c00aa3bc4d55b727915b6652642660db0aef086585f?s=96&d=mm&r=g","caption":"Administrador Web"}}]}},"_links":{"self":[{"href":"https:\/\/alcala.salesianos.edu\/colegio\/wp-json\/wp\/v2\/posts\/10152","targetHints":{"allow":["GET"]}}],"collection":[{"href":"https:\/\/alcala.salesianos.edu\/colegio\/wp-json\/wp\/v2\/posts"}],"about":[{"href":"https:\/\/alcala.salesianos.edu\/colegio\/wp-json\/wp\/v2\/types\/post"}],"author":[{"embeddable":true,"href":"https:\/\/alcala.salesianos.edu\/colegio\/wp-json\/wp\/v2\/users\/2"}],"replies":[{"embeddable":true,"href":"https:\/\/alcala.salesianos.edu\/colegio\/wp-json\/wp\/v2\/comments?post=10152"}],"version-history":[{"count":12,"href":"https:\/\/alcala.salesianos.edu\/colegio\/wp-json\/wp\/v2\/posts\/10152\/revisions"}],"predecessor-version":[{"id":16459,"href":"https:\/\/alcala.salesianos.edu\/colegio\/wp-json\/wp\/v2\/posts\/10152\/revisions\/16459"}],"wp:attachment":[{"href":"https:\/\/alcala.salesianos.edu\/colegio\/wp-json\/wp\/v2\/media?parent=10152"}],"wp:term":[{"taxonomy":"category","embeddable":true,"href":"https:\/\/alcala.salesianos.edu\/colegio\/wp-json\/wp\/v2\/categories?post=10152"},{"taxonomy":"post_tag","embeddable":true,"href":"https:\/\/alcala.salesianos.edu\/colegio\/wp-json\/wp\/v2\/tags?post=10152"}],"curies":[{"name":"wp","href":"https:\/\/api.w.org\/{rel}","templated":true}]}}