{"id":10088,"date":"2018-06-29T07:55:45","date_gmt":"2018-06-29T06:55:45","guid":{"rendered":"https:\/\/alcala.salesianos.edu\/colegio\/blog\/2018\/06\/29\/fin-de-curso\/"},"modified":"2025-08-27T09:01:36","modified_gmt":"2025-08-27T08:01:36","slug":"fin-de-curso","status":"publish","type":"post","link":"https:\/\/alcala.salesianos.edu\/colegio\/blog\/2018\/06\/29\/fin-de-curso\/","title":{"rendered":"Fin de curso"},"content":{"rendered":"<div id=\"fb-root\"><\/div>\n<p>[et_pb_section bb_built=\u00bb1&#8243;][et_pb_row][et_pb_column type=\u00bb4_4&#8243;][et_pb_text _builder_version=\u00bb3.0.105&#8243; background_layout=\u00bblight\u00bb]<\/p>\n<p>El curso se ha acabado y comenzamos el verano, momento para descansar y recargar pilas para el curso que viene. Para mejor coordinaci\u00f3n ponemos en su conocimiento las siguientes informaciones de utilidad.<\/p>\n<ul>\n<li>La <strong>entrega de boletines, a los padres \/madres<\/strong> ser\u00e1 en las respectivas aulas y tendr\u00e1 el siguiente horario:<\/li>\n<\/ul>\n<p>&nbsp;<\/p>\n<ul>\n<li style=\"list-style-type: none;\">\n<ul>\n<li>Educaci\u00f3n Infantil y Primaria: <strong><em>lunes 25 de junio\u00a0 de 9\u201900\u00a0 a 11\u201900 horas<\/em><\/strong><\/li>\n<li>Educaci\u00f3n Secundaria:<strong> <em>martes 26 de junio de 9\u201900 a 11\u201900 horas<\/em><\/strong><\/li>\n<\/ul>\n<\/li>\n<\/ul>\n<p>&nbsp;<\/p>\n<p>Despu\u00e9s de este d\u00eda, aquellos padres\/madres que no puedan asistir, se podr\u00e1n poner\u00a0 en contacto con el tutor\/a respectivo\/a y se les atender\u00e1 en otro momento<\/p>\n<p><strong><em><u>\u00a0<\/u><\/em><\/strong><strong><em><u>MES DE SEPTIEMBRE<\/u><\/em><\/strong><\/p>\n<ul>\n<li>Los <strong>ex\u00e1menes de septiembre de la Educaci\u00f3n Secundaria Obligatoria<\/strong> tendr\u00e1n lugar los d\u00edas 1 y 4 de este mes\u00a0 con la siguiente distribuci\u00f3n:<\/li>\n<\/ul>\n<p>&nbsp;<\/p>\n<table style=\"height: 1649px;\" width=\"718\">\n<tbody>\n<tr>\n<td width=\"154\"><strong><em>MATERIA<\/em><\/strong><\/td>\n<td width=\"92\"><strong><em>FECHA<\/em><\/strong><\/p>\n<p><strong><em>(Septiembre 2018)<\/em><\/strong><\/td>\n<td width=\"78\"><strong><em>HORA<\/em><\/strong><\/td>\n<td width=\"76\"><strong><em>LUGAR DE CELEBRACI\u00d3N PRUEBA<\/em><\/strong><\/td>\n<\/tr>\n<tr>\n<td width=\"154\">F\u00cdSICA Y QU\u00cdMICA 4\u00ba<\/td>\n<td width=\"92\">LUNES 3<\/td>\n<td width=\"78\">9.00-10.30 h<\/td>\n<td width=\"76\">4\u00ba A\/B<\/td>\n<\/tr>\n<tr>\n<td width=\"154\">TECNOLOG\u00cdA 2\u00ba,3\u00ba,4\u00ba<\/td>\n<td width=\"92\">LUNES 3<\/td>\n<td width=\"78\">9.00-10.30 h<\/td>\n<td width=\"76\">4\u00ba A\/B<\/td>\n<\/tr>\n<tr>\n<td width=\"154\">INGL\u00c9S<\/td>\n<td width=\"92\">LUNES 3<\/td>\n<td width=\"78\">10.30-12.30 h<\/td>\n<td width=\"76\">4\u00ba A\/B<\/td>\n<\/tr>\n<tr>\n<td width=\"154\">BIOLOG\u00cdA Y GEOLOG\u00cdA 1\u00ba<\/td>\n<td width=\"92\">LUNES 3<\/td>\n<td width=\"78\">10.30-12.30 h<\/td>\n<td width=\"76\">4\u00ba A\/B<\/td>\n<\/tr>\n<tr>\n<td width=\"154\">F\u00cdSICA Y QU\u00cdMICA 2\u00ba<\/td>\n<td width=\"92\">LUNES 3<\/td>\n<td width=\"78\">11.00 \u2013 12.30h<\/td>\n<td width=\"76\">4\u00ba A\/B<\/td>\n<\/tr>\n<tr>\n<td width=\"154\">LENGUA CAST. Y LIT<\/td>\n<td width=\"92\">LUNES 3<\/td>\n<td width=\"78\">12.30-14.30 h<\/td>\n<td width=\"76\">4\u00ba A\/B<\/td>\n<\/tr>\n<tr>\n<td width=\"154\"><\/td>\n<td width=\"92\"><\/td>\n<td width=\"78\"><\/td>\n<td width=\"76\"><\/td>\n<\/tr>\n<tr>\n<td width=\"154\">MATEM\u00c1TICAS<\/td>\n<td width=\"92\">MARTES 4<\/td>\n<td width=\"78\">8.30-10.00 h.<\/td>\n<td width=\"76\">4\u00ba A\/B<\/td>\n<\/tr>\n<tr>\n<td width=\"154\">C. NATURALES 3\u00ba\/BIOLOG\u00cdA 4\u00ba<\/td>\n<td width=\"92\">MARTES 4<\/td>\n<td width=\"78\">10.00-11.30 h.<\/td>\n<td width=\"76\">4\u00ba A\/B<\/td>\n<\/tr>\n<tr>\n<td width=\"154\">EDUCACI\u00d3N F\u00cdSICA<\/td>\n<td width=\"92\">MARTES 4<\/td>\n<td width=\"78\">10-00-11.30 h.<\/td>\n<td width=\"76\">4\u00ba A\/B<\/td>\n<\/tr>\n<tr>\n<td width=\"154\">GEOGRAF\u00cdA E HISTORIA<\/td>\n<td width=\"92\">MARTES 4<\/td>\n<td width=\"78\">12.00-13.00 h.<\/td>\n<td width=\"76\">4\u00ba A\/B<\/td>\n<\/tr>\n<tr>\n<td width=\"154\">M\u00daSICA 1\u00ba,2\u00ba<\/td>\n<td width=\"92\">MARTES 4<\/td>\n<td width=\"78\">12.00-13.00 h.<\/td>\n<td width=\"76\">4\u00ba A\/B<\/td>\n<\/tr>\n<tr>\n<td width=\"154\">PL\u00c1STICA Y V. 1\u00ba,2\u00ba,4\u00ba<\/td>\n<td width=\"92\">MARTES 4<\/td>\n<td width=\"78\">13.00-14.30 h<\/td>\n<td width=\"76\">4\u00ba A\/B<\/td>\n<\/tr>\n<tr>\n<td width=\"154\">RELIGI\u00d3N<\/td>\n<td width=\"92\">MARTES 4<\/td>\n<td width=\"78\">13.00-14.30 h<\/td>\n<td width=\"76\">4\u00ba A\/B<\/td>\n<\/tr>\n<tr>\n<td width=\"154\">EDUC. CIUDAD. 3\u00ba<\/td>\n<td width=\"92\">MARTES 4<\/td>\n<td width=\"78\">13.00-14.30 h<\/td>\n<td width=\"76\">4\u00ba A\/B<\/td>\n<\/tr>\n<tr>\n<td width=\"154\">REFUERZOS LENG,MAT 1\u00ba,2\u00ba,3\u00ba<\/td>\n<td width=\"92\">MARTES 4<\/td>\n<td width=\"78\">13.00-14.30 h<\/td>\n<td width=\"76\">4\u00ba A\/B<\/td>\n<\/tr>\n<tr>\n<td width=\"154\">PROY. INTEGRADO 4\u00ba<\/td>\n<td width=\"92\">MARTES 4<\/td>\n<td width=\"78\">13.00-14.30 h<\/td>\n<td width=\"76\">4\u00ba A\/B<\/td>\n<\/tr>\n<tr>\n<td width=\"154\">FILOSOF\u00cdA 4\u00ba<\/td>\n<td width=\"92\">MARTES 4<\/td>\n<td width=\"78\">13.00-14.30 h<\/td>\n<td width=\"76\">4\u00ba A\/B<\/td>\n<\/tr>\n<tr>\n<td width=\"154\">FRANC\u00c9S 1\u00ba, 2\u00ba, 3\u00ba Y 4\u00ba<\/td>\n<td width=\"92\">MARTES 4<\/td>\n<td width=\"78\">13.00-14.30 h<\/td>\n<td width=\"76\">4\u00ba A\/B<\/td>\n<\/tr>\n<\/tbody>\n<\/table>\n<p>&nbsp;<\/p>\n<ul>\n<li><strong><em>Entrega de notas <\/em><\/strong>a los padres\/madres de los alumnos\/as<strong><em> en septiembre para ESO<\/em><\/strong>:<\/li>\n<\/ul>\n<ul>\n<li>4\u00ba ESO: <strong>Mi\u00e9rcoles 5 de septiembre 11,30 a 13,00 h.<\/strong> en las aulas de 4\u00ba ESO.<\/li>\n<li>1\u00ba,2\u00ba,3\u00ba ESO: <strong>jueves 6 de este mes, de 900. a 11.00\u00a0 horas<\/strong>, en el aula del respectivo curso.<\/li>\n<li>La revisi\u00f3n de ex\u00e1menes de 1\u00ba, 2\u00ba y 3\u00ba de ESO tendr\u00e1 lugar el <strong>viernes 7 de septiembre y lunes 10 de 13\u201900 a 14\u201900 horas<\/strong><\/li>\n<\/ul>\n<p>&nbsp;<\/p>\n<ul>\n<li>El comienzo de curso para <strong>Educaci\u00f3n Infantil y Educaci\u00f3n Primaria<\/strong> ser\u00e1 el d\u00eda <strong>10 de septiembre de 2018. <\/strong>El comienzo de curso para<strong> ESO <\/strong>ser\u00e1 el <strong>17 de septiembre de 2018.<\/strong><\/li>\n<\/ul>\n<p>&nbsp;<\/p>\n<ul>\n<li>Los horarios para las distintas etapas durante el primer d\u00eda ser\u00e1n los siguientes:<\/li>\n<\/ul>\n<p>&nbsp;<\/p>\n<p><strong>Ed. Infantil:<\/strong> (10 sep)\u00a0\u00a0\u00a0\u00a0\u00a0\u00a0\u00a0\u00a0\u00a0\u00a0\u00a0\u00a0\u00a0\u00a0\u00a0\u00a0\u00a0\u00a0\u00a0\u00a0\u00a0\u00a0\u00a0\u00a0\u00a0\u00a0\u00a0\u00a0\u00a0\u00a0\u00a0\u00a0\u00a0\u00a0\u00a0\u00a0\u00a0\u00a0\u00a0\u00a0\u00a0\u00a0 3 a\u00f1os: \u00a0\u00a0\u00a0\u00a0\u00a0\u00a0\u00a0\u00a0\u00a0\u00a0\u00a0\u00a0\u00a0\u00a0\u00a0\u00a0\u00a0 12.45 a 13.45 horas.<\/p>\n<p>4 y 5 a\u00f1os: \u00a0\u00a0\u00a0\u00a0\u00a0\u00a0\u00a0\u00a0\u00a0\u00a0 12.00 a 13.45 horas.<\/p>\n<p><strong>Ed. Primaria:<\/strong> (10 sep)\u00a0\u00a0\u00a0\u00a0\u00a0\u00a0\u00a0\u00a0\u00a0\u00a0\u00a0\u00a0\u00a0\u00a0\u00a0\u00a0\u00a0\u00a0\u00a0\u00a0\u00a0 \u00a0\u00a0\u00a0\u00a0\u00a0\u00a0\u00a0\u00a0\u00a0\u00a0\u00a0\u00a0\u00a0\u00a0\u00a0\u00a0\u00a0 Toda la etapa: \u00a0\u00a0 12.00 a 13.45 horas.<\/p>\n<p><strong>Ed. Secundaria:<\/strong> (17 sep)\u00a0\u00a0\u00a0\u00a0\u00a0\u00a0\u00a0\u00a0\u00a0\u00a0\u00a0\u00a0\u00a0\u00a0\u00a0\u00a0\u00a0\u00a0\u00a0\u00a0\u00a0\u00a0\u00a0\u00a0\u00a0\u00a0\u00a0\u00a0\u00a0\u00a0\u00a0\u00a0\u00a0 Toda la etapa: \u00a0\u00a0 13,00 a 15,00 horas.<\/p>\n<ul>\n<li><strong>Reuniones de principio de curso<\/strong> con los padres de alumnos:\n<ul>\n<li><strong> Primaria: <\/strong>\u00a0\u00a0\u00a0\u00a0\u00a0\u00a0\u00a0\u00a0\u00a0\u00a0\u00a0\u00a0\u00a0\u00a0\u00a0\u00a0\u00a0\u00a0\u00a0\u00a0\u00a0\u00a0\u00a0\u00a0\u00a0\u00a0\u00a0\u00a0\u00a0\u00a0\u00a0\u00a0\u00a0\u00a0 Martes 18 de septiembre a las 19,00 h.<\/li>\n<li><strong> Infantil y Ed. Secundaria:<\/strong>\u00a0 \u00a0 \u00a0 \u00a0 \u00a0Jueves 20 de septiembre a las 19,00 h.<\/li>\n<\/ul>\n<\/li>\n<\/ul>\n<ol start=\"3\">\n<li><strong><em><u>SERVICIOS Y OTROS<\/u><\/em><\/strong><\/li>\n<\/ol>\n<ul>\n<li><strong>Comedor escolar:<\/strong> El servicio de Comedor Escolar comenzar\u00e1 a funcionar en las fechas siguientes:<\/li>\n<\/ul>\n<p><strong>Ed. Infantil:<\/strong> a partir del martes, 11 de septiembre.<\/p>\n<p><strong>Ed. Primaria:<\/strong> a partir del martes, 11 de septiembre.<\/p>\n<p><strong>Ed. Secundaria:<\/strong> a partir del lunes, 17 de septiembre.<\/p>\n<ul>\n<li>Recomendamos el uso del uniforme de calle en el primer d\u00eda lectivo de clase. A partir de esa fecha seg\u00fan horario. Comunicamos que el uniforme escolar se podr\u00e1 adquirir en <strong>El Corte Ingl\u00e9s. <\/strong>Para cualquier aclaraci\u00f3n al respecto acudan a la administraci\u00f3n del centro.<\/li>\n<li>El cat\u00e1logo de <strong>Libros para cada curso<\/strong> estar\u00e1 expuesto, en breve, en el Tabl\u00f3n de Anuncios del Centro. Podr\u00e1n acceder tambi\u00e9n a trav\u00e9s de nuestra p\u00e1gina web.<\/li>\n<\/ul>\n<p>Les damos las gracias por su confianza y el trabajo que hacen junto a nosotros por ofrecer una educaci\u00f3n salesiana a nuestros j\u00f3venes.<\/p>\n<p>[\/et_pb_text][\/et_pb_column][\/et_pb_row][\/et_pb_section]<\/p>\n","protected":false},"excerpt":{"rendered":"<p>Algunas informaciones de este fin de curso y del curso 2018\/2019<\/p>\n","protected":false},"author":2,"featured_media":10089,"comment_status":"closed","ping_status":"open","sticky":false,"template":"","format":"standard","meta":{"_et_pb_use_builder":"on","_et_pb_old_content":"","_et_gb_content_width":"","footnotes":""},"categories":[12,19,13,17,14,15,18,16,1],"tags":[],"class_list":["post-10088","post","type-post","status-publish","format-standard","has-post-thumbnail","hentry","category-colegio","category-escuela-abierta","category-fasa","category-infantil","category-pastoral","category-portada","category-primaria","category-secundaria","category-uncategorized"],"yoast_head":"<!-- This site is optimized with the Yoast SEO plugin v28.4 - https:\/\/yoast.com\/product\/yoast-seo-wordpress\/ -->\n<title>Fin de curso - Colegio Salesiano Alcal\u00e1<\/title>\n<meta name=\"robots\" content=\"index, follow, max-snippet:-1, max-image-preview:large, max-video-preview:-1\" \/>\n<link rel=\"canonical\" href=\"https:\/\/alcala.salesianos.edu\/colegio\/blog\/2018\/06\/29\/fin-de-curso\/\" \/>\n<meta property=\"og:locale\" content=\"es_ES\" \/>\n<meta property=\"og:type\" content=\"article\" \/>\n<meta property=\"og:title\" content=\"Fin de curso - Colegio Salesiano Alcal\u00e1\" \/>\n<meta property=\"og:description\" content=\"Algunas informaciones de este fin de curso y del curso 2018\/2019\" \/>\n<meta property=\"og:url\" content=\"https:\/\/alcala.salesianos.edu\/colegio\/blog\/2018\/06\/29\/fin-de-curso\/\" \/>\n<meta property=\"og:site_name\" content=\"Colegio Salesiano Alcal\u00e1\" \/>\n<meta property=\"article:published_time\" content=\"2018-06-29T06:55:45+00:00\" \/>\n<meta property=\"article:modified_time\" content=\"2025-08-27T08:01:36+00:00\" \/>\n<meta property=\"og:image\" content=\"https:\/\/alcala.salesianos.edu\/colegio\/wp-content\/uploads\/sites\/2\/2018\/06\/brand-guidelines-1.png\" \/>\n\t<meta property=\"og:image:width\" content=\"1\" \/>\n\t<meta property=\"og:image:height\" content=\"1\" \/>\n\t<meta property=\"og:image:type\" content=\"image\/png\" \/>\n<meta name=\"author\" content=\"Administrador Web\" \/>\n<meta name=\"twitter:card\" content=\"summary_large_image\" \/>\n<meta name=\"twitter:label1\" content=\"Escrito por\" \/>\n\t<meta name=\"twitter:data1\" content=\"Administrador Web\" \/>\n\t<meta name=\"twitter:label2\" content=\"Tiempo de lectura\" \/>\n\t<meta name=\"twitter:data2\" content=\"3 minutos\" \/>\n<script type=\"application\/ld+json\" class=\"yoast-schema-graph\">{\"@context\":\"https:\\\/\\\/schema.org\",\"@graph\":[{\"@type\":\"Article\",\"@id\":\"https:\\\/\\\/alcala.salesianos.edu\\\/colegio\\\/blog\\\/2018\\\/06\\\/29\\\/fin-de-curso\\\/#article\",\"isPartOf\":{\"@id\":\"https:\\\/\\\/alcala.salesianos.edu\\\/colegio\\\/blog\\\/2018\\\/06\\\/29\\\/fin-de-curso\\\/\"},\"author\":{\"name\":\"Administrador Web\",\"@id\":\"https:\\\/\\\/alcala.salesianos.edu\\\/colegio\\\/#\\\/schema\\\/person\\\/afcc24f776dc91fc2bf9afb0998fca77\"},\"headline\":\"Fin de curso\",\"datePublished\":\"2018-06-29T06:55:45+00:00\",\"dateModified\":\"2025-08-27T08:01:36+00:00\",\"mainEntityOfPage\":{\"@id\":\"https:\\\/\\\/alcala.salesianos.edu\\\/colegio\\\/blog\\\/2018\\\/06\\\/29\\\/fin-de-curso\\\/\"},\"wordCount\":640,\"image\":{\"@id\":\"https:\\\/\\\/alcala.salesianos.edu\\\/colegio\\\/blog\\\/2018\\\/06\\\/29\\\/fin-de-curso\\\/#primaryimage\"},\"thumbnailUrl\":\"https:\\\/\\\/alcala.salesianos.edu\\\/colegio\\\/wp-content\\\/uploads\\\/sites\\\/2\\\/2018\\\/06\\\/brand-guidelines-1.png\",\"articleSection\":[\"Colegio\",\"Escuela abierta\",\"FASA\",\"Infantil\",\"Pastoral\",\"Portada\",\"Primaria\",\"Secundaria\",\"Uncategorized\"],\"inLanguage\":\"es\"},{\"@type\":\"WebPage\",\"@id\":\"https:\\\/\\\/alcala.salesianos.edu\\\/colegio\\\/blog\\\/2018\\\/06\\\/29\\\/fin-de-curso\\\/\",\"url\":\"https:\\\/\\\/alcala.salesianos.edu\\\/colegio\\\/blog\\\/2018\\\/06\\\/29\\\/fin-de-curso\\\/\",\"name\":\"Fin de curso - Colegio Salesiano Alcal\u00e1\",\"isPartOf\":{\"@id\":\"https:\\\/\\\/alcala.salesianos.edu\\\/colegio\\\/#website\"},\"primaryImageOfPage\":{\"@id\":\"https:\\\/\\\/alcala.salesianos.edu\\\/colegio\\\/blog\\\/2018\\\/06\\\/29\\\/fin-de-curso\\\/#primaryimage\"},\"image\":{\"@id\":\"https:\\\/\\\/alcala.salesianos.edu\\\/colegio\\\/blog\\\/2018\\\/06\\\/29\\\/fin-de-curso\\\/#primaryimage\"},\"thumbnailUrl\":\"https:\\\/\\\/alcala.salesianos.edu\\\/colegio\\\/wp-content\\\/uploads\\\/sites\\\/2\\\/2018\\\/06\\\/brand-guidelines-1.png\",\"datePublished\":\"2018-06-29T06:55:45+00:00\",\"dateModified\":\"2025-08-27T08:01:36+00:00\",\"author\":{\"@id\":\"https:\\\/\\\/alcala.salesianos.edu\\\/colegio\\\/#\\\/schema\\\/person\\\/afcc24f776dc91fc2bf9afb0998fca77\"},\"breadcrumb\":{\"@id\":\"https:\\\/\\\/alcala.salesianos.edu\\\/colegio\\\/blog\\\/2018\\\/06\\\/29\\\/fin-de-curso\\\/#breadcrumb\"},\"inLanguage\":\"es\",\"potentialAction\":[{\"@type\":\"ReadAction\",\"target\":[\"https:\\\/\\\/alcala.salesianos.edu\\\/colegio\\\/blog\\\/2018\\\/06\\\/29\\\/fin-de-curso\\\/\"]}]},{\"@type\":\"ImageObject\",\"inLanguage\":\"es\",\"@id\":\"https:\\\/\\\/alcala.salesianos.edu\\\/colegio\\\/blog\\\/2018\\\/06\\\/29\\\/fin-de-curso\\\/#primaryimage\",\"url\":\"https:\\\/\\\/alcala.salesianos.edu\\\/colegio\\\/wp-content\\\/uploads\\\/sites\\\/2\\\/2018\\\/06\\\/brand-guidelines-1.png\",\"contentUrl\":\"https:\\\/\\\/alcala.salesianos.edu\\\/colegio\\\/wp-content\\\/uploads\\\/sites\\\/2\\\/2018\\\/06\\\/brand-guidelines-1.png\"},{\"@type\":\"BreadcrumbList\",\"@id\":\"https:\\\/\\\/alcala.salesianos.edu\\\/colegio\\\/blog\\\/2018\\\/06\\\/29\\\/fin-de-curso\\\/#breadcrumb\",\"itemListElement\":[{\"@type\":\"ListItem\",\"position\":1,\"name\":\"Portada\",\"item\":\"https:\\\/\\\/alcala.salesianos.edu\\\/colegio\\\/\"},{\"@type\":\"ListItem\",\"position\":2,\"name\":\"Fin de curso\"}]},{\"@type\":\"WebSite\",\"@id\":\"https:\\\/\\\/alcala.salesianos.edu\\\/colegio\\\/#website\",\"url\":\"https:\\\/\\\/alcala.salesianos.edu\\\/colegio\\\/\",\"name\":\"Colegio Salesiano Alcal\u00e1\",\"description\":\"P\u00e1gina oficial de Salesianos Alcal\u00e1 de Guadaira\",\"potentialAction\":[{\"@type\":\"SearchAction\",\"target\":{\"@type\":\"EntryPoint\",\"urlTemplate\":\"https:\\\/\\\/alcala.salesianos.edu\\\/colegio\\\/?s={search_term_string}\"},\"query-input\":{\"@type\":\"PropertyValueSpecification\",\"valueRequired\":true,\"valueName\":\"search_term_string\"}}],\"inLanguage\":\"es\"},{\"@type\":\"Person\",\"@id\":\"https:\\\/\\\/alcala.salesianos.edu\\\/colegio\\\/#\\\/schema\\\/person\\\/afcc24f776dc91fc2bf9afb0998fca77\",\"name\":\"Administrador Web\",\"image\":{\"@type\":\"ImageObject\",\"inLanguage\":\"es\",\"@id\":\"https:\\\/\\\/secure.gravatar.com\\\/avatar\\\/bc157e994689bd6da9645c00aa3bc4d55b727915b6652642660db0aef086585f?s=96&d=mm&r=g\",\"url\":\"https:\\\/\\\/secure.gravatar.com\\\/avatar\\\/bc157e994689bd6da9645c00aa3bc4d55b727915b6652642660db0aef086585f?s=96&d=mm&r=g\",\"contentUrl\":\"https:\\\/\\\/secure.gravatar.com\\\/avatar\\\/bc157e994689bd6da9645c00aa3bc4d55b727915b6652642660db0aef086585f?s=96&d=mm&r=g\",\"caption\":\"Administrador Web\"}}]}<\/script>\n<!-- \/ Yoast SEO plugin. -->","yoast_head_json":{"title":"Fin de curso - Colegio Salesiano Alcal\u00e1","robots":{"index":"index","follow":"follow","max-snippet":"max-snippet:-1","max-image-preview":"max-image-preview:large","max-video-preview":"max-video-preview:-1"},"canonical":"https:\/\/alcala.salesianos.edu\/colegio\/blog\/2018\/06\/29\/fin-de-curso\/","og_locale":"es_ES","og_type":"article","og_title":"Fin de curso - Colegio Salesiano Alcal\u00e1","og_description":"Algunas informaciones de este fin de curso y del curso 2018\/2019","og_url":"https:\/\/alcala.salesianos.edu\/colegio\/blog\/2018\/06\/29\/fin-de-curso\/","og_site_name":"Colegio Salesiano Alcal\u00e1","article_published_time":"2018-06-29T06:55:45+00:00","article_modified_time":"2025-08-27T08:01:36+00:00","og_image":[{"url":"https:\/\/alcala.salesianos.edu\/colegio\/wp-content\/uploads\/sites\/2\/2018\/06\/brand-guidelines-1.png","width":1,"height":1,"type":"image\/png"}],"author":"Administrador Web","twitter_card":"summary_large_image","twitter_misc":{"Escrito por":"Administrador Web","Tiempo de lectura":"3 minutos"},"schema":{"@context":"https:\/\/schema.org","@graph":[{"@type":"Article","@id":"https:\/\/alcala.salesianos.edu\/colegio\/blog\/2018\/06\/29\/fin-de-curso\/#article","isPartOf":{"@id":"https:\/\/alcala.salesianos.edu\/colegio\/blog\/2018\/06\/29\/fin-de-curso\/"},"author":{"name":"Administrador Web","@id":"https:\/\/alcala.salesianos.edu\/colegio\/#\/schema\/person\/afcc24f776dc91fc2bf9afb0998fca77"},"headline":"Fin de curso","datePublished":"2018-06-29T06:55:45+00:00","dateModified":"2025-08-27T08:01:36+00:00","mainEntityOfPage":{"@id":"https:\/\/alcala.salesianos.edu\/colegio\/blog\/2018\/06\/29\/fin-de-curso\/"},"wordCount":640,"image":{"@id":"https:\/\/alcala.salesianos.edu\/colegio\/blog\/2018\/06\/29\/fin-de-curso\/#primaryimage"},"thumbnailUrl":"https:\/\/alcala.salesianos.edu\/colegio\/wp-content\/uploads\/sites\/2\/2018\/06\/brand-guidelines-1.png","articleSection":["Colegio","Escuela abierta","FASA","Infantil","Pastoral","Portada","Primaria","Secundaria","Uncategorized"],"inLanguage":"es"},{"@type":"WebPage","@id":"https:\/\/alcala.salesianos.edu\/colegio\/blog\/2018\/06\/29\/fin-de-curso\/","url":"https:\/\/alcala.salesianos.edu\/colegio\/blog\/2018\/06\/29\/fin-de-curso\/","name":"Fin de curso - Colegio Salesiano Alcal\u00e1","isPartOf":{"@id":"https:\/\/alcala.salesianos.edu\/colegio\/#website"},"primaryImageOfPage":{"@id":"https:\/\/alcala.salesianos.edu\/colegio\/blog\/2018\/06\/29\/fin-de-curso\/#primaryimage"},"image":{"@id":"https:\/\/alcala.salesianos.edu\/colegio\/blog\/2018\/06\/29\/fin-de-curso\/#primaryimage"},"thumbnailUrl":"https:\/\/alcala.salesianos.edu\/colegio\/wp-content\/uploads\/sites\/2\/2018\/06\/brand-guidelines-1.png","datePublished":"2018-06-29T06:55:45+00:00","dateModified":"2025-08-27T08:01:36+00:00","author":{"@id":"https:\/\/alcala.salesianos.edu\/colegio\/#\/schema\/person\/afcc24f776dc91fc2bf9afb0998fca77"},"breadcrumb":{"@id":"https:\/\/alcala.salesianos.edu\/colegio\/blog\/2018\/06\/29\/fin-de-curso\/#breadcrumb"},"inLanguage":"es","potentialAction":[{"@type":"ReadAction","target":["https:\/\/alcala.salesianos.edu\/colegio\/blog\/2018\/06\/29\/fin-de-curso\/"]}]},{"@type":"ImageObject","inLanguage":"es","@id":"https:\/\/alcala.salesianos.edu\/colegio\/blog\/2018\/06\/29\/fin-de-curso\/#primaryimage","url":"https:\/\/alcala.salesianos.edu\/colegio\/wp-content\/uploads\/sites\/2\/2018\/06\/brand-guidelines-1.png","contentUrl":"https:\/\/alcala.salesianos.edu\/colegio\/wp-content\/uploads\/sites\/2\/2018\/06\/brand-guidelines-1.png"},{"@type":"BreadcrumbList","@id":"https:\/\/alcala.salesianos.edu\/colegio\/blog\/2018\/06\/29\/fin-de-curso\/#breadcrumb","itemListElement":[{"@type":"ListItem","position":1,"name":"Portada","item":"https:\/\/alcala.salesianos.edu\/colegio\/"},{"@type":"ListItem","position":2,"name":"Fin de curso"}]},{"@type":"WebSite","@id":"https:\/\/alcala.salesianos.edu\/colegio\/#website","url":"https:\/\/alcala.salesianos.edu\/colegio\/","name":"Colegio Salesiano Alcal\u00e1","description":"P\u00e1gina oficial de Salesianos Alcal\u00e1 de Guadaira","potentialAction":[{"@type":"SearchAction","target":{"@type":"EntryPoint","urlTemplate":"https:\/\/alcala.salesianos.edu\/colegio\/?s={search_term_string}"},"query-input":{"@type":"PropertyValueSpecification","valueRequired":true,"valueName":"search_term_string"}}],"inLanguage":"es"},{"@type":"Person","@id":"https:\/\/alcala.salesianos.edu\/colegio\/#\/schema\/person\/afcc24f776dc91fc2bf9afb0998fca77","name":"Administrador Web","image":{"@type":"ImageObject","inLanguage":"es","@id":"https:\/\/secure.gravatar.com\/avatar\/bc157e994689bd6da9645c00aa3bc4d55b727915b6652642660db0aef086585f?s=96&d=mm&r=g","url":"https:\/\/secure.gravatar.com\/avatar\/bc157e994689bd6da9645c00aa3bc4d55b727915b6652642660db0aef086585f?s=96&d=mm&r=g","contentUrl":"https:\/\/secure.gravatar.com\/avatar\/bc157e994689bd6da9645c00aa3bc4d55b727915b6652642660db0aef086585f?s=96&d=mm&r=g","caption":"Administrador Web"}}]}},"_links":{"self":[{"href":"https:\/\/alcala.salesianos.edu\/colegio\/wp-json\/wp\/v2\/posts\/10088","targetHints":{"allow":["GET"]}}],"collection":[{"href":"https:\/\/alcala.salesianos.edu\/colegio\/wp-json\/wp\/v2\/posts"}],"about":[{"href":"https:\/\/alcala.salesianos.edu\/colegio\/wp-json\/wp\/v2\/types\/post"}],"author":[{"embeddable":true,"href":"https:\/\/alcala.salesianos.edu\/colegio\/wp-json\/wp\/v2\/users\/2"}],"replies":[{"embeddable":true,"href":"https:\/\/alcala.salesianos.edu\/colegio\/wp-json\/wp\/v2\/comments?post=10088"}],"version-history":[{"count":7,"href":"https:\/\/alcala.salesianos.edu\/colegio\/wp-json\/wp\/v2\/posts\/10088\/revisions"}],"predecessor-version":[{"id":16461,"href":"https:\/\/alcala.salesianos.edu\/colegio\/wp-json\/wp\/v2\/posts\/10088\/revisions\/16461"}],"wp:featuredmedia":[{"embeddable":true,"href":"https:\/\/alcala.salesianos.edu\/colegio\/wp-json\/wp\/v2\/media\/10089"}],"wp:attachment":[{"href":"https:\/\/alcala.salesianos.edu\/colegio\/wp-json\/wp\/v2\/media?parent=10088"}],"wp:term":[{"taxonomy":"category","embeddable":true,"href":"https:\/\/alcala.salesianos.edu\/colegio\/wp-json\/wp\/v2\/categories?post=10088"},{"taxonomy":"post_tag","embeddable":true,"href":"https:\/\/alcala.salesianos.edu\/colegio\/wp-json\/wp\/v2\/tags?post=10088"}],"curies":[{"name":"wp","href":"https:\/\/api.w.org\/{rel}","templated":true}]}}