{"id":10076,"date":"2018-06-21T15:46:44","date_gmt":"2018-06-21T14:46:44","guid":{"rendered":"https:\/\/alcala.salesianos.edu\/colegio\/blog\/2018\/06\/21\/toma-posesion-la-nueva-junta-directiva-del-a-m-p-a\/"},"modified":"2025-08-27T09:01:36","modified_gmt":"2025-08-27T08:01:36","slug":"toma-posesion-la-nueva-junta-directiva-del-a-m-p-a","status":"publish","type":"post","link":"https:\/\/alcala.salesianos.edu\/colegio\/blog\/2018\/06\/21\/toma-posesion-la-nueva-junta-directiva-del-a-m-p-a\/","title":{"rendered":"Toma posesi\u00f3n la nueva junta directiva del A.M.P.A."},"content":{"rendered":"<div id=\"fb-root\"><\/div>\n<p>[et_pb_section bb_built=\u00bb1&#8243;][et_pb_row][et_pb_column type=\u00bb4_4&#8243;][et_pb_text _builder_version=\u00bb3.0.105&#8243; background_layout=\u00bblight\u00bb]<\/p>\n<p><img loading=\"lazy\" decoding=\"async\" class=\"size-full wp-image-4788 alignleft\" src=\"https:\/\/alcala.salesianos.edu\/wp-content\/uploads\/2017\/10\/logo-ampa.jpg\" alt=\"\" width=\"259\" height=\"259\" \/>Celebrada el 13 de junio de 2018 Asamblea General para elegir los miembros de la Junta Directiva de la Asociaci\u00f3n de Madres y Padres de Alumnos \u201cDo\u00f1a Virginia Belloc\u201d, una vez recontados los votos, se dio el siguiente resultado:<\/p>\n<p>Votos emitidos, 83 votos. Votos v\u00e1lidos: 82 votos. Votos nulos: 1 voto.<\/p>\n<p>Votos emitidos a favor de cada candidato.<\/p>\n<p>\u00c1NGEL GUTI\u00c9RREZ OLIVEROS. 73 VOTOS.<\/p>\n<p>EVA G\u00d3MEZ ROMERO. 64 VOTOS.<\/p>\n<p>MAR\u00cdA DEL \u00c1GUILA RISUE\u00d1O DE LA LUZ. 64 VOTOS.<\/p>\n<p>ANTONIO JOS\u00c9 ALBA MALLADO. 61 VOTOS.<\/p>\n<p>ANTONIO CARLOS CARABALLO ORD\u00d3\u00d1EZ. 60 VOTOS.<\/p>\n<p>MAR\u00cdA DEL CARMEN OLLERO G\u00d3MEZ. 59 VOTOS.<\/p>\n<p>JOS\u00c9 MANUEL TERR\u00d3N G\u00d3MEZ. 58 VOTOS.<\/p>\n<p>YOLANDA RODR\u00cdGUEZ GARC\u00cdA. 57 VOTOS.<\/p>\n<p>INMACULADA ORD\u00d3\u00d1EZ JIM\u00c9NEZ. 56 VOTOS.<\/p>\n<p>MAR\u00cdA DEL PILAR MOR\u00d3N OJEDA. 55 VOTOS.<\/p>\n<p>MANUEL\u00a0 JES\u00daS MERINO TORRENS. 55 VOTOS.<\/p>\n<p>MAR\u00cdA JOS\u00c9\u00a0 ANGULO I\u00d1IGO. 53 VOTOS.<\/p>\n<p>MAR\u00cdA DEL AGUILA MORILLO GONZ\u00c1LEZ. 53 VOTOS.<\/p>\n<p>ROC\u00cdO CUBEROS HUERTAS, 49 VOTOS.<\/p>\n<p>SILVIA OLIVERA RODR\u00cdGUEZ. 49 VOTOS.<\/p>\n<p>MAR\u00cdA DEL CARMEN ALCAIDE RODR\u00cdGUEZ. 11\u00a0 VOTOS.<\/p>\n<p>SORAYA MELLADO TORREJ\u00d3N. 8 VOTOS.<\/p>\n<p>LOURDES ABELL\u00c1N FERR\u00c1NDIZ. 7 VOTOS.<\/p>\n<p>&nbsp;<\/p>\n<p>Fueron elegidos para ocupar los puestos de la Junta Directiva los quince candidatos m\u00e1s votados, que son los quince primeros relacionados en la lista.<\/p>\n<p>&nbsp;<\/p>\n<p>Para culminar el proceso, el 19 de junio tuvo lugar la constituci\u00f3n de la Junta Directiva y elecci\u00f3n de nuevos cargos, que son los que siguen:<\/p>\n<p><strong>\u00a0<\/strong><\/p>\n<p><strong>PRESIDENTE:<\/strong> ANGEL GUTIERREZ OLIVEROS.<\/p>\n<p><strong>VICEPRESIDENTA:<\/strong> YOLANDA RODRIGUEZ GARCIA.<\/p>\n<p><strong>SECRETARIA:<\/strong> MAR\u00cdA DEL \u00c1GUILA RISUE\u00d1O DE LA LUZ.<\/p>\n<p><strong>TESORERO:<\/strong> ANTONIO CARLOS CARABALLO ORD\u00d3\u00d1EZ.<\/p>\n<p><strong>VOCALES<\/strong>: EVA GOMEZ ROMERO, ANTONIO JOS\u00c9 ALBA MALLADO, INMACULADA ORD\u00d3\u00d1EZ JIM\u00c9NEZ (asesores de la Presidencia), MARIA DEL CARMEN OLLERO G\u00d3MEZ, JOSE MANUEL TERR\u00d3N G\u00d3MEZ, MAR\u00cdA DEL PILAR MOR\u00d3N OJEDA, MANUEL JES\u00daS MERINO TORRENS, MAR\u00cdA JOS\u00c9 ANGULO I\u00d1IGO, MAR\u00cdA DEL \u00c1GUILA MORILLO GONZ\u00c1LEZ, ROC\u00cdO CUBEROS HUERTAS y SILVIA OLIVERA RODR\u00cdGUEZ.<\/p>\n<p>[\/et_pb_text][\/et_pb_column][\/et_pb_row][\/et_pb_section]<\/p>\n","protected":false},"excerpt":{"rendered":"<p><div class=\"et_pb_row et_pb_row_0 et_pb_row_empty\">\n\t\t\t\t\n\t\t\t\t\n\t\t\t\t\n\t\t\t\t\n\t\t\t\t\n\t\t\t<\/div> Celebrada el 13 de junio de 2018 Asamblea General para elegir los miembros de la Junta Directiva de la Asociaci\u00f3n de Madres y Padres de Alumnos \u201cDo\u00f1a Virginia Belloc\u201d, una vez recontados los votos, se dio el siguiente resultado: Votos emitidos, 83 votos. Votos v\u00e1lidos: 82 votos. Votos nulos: 1 voto. Votos emitidos a [&hellip;]<\/p>\n","protected":false},"author":2,"featured_media":4788,"comment_status":"closed","ping_status":"open","sticky":false,"template":"","format":"standard","meta":{"_et_pb_use_builder":"on","_et_pb_old_content":"","_et_gb_content_width":"","footnotes":""},"categories":[12,19,13,17,14,15,18,16,1],"tags":[],"class_list":["post-10076","post","type-post","status-publish","format-standard","has-post-thumbnail","hentry","category-colegio","category-escuela-abierta","category-fasa","category-infantil","category-pastoral","category-portada","category-primaria","category-secundaria","category-uncategorized"],"yoast_head":"<!-- This site is optimized with the Yoast SEO plugin v28.4 - https:\/\/yoast.com\/product\/yoast-seo-wordpress\/ -->\n<title>Toma posesi\u00f3n la nueva junta directiva del A.M.P.A. - Colegio Salesiano Alcal\u00e1<\/title>\n<meta name=\"robots\" content=\"index, follow, max-snippet:-1, max-image-preview:large, max-video-preview:-1\" \/>\n<link rel=\"canonical\" href=\"https:\/\/alcala.salesianos.edu\/colegio\/blog\/2018\/06\/21\/toma-posesion-la-nueva-junta-directiva-del-a-m-p-a\/\" \/>\n<meta property=\"og:locale\" content=\"es_ES\" \/>\n<meta property=\"og:type\" content=\"article\" \/>\n<meta property=\"og:title\" content=\"Toma posesi\u00f3n la nueva junta directiva del A.M.P.A. - Colegio Salesiano Alcal\u00e1\" \/>\n<meta property=\"og:description\" content=\"Celebrada el 13 de junio de 2018 Asamblea General para elegir los miembros de la Junta Directiva de la Asociaci\u00f3n de Madres y Padres de Alumnos \u201cDo\u00f1a Virginia Belloc\u201d, una vez recontados los votos, se dio el siguiente resultado: Votos emitidos, 83 votos. Votos v\u00e1lidos: 82 votos. Votos nulos: 1 voto. Votos emitidos a [&hellip;]\" \/>\n<meta property=\"og:url\" content=\"https:\/\/alcala.salesianos.edu\/colegio\/blog\/2018\/06\/21\/toma-posesion-la-nueva-junta-directiva-del-a-m-p-a\/\" \/>\n<meta property=\"og:site_name\" content=\"Colegio Salesiano Alcal\u00e1\" \/>\n<meta property=\"article:published_time\" content=\"2018-06-21T14:46:44+00:00\" \/>\n<meta property=\"article:modified_time\" content=\"2025-08-27T08:01:36+00:00\" \/>\n<meta property=\"og:image\" content=\"https:\/\/alcala.salesianos.edu\/colegio\/wp-content\/uploads\/sites\/2\/2017\/11\/logo-ampa.jpg\" \/>\n\t<meta property=\"og:image:width\" content=\"1\" \/>\n\t<meta property=\"og:image:height\" content=\"1\" \/>\n\t<meta property=\"og:image:type\" content=\"image\/jpeg\" \/>\n<meta name=\"author\" content=\"Administrador Web\" \/>\n<meta name=\"twitter:card\" content=\"summary_large_image\" \/>\n<meta name=\"twitter:label1\" content=\"Escrito por\" \/>\n\t<meta name=\"twitter:data1\" content=\"Administrador Web\" \/>\n\t<meta name=\"twitter:label2\" content=\"Tiempo de lectura\" \/>\n\t<meta name=\"twitter:data2\" content=\"2 minutos\" \/>\n<script type=\"application\/ld+json\" class=\"yoast-schema-graph\">{\"@context\":\"https:\\\/\\\/schema.org\",\"@graph\":[{\"@type\":\"Article\",\"@id\":\"https:\\\/\\\/alcala.salesianos.edu\\\/colegio\\\/blog\\\/2018\\\/06\\\/21\\\/toma-posesion-la-nueva-junta-directiva-del-a-m-p-a\\\/#article\",\"isPartOf\":{\"@id\":\"https:\\\/\\\/alcala.salesianos.edu\\\/colegio\\\/blog\\\/2018\\\/06\\\/21\\\/toma-posesion-la-nueva-junta-directiva-del-a-m-p-a\\\/\"},\"author\":{\"name\":\"Administrador Web\",\"@id\":\"https:\\\/\\\/alcala.salesianos.edu\\\/colegio\\\/#\\\/schema\\\/person\\\/afcc24f776dc91fc2bf9afb0998fca77\"},\"headline\":\"Toma posesi\u00f3n la nueva junta directiva del A.M.P.A.\",\"datePublished\":\"2018-06-21T14:46:44+00:00\",\"dateModified\":\"2025-08-27T08:01:36+00:00\",\"mainEntityOfPage\":{\"@id\":\"https:\\\/\\\/alcala.salesianos.edu\\\/colegio\\\/blog\\\/2018\\\/06\\\/21\\\/toma-posesion-la-nueva-junta-directiva-del-a-m-p-a\\\/\"},\"wordCount\":357,\"image\":{\"@id\":\"https:\\\/\\\/alcala.salesianos.edu\\\/colegio\\\/blog\\\/2018\\\/06\\\/21\\\/toma-posesion-la-nueva-junta-directiva-del-a-m-p-a\\\/#primaryimage\"},\"thumbnailUrl\":\"https:\\\/\\\/alcala.salesianos.edu\\\/colegio\\\/wp-content\\\/uploads\\\/sites\\\/2\\\/2017\\\/11\\\/logo-ampa.jpg\",\"articleSection\":[\"Colegio\",\"Escuela abierta\",\"FASA\",\"Infantil\",\"Pastoral\",\"Portada\",\"Primaria\",\"Secundaria\",\"Uncategorized\"],\"inLanguage\":\"es\"},{\"@type\":\"WebPage\",\"@id\":\"https:\\\/\\\/alcala.salesianos.edu\\\/colegio\\\/blog\\\/2018\\\/06\\\/21\\\/toma-posesion-la-nueva-junta-directiva-del-a-m-p-a\\\/\",\"url\":\"https:\\\/\\\/alcala.salesianos.edu\\\/colegio\\\/blog\\\/2018\\\/06\\\/21\\\/toma-posesion-la-nueva-junta-directiva-del-a-m-p-a\\\/\",\"name\":\"Toma posesi\u00f3n la nueva junta directiva del A.M.P.A. - Colegio Salesiano Alcal\u00e1\",\"isPartOf\":{\"@id\":\"https:\\\/\\\/alcala.salesianos.edu\\\/colegio\\\/#website\"},\"primaryImageOfPage\":{\"@id\":\"https:\\\/\\\/alcala.salesianos.edu\\\/colegio\\\/blog\\\/2018\\\/06\\\/21\\\/toma-posesion-la-nueva-junta-directiva-del-a-m-p-a\\\/#primaryimage\"},\"image\":{\"@id\":\"https:\\\/\\\/alcala.salesianos.edu\\\/colegio\\\/blog\\\/2018\\\/06\\\/21\\\/toma-posesion-la-nueva-junta-directiva-del-a-m-p-a\\\/#primaryimage\"},\"thumbnailUrl\":\"https:\\\/\\\/alcala.salesianos.edu\\\/colegio\\\/wp-content\\\/uploads\\\/sites\\\/2\\\/2017\\\/11\\\/logo-ampa.jpg\",\"datePublished\":\"2018-06-21T14:46:44+00:00\",\"dateModified\":\"2025-08-27T08:01:36+00:00\",\"author\":{\"@id\":\"https:\\\/\\\/alcala.salesianos.edu\\\/colegio\\\/#\\\/schema\\\/person\\\/afcc24f776dc91fc2bf9afb0998fca77\"},\"breadcrumb\":{\"@id\":\"https:\\\/\\\/alcala.salesianos.edu\\\/colegio\\\/blog\\\/2018\\\/06\\\/21\\\/toma-posesion-la-nueva-junta-directiva-del-a-m-p-a\\\/#breadcrumb\"},\"inLanguage\":\"es\",\"potentialAction\":[{\"@type\":\"ReadAction\",\"target\":[\"https:\\\/\\\/alcala.salesianos.edu\\\/colegio\\\/blog\\\/2018\\\/06\\\/21\\\/toma-posesion-la-nueva-junta-directiva-del-a-m-p-a\\\/\"]}]},{\"@type\":\"ImageObject\",\"inLanguage\":\"es\",\"@id\":\"https:\\\/\\\/alcala.salesianos.edu\\\/colegio\\\/blog\\\/2018\\\/06\\\/21\\\/toma-posesion-la-nueva-junta-directiva-del-a-m-p-a\\\/#primaryimage\",\"url\":\"https:\\\/\\\/alcala.salesianos.edu\\\/colegio\\\/wp-content\\\/uploads\\\/sites\\\/2\\\/2017\\\/11\\\/logo-ampa.jpg\",\"contentUrl\":\"https:\\\/\\\/alcala.salesianos.edu\\\/colegio\\\/wp-content\\\/uploads\\\/sites\\\/2\\\/2017\\\/11\\\/logo-ampa.jpg\"},{\"@type\":\"BreadcrumbList\",\"@id\":\"https:\\\/\\\/alcala.salesianos.edu\\\/colegio\\\/blog\\\/2018\\\/06\\\/21\\\/toma-posesion-la-nueva-junta-directiva-del-a-m-p-a\\\/#breadcrumb\",\"itemListElement\":[{\"@type\":\"ListItem\",\"position\":1,\"name\":\"Portada\",\"item\":\"https:\\\/\\\/alcala.salesianos.edu\\\/colegio\\\/\"},{\"@type\":\"ListItem\",\"position\":2,\"name\":\"Toma posesi\u00f3n la nueva junta directiva del A.M.P.A.\"}]},{\"@type\":\"WebSite\",\"@id\":\"https:\\\/\\\/alcala.salesianos.edu\\\/colegio\\\/#website\",\"url\":\"https:\\\/\\\/alcala.salesianos.edu\\\/colegio\\\/\",\"name\":\"Colegio Salesiano Alcal\u00e1\",\"description\":\"P\u00e1gina oficial de Salesianos Alcal\u00e1 de Guadaira\",\"potentialAction\":[{\"@type\":\"SearchAction\",\"target\":{\"@type\":\"EntryPoint\",\"urlTemplate\":\"https:\\\/\\\/alcala.salesianos.edu\\\/colegio\\\/?s={search_term_string}\"},\"query-input\":{\"@type\":\"PropertyValueSpecification\",\"valueRequired\":true,\"valueName\":\"search_term_string\"}}],\"inLanguage\":\"es\"},{\"@type\":\"Person\",\"@id\":\"https:\\\/\\\/alcala.salesianos.edu\\\/colegio\\\/#\\\/schema\\\/person\\\/afcc24f776dc91fc2bf9afb0998fca77\",\"name\":\"Administrador Web\",\"image\":{\"@type\":\"ImageObject\",\"inLanguage\":\"es\",\"@id\":\"https:\\\/\\\/secure.gravatar.com\\\/avatar\\\/bc157e994689bd6da9645c00aa3bc4d55b727915b6652642660db0aef086585f?s=96&d=mm&r=g\",\"url\":\"https:\\\/\\\/secure.gravatar.com\\\/avatar\\\/bc157e994689bd6da9645c00aa3bc4d55b727915b6652642660db0aef086585f?s=96&d=mm&r=g\",\"contentUrl\":\"https:\\\/\\\/secure.gravatar.com\\\/avatar\\\/bc157e994689bd6da9645c00aa3bc4d55b727915b6652642660db0aef086585f?s=96&d=mm&r=g\",\"caption\":\"Administrador Web\"}}]}<\/script>\n<!-- \/ Yoast SEO plugin. -->","yoast_head_json":{"title":"Toma posesi\u00f3n la nueva junta directiva del A.M.P.A. - Colegio Salesiano Alcal\u00e1","robots":{"index":"index","follow":"follow","max-snippet":"max-snippet:-1","max-image-preview":"max-image-preview:large","max-video-preview":"max-video-preview:-1"},"canonical":"https:\/\/alcala.salesianos.edu\/colegio\/blog\/2018\/06\/21\/toma-posesion-la-nueva-junta-directiva-del-a-m-p-a\/","og_locale":"es_ES","og_type":"article","og_title":"Toma posesi\u00f3n la nueva junta directiva del A.M.P.A. - Colegio Salesiano Alcal\u00e1","og_description":"Celebrada el 13 de junio de 2018 Asamblea General para elegir los miembros de la Junta Directiva de la Asociaci\u00f3n de Madres y Padres de Alumnos \u201cDo\u00f1a Virginia Belloc\u201d, una vez recontados los votos, se dio el siguiente resultado: Votos emitidos, 83 votos. Votos v\u00e1lidos: 82 votos. Votos nulos: 1 voto. Votos emitidos a [&hellip;]","og_url":"https:\/\/alcala.salesianos.edu\/colegio\/blog\/2018\/06\/21\/toma-posesion-la-nueva-junta-directiva-del-a-m-p-a\/","og_site_name":"Colegio Salesiano Alcal\u00e1","article_published_time":"2018-06-21T14:46:44+00:00","article_modified_time":"2025-08-27T08:01:36+00:00","og_image":[{"url":"https:\/\/alcala.salesianos.edu\/colegio\/wp-content\/uploads\/sites\/2\/2017\/11\/logo-ampa.jpg","width":1,"height":1,"type":"image\/jpeg"}],"author":"Administrador Web","twitter_card":"summary_large_image","twitter_misc":{"Escrito por":"Administrador Web","Tiempo de lectura":"2 minutos"},"schema":{"@context":"https:\/\/schema.org","@graph":[{"@type":"Article","@id":"https:\/\/alcala.salesianos.edu\/colegio\/blog\/2018\/06\/21\/toma-posesion-la-nueva-junta-directiva-del-a-m-p-a\/#article","isPartOf":{"@id":"https:\/\/alcala.salesianos.edu\/colegio\/blog\/2018\/06\/21\/toma-posesion-la-nueva-junta-directiva-del-a-m-p-a\/"},"author":{"name":"Administrador Web","@id":"https:\/\/alcala.salesianos.edu\/colegio\/#\/schema\/person\/afcc24f776dc91fc2bf9afb0998fca77"},"headline":"Toma posesi\u00f3n la nueva junta directiva del A.M.P.A.","datePublished":"2018-06-21T14:46:44+00:00","dateModified":"2025-08-27T08:01:36+00:00","mainEntityOfPage":{"@id":"https:\/\/alcala.salesianos.edu\/colegio\/blog\/2018\/06\/21\/toma-posesion-la-nueva-junta-directiva-del-a-m-p-a\/"},"wordCount":357,"image":{"@id":"https:\/\/alcala.salesianos.edu\/colegio\/blog\/2018\/06\/21\/toma-posesion-la-nueva-junta-directiva-del-a-m-p-a\/#primaryimage"},"thumbnailUrl":"https:\/\/alcala.salesianos.edu\/colegio\/wp-content\/uploads\/sites\/2\/2017\/11\/logo-ampa.jpg","articleSection":["Colegio","Escuela abierta","FASA","Infantil","Pastoral","Portada","Primaria","Secundaria","Uncategorized"],"inLanguage":"es"},{"@type":"WebPage","@id":"https:\/\/alcala.salesianos.edu\/colegio\/blog\/2018\/06\/21\/toma-posesion-la-nueva-junta-directiva-del-a-m-p-a\/","url":"https:\/\/alcala.salesianos.edu\/colegio\/blog\/2018\/06\/21\/toma-posesion-la-nueva-junta-directiva-del-a-m-p-a\/","name":"Toma posesi\u00f3n la nueva junta directiva del A.M.P.A. - Colegio Salesiano Alcal\u00e1","isPartOf":{"@id":"https:\/\/alcala.salesianos.edu\/colegio\/#website"},"primaryImageOfPage":{"@id":"https:\/\/alcala.salesianos.edu\/colegio\/blog\/2018\/06\/21\/toma-posesion-la-nueva-junta-directiva-del-a-m-p-a\/#primaryimage"},"image":{"@id":"https:\/\/alcala.salesianos.edu\/colegio\/blog\/2018\/06\/21\/toma-posesion-la-nueva-junta-directiva-del-a-m-p-a\/#primaryimage"},"thumbnailUrl":"https:\/\/alcala.salesianos.edu\/colegio\/wp-content\/uploads\/sites\/2\/2017\/11\/logo-ampa.jpg","datePublished":"2018-06-21T14:46:44+00:00","dateModified":"2025-08-27T08:01:36+00:00","author":{"@id":"https:\/\/alcala.salesianos.edu\/colegio\/#\/schema\/person\/afcc24f776dc91fc2bf9afb0998fca77"},"breadcrumb":{"@id":"https:\/\/alcala.salesianos.edu\/colegio\/blog\/2018\/06\/21\/toma-posesion-la-nueva-junta-directiva-del-a-m-p-a\/#breadcrumb"},"inLanguage":"es","potentialAction":[{"@type":"ReadAction","target":["https:\/\/alcala.salesianos.edu\/colegio\/blog\/2018\/06\/21\/toma-posesion-la-nueva-junta-directiva-del-a-m-p-a\/"]}]},{"@type":"ImageObject","inLanguage":"es","@id":"https:\/\/alcala.salesianos.edu\/colegio\/blog\/2018\/06\/21\/toma-posesion-la-nueva-junta-directiva-del-a-m-p-a\/#primaryimage","url":"https:\/\/alcala.salesianos.edu\/colegio\/wp-content\/uploads\/sites\/2\/2017\/11\/logo-ampa.jpg","contentUrl":"https:\/\/alcala.salesianos.edu\/colegio\/wp-content\/uploads\/sites\/2\/2017\/11\/logo-ampa.jpg"},{"@type":"BreadcrumbList","@id":"https:\/\/alcala.salesianos.edu\/colegio\/blog\/2018\/06\/21\/toma-posesion-la-nueva-junta-directiva-del-a-m-p-a\/#breadcrumb","itemListElement":[{"@type":"ListItem","position":1,"name":"Portada","item":"https:\/\/alcala.salesianos.edu\/colegio\/"},{"@type":"ListItem","position":2,"name":"Toma posesi\u00f3n la nueva junta directiva del A.M.P.A."}]},{"@type":"WebSite","@id":"https:\/\/alcala.salesianos.edu\/colegio\/#website","url":"https:\/\/alcala.salesianos.edu\/colegio\/","name":"Colegio Salesiano Alcal\u00e1","description":"P\u00e1gina oficial de Salesianos Alcal\u00e1 de Guadaira","potentialAction":[{"@type":"SearchAction","target":{"@type":"EntryPoint","urlTemplate":"https:\/\/alcala.salesianos.edu\/colegio\/?s={search_term_string}"},"query-input":{"@type":"PropertyValueSpecification","valueRequired":true,"valueName":"search_term_string"}}],"inLanguage":"es"},{"@type":"Person","@id":"https:\/\/alcala.salesianos.edu\/colegio\/#\/schema\/person\/afcc24f776dc91fc2bf9afb0998fca77","name":"Administrador Web","image":{"@type":"ImageObject","inLanguage":"es","@id":"https:\/\/secure.gravatar.com\/avatar\/bc157e994689bd6da9645c00aa3bc4d55b727915b6652642660db0aef086585f?s=96&d=mm&r=g","url":"https:\/\/secure.gravatar.com\/avatar\/bc157e994689bd6da9645c00aa3bc4d55b727915b6652642660db0aef086585f?s=96&d=mm&r=g","contentUrl":"https:\/\/secure.gravatar.com\/avatar\/bc157e994689bd6da9645c00aa3bc4d55b727915b6652642660db0aef086585f?s=96&d=mm&r=g","caption":"Administrador Web"}}]}},"_links":{"self":[{"href":"https:\/\/alcala.salesianos.edu\/colegio\/wp-json\/wp\/v2\/posts\/10076","targetHints":{"allow":["GET"]}}],"collection":[{"href":"https:\/\/alcala.salesianos.edu\/colegio\/wp-json\/wp\/v2\/posts"}],"about":[{"href":"https:\/\/alcala.salesianos.edu\/colegio\/wp-json\/wp\/v2\/types\/post"}],"author":[{"embeddable":true,"href":"https:\/\/alcala.salesianos.edu\/colegio\/wp-json\/wp\/v2\/users\/2"}],"replies":[{"embeddable":true,"href":"https:\/\/alcala.salesianos.edu\/colegio\/wp-json\/wp\/v2\/comments?post=10076"}],"version-history":[{"count":13,"href":"https:\/\/alcala.salesianos.edu\/colegio\/wp-json\/wp\/v2\/posts\/10076\/revisions"}],"predecessor-version":[{"id":16514,"href":"https:\/\/alcala.salesianos.edu\/colegio\/wp-json\/wp\/v2\/posts\/10076\/revisions\/16514"}],"wp:featuredmedia":[{"embeddable":true,"href":"https:\/\/alcala.salesianos.edu\/colegio\/wp-json\/wp\/v2\/media\/4788"}],"wp:attachment":[{"href":"https:\/\/alcala.salesianos.edu\/colegio\/wp-json\/wp\/v2\/media?parent=10076"}],"wp:term":[{"taxonomy":"category","embeddable":true,"href":"https:\/\/alcala.salesianos.edu\/colegio\/wp-json\/wp\/v2\/categories?post=10076"},{"taxonomy":"post_tag","embeddable":true,"href":"https:\/\/alcala.salesianos.edu\/colegio\/wp-json\/wp\/v2\/tags?post=10076"}],"curies":[{"name":"wp","href":"https:\/\/api.w.org\/{rel}","templated":true}]}}