{"id":10071,"date":"2018-06-15T11:04:38","date_gmt":"2018-06-15T10:04:38","guid":{"rendered":"https:\/\/alcala.salesianos.edu\/colegio\/blog\/2018\/06\/15\/verbena\/"},"modified":"2025-08-27T09:01:37","modified_gmt":"2025-08-27T08:01:37","slug":"verbena","status":"publish","type":"post","link":"https:\/\/alcala.salesianos.edu\/colegio\/blog\/2018\/06\/15\/verbena\/","title":{"rendered":"Verbena"},"content":{"rendered":"<div id=\"fb-root\"><\/div>\n<p>[et_pb_section bb_built=\u00bb1&#8243;][et_pb_row][et_pb_column type=\u00bb4_4&#8243;][et_pb_text _builder_version=\u00bb3.0.105&#8243; background_layout=\u00bblight\u00bb]<\/p>\n<div><img loading=\"lazy\" decoding=\"async\" class=\" wp-image-5399 alignleft\" src=\"https:\/\/alcala.salesianos.edu\/wp-content\/uploads\/2018\/06\/verbena-212x300.jpeg\" alt=\"\" width=\"351\" height=\"497\" \/><\/div>\n<div><\/div>\n<div>Hoy viernes 15 de junio y ma\u00f1ana nuestro colegio celebrar\u00e1 la tradicional fiesta de la Comunidad Educativo &#8211; Pastoral de nuestra Casa.\u00a0 Los alumnos de nuestro colegio amenizar\u00e1n con grandes actuaciones las veladas, tambi\u00e9n contaremos con el Servicio bar, la t\u00f3mbola y una zona recreativa para los m\u00e1s peque\u00f1os de nuestra Casa.<\/div>\n<div><\/div>\n<div>Ser\u00e1 una gran oportunidad para que la Comunidad Salesiana de Alcal\u00e1 vivamos con intensidad un gran cierre de curso pastoral 2017-2018 en el que hemos vivido grandes momentos para recordar.<\/div>\n<div><\/div>\n<div><\/div>\n<h2 style=\"text-align: center;\">\u00a1VEN A TU VERBENA!<\/h2>\n<h2 style=\"text-align: center;\">\u00a1VEN A TU CASA!<\/h2>\n<p>[\/et_pb_text][\/et_pb_column][\/et_pb_row][\/et_pb_section]<\/p>\n","protected":false},"excerpt":{"rendered":"<p><div class=\"et_pb_row et_pb_row_0 et_pb_row_empty\">\n\t\t\t\t\n\t\t\t\t\n\t\t\t\t\n\t\t\t\t\n\t\t\t\t\n\t\t\t<\/div> Hoy viernes 15 de junio y ma\u00f1ana nuestro colegio celebrar\u00e1 la tradicional fiesta de la Comunidad Educativo &#8211; Pastoral de nuestra Casa.\u00a0 Los alumnos de nuestro colegio amenizar\u00e1n con grandes actuaciones las veladas, tambi\u00e9n contaremos con el Servicio bar, la t\u00f3mbola y una zona recreativa para los m\u00e1s peque\u00f1os de nuestra Casa. Ser\u00e1 una [&hellip;]<\/p>\n","protected":false},"author":2,"featured_media":0,"comment_status":"closed","ping_status":"open","sticky":false,"template":"","format":"standard","meta":{"_et_pb_use_builder":"on","_et_pb_old_content":"","_et_gb_content_width":"","footnotes":""},"categories":[12,19,13,17,14,15,18,16,1],"tags":[],"class_list":["post-10071","post","type-post","status-publish","format-standard","hentry","category-colegio","category-escuela-abierta","category-fasa","category-infantil","category-pastoral","category-portada","category-primaria","category-secundaria","category-uncategorized"],"yoast_head":"<!-- This site is optimized with the Yoast SEO plugin v28.4 - https:\/\/yoast.com\/product\/yoast-seo-wordpress\/ -->\n<title>Verbena - Colegio Salesiano Alcal\u00e1<\/title>\n<meta name=\"robots\" content=\"index, follow, max-snippet:-1, max-image-preview:large, max-video-preview:-1\" \/>\n<link rel=\"canonical\" href=\"https:\/\/alcala.salesianos.edu\/colegio\/blog\/2018\/06\/15\/verbena\/\" \/>\n<meta property=\"og:locale\" content=\"es_ES\" \/>\n<meta property=\"og:type\" content=\"article\" \/>\n<meta property=\"og:title\" content=\"Verbena - Colegio Salesiano Alcal\u00e1\" \/>\n<meta property=\"og:description\" content=\"Hoy viernes 15 de junio y ma\u00f1ana nuestro colegio celebrar\u00e1 la tradicional fiesta de la Comunidad Educativo - Pastoral de nuestra Casa.\u00a0 Los alumnos de nuestro colegio amenizar\u00e1n con grandes actuaciones las veladas, tambi\u00e9n contaremos con el Servicio bar, la t\u00f3mbola y una zona recreativa para los m\u00e1s peque\u00f1os de nuestra Casa. Ser\u00e1 una [&hellip;]\" \/>\n<meta property=\"og:url\" content=\"https:\/\/alcala.salesianos.edu\/colegio\/blog\/2018\/06\/15\/verbena\/\" \/>\n<meta property=\"og:site_name\" content=\"Colegio Salesiano Alcal\u00e1\" \/>\n<meta property=\"article:published_time\" content=\"2018-06-15T10:04:38+00:00\" \/>\n<meta property=\"article:modified_time\" content=\"2025-08-27T08:01:37+00:00\" \/>\n<meta name=\"author\" content=\"Administrador Web\" \/>\n<meta name=\"twitter:card\" content=\"summary_large_image\" \/>\n<meta name=\"twitter:label1\" content=\"Escrito por\" \/>\n\t<meta name=\"twitter:data1\" content=\"Administrador Web\" \/>\n\t<meta name=\"twitter:label2\" content=\"Tiempo de lectura\" \/>\n\t<meta name=\"twitter:data2\" content=\"1 minuto\" \/>\n<script type=\"application\/ld+json\" class=\"yoast-schema-graph\">{\"@context\":\"https:\\\/\\\/schema.org\",\"@graph\":[{\"@type\":\"Article\",\"@id\":\"https:\\\/\\\/alcala.salesianos.edu\\\/colegio\\\/blog\\\/2018\\\/06\\\/15\\\/verbena\\\/#article\",\"isPartOf\":{\"@id\":\"https:\\\/\\\/alcala.salesianos.edu\\\/colegio\\\/blog\\\/2018\\\/06\\\/15\\\/verbena\\\/\"},\"author\":{\"name\":\"Administrador Web\",\"@id\":\"https:\\\/\\\/alcala.salesianos.edu\\\/colegio\\\/#\\\/schema\\\/person\\\/afcc24f776dc91fc2bf9afb0998fca77\"},\"headline\":\"Verbena\",\"datePublished\":\"2018-06-15T10:04:38+00:00\",\"dateModified\":\"2025-08-27T08:01:37+00:00\",\"mainEntityOfPage\":{\"@id\":\"https:\\\/\\\/alcala.salesianos.edu\\\/colegio\\\/blog\\\/2018\\\/06\\\/15\\\/verbena\\\/\"},\"wordCount\":128,\"image\":{\"@id\":\"https:\\\/\\\/alcala.salesianos.edu\\\/colegio\\\/blog\\\/2018\\\/06\\\/15\\\/verbena\\\/#primaryimage\"},\"thumbnailUrl\":\"https:\\\/\\\/alcala.salesianos.edu\\\/wp-content\\\/uploads\\\/2018\\\/06\\\/verbena-212x300.jpeg\",\"articleSection\":[\"Colegio\",\"Escuela abierta\",\"FASA\",\"Infantil\",\"Pastoral\",\"Portada\",\"Primaria\",\"Secundaria\",\"Uncategorized\"],\"inLanguage\":\"es\"},{\"@type\":\"WebPage\",\"@id\":\"https:\\\/\\\/alcala.salesianos.edu\\\/colegio\\\/blog\\\/2018\\\/06\\\/15\\\/verbena\\\/\",\"url\":\"https:\\\/\\\/alcala.salesianos.edu\\\/colegio\\\/blog\\\/2018\\\/06\\\/15\\\/verbena\\\/\",\"name\":\"Verbena - Colegio Salesiano Alcal\u00e1\",\"isPartOf\":{\"@id\":\"https:\\\/\\\/alcala.salesianos.edu\\\/colegio\\\/#website\"},\"primaryImageOfPage\":{\"@id\":\"https:\\\/\\\/alcala.salesianos.edu\\\/colegio\\\/blog\\\/2018\\\/06\\\/15\\\/verbena\\\/#primaryimage\"},\"image\":{\"@id\":\"https:\\\/\\\/alcala.salesianos.edu\\\/colegio\\\/blog\\\/2018\\\/06\\\/15\\\/verbena\\\/#primaryimage\"},\"thumbnailUrl\":\"https:\\\/\\\/alcala.salesianos.edu\\\/wp-content\\\/uploads\\\/2018\\\/06\\\/verbena-212x300.jpeg\",\"datePublished\":\"2018-06-15T10:04:38+00:00\",\"dateModified\":\"2025-08-27T08:01:37+00:00\",\"author\":{\"@id\":\"https:\\\/\\\/alcala.salesianos.edu\\\/colegio\\\/#\\\/schema\\\/person\\\/afcc24f776dc91fc2bf9afb0998fca77\"},\"breadcrumb\":{\"@id\":\"https:\\\/\\\/alcala.salesianos.edu\\\/colegio\\\/blog\\\/2018\\\/06\\\/15\\\/verbena\\\/#breadcrumb\"},\"inLanguage\":\"es\",\"potentialAction\":[{\"@type\":\"ReadAction\",\"target\":[\"https:\\\/\\\/alcala.salesianos.edu\\\/colegio\\\/blog\\\/2018\\\/06\\\/15\\\/verbena\\\/\"]}]},{\"@type\":\"ImageObject\",\"inLanguage\":\"es\",\"@id\":\"https:\\\/\\\/alcala.salesianos.edu\\\/colegio\\\/blog\\\/2018\\\/06\\\/15\\\/verbena\\\/#primaryimage\",\"url\":\"https:\\\/\\\/alcala.salesianos.edu\\\/wp-content\\\/uploads\\\/2018\\\/06\\\/verbena-212x300.jpeg\",\"contentUrl\":\"https:\\\/\\\/alcala.salesianos.edu\\\/wp-content\\\/uploads\\\/2018\\\/06\\\/verbena-212x300.jpeg\"},{\"@type\":\"BreadcrumbList\",\"@id\":\"https:\\\/\\\/alcala.salesianos.edu\\\/colegio\\\/blog\\\/2018\\\/06\\\/15\\\/verbena\\\/#breadcrumb\",\"itemListElement\":[{\"@type\":\"ListItem\",\"position\":1,\"name\":\"Portada\",\"item\":\"https:\\\/\\\/alcala.salesianos.edu\\\/colegio\\\/\"},{\"@type\":\"ListItem\",\"position\":2,\"name\":\"Verbena\"}]},{\"@type\":\"WebSite\",\"@id\":\"https:\\\/\\\/alcala.salesianos.edu\\\/colegio\\\/#website\",\"url\":\"https:\\\/\\\/alcala.salesianos.edu\\\/colegio\\\/\",\"name\":\"Colegio Salesiano Alcal\u00e1\",\"description\":\"P\u00e1gina oficial de Salesianos Alcal\u00e1 de Guadaira\",\"potentialAction\":[{\"@type\":\"SearchAction\",\"target\":{\"@type\":\"EntryPoint\",\"urlTemplate\":\"https:\\\/\\\/alcala.salesianos.edu\\\/colegio\\\/?s={search_term_string}\"},\"query-input\":{\"@type\":\"PropertyValueSpecification\",\"valueRequired\":true,\"valueName\":\"search_term_string\"}}],\"inLanguage\":\"es\"},{\"@type\":\"Person\",\"@id\":\"https:\\\/\\\/alcala.salesianos.edu\\\/colegio\\\/#\\\/schema\\\/person\\\/afcc24f776dc91fc2bf9afb0998fca77\",\"name\":\"Administrador Web\",\"image\":{\"@type\":\"ImageObject\",\"inLanguage\":\"es\",\"@id\":\"https:\\\/\\\/secure.gravatar.com\\\/avatar\\\/bc157e994689bd6da9645c00aa3bc4d55b727915b6652642660db0aef086585f?s=96&d=mm&r=g\",\"url\":\"https:\\\/\\\/secure.gravatar.com\\\/avatar\\\/bc157e994689bd6da9645c00aa3bc4d55b727915b6652642660db0aef086585f?s=96&d=mm&r=g\",\"contentUrl\":\"https:\\\/\\\/secure.gravatar.com\\\/avatar\\\/bc157e994689bd6da9645c00aa3bc4d55b727915b6652642660db0aef086585f?s=96&d=mm&r=g\",\"caption\":\"Administrador Web\"}}]}<\/script>\n<!-- \/ Yoast SEO plugin. -->","yoast_head_json":{"title":"Verbena - Colegio Salesiano Alcal\u00e1","robots":{"index":"index","follow":"follow","max-snippet":"max-snippet:-1","max-image-preview":"max-image-preview:large","max-video-preview":"max-video-preview:-1"},"canonical":"https:\/\/alcala.salesianos.edu\/colegio\/blog\/2018\/06\/15\/verbena\/","og_locale":"es_ES","og_type":"article","og_title":"Verbena - Colegio Salesiano Alcal\u00e1","og_description":"Hoy viernes 15 de junio y ma\u00f1ana nuestro colegio celebrar\u00e1 la tradicional fiesta de la Comunidad Educativo - Pastoral de nuestra Casa.\u00a0 Los alumnos de nuestro colegio amenizar\u00e1n con grandes actuaciones las veladas, tambi\u00e9n contaremos con el Servicio bar, la t\u00f3mbola y una zona recreativa para los m\u00e1s peque\u00f1os de nuestra Casa. Ser\u00e1 una [&hellip;]","og_url":"https:\/\/alcala.salesianos.edu\/colegio\/blog\/2018\/06\/15\/verbena\/","og_site_name":"Colegio Salesiano Alcal\u00e1","article_published_time":"2018-06-15T10:04:38+00:00","article_modified_time":"2025-08-27T08:01:37+00:00","author":"Administrador Web","twitter_card":"summary_large_image","twitter_misc":{"Escrito por":"Administrador Web","Tiempo de lectura":"1 minuto"},"schema":{"@context":"https:\/\/schema.org","@graph":[{"@type":"Article","@id":"https:\/\/alcala.salesianos.edu\/colegio\/blog\/2018\/06\/15\/verbena\/#article","isPartOf":{"@id":"https:\/\/alcala.salesianos.edu\/colegio\/blog\/2018\/06\/15\/verbena\/"},"author":{"name":"Administrador Web","@id":"https:\/\/alcala.salesianos.edu\/colegio\/#\/schema\/person\/afcc24f776dc91fc2bf9afb0998fca77"},"headline":"Verbena","datePublished":"2018-06-15T10:04:38+00:00","dateModified":"2025-08-27T08:01:37+00:00","mainEntityOfPage":{"@id":"https:\/\/alcala.salesianos.edu\/colegio\/blog\/2018\/06\/15\/verbena\/"},"wordCount":128,"image":{"@id":"https:\/\/alcala.salesianos.edu\/colegio\/blog\/2018\/06\/15\/verbena\/#primaryimage"},"thumbnailUrl":"https:\/\/alcala.salesianos.edu\/wp-content\/uploads\/2018\/06\/verbena-212x300.jpeg","articleSection":["Colegio","Escuela abierta","FASA","Infantil","Pastoral","Portada","Primaria","Secundaria","Uncategorized"],"inLanguage":"es"},{"@type":"WebPage","@id":"https:\/\/alcala.salesianos.edu\/colegio\/blog\/2018\/06\/15\/verbena\/","url":"https:\/\/alcala.salesianos.edu\/colegio\/blog\/2018\/06\/15\/verbena\/","name":"Verbena - Colegio Salesiano Alcal\u00e1","isPartOf":{"@id":"https:\/\/alcala.salesianos.edu\/colegio\/#website"},"primaryImageOfPage":{"@id":"https:\/\/alcala.salesianos.edu\/colegio\/blog\/2018\/06\/15\/verbena\/#primaryimage"},"image":{"@id":"https:\/\/alcala.salesianos.edu\/colegio\/blog\/2018\/06\/15\/verbena\/#primaryimage"},"thumbnailUrl":"https:\/\/alcala.salesianos.edu\/wp-content\/uploads\/2018\/06\/verbena-212x300.jpeg","datePublished":"2018-06-15T10:04:38+00:00","dateModified":"2025-08-27T08:01:37+00:00","author":{"@id":"https:\/\/alcala.salesianos.edu\/colegio\/#\/schema\/person\/afcc24f776dc91fc2bf9afb0998fca77"},"breadcrumb":{"@id":"https:\/\/alcala.salesianos.edu\/colegio\/blog\/2018\/06\/15\/verbena\/#breadcrumb"},"inLanguage":"es","potentialAction":[{"@type":"ReadAction","target":["https:\/\/alcala.salesianos.edu\/colegio\/blog\/2018\/06\/15\/verbena\/"]}]},{"@type":"ImageObject","inLanguage":"es","@id":"https:\/\/alcala.salesianos.edu\/colegio\/blog\/2018\/06\/15\/verbena\/#primaryimage","url":"https:\/\/alcala.salesianos.edu\/wp-content\/uploads\/2018\/06\/verbena-212x300.jpeg","contentUrl":"https:\/\/alcala.salesianos.edu\/wp-content\/uploads\/2018\/06\/verbena-212x300.jpeg"},{"@type":"BreadcrumbList","@id":"https:\/\/alcala.salesianos.edu\/colegio\/blog\/2018\/06\/15\/verbena\/#breadcrumb","itemListElement":[{"@type":"ListItem","position":1,"name":"Portada","item":"https:\/\/alcala.salesianos.edu\/colegio\/"},{"@type":"ListItem","position":2,"name":"Verbena"}]},{"@type":"WebSite","@id":"https:\/\/alcala.salesianos.edu\/colegio\/#website","url":"https:\/\/alcala.salesianos.edu\/colegio\/","name":"Colegio Salesiano Alcal\u00e1","description":"P\u00e1gina oficial de Salesianos Alcal\u00e1 de Guadaira","potentialAction":[{"@type":"SearchAction","target":{"@type":"EntryPoint","urlTemplate":"https:\/\/alcala.salesianos.edu\/colegio\/?s={search_term_string}"},"query-input":{"@type":"PropertyValueSpecification","valueRequired":true,"valueName":"search_term_string"}}],"inLanguage":"es"},{"@type":"Person","@id":"https:\/\/alcala.salesianos.edu\/colegio\/#\/schema\/person\/afcc24f776dc91fc2bf9afb0998fca77","name":"Administrador Web","image":{"@type":"ImageObject","inLanguage":"es","@id":"https:\/\/secure.gravatar.com\/avatar\/bc157e994689bd6da9645c00aa3bc4d55b727915b6652642660db0aef086585f?s=96&d=mm&r=g","url":"https:\/\/secure.gravatar.com\/avatar\/bc157e994689bd6da9645c00aa3bc4d55b727915b6652642660db0aef086585f?s=96&d=mm&r=g","contentUrl":"https:\/\/secure.gravatar.com\/avatar\/bc157e994689bd6da9645c00aa3bc4d55b727915b6652642660db0aef086585f?s=96&d=mm&r=g","caption":"Administrador Web"}}]}},"_links":{"self":[{"href":"https:\/\/alcala.salesianos.edu\/colegio\/wp-json\/wp\/v2\/posts\/10071","targetHints":{"allow":["GET"]}}],"collection":[{"href":"https:\/\/alcala.salesianos.edu\/colegio\/wp-json\/wp\/v2\/posts"}],"about":[{"href":"https:\/\/alcala.salesianos.edu\/colegio\/wp-json\/wp\/v2\/types\/post"}],"author":[{"embeddable":true,"href":"https:\/\/alcala.salesianos.edu\/colegio\/wp-json\/wp\/v2\/users\/2"}],"replies":[{"embeddable":true,"href":"https:\/\/alcala.salesianos.edu\/colegio\/wp-json\/wp\/v2\/comments?post=10071"}],"version-history":[{"count":4,"href":"https:\/\/alcala.salesianos.edu\/colegio\/wp-json\/wp\/v2\/posts\/10071\/revisions"}],"predecessor-version":[{"id":16466,"href":"https:\/\/alcala.salesianos.edu\/colegio\/wp-json\/wp\/v2\/posts\/10071\/revisions\/16466"}],"wp:attachment":[{"href":"https:\/\/alcala.salesianos.edu\/colegio\/wp-json\/wp\/v2\/media?parent=10071"}],"wp:term":[{"taxonomy":"category","embeddable":true,"href":"https:\/\/alcala.salesianos.edu\/colegio\/wp-json\/wp\/v2\/categories?post=10071"},{"taxonomy":"post_tag","embeddable":true,"href":"https:\/\/alcala.salesianos.edu\/colegio\/wp-json\/wp\/v2\/tags?post=10071"}],"curies":[{"name":"wp","href":"https:\/\/api.w.org\/{rel}","templated":true}]}}