{"id":10050,"date":"2018-06-11T11:25:56","date_gmt":"2018-06-11T10:25:56","guid":{"rendered":"https:\/\/alcala.salesianos.edu\/colegio\/blog\/2018\/06\/11\/una-de-nuestras-alumnas-elegida-para-los-campus-cientificos-de-verano\/"},"modified":"2025-08-27T09:01:38","modified_gmt":"2025-08-27T08:01:38","slug":"una-de-nuestras-alumnas-elegida-para-los-campus-cientificos-de-verano","status":"publish","type":"post","link":"https:\/\/alcala.salesianos.edu\/colegio\/blog\/2018\/06\/11\/una-de-nuestras-alumnas-elegida-para-los-campus-cientificos-de-verano\/","title":{"rendered":"Una de nuestras alumnas elegida para los Campus cient\u00edficos de verano."},"content":{"rendered":"<div id=\"fb-root\"><\/div>\n<p>[et_pb_section bb_built=\u00bb1&#8243;][et_pb_row][et_pb_column type=\u00bb4_4&#8243;][et_pb_text _builder_version=\u00bb3.0.105&#8243; background_layout=\u00bblight\u00bb]<\/p>\n<p><img loading=\"lazy\" decoding=\"async\" class=\"size-medium wp-image-5385 alignleft\" src=\"https:\/\/alcala.salesianos.edu\/wp-content\/uploads\/2018\/06\/IMG_20180611_113214-300x168.jpg\" alt=\"\" width=\"300\" height=\"168\" \/>Estamos de enhorabuena. Nuestra alumna de 4\u00baESO, Ana \u00c1lvarez Vals, ha sido seleccionada de entre 3000 alumnos\/as de ESO de toda Espa\u00f1a por su magn\u00edfico expediente, para formar parte del grupo que asistir\u00e1 a los Campus cient\u00edficos de verano 2018.<\/p>\n<p>Esta beca pretende que los alumnos tengan una primera experiencia de contacto con la labor investigadora, a trav\u00e9s de su participaci\u00f3n en proyectos de acercamiento cient\u00edfico dise\u00f1ados y dirigidos por profesores universitarios del m\u00e1s alto nivel en colaboraci\u00f3n con profesores de ense\u00f1anza secundaria. En ellos, adem\u00e1s de trabajos pr\u00e1cticos y te\u00f3ricos, los alumnos llevan a cabo la presentaci\u00f3n p\u00fablica de los resultados obtenidos durante su participaci\u00f3n en los proyectos, lo que unido a actividades complementarias de ocio cient\u00edfico y cultural, conferencias y encuentros, hacen de ellos un instrumento eficaz para introducir a los alumnos en el mundo del aprendizaje y la investigaci\u00f3n cient\u00edfica y tecnol\u00f3gica.<\/p>\n<p>Nuestra alumna participar\u00e1 concretamente en el Proyecto \u201cEl agua, un valioso recurso a tratar y cuidar\u201d, del Campus de la Universidad de Extremadura. Ser\u00e1 una experiencia inolvidable de aprendizaje, que premiar\u00e1 el magn\u00edfico trabajo que Ana ha hecho durante toda su etapa en el colegio.<\/p>\n<p>Estamos muy orgullosos de que represente a nuestra casa y a toda la familia salesiana y le deseamos que viva muy intensamente la semana del Campus.<\/p>\n<p>Felicidades.<\/p>\n<p>[\/et_pb_text][\/et_pb_column][\/et_pb_row][\/et_pb_section]<\/p>\n","protected":false},"excerpt":{"rendered":"<p><div class=\"et_pb_row et_pb_row_0 et_pb_row_empty\">\n\t\t\t\t\n\t\t\t\t\n\t\t\t\t\n\t\t\t\t\n\t\t\t\t\n\t\t\t<\/div> Estamos de enhorabuena. Nuestra alumna de 4\u00baESO, Ana \u00c1lvarez Vals, ha sido seleccionada de entre 3000 alumnos\/as de ESO de toda Espa\u00f1a por su magn\u00edfico expediente, para formar parte del grupo que asistir\u00e1 a los Campus cient\u00edficos de verano 2018. Esta beca pretende que los alumnos tengan una primera experiencia de contacto con la [&hellip;]<\/p>\n","protected":false},"author":2,"featured_media":0,"comment_status":"closed","ping_status":"open","sticky":false,"template":"","format":"standard","meta":{"_et_pb_use_builder":"on","_et_pb_old_content":"","_et_gb_content_width":"","footnotes":""},"categories":[12,19,13,17,14,15,18,16,1],"tags":[],"class_list":["post-10050","post","type-post","status-publish","format-standard","hentry","category-colegio","category-escuela-abierta","category-fasa","category-infantil","category-pastoral","category-portada","category-primaria","category-secundaria","category-uncategorized"],"yoast_head":"<!-- This site is optimized with the Yoast SEO plugin v28.4 - https:\/\/yoast.com\/product\/yoast-seo-wordpress\/ -->\n<title>Una de nuestras alumnas elegida para los Campus cient\u00edficos de verano. - Colegio Salesiano Alcal\u00e1<\/title>\n<meta name=\"robots\" content=\"index, follow, max-snippet:-1, max-image-preview:large, max-video-preview:-1\" \/>\n<link rel=\"canonical\" href=\"https:\/\/alcala.salesianos.edu\/colegio\/blog\/2018\/06\/11\/una-de-nuestras-alumnas-elegida-para-los-campus-cientificos-de-verano\/\" \/>\n<meta property=\"og:locale\" content=\"es_ES\" \/>\n<meta property=\"og:type\" content=\"article\" \/>\n<meta property=\"og:title\" content=\"Una de nuestras alumnas elegida para los Campus cient\u00edficos de verano. - Colegio Salesiano Alcal\u00e1\" \/>\n<meta property=\"og:description\" content=\"Estamos de enhorabuena. Nuestra alumna de 4\u00baESO, Ana \u00c1lvarez Vals, ha sido seleccionada de entre 3000 alumnos\/as de ESO de toda Espa\u00f1a por su magn\u00edfico expediente, para formar parte del grupo que asistir\u00e1 a los Campus cient\u00edficos de verano 2018. Esta beca pretende que los alumnos tengan una primera experiencia de contacto con la [&hellip;]\" \/>\n<meta property=\"og:url\" content=\"https:\/\/alcala.salesianos.edu\/colegio\/blog\/2018\/06\/11\/una-de-nuestras-alumnas-elegida-para-los-campus-cientificos-de-verano\/\" \/>\n<meta property=\"og:site_name\" content=\"Colegio Salesiano Alcal\u00e1\" \/>\n<meta property=\"article:published_time\" content=\"2018-06-11T10:25:56+00:00\" \/>\n<meta property=\"article:modified_time\" content=\"2025-08-27T08:01:38+00:00\" \/>\n<meta name=\"author\" content=\"Administrador Web\" \/>\n<meta name=\"twitter:card\" content=\"summary_large_image\" \/>\n<meta name=\"twitter:label1\" content=\"Escrito por\" \/>\n\t<meta name=\"twitter:data1\" content=\"Administrador Web\" \/>\n\t<meta name=\"twitter:label2\" content=\"Tiempo de lectura\" \/>\n\t<meta name=\"twitter:data2\" content=\"1 minuto\" \/>\n<script type=\"application\/ld+json\" class=\"yoast-schema-graph\">{\"@context\":\"https:\\\/\\\/schema.org\",\"@graph\":[{\"@type\":\"Article\",\"@id\":\"https:\\\/\\\/alcala.salesianos.edu\\\/colegio\\\/blog\\\/2018\\\/06\\\/11\\\/una-de-nuestras-alumnas-elegida-para-los-campus-cientificos-de-verano\\\/#article\",\"isPartOf\":{\"@id\":\"https:\\\/\\\/alcala.salesianos.edu\\\/colegio\\\/blog\\\/2018\\\/06\\\/11\\\/una-de-nuestras-alumnas-elegida-para-los-campus-cientificos-de-verano\\\/\"},\"author\":{\"name\":\"Administrador Web\",\"@id\":\"https:\\\/\\\/alcala.salesianos.edu\\\/colegio\\\/#\\\/schema\\\/person\\\/afcc24f776dc91fc2bf9afb0998fca77\"},\"headline\":\"Una de nuestras alumnas elegida para los Campus cient\u00edficos de verano.\",\"datePublished\":\"2018-06-11T10:25:56+00:00\",\"dateModified\":\"2025-08-27T08:01:38+00:00\",\"mainEntityOfPage\":{\"@id\":\"https:\\\/\\\/alcala.salesianos.edu\\\/colegio\\\/blog\\\/2018\\\/06\\\/11\\\/una-de-nuestras-alumnas-elegida-para-los-campus-cientificos-de-verano\\\/\"},\"wordCount\":281,\"image\":{\"@id\":\"https:\\\/\\\/alcala.salesianos.edu\\\/colegio\\\/blog\\\/2018\\\/06\\\/11\\\/una-de-nuestras-alumnas-elegida-para-los-campus-cientificos-de-verano\\\/#primaryimage\"},\"thumbnailUrl\":\"https:\\\/\\\/alcala.salesianos.edu\\\/wp-content\\\/uploads\\\/2018\\\/06\\\/IMG_20180611_113214-300x168.jpg\",\"articleSection\":[\"Colegio\",\"Escuela abierta\",\"FASA\",\"Infantil\",\"Pastoral\",\"Portada\",\"Primaria\",\"Secundaria\",\"Uncategorized\"],\"inLanguage\":\"es\"},{\"@type\":\"WebPage\",\"@id\":\"https:\\\/\\\/alcala.salesianos.edu\\\/colegio\\\/blog\\\/2018\\\/06\\\/11\\\/una-de-nuestras-alumnas-elegida-para-los-campus-cientificos-de-verano\\\/\",\"url\":\"https:\\\/\\\/alcala.salesianos.edu\\\/colegio\\\/blog\\\/2018\\\/06\\\/11\\\/una-de-nuestras-alumnas-elegida-para-los-campus-cientificos-de-verano\\\/\",\"name\":\"Una de nuestras alumnas elegida para los Campus cient\u00edficos de verano. - Colegio Salesiano Alcal\u00e1\",\"isPartOf\":{\"@id\":\"https:\\\/\\\/alcala.salesianos.edu\\\/colegio\\\/#website\"},\"primaryImageOfPage\":{\"@id\":\"https:\\\/\\\/alcala.salesianos.edu\\\/colegio\\\/blog\\\/2018\\\/06\\\/11\\\/una-de-nuestras-alumnas-elegida-para-los-campus-cientificos-de-verano\\\/#primaryimage\"},\"image\":{\"@id\":\"https:\\\/\\\/alcala.salesianos.edu\\\/colegio\\\/blog\\\/2018\\\/06\\\/11\\\/una-de-nuestras-alumnas-elegida-para-los-campus-cientificos-de-verano\\\/#primaryimage\"},\"thumbnailUrl\":\"https:\\\/\\\/alcala.salesianos.edu\\\/wp-content\\\/uploads\\\/2018\\\/06\\\/IMG_20180611_113214-300x168.jpg\",\"datePublished\":\"2018-06-11T10:25:56+00:00\",\"dateModified\":\"2025-08-27T08:01:38+00:00\",\"author\":{\"@id\":\"https:\\\/\\\/alcala.salesianos.edu\\\/colegio\\\/#\\\/schema\\\/person\\\/afcc24f776dc91fc2bf9afb0998fca77\"},\"breadcrumb\":{\"@id\":\"https:\\\/\\\/alcala.salesianos.edu\\\/colegio\\\/blog\\\/2018\\\/06\\\/11\\\/una-de-nuestras-alumnas-elegida-para-los-campus-cientificos-de-verano\\\/#breadcrumb\"},\"inLanguage\":\"es\",\"potentialAction\":[{\"@type\":\"ReadAction\",\"target\":[\"https:\\\/\\\/alcala.salesianos.edu\\\/colegio\\\/blog\\\/2018\\\/06\\\/11\\\/una-de-nuestras-alumnas-elegida-para-los-campus-cientificos-de-verano\\\/\"]}]},{\"@type\":\"ImageObject\",\"inLanguage\":\"es\",\"@id\":\"https:\\\/\\\/alcala.salesianos.edu\\\/colegio\\\/blog\\\/2018\\\/06\\\/11\\\/una-de-nuestras-alumnas-elegida-para-los-campus-cientificos-de-verano\\\/#primaryimage\",\"url\":\"https:\\\/\\\/alcala.salesianos.edu\\\/wp-content\\\/uploads\\\/2018\\\/06\\\/IMG_20180611_113214-300x168.jpg\",\"contentUrl\":\"https:\\\/\\\/alcala.salesianos.edu\\\/wp-content\\\/uploads\\\/2018\\\/06\\\/IMG_20180611_113214-300x168.jpg\"},{\"@type\":\"BreadcrumbList\",\"@id\":\"https:\\\/\\\/alcala.salesianos.edu\\\/colegio\\\/blog\\\/2018\\\/06\\\/11\\\/una-de-nuestras-alumnas-elegida-para-los-campus-cientificos-de-verano\\\/#breadcrumb\",\"itemListElement\":[{\"@type\":\"ListItem\",\"position\":1,\"name\":\"Portada\",\"item\":\"https:\\\/\\\/alcala.salesianos.edu\\\/colegio\\\/\"},{\"@type\":\"ListItem\",\"position\":2,\"name\":\"Una de nuestras alumnas elegida para los Campus cient\u00edficos de verano.\"}]},{\"@type\":\"WebSite\",\"@id\":\"https:\\\/\\\/alcala.salesianos.edu\\\/colegio\\\/#website\",\"url\":\"https:\\\/\\\/alcala.salesianos.edu\\\/colegio\\\/\",\"name\":\"Colegio Salesiano Alcal\u00e1\",\"description\":\"P\u00e1gina oficial de Salesianos Alcal\u00e1 de Guadaira\",\"potentialAction\":[{\"@type\":\"SearchAction\",\"target\":{\"@type\":\"EntryPoint\",\"urlTemplate\":\"https:\\\/\\\/alcala.salesianos.edu\\\/colegio\\\/?s={search_term_string}\"},\"query-input\":{\"@type\":\"PropertyValueSpecification\",\"valueRequired\":true,\"valueName\":\"search_term_string\"}}],\"inLanguage\":\"es\"},{\"@type\":\"Person\",\"@id\":\"https:\\\/\\\/alcala.salesianos.edu\\\/colegio\\\/#\\\/schema\\\/person\\\/afcc24f776dc91fc2bf9afb0998fca77\",\"name\":\"Administrador Web\",\"image\":{\"@type\":\"ImageObject\",\"inLanguage\":\"es\",\"@id\":\"https:\\\/\\\/secure.gravatar.com\\\/avatar\\\/bc157e994689bd6da9645c00aa3bc4d55b727915b6652642660db0aef086585f?s=96&d=mm&r=g\",\"url\":\"https:\\\/\\\/secure.gravatar.com\\\/avatar\\\/bc157e994689bd6da9645c00aa3bc4d55b727915b6652642660db0aef086585f?s=96&d=mm&r=g\",\"contentUrl\":\"https:\\\/\\\/secure.gravatar.com\\\/avatar\\\/bc157e994689bd6da9645c00aa3bc4d55b727915b6652642660db0aef086585f?s=96&d=mm&r=g\",\"caption\":\"Administrador Web\"}}]}<\/script>\n<!-- \/ Yoast SEO plugin. -->","yoast_head_json":{"title":"Una de nuestras alumnas elegida para los Campus cient\u00edficos de verano. - Colegio Salesiano Alcal\u00e1","robots":{"index":"index","follow":"follow","max-snippet":"max-snippet:-1","max-image-preview":"max-image-preview:large","max-video-preview":"max-video-preview:-1"},"canonical":"https:\/\/alcala.salesianos.edu\/colegio\/blog\/2018\/06\/11\/una-de-nuestras-alumnas-elegida-para-los-campus-cientificos-de-verano\/","og_locale":"es_ES","og_type":"article","og_title":"Una de nuestras alumnas elegida para los Campus cient\u00edficos de verano. - Colegio Salesiano Alcal\u00e1","og_description":"Estamos de enhorabuena. Nuestra alumna de 4\u00baESO, Ana \u00c1lvarez Vals, ha sido seleccionada de entre 3000 alumnos\/as de ESO de toda Espa\u00f1a por su magn\u00edfico expediente, para formar parte del grupo que asistir\u00e1 a los Campus cient\u00edficos de verano 2018. Esta beca pretende que los alumnos tengan una primera experiencia de contacto con la [&hellip;]","og_url":"https:\/\/alcala.salesianos.edu\/colegio\/blog\/2018\/06\/11\/una-de-nuestras-alumnas-elegida-para-los-campus-cientificos-de-verano\/","og_site_name":"Colegio Salesiano Alcal\u00e1","article_published_time":"2018-06-11T10:25:56+00:00","article_modified_time":"2025-08-27T08:01:38+00:00","author":"Administrador Web","twitter_card":"summary_large_image","twitter_misc":{"Escrito por":"Administrador Web","Tiempo de lectura":"1 minuto"},"schema":{"@context":"https:\/\/schema.org","@graph":[{"@type":"Article","@id":"https:\/\/alcala.salesianos.edu\/colegio\/blog\/2018\/06\/11\/una-de-nuestras-alumnas-elegida-para-los-campus-cientificos-de-verano\/#article","isPartOf":{"@id":"https:\/\/alcala.salesianos.edu\/colegio\/blog\/2018\/06\/11\/una-de-nuestras-alumnas-elegida-para-los-campus-cientificos-de-verano\/"},"author":{"name":"Administrador Web","@id":"https:\/\/alcala.salesianos.edu\/colegio\/#\/schema\/person\/afcc24f776dc91fc2bf9afb0998fca77"},"headline":"Una de nuestras alumnas elegida para los Campus cient\u00edficos de verano.","datePublished":"2018-06-11T10:25:56+00:00","dateModified":"2025-08-27T08:01:38+00:00","mainEntityOfPage":{"@id":"https:\/\/alcala.salesianos.edu\/colegio\/blog\/2018\/06\/11\/una-de-nuestras-alumnas-elegida-para-los-campus-cientificos-de-verano\/"},"wordCount":281,"image":{"@id":"https:\/\/alcala.salesianos.edu\/colegio\/blog\/2018\/06\/11\/una-de-nuestras-alumnas-elegida-para-los-campus-cientificos-de-verano\/#primaryimage"},"thumbnailUrl":"https:\/\/alcala.salesianos.edu\/wp-content\/uploads\/2018\/06\/IMG_20180611_113214-300x168.jpg","articleSection":["Colegio","Escuela abierta","FASA","Infantil","Pastoral","Portada","Primaria","Secundaria","Uncategorized"],"inLanguage":"es"},{"@type":"WebPage","@id":"https:\/\/alcala.salesianos.edu\/colegio\/blog\/2018\/06\/11\/una-de-nuestras-alumnas-elegida-para-los-campus-cientificos-de-verano\/","url":"https:\/\/alcala.salesianos.edu\/colegio\/blog\/2018\/06\/11\/una-de-nuestras-alumnas-elegida-para-los-campus-cientificos-de-verano\/","name":"Una de nuestras alumnas elegida para los Campus cient\u00edficos de verano. - Colegio Salesiano Alcal\u00e1","isPartOf":{"@id":"https:\/\/alcala.salesianos.edu\/colegio\/#website"},"primaryImageOfPage":{"@id":"https:\/\/alcala.salesianos.edu\/colegio\/blog\/2018\/06\/11\/una-de-nuestras-alumnas-elegida-para-los-campus-cientificos-de-verano\/#primaryimage"},"image":{"@id":"https:\/\/alcala.salesianos.edu\/colegio\/blog\/2018\/06\/11\/una-de-nuestras-alumnas-elegida-para-los-campus-cientificos-de-verano\/#primaryimage"},"thumbnailUrl":"https:\/\/alcala.salesianos.edu\/wp-content\/uploads\/2018\/06\/IMG_20180611_113214-300x168.jpg","datePublished":"2018-06-11T10:25:56+00:00","dateModified":"2025-08-27T08:01:38+00:00","author":{"@id":"https:\/\/alcala.salesianos.edu\/colegio\/#\/schema\/person\/afcc24f776dc91fc2bf9afb0998fca77"},"breadcrumb":{"@id":"https:\/\/alcala.salesianos.edu\/colegio\/blog\/2018\/06\/11\/una-de-nuestras-alumnas-elegida-para-los-campus-cientificos-de-verano\/#breadcrumb"},"inLanguage":"es","potentialAction":[{"@type":"ReadAction","target":["https:\/\/alcala.salesianos.edu\/colegio\/blog\/2018\/06\/11\/una-de-nuestras-alumnas-elegida-para-los-campus-cientificos-de-verano\/"]}]},{"@type":"ImageObject","inLanguage":"es","@id":"https:\/\/alcala.salesianos.edu\/colegio\/blog\/2018\/06\/11\/una-de-nuestras-alumnas-elegida-para-los-campus-cientificos-de-verano\/#primaryimage","url":"https:\/\/alcala.salesianos.edu\/wp-content\/uploads\/2018\/06\/IMG_20180611_113214-300x168.jpg","contentUrl":"https:\/\/alcala.salesianos.edu\/wp-content\/uploads\/2018\/06\/IMG_20180611_113214-300x168.jpg"},{"@type":"BreadcrumbList","@id":"https:\/\/alcala.salesianos.edu\/colegio\/blog\/2018\/06\/11\/una-de-nuestras-alumnas-elegida-para-los-campus-cientificos-de-verano\/#breadcrumb","itemListElement":[{"@type":"ListItem","position":1,"name":"Portada","item":"https:\/\/alcala.salesianos.edu\/colegio\/"},{"@type":"ListItem","position":2,"name":"Una de nuestras alumnas elegida para los Campus cient\u00edficos de verano."}]},{"@type":"WebSite","@id":"https:\/\/alcala.salesianos.edu\/colegio\/#website","url":"https:\/\/alcala.salesianos.edu\/colegio\/","name":"Colegio Salesiano Alcal\u00e1","description":"P\u00e1gina oficial de Salesianos Alcal\u00e1 de Guadaira","potentialAction":[{"@type":"SearchAction","target":{"@type":"EntryPoint","urlTemplate":"https:\/\/alcala.salesianos.edu\/colegio\/?s={search_term_string}"},"query-input":{"@type":"PropertyValueSpecification","valueRequired":true,"valueName":"search_term_string"}}],"inLanguage":"es"},{"@type":"Person","@id":"https:\/\/alcala.salesianos.edu\/colegio\/#\/schema\/person\/afcc24f776dc91fc2bf9afb0998fca77","name":"Administrador Web","image":{"@type":"ImageObject","inLanguage":"es","@id":"https:\/\/secure.gravatar.com\/avatar\/bc157e994689bd6da9645c00aa3bc4d55b727915b6652642660db0aef086585f?s=96&d=mm&r=g","url":"https:\/\/secure.gravatar.com\/avatar\/bc157e994689bd6da9645c00aa3bc4d55b727915b6652642660db0aef086585f?s=96&d=mm&r=g","contentUrl":"https:\/\/secure.gravatar.com\/avatar\/bc157e994689bd6da9645c00aa3bc4d55b727915b6652642660db0aef086585f?s=96&d=mm&r=g","caption":"Administrador Web"}}]}},"_links":{"self":[{"href":"https:\/\/alcala.salesianos.edu\/colegio\/wp-json\/wp\/v2\/posts\/10050","targetHints":{"allow":["GET"]}}],"collection":[{"href":"https:\/\/alcala.salesianos.edu\/colegio\/wp-json\/wp\/v2\/posts"}],"about":[{"href":"https:\/\/alcala.salesianos.edu\/colegio\/wp-json\/wp\/v2\/types\/post"}],"author":[{"embeddable":true,"href":"https:\/\/alcala.salesianos.edu\/colegio\/wp-json\/wp\/v2\/users\/2"}],"replies":[{"embeddable":true,"href":"https:\/\/alcala.salesianos.edu\/colegio\/wp-json\/wp\/v2\/comments?post=10050"}],"version-history":[{"count":4,"href":"https:\/\/alcala.salesianos.edu\/colegio\/wp-json\/wp\/v2\/posts\/10050\/revisions"}],"predecessor-version":[{"id":16469,"href":"https:\/\/alcala.salesianos.edu\/colegio\/wp-json\/wp\/v2\/posts\/10050\/revisions\/16469"}],"wp:attachment":[{"href":"https:\/\/alcala.salesianos.edu\/colegio\/wp-json\/wp\/v2\/media?parent=10050"}],"wp:term":[{"taxonomy":"category","embeddable":true,"href":"https:\/\/alcala.salesianos.edu\/colegio\/wp-json\/wp\/v2\/categories?post=10050"},{"taxonomy":"post_tag","embeddable":true,"href":"https:\/\/alcala.salesianos.edu\/colegio\/wp-json\/wp\/v2\/tags?post=10050"}],"curies":[{"name":"wp","href":"https:\/\/api.w.org\/{rel}","templated":true}]}}