{"id":10045,"date":"2018-06-11T05:39:35","date_gmt":"2018-06-11T04:39:35","guid":{"rendered":"https:\/\/alcala.salesianos.edu\/colegio\/blog\/2018\/06\/11\/acto-de-presentacion-de-robotica\/"},"modified":"2025-08-27T09:01:38","modified_gmt":"2025-08-27T08:01:38","slug":"acto-de-presentacion-de-robotica","status":"publish","type":"post","link":"https:\/\/alcala.salesianos.edu\/colegio\/blog\/2018\/06\/11\/acto-de-presentacion-de-robotica\/","title":{"rendered":"Acto de presentaci\u00f3n de rob\u00f3tica"},"content":{"rendered":"<div id=\"fb-root\"><\/div>\n<p>[et_pb_section bb_built=\u00bb1&#8243;][et_pb_row][et_pb_column type=\u00bb4_4&#8243;][et_pb_text _builder_version=\u00bb3.0.105&#8243; background_layout=\u00bblight\u00bb]<\/p>\n<p class=\"m_3699943499484910160m_-471026269293749593gmail-MsoListParagraphCxSpFirst\"><img loading=\"lazy\" decoding=\"async\" class=\"size-medium wp-image-5354 alignleft\" src=\"https:\/\/alcala.salesianos.edu\/wp-content\/uploads\/2018\/05\/WhatsApp-Image-2018-05-30-at-08.21.05-300x166.jpeg\" alt=\"\" width=\"300\" height=\"166\" \/>El pr\u00f3ximo mi\u00e9rcoles 13 de junio, a las 10:00, tendr\u00e1 lugar el Acto de presentaci\u00f3n de la Rob\u00f3tica en el Centro. Ser\u00e1 un momento bonito en el que se exhibir\u00e1n las novedades en Rob\u00f3tica que el proyecto \u201cMi colegio 2020\u201d ha ido incorporando al nuestra casa, as\u00ed como los avances que se van dando en aquellas acciones que ya se ven\u00edan haciendo desde hace unos a\u00f1os<\/p>\n<p class=\"m_3699943499484910160m_-471026269293749593gmail-MsoListParagraphCxSpMiddle\">Para este acto se ha invitado a todos los padres y madres delegadas, as\u00ed como a miembros colaboradores de nuestra casa.\u00a0Durante esa hora asistir\u00e1n los delegados de cada clase y algunos alumnos que\u00a0 realicen la exhibici\u00f3n.<\/p>\n<p class=\"m_3699943499484910160m_-471026269293749593gmail-MsoListParagraphCxSpMiddle\">Infantil y el primer ciclo de Primaria mostrar\u00e1 las Bee-Bots y los alumnos del segundo ciclo de primaria ense\u00f1ar\u00e1n la construcci\u00f3n y programaci\u00f3n de robots a trav\u00e9s de Lego WeDo. Desde Secundaria, un grupo de alumnos de tercero presentar\u00e1 proyectos con acciones programadas mediante un programador realizado por ellos, proyectos con circuito electr\u00f3nico y proyectos con Arduino.<\/p>\n<p class=\"m_3699943499484910160m_-471026269293749593gmail-MsoListParagraphCxSpMiddle\">El acto, que tendr\u00e1 una presentaci\u00f3n formal a cargo del director titular y director de centro, siendo coordinado por nuestra maestra Paula D\u00edaz y en \u00e9l est\u00e1n colaborando tambi\u00e9n los maestros responsables de tecnolog\u00eda y rob\u00f3tica del colegio.<\/p>\n<p>[\/et_pb_text][\/et_pb_column][\/et_pb_row][\/et_pb_section]<\/p>\n","protected":false},"excerpt":{"rendered":"<p><div class=\"et_pb_row et_pb_row_0 et_pb_row_empty\">\n\t\t\t\t\n\t\t\t\t\n\t\t\t\t\n\t\t\t\t\n\t\t\t\t\n\t\t\t<\/div> El pr\u00f3ximo mi\u00e9rcoles 13 de junio, a las 10:00, tendr\u00e1 lugar el Acto de presentaci\u00f3n de la Rob\u00f3tica en el Centro. Ser\u00e1 un momento bonito en el que se exhibir\u00e1n las novedades en Rob\u00f3tica que el proyecto \u201cMi colegio 2020\u201d ha ido incorporando al nuestra casa, as\u00ed como los avances que se van dando [&hellip;]<\/p>\n","protected":false},"author":2,"featured_media":0,"comment_status":"closed","ping_status":"open","sticky":false,"template":"","format":"standard","meta":{"_et_pb_use_builder":"on","_et_pb_old_content":"","_et_gb_content_width":"","footnotes":""},"categories":[12,19,13,17,14,15,18,16,1],"tags":[],"class_list":["post-10045","post","type-post","status-publish","format-standard","hentry","category-colegio","category-escuela-abierta","category-fasa","category-infantil","category-pastoral","category-portada","category-primaria","category-secundaria","category-uncategorized"],"yoast_head":"<!-- This site is optimized with the Yoast SEO plugin v28.4 - https:\/\/yoast.com\/product\/yoast-seo-wordpress\/ -->\n<title>Acto de presentaci\u00f3n de rob\u00f3tica - Colegio Salesiano Alcal\u00e1<\/title>\n<meta name=\"robots\" content=\"index, follow, max-snippet:-1, max-image-preview:large, max-video-preview:-1\" \/>\n<link rel=\"canonical\" href=\"https:\/\/alcala.salesianos.edu\/colegio\/blog\/2018\/06\/11\/acto-de-presentacion-de-robotica\/\" \/>\n<meta property=\"og:locale\" content=\"es_ES\" \/>\n<meta property=\"og:type\" content=\"article\" \/>\n<meta property=\"og:title\" content=\"Acto de presentaci\u00f3n de rob\u00f3tica - Colegio Salesiano Alcal\u00e1\" \/>\n<meta property=\"og:description\" content=\"El pr\u00f3ximo mi\u00e9rcoles 13 de junio, a las 10:00, tendr\u00e1 lugar el Acto de presentaci\u00f3n de la Rob\u00f3tica en el Centro. Ser\u00e1 un momento bonito en el que se exhibir\u00e1n las novedades en Rob\u00f3tica que el proyecto \u201cMi colegio 2020\u201d ha ido incorporando al nuestra casa, as\u00ed como los avances que se van dando [&hellip;]\" \/>\n<meta property=\"og:url\" content=\"https:\/\/alcala.salesianos.edu\/colegio\/blog\/2018\/06\/11\/acto-de-presentacion-de-robotica\/\" \/>\n<meta property=\"og:site_name\" content=\"Colegio Salesiano Alcal\u00e1\" \/>\n<meta property=\"article:published_time\" content=\"2018-06-11T04:39:35+00:00\" \/>\n<meta property=\"article:modified_time\" content=\"2025-08-27T08:01:38+00:00\" \/>\n<meta name=\"author\" content=\"Administrador Web\" \/>\n<meta name=\"twitter:card\" content=\"summary_large_image\" \/>\n<meta name=\"twitter:label1\" content=\"Escrito por\" \/>\n\t<meta name=\"twitter:data1\" content=\"Administrador Web\" \/>\n\t<meta name=\"twitter:label2\" content=\"Tiempo de lectura\" \/>\n\t<meta name=\"twitter:data2\" content=\"1 minuto\" \/>\n<script type=\"application\/ld+json\" class=\"yoast-schema-graph\">{\"@context\":\"https:\\\/\\\/schema.org\",\"@graph\":[{\"@type\":\"Article\",\"@id\":\"https:\\\/\\\/alcala.salesianos.edu\\\/colegio\\\/blog\\\/2018\\\/06\\\/11\\\/acto-de-presentacion-de-robotica\\\/#article\",\"isPartOf\":{\"@id\":\"https:\\\/\\\/alcala.salesianos.edu\\\/colegio\\\/blog\\\/2018\\\/06\\\/11\\\/acto-de-presentacion-de-robotica\\\/\"},\"author\":{\"name\":\"Administrador Web\",\"@id\":\"https:\\\/\\\/alcala.salesianos.edu\\\/colegio\\\/#\\\/schema\\\/person\\\/afcc24f776dc91fc2bf9afb0998fca77\"},\"headline\":\"Acto de presentaci\u00f3n de rob\u00f3tica\",\"datePublished\":\"2018-06-11T04:39:35+00:00\",\"dateModified\":\"2025-08-27T08:01:38+00:00\",\"mainEntityOfPage\":{\"@id\":\"https:\\\/\\\/alcala.salesianos.edu\\\/colegio\\\/blog\\\/2018\\\/06\\\/11\\\/acto-de-presentacion-de-robotica\\\/\"},\"wordCount\":256,\"image\":{\"@id\":\"https:\\\/\\\/alcala.salesianos.edu\\\/colegio\\\/blog\\\/2018\\\/06\\\/11\\\/acto-de-presentacion-de-robotica\\\/#primaryimage\"},\"thumbnailUrl\":\"https:\\\/\\\/alcala.salesianos.edu\\\/wp-content\\\/uploads\\\/2018\\\/05\\\/WhatsApp-Image-2018-05-30-at-08.21.05-300x166.jpeg\",\"articleSection\":[\"Colegio\",\"Escuela abierta\",\"FASA\",\"Infantil\",\"Pastoral\",\"Portada\",\"Primaria\",\"Secundaria\",\"Uncategorized\"],\"inLanguage\":\"es\"},{\"@type\":\"WebPage\",\"@id\":\"https:\\\/\\\/alcala.salesianos.edu\\\/colegio\\\/blog\\\/2018\\\/06\\\/11\\\/acto-de-presentacion-de-robotica\\\/\",\"url\":\"https:\\\/\\\/alcala.salesianos.edu\\\/colegio\\\/blog\\\/2018\\\/06\\\/11\\\/acto-de-presentacion-de-robotica\\\/\",\"name\":\"Acto de presentaci\u00f3n de rob\u00f3tica - Colegio Salesiano Alcal\u00e1\",\"isPartOf\":{\"@id\":\"https:\\\/\\\/alcala.salesianos.edu\\\/colegio\\\/#website\"},\"primaryImageOfPage\":{\"@id\":\"https:\\\/\\\/alcala.salesianos.edu\\\/colegio\\\/blog\\\/2018\\\/06\\\/11\\\/acto-de-presentacion-de-robotica\\\/#primaryimage\"},\"image\":{\"@id\":\"https:\\\/\\\/alcala.salesianos.edu\\\/colegio\\\/blog\\\/2018\\\/06\\\/11\\\/acto-de-presentacion-de-robotica\\\/#primaryimage\"},\"thumbnailUrl\":\"https:\\\/\\\/alcala.salesianos.edu\\\/wp-content\\\/uploads\\\/2018\\\/05\\\/WhatsApp-Image-2018-05-30-at-08.21.05-300x166.jpeg\",\"datePublished\":\"2018-06-11T04:39:35+00:00\",\"dateModified\":\"2025-08-27T08:01:38+00:00\",\"author\":{\"@id\":\"https:\\\/\\\/alcala.salesianos.edu\\\/colegio\\\/#\\\/schema\\\/person\\\/afcc24f776dc91fc2bf9afb0998fca77\"},\"breadcrumb\":{\"@id\":\"https:\\\/\\\/alcala.salesianos.edu\\\/colegio\\\/blog\\\/2018\\\/06\\\/11\\\/acto-de-presentacion-de-robotica\\\/#breadcrumb\"},\"inLanguage\":\"es\",\"potentialAction\":[{\"@type\":\"ReadAction\",\"target\":[\"https:\\\/\\\/alcala.salesianos.edu\\\/colegio\\\/blog\\\/2018\\\/06\\\/11\\\/acto-de-presentacion-de-robotica\\\/\"]}]},{\"@type\":\"ImageObject\",\"inLanguage\":\"es\",\"@id\":\"https:\\\/\\\/alcala.salesianos.edu\\\/colegio\\\/blog\\\/2018\\\/06\\\/11\\\/acto-de-presentacion-de-robotica\\\/#primaryimage\",\"url\":\"https:\\\/\\\/alcala.salesianos.edu\\\/wp-content\\\/uploads\\\/2018\\\/05\\\/WhatsApp-Image-2018-05-30-at-08.21.05-300x166.jpeg\",\"contentUrl\":\"https:\\\/\\\/alcala.salesianos.edu\\\/wp-content\\\/uploads\\\/2018\\\/05\\\/WhatsApp-Image-2018-05-30-at-08.21.05-300x166.jpeg\"},{\"@type\":\"BreadcrumbList\",\"@id\":\"https:\\\/\\\/alcala.salesianos.edu\\\/colegio\\\/blog\\\/2018\\\/06\\\/11\\\/acto-de-presentacion-de-robotica\\\/#breadcrumb\",\"itemListElement\":[{\"@type\":\"ListItem\",\"position\":1,\"name\":\"Portada\",\"item\":\"https:\\\/\\\/alcala.salesianos.edu\\\/colegio\\\/\"},{\"@type\":\"ListItem\",\"position\":2,\"name\":\"Acto de presentaci\u00f3n de rob\u00f3tica\"}]},{\"@type\":\"WebSite\",\"@id\":\"https:\\\/\\\/alcala.salesianos.edu\\\/colegio\\\/#website\",\"url\":\"https:\\\/\\\/alcala.salesianos.edu\\\/colegio\\\/\",\"name\":\"Colegio Salesiano Alcal\u00e1\",\"description\":\"P\u00e1gina oficial de Salesianos Alcal\u00e1 de Guadaira\",\"potentialAction\":[{\"@type\":\"SearchAction\",\"target\":{\"@type\":\"EntryPoint\",\"urlTemplate\":\"https:\\\/\\\/alcala.salesianos.edu\\\/colegio\\\/?s={search_term_string}\"},\"query-input\":{\"@type\":\"PropertyValueSpecification\",\"valueRequired\":true,\"valueName\":\"search_term_string\"}}],\"inLanguage\":\"es\"},{\"@type\":\"Person\",\"@id\":\"https:\\\/\\\/alcala.salesianos.edu\\\/colegio\\\/#\\\/schema\\\/person\\\/afcc24f776dc91fc2bf9afb0998fca77\",\"name\":\"Administrador Web\",\"image\":{\"@type\":\"ImageObject\",\"inLanguage\":\"es\",\"@id\":\"https:\\\/\\\/secure.gravatar.com\\\/avatar\\\/bc157e994689bd6da9645c00aa3bc4d55b727915b6652642660db0aef086585f?s=96&d=mm&r=g\",\"url\":\"https:\\\/\\\/secure.gravatar.com\\\/avatar\\\/bc157e994689bd6da9645c00aa3bc4d55b727915b6652642660db0aef086585f?s=96&d=mm&r=g\",\"contentUrl\":\"https:\\\/\\\/secure.gravatar.com\\\/avatar\\\/bc157e994689bd6da9645c00aa3bc4d55b727915b6652642660db0aef086585f?s=96&d=mm&r=g\",\"caption\":\"Administrador Web\"}}]}<\/script>\n<!-- \/ Yoast SEO plugin. -->","yoast_head_json":{"title":"Acto de presentaci\u00f3n de rob\u00f3tica - Colegio Salesiano Alcal\u00e1","robots":{"index":"index","follow":"follow","max-snippet":"max-snippet:-1","max-image-preview":"max-image-preview:large","max-video-preview":"max-video-preview:-1"},"canonical":"https:\/\/alcala.salesianos.edu\/colegio\/blog\/2018\/06\/11\/acto-de-presentacion-de-robotica\/","og_locale":"es_ES","og_type":"article","og_title":"Acto de presentaci\u00f3n de rob\u00f3tica - Colegio Salesiano Alcal\u00e1","og_description":"El pr\u00f3ximo mi\u00e9rcoles 13 de junio, a las 10:00, tendr\u00e1 lugar el Acto de presentaci\u00f3n de la Rob\u00f3tica en el Centro. Ser\u00e1 un momento bonito en el que se exhibir\u00e1n las novedades en Rob\u00f3tica que el proyecto \u201cMi colegio 2020\u201d ha ido incorporando al nuestra casa, as\u00ed como los avances que se van dando [&hellip;]","og_url":"https:\/\/alcala.salesianos.edu\/colegio\/blog\/2018\/06\/11\/acto-de-presentacion-de-robotica\/","og_site_name":"Colegio Salesiano Alcal\u00e1","article_published_time":"2018-06-11T04:39:35+00:00","article_modified_time":"2025-08-27T08:01:38+00:00","author":"Administrador Web","twitter_card":"summary_large_image","twitter_misc":{"Escrito por":"Administrador Web","Tiempo de lectura":"1 minuto"},"schema":{"@context":"https:\/\/schema.org","@graph":[{"@type":"Article","@id":"https:\/\/alcala.salesianos.edu\/colegio\/blog\/2018\/06\/11\/acto-de-presentacion-de-robotica\/#article","isPartOf":{"@id":"https:\/\/alcala.salesianos.edu\/colegio\/blog\/2018\/06\/11\/acto-de-presentacion-de-robotica\/"},"author":{"name":"Administrador Web","@id":"https:\/\/alcala.salesianos.edu\/colegio\/#\/schema\/person\/afcc24f776dc91fc2bf9afb0998fca77"},"headline":"Acto de presentaci\u00f3n de rob\u00f3tica","datePublished":"2018-06-11T04:39:35+00:00","dateModified":"2025-08-27T08:01:38+00:00","mainEntityOfPage":{"@id":"https:\/\/alcala.salesianos.edu\/colegio\/blog\/2018\/06\/11\/acto-de-presentacion-de-robotica\/"},"wordCount":256,"image":{"@id":"https:\/\/alcala.salesianos.edu\/colegio\/blog\/2018\/06\/11\/acto-de-presentacion-de-robotica\/#primaryimage"},"thumbnailUrl":"https:\/\/alcala.salesianos.edu\/wp-content\/uploads\/2018\/05\/WhatsApp-Image-2018-05-30-at-08.21.05-300x166.jpeg","articleSection":["Colegio","Escuela abierta","FASA","Infantil","Pastoral","Portada","Primaria","Secundaria","Uncategorized"],"inLanguage":"es"},{"@type":"WebPage","@id":"https:\/\/alcala.salesianos.edu\/colegio\/blog\/2018\/06\/11\/acto-de-presentacion-de-robotica\/","url":"https:\/\/alcala.salesianos.edu\/colegio\/blog\/2018\/06\/11\/acto-de-presentacion-de-robotica\/","name":"Acto de presentaci\u00f3n de rob\u00f3tica - Colegio Salesiano Alcal\u00e1","isPartOf":{"@id":"https:\/\/alcala.salesianos.edu\/colegio\/#website"},"primaryImageOfPage":{"@id":"https:\/\/alcala.salesianos.edu\/colegio\/blog\/2018\/06\/11\/acto-de-presentacion-de-robotica\/#primaryimage"},"image":{"@id":"https:\/\/alcala.salesianos.edu\/colegio\/blog\/2018\/06\/11\/acto-de-presentacion-de-robotica\/#primaryimage"},"thumbnailUrl":"https:\/\/alcala.salesianos.edu\/wp-content\/uploads\/2018\/05\/WhatsApp-Image-2018-05-30-at-08.21.05-300x166.jpeg","datePublished":"2018-06-11T04:39:35+00:00","dateModified":"2025-08-27T08:01:38+00:00","author":{"@id":"https:\/\/alcala.salesianos.edu\/colegio\/#\/schema\/person\/afcc24f776dc91fc2bf9afb0998fca77"},"breadcrumb":{"@id":"https:\/\/alcala.salesianos.edu\/colegio\/blog\/2018\/06\/11\/acto-de-presentacion-de-robotica\/#breadcrumb"},"inLanguage":"es","potentialAction":[{"@type":"ReadAction","target":["https:\/\/alcala.salesianos.edu\/colegio\/blog\/2018\/06\/11\/acto-de-presentacion-de-robotica\/"]}]},{"@type":"ImageObject","inLanguage":"es","@id":"https:\/\/alcala.salesianos.edu\/colegio\/blog\/2018\/06\/11\/acto-de-presentacion-de-robotica\/#primaryimage","url":"https:\/\/alcala.salesianos.edu\/wp-content\/uploads\/2018\/05\/WhatsApp-Image-2018-05-30-at-08.21.05-300x166.jpeg","contentUrl":"https:\/\/alcala.salesianos.edu\/wp-content\/uploads\/2018\/05\/WhatsApp-Image-2018-05-30-at-08.21.05-300x166.jpeg"},{"@type":"BreadcrumbList","@id":"https:\/\/alcala.salesianos.edu\/colegio\/blog\/2018\/06\/11\/acto-de-presentacion-de-robotica\/#breadcrumb","itemListElement":[{"@type":"ListItem","position":1,"name":"Portada","item":"https:\/\/alcala.salesianos.edu\/colegio\/"},{"@type":"ListItem","position":2,"name":"Acto de presentaci\u00f3n de rob\u00f3tica"}]},{"@type":"WebSite","@id":"https:\/\/alcala.salesianos.edu\/colegio\/#website","url":"https:\/\/alcala.salesianos.edu\/colegio\/","name":"Colegio Salesiano Alcal\u00e1","description":"P\u00e1gina oficial de Salesianos Alcal\u00e1 de Guadaira","potentialAction":[{"@type":"SearchAction","target":{"@type":"EntryPoint","urlTemplate":"https:\/\/alcala.salesianos.edu\/colegio\/?s={search_term_string}"},"query-input":{"@type":"PropertyValueSpecification","valueRequired":true,"valueName":"search_term_string"}}],"inLanguage":"es"},{"@type":"Person","@id":"https:\/\/alcala.salesianos.edu\/colegio\/#\/schema\/person\/afcc24f776dc91fc2bf9afb0998fca77","name":"Administrador Web","image":{"@type":"ImageObject","inLanguage":"es","@id":"https:\/\/secure.gravatar.com\/avatar\/bc157e994689bd6da9645c00aa3bc4d55b727915b6652642660db0aef086585f?s=96&d=mm&r=g","url":"https:\/\/secure.gravatar.com\/avatar\/bc157e994689bd6da9645c00aa3bc4d55b727915b6652642660db0aef086585f?s=96&d=mm&r=g","contentUrl":"https:\/\/secure.gravatar.com\/avatar\/bc157e994689bd6da9645c00aa3bc4d55b727915b6652642660db0aef086585f?s=96&d=mm&r=g","caption":"Administrador Web"}}]}},"_links":{"self":[{"href":"https:\/\/alcala.salesianos.edu\/colegio\/wp-json\/wp\/v2\/posts\/10045","targetHints":{"allow":["GET"]}}],"collection":[{"href":"https:\/\/alcala.salesianos.edu\/colegio\/wp-json\/wp\/v2\/posts"}],"about":[{"href":"https:\/\/alcala.salesianos.edu\/colegio\/wp-json\/wp\/v2\/types\/post"}],"author":[{"embeddable":true,"href":"https:\/\/alcala.salesianos.edu\/colegio\/wp-json\/wp\/v2\/users\/2"}],"replies":[{"embeddable":true,"href":"https:\/\/alcala.salesianos.edu\/colegio\/wp-json\/wp\/v2\/comments?post=10045"}],"version-history":[{"count":4,"href":"https:\/\/alcala.salesianos.edu\/colegio\/wp-json\/wp\/v2\/posts\/10045\/revisions"}],"predecessor-version":[{"id":16470,"href":"https:\/\/alcala.salesianos.edu\/colegio\/wp-json\/wp\/v2\/posts\/10045\/revisions\/16470"}],"wp:attachment":[{"href":"https:\/\/alcala.salesianos.edu\/colegio\/wp-json\/wp\/v2\/media?parent=10045"}],"wp:term":[{"taxonomy":"category","embeddable":true,"href":"https:\/\/alcala.salesianos.edu\/colegio\/wp-json\/wp\/v2\/categories?post=10045"},{"taxonomy":"post_tag","embeddable":true,"href":"https:\/\/alcala.salesianos.edu\/colegio\/wp-json\/wp\/v2\/tags?post=10045"}],"curies":[{"name":"wp","href":"https:\/\/api.w.org\/{rel}","templated":true}]}}