{"id":10015,"date":"2018-05-25T09:24:19","date_gmt":"2018-05-25T08:24:19","guid":{"rendered":"https:\/\/alcala.salesianos.edu\/colegio\/blog\/2018\/05\/25\/gran-fiesta-de-maria-auxiliadora\/"},"modified":"2025-08-27T09:01:39","modified_gmt":"2025-08-27T08:01:39","slug":"gran-fiesta-de-maria-auxiliadora","status":"publish","type":"post","link":"https:\/\/alcala.salesianos.edu\/colegio\/blog\/2018\/05\/25\/gran-fiesta-de-maria-auxiliadora\/","title":{"rendered":"Gran Fiesta de Mar\u00eda Auxiliadora"},"content":{"rendered":"<div id=\"fb-root\"><\/div>\n<p>[et_pb_section bb_built=\u00bb1&#8243;][et_pb_row][et_pb_column type=\u00bb4_4&#8243;][et_pb_text _builder_version=\u00bb3.0.105&#8243; background_layout=\u00bblight\u00bb]<\/p>\n<p>La Comunidad Educativo Pastoral Salesiana de la obra de Alcal\u00e1 de Guada\u00edra vivimos en el d\u00eda de ayer, un intenso d\u00eda en torno a Mar\u00eda Auxiliadora. Por la ma\u00f1ana tuvimos la gran fiesta escolar y por la tarde aunque no pudo salir la procesi\u00f3n acompa\u00f1amos a Mar\u00eda Auxiliadora en la Capilla de Nuestra Sra. del Carmen.<\/p>\n<p>&nbsp;<\/p>\n<p>Por la ma\u00f1ana vivimos una gran fiesta llena de ilusi\u00f3n y de alegr\u00eda, que comenz\u00f3 con la eucarist\u00eda solemne con toda la comunidad educativa en torno a las nueve de la ma\u00f1ana en el patio de San Juan Bosco. Fue una celebraci\u00f3n familiar en la que los protagonistas fueron Jes\u00fas, Mar\u00eda Auxiliadora y los alumnos de nuestro centro educativo.<\/p>\n<p><img loading=\"lazy\" decoding=\"async\" class=\" wp-image-5341 aligncenter\" src=\"https:\/\/alcala.salesianos.edu\/wp-content\/uploads\/2018\/05\/IMG_1194-300x133.jpg\" alt=\"\" width=\"508\" height=\"225\" \/><\/p>\n<p>Tras la eucarist\u00eda los alumnos tuvieron una jornada escolar llenas de juegos y actividades muy amenas y divertidas en la que destacamos algunos deportes como ringol, hockey, front\u00f3n\u2026 no tan frecuentes en las vidas diarias de nuestros j\u00f3venes.<\/p>\n<p>&nbsp;<\/p>\n<p>Los alumnos de Educaci\u00f3n Secundaria tuvieron la oportunidad de poder asistir a la obra de \u201cEl Musical Salesiano\u201d en la que muchos alumnos de las etapas de primaria y secundaria han preparado a lo largo de este curso.<\/p>\n<p><img loading=\"lazy\" decoding=\"async\" class=\"size-medium wp-image-5342 alignright\" src=\"https:\/\/alcala.salesianos.edu\/wp-content\/uploads\/2018\/05\/IMG_1206-300x225.jpg\" alt=\"\" width=\"300\" height=\"225\" \/><\/p>\n<p>Por la tarde Mar\u00eda Auxiliadora, San Juan Bosco y Santo Domingo Savio no pudieron procesionar debido a las inclemencias meteorol\u00f3gicas, pero los devotos d Auxiliadora no faltaron y estuvieron a su lado. Tanto la capilla como el patio de San Juan Bosco estuvieron repletos de personas.<\/p>\n<p>&nbsp;<\/p>\n<p>La jornada finaliz\u00f3 con la bendici\u00f3n de Mar\u00eda Auxiliadora por parte de nuestro director titular Don Juan Francisco Rubio sdb y tras ello la banda municipal interpret\u00f3 algunas marchas de Mar\u00eda Auxiliadora y el coro de la Hermandad de Nuestra Se\u00f1ora del Dulce Nombre cant\u00f3 unas sevillanas dedicadas a Nuestra Madre Auxiliadora. Agradecemos a ambas corporaciones sus bonitos gestos\u00a0 nuestra Madre.<\/p>\n<p>&nbsp;<\/p>\n<p>El d\u00eda de ayer fue un d\u00eda intenso y precioso con el que Mar\u00eda Auxiliadora fue el centro de j\u00f3venes y adultos de nuestra localidad.<\/p>\n<p>[\/et_pb_text][\/et_pb_column][\/et_pb_row][et_pb_row][et_pb_column type=\u00bb1_2&#8243;][et_pb_image _builder_version=\u00bb3.0.105&#8243; src=\u00bbhttps:\/\/alcala.salesianos.edu\/wp-content\/uploads\/2018\/05\/IMG_1292.jpg\u00bb show_in_lightbox=\u00bboff\u00bb url_new_window=\u00bboff\u00bb use_overlay=\u00bboff\u00bb always_center_on_mobile=\u00bbon\u00bb force_fullwidth=\u00bboff\u00bb show_bottom_space=\u00bbon\u00bb \/][\/et_pb_column][et_pb_column type=\u00bb1_2&#8243;][et_pb_image _builder_version=\u00bb3.0.105&#8243; src=\u00bbhttps:\/\/alcala.salesianos.edu\/wp-content\/uploads\/2018\/05\/IMG_1315.jpg\u00bb show_in_lightbox=\u00bboff\u00bb url_new_window=\u00bboff\u00bb use_overlay=\u00bboff\u00bb always_center_on_mobile=\u00bbon\u00bb force_fullwidth=\u00bboff\u00bb show_bottom_space=\u00bbon\u00bb \/][\/et_pb_column][\/et_pb_row][\/et_pb_section]<\/p>\n","protected":false},"excerpt":{"rendered":"<p>El d\u00eda de ayer fue un d\u00eda intenso y precioso con el que Mar\u00eda Auxiliadora fue el centro de j\u00f3venes y adultos de nuestra localidad.<\/p>\n","protected":false},"author":2,"featured_media":5342,"comment_status":"closed","ping_status":"open","sticky":false,"template":"","format":"standard","meta":{"_et_pb_use_builder":"on","_et_pb_old_content":"","_et_gb_content_width":"","footnotes":""},"categories":[12,19,13,17,14,15,18,16,1],"tags":[],"class_list":["post-10015","post","type-post","status-publish","format-standard","has-post-thumbnail","hentry","category-colegio","category-escuela-abierta","category-fasa","category-infantil","category-pastoral","category-portada","category-primaria","category-secundaria","category-uncategorized"],"yoast_head":"<!-- This site is optimized with the Yoast SEO plugin v28.4 - https:\/\/yoast.com\/product\/yoast-seo-wordpress\/ -->\n<title>Gran Fiesta de Mar\u00eda Auxiliadora - Colegio Salesiano Alcal\u00e1<\/title>\n<meta name=\"robots\" content=\"index, follow, max-snippet:-1, max-image-preview:large, max-video-preview:-1\" \/>\n<link rel=\"canonical\" href=\"https:\/\/alcala.salesianos.edu\/colegio\/blog\/2018\/05\/25\/gran-fiesta-de-maria-auxiliadora\/\" \/>\n<meta property=\"og:locale\" content=\"es_ES\" \/>\n<meta property=\"og:type\" content=\"article\" \/>\n<meta property=\"og:title\" content=\"Gran Fiesta de Mar\u00eda Auxiliadora - Colegio Salesiano Alcal\u00e1\" \/>\n<meta property=\"og:description\" content=\"El d\u00eda de ayer fue un d\u00eda intenso y precioso con el que Mar\u00eda Auxiliadora fue el centro de j\u00f3venes y adultos de nuestra localidad.\" \/>\n<meta property=\"og:url\" content=\"https:\/\/alcala.salesianos.edu\/colegio\/blog\/2018\/05\/25\/gran-fiesta-de-maria-auxiliadora\/\" \/>\n<meta property=\"og:site_name\" content=\"Colegio Salesiano Alcal\u00e1\" \/>\n<meta property=\"article:published_time\" content=\"2018-05-25T08:24:19+00:00\" \/>\n<meta property=\"article:modified_time\" content=\"2025-08-27T08:01:39+00:00\" \/>\n<meta name=\"author\" content=\"Administrador Web\" \/>\n<meta name=\"twitter:card\" content=\"summary_large_image\" \/>\n<meta name=\"twitter:label1\" content=\"Escrito por\" \/>\n\t<meta name=\"twitter:data1\" content=\"Administrador Web\" \/>\n\t<meta name=\"twitter:label2\" content=\"Tiempo de lectura\" \/>\n\t<meta name=\"twitter:data2\" content=\"2 minutos\" \/>\n<script type=\"application\/ld+json\" class=\"yoast-schema-graph\">{\"@context\":\"https:\\\/\\\/schema.org\",\"@graph\":[{\"@type\":\"Article\",\"@id\":\"https:\\\/\\\/alcala.salesianos.edu\\\/colegio\\\/blog\\\/2018\\\/05\\\/25\\\/gran-fiesta-de-maria-auxiliadora\\\/#article\",\"isPartOf\":{\"@id\":\"https:\\\/\\\/alcala.salesianos.edu\\\/colegio\\\/blog\\\/2018\\\/05\\\/25\\\/gran-fiesta-de-maria-auxiliadora\\\/\"},\"author\":{\"name\":\"Administrador Web\",\"@id\":\"https:\\\/\\\/alcala.salesianos.edu\\\/colegio\\\/#\\\/schema\\\/person\\\/afcc24f776dc91fc2bf9afb0998fca77\"},\"headline\":\"Gran Fiesta de Mar\u00eda Auxiliadora\",\"datePublished\":\"2018-05-25T08:24:19+00:00\",\"dateModified\":\"2025-08-27T08:01:39+00:00\",\"mainEntityOfPage\":{\"@id\":\"https:\\\/\\\/alcala.salesianos.edu\\\/colegio\\\/blog\\\/2018\\\/05\\\/25\\\/gran-fiesta-de-maria-auxiliadora\\\/\"},\"wordCount\":489,\"image\":{\"@id\":\"https:\\\/\\\/alcala.salesianos.edu\\\/colegio\\\/blog\\\/2018\\\/05\\\/25\\\/gran-fiesta-de-maria-auxiliadora\\\/#primaryimage\"},\"thumbnailUrl\":\"\",\"articleSection\":[\"Colegio\",\"Escuela abierta\",\"FASA\",\"Infantil\",\"Pastoral\",\"Portada\",\"Primaria\",\"Secundaria\",\"Uncategorized\"],\"inLanguage\":\"es\"},{\"@type\":\"WebPage\",\"@id\":\"https:\\\/\\\/alcala.salesianos.edu\\\/colegio\\\/blog\\\/2018\\\/05\\\/25\\\/gran-fiesta-de-maria-auxiliadora\\\/\",\"url\":\"https:\\\/\\\/alcala.salesianos.edu\\\/colegio\\\/blog\\\/2018\\\/05\\\/25\\\/gran-fiesta-de-maria-auxiliadora\\\/\",\"name\":\"Gran Fiesta de Mar\u00eda Auxiliadora - Colegio Salesiano Alcal\u00e1\",\"isPartOf\":{\"@id\":\"https:\\\/\\\/alcala.salesianos.edu\\\/colegio\\\/#website\"},\"primaryImageOfPage\":{\"@id\":\"https:\\\/\\\/alcala.salesianos.edu\\\/colegio\\\/blog\\\/2018\\\/05\\\/25\\\/gran-fiesta-de-maria-auxiliadora\\\/#primaryimage\"},\"image\":{\"@id\":\"https:\\\/\\\/alcala.salesianos.edu\\\/colegio\\\/blog\\\/2018\\\/05\\\/25\\\/gran-fiesta-de-maria-auxiliadora\\\/#primaryimage\"},\"thumbnailUrl\":\"\",\"datePublished\":\"2018-05-25T08:24:19+00:00\",\"dateModified\":\"2025-08-27T08:01:39+00:00\",\"author\":{\"@id\":\"https:\\\/\\\/alcala.salesianos.edu\\\/colegio\\\/#\\\/schema\\\/person\\\/afcc24f776dc91fc2bf9afb0998fca77\"},\"breadcrumb\":{\"@id\":\"https:\\\/\\\/alcala.salesianos.edu\\\/colegio\\\/blog\\\/2018\\\/05\\\/25\\\/gran-fiesta-de-maria-auxiliadora\\\/#breadcrumb\"},\"inLanguage\":\"es\",\"potentialAction\":[{\"@type\":\"ReadAction\",\"target\":[\"https:\\\/\\\/alcala.salesianos.edu\\\/colegio\\\/blog\\\/2018\\\/05\\\/25\\\/gran-fiesta-de-maria-auxiliadora\\\/\"]}]},{\"@type\":\"ImageObject\",\"inLanguage\":\"es\",\"@id\":\"https:\\\/\\\/alcala.salesianos.edu\\\/colegio\\\/blog\\\/2018\\\/05\\\/25\\\/gran-fiesta-de-maria-auxiliadora\\\/#primaryimage\",\"url\":\"\",\"contentUrl\":\"\"},{\"@type\":\"BreadcrumbList\",\"@id\":\"https:\\\/\\\/alcala.salesianos.edu\\\/colegio\\\/blog\\\/2018\\\/05\\\/25\\\/gran-fiesta-de-maria-auxiliadora\\\/#breadcrumb\",\"itemListElement\":[{\"@type\":\"ListItem\",\"position\":1,\"name\":\"Portada\",\"item\":\"https:\\\/\\\/alcala.salesianos.edu\\\/colegio\\\/\"},{\"@type\":\"ListItem\",\"position\":2,\"name\":\"Gran Fiesta de Mar\u00eda Auxiliadora\"}]},{\"@type\":\"WebSite\",\"@id\":\"https:\\\/\\\/alcala.salesianos.edu\\\/colegio\\\/#website\",\"url\":\"https:\\\/\\\/alcala.salesianos.edu\\\/colegio\\\/\",\"name\":\"Colegio Salesiano Alcal\u00e1\",\"description\":\"P\u00e1gina oficial de Salesianos Alcal\u00e1 de Guadaira\",\"potentialAction\":[{\"@type\":\"SearchAction\",\"target\":{\"@type\":\"EntryPoint\",\"urlTemplate\":\"https:\\\/\\\/alcala.salesianos.edu\\\/colegio\\\/?s={search_term_string}\"},\"query-input\":{\"@type\":\"PropertyValueSpecification\",\"valueRequired\":true,\"valueName\":\"search_term_string\"}}],\"inLanguage\":\"es\"},{\"@type\":\"Person\",\"@id\":\"https:\\\/\\\/alcala.salesianos.edu\\\/colegio\\\/#\\\/schema\\\/person\\\/afcc24f776dc91fc2bf9afb0998fca77\",\"name\":\"Administrador Web\",\"image\":{\"@type\":\"ImageObject\",\"inLanguage\":\"es\",\"@id\":\"https:\\\/\\\/secure.gravatar.com\\\/avatar\\\/bc157e994689bd6da9645c00aa3bc4d55b727915b6652642660db0aef086585f?s=96&d=mm&r=g\",\"url\":\"https:\\\/\\\/secure.gravatar.com\\\/avatar\\\/bc157e994689bd6da9645c00aa3bc4d55b727915b6652642660db0aef086585f?s=96&d=mm&r=g\",\"contentUrl\":\"https:\\\/\\\/secure.gravatar.com\\\/avatar\\\/bc157e994689bd6da9645c00aa3bc4d55b727915b6652642660db0aef086585f?s=96&d=mm&r=g\",\"caption\":\"Administrador Web\"}}]}<\/script>\n<!-- \/ Yoast SEO plugin. -->","yoast_head_json":{"title":"Gran Fiesta de Mar\u00eda Auxiliadora - Colegio Salesiano Alcal\u00e1","robots":{"index":"index","follow":"follow","max-snippet":"max-snippet:-1","max-image-preview":"max-image-preview:large","max-video-preview":"max-video-preview:-1"},"canonical":"https:\/\/alcala.salesianos.edu\/colegio\/blog\/2018\/05\/25\/gran-fiesta-de-maria-auxiliadora\/","og_locale":"es_ES","og_type":"article","og_title":"Gran Fiesta de Mar\u00eda Auxiliadora - Colegio Salesiano Alcal\u00e1","og_description":"El d\u00eda de ayer fue un d\u00eda intenso y precioso con el que Mar\u00eda Auxiliadora fue el centro de j\u00f3venes y adultos de nuestra localidad.","og_url":"https:\/\/alcala.salesianos.edu\/colegio\/blog\/2018\/05\/25\/gran-fiesta-de-maria-auxiliadora\/","og_site_name":"Colegio Salesiano Alcal\u00e1","article_published_time":"2018-05-25T08:24:19+00:00","article_modified_time":"2025-08-27T08:01:39+00:00","author":"Administrador Web","twitter_card":"summary_large_image","twitter_misc":{"Escrito por":"Administrador Web","Tiempo de lectura":"2 minutos"},"schema":{"@context":"https:\/\/schema.org","@graph":[{"@type":"Article","@id":"https:\/\/alcala.salesianos.edu\/colegio\/blog\/2018\/05\/25\/gran-fiesta-de-maria-auxiliadora\/#article","isPartOf":{"@id":"https:\/\/alcala.salesianos.edu\/colegio\/blog\/2018\/05\/25\/gran-fiesta-de-maria-auxiliadora\/"},"author":{"name":"Administrador Web","@id":"https:\/\/alcala.salesianos.edu\/colegio\/#\/schema\/person\/afcc24f776dc91fc2bf9afb0998fca77"},"headline":"Gran Fiesta de Mar\u00eda Auxiliadora","datePublished":"2018-05-25T08:24:19+00:00","dateModified":"2025-08-27T08:01:39+00:00","mainEntityOfPage":{"@id":"https:\/\/alcala.salesianos.edu\/colegio\/blog\/2018\/05\/25\/gran-fiesta-de-maria-auxiliadora\/"},"wordCount":489,"image":{"@id":"https:\/\/alcala.salesianos.edu\/colegio\/blog\/2018\/05\/25\/gran-fiesta-de-maria-auxiliadora\/#primaryimage"},"thumbnailUrl":"","articleSection":["Colegio","Escuela abierta","FASA","Infantil","Pastoral","Portada","Primaria","Secundaria","Uncategorized"],"inLanguage":"es"},{"@type":"WebPage","@id":"https:\/\/alcala.salesianos.edu\/colegio\/blog\/2018\/05\/25\/gran-fiesta-de-maria-auxiliadora\/","url":"https:\/\/alcala.salesianos.edu\/colegio\/blog\/2018\/05\/25\/gran-fiesta-de-maria-auxiliadora\/","name":"Gran Fiesta de Mar\u00eda Auxiliadora - Colegio Salesiano Alcal\u00e1","isPartOf":{"@id":"https:\/\/alcala.salesianos.edu\/colegio\/#website"},"primaryImageOfPage":{"@id":"https:\/\/alcala.salesianos.edu\/colegio\/blog\/2018\/05\/25\/gran-fiesta-de-maria-auxiliadora\/#primaryimage"},"image":{"@id":"https:\/\/alcala.salesianos.edu\/colegio\/blog\/2018\/05\/25\/gran-fiesta-de-maria-auxiliadora\/#primaryimage"},"thumbnailUrl":"","datePublished":"2018-05-25T08:24:19+00:00","dateModified":"2025-08-27T08:01:39+00:00","author":{"@id":"https:\/\/alcala.salesianos.edu\/colegio\/#\/schema\/person\/afcc24f776dc91fc2bf9afb0998fca77"},"breadcrumb":{"@id":"https:\/\/alcala.salesianos.edu\/colegio\/blog\/2018\/05\/25\/gran-fiesta-de-maria-auxiliadora\/#breadcrumb"},"inLanguage":"es","potentialAction":[{"@type":"ReadAction","target":["https:\/\/alcala.salesianos.edu\/colegio\/blog\/2018\/05\/25\/gran-fiesta-de-maria-auxiliadora\/"]}]},{"@type":"ImageObject","inLanguage":"es","@id":"https:\/\/alcala.salesianos.edu\/colegio\/blog\/2018\/05\/25\/gran-fiesta-de-maria-auxiliadora\/#primaryimage","url":"","contentUrl":""},{"@type":"BreadcrumbList","@id":"https:\/\/alcala.salesianos.edu\/colegio\/blog\/2018\/05\/25\/gran-fiesta-de-maria-auxiliadora\/#breadcrumb","itemListElement":[{"@type":"ListItem","position":1,"name":"Portada","item":"https:\/\/alcala.salesianos.edu\/colegio\/"},{"@type":"ListItem","position":2,"name":"Gran Fiesta de Mar\u00eda Auxiliadora"}]},{"@type":"WebSite","@id":"https:\/\/alcala.salesianos.edu\/colegio\/#website","url":"https:\/\/alcala.salesianos.edu\/colegio\/","name":"Colegio Salesiano Alcal\u00e1","description":"P\u00e1gina oficial de Salesianos Alcal\u00e1 de Guadaira","potentialAction":[{"@type":"SearchAction","target":{"@type":"EntryPoint","urlTemplate":"https:\/\/alcala.salesianos.edu\/colegio\/?s={search_term_string}"},"query-input":{"@type":"PropertyValueSpecification","valueRequired":true,"valueName":"search_term_string"}}],"inLanguage":"es"},{"@type":"Person","@id":"https:\/\/alcala.salesianos.edu\/colegio\/#\/schema\/person\/afcc24f776dc91fc2bf9afb0998fca77","name":"Administrador Web","image":{"@type":"ImageObject","inLanguage":"es","@id":"https:\/\/secure.gravatar.com\/avatar\/bc157e994689bd6da9645c00aa3bc4d55b727915b6652642660db0aef086585f?s=96&d=mm&r=g","url":"https:\/\/secure.gravatar.com\/avatar\/bc157e994689bd6da9645c00aa3bc4d55b727915b6652642660db0aef086585f?s=96&d=mm&r=g","contentUrl":"https:\/\/secure.gravatar.com\/avatar\/bc157e994689bd6da9645c00aa3bc4d55b727915b6652642660db0aef086585f?s=96&d=mm&r=g","caption":"Administrador Web"}}]}},"_links":{"self":[{"href":"https:\/\/alcala.salesianos.edu\/colegio\/wp-json\/wp\/v2\/posts\/10015","targetHints":{"allow":["GET"]}}],"collection":[{"href":"https:\/\/alcala.salesianos.edu\/colegio\/wp-json\/wp\/v2\/posts"}],"about":[{"href":"https:\/\/alcala.salesianos.edu\/colegio\/wp-json\/wp\/v2\/types\/post"}],"author":[{"embeddable":true,"href":"https:\/\/alcala.salesianos.edu\/colegio\/wp-json\/wp\/v2\/users\/2"}],"replies":[{"embeddable":true,"href":"https:\/\/alcala.salesianos.edu\/colegio\/wp-json\/wp\/v2\/comments?post=10015"}],"version-history":[{"count":6,"href":"https:\/\/alcala.salesianos.edu\/colegio\/wp-json\/wp\/v2\/posts\/10015\/revisions"}],"predecessor-version":[{"id":16474,"href":"https:\/\/alcala.salesianos.edu\/colegio\/wp-json\/wp\/v2\/posts\/10015\/revisions\/16474"}],"wp:attachment":[{"href":"https:\/\/alcala.salesianos.edu\/colegio\/wp-json\/wp\/v2\/media?parent=10015"}],"wp:term":[{"taxonomy":"category","embeddable":true,"href":"https:\/\/alcala.salesianos.edu\/colegio\/wp-json\/wp\/v2\/categories?post=10015"},{"taxonomy":"post_tag","embeddable":true,"href":"https:\/\/alcala.salesianos.edu\/colegio\/wp-json\/wp\/v2\/tags?post=10015"}],"curies":[{"name":"wp","href":"https:\/\/api.w.org\/{rel}","templated":true}]}}